{"id":4168,"date":"2016-03-13T12:59:14","date_gmt":"2016-03-13T11:59:14","guid":{"rendered":"https:\/\/www.noidiqua.it\/Montale\/?p=4168"},"modified":"2022-07-25T18:02:46","modified_gmt":"2022-07-25T16:02:46","slug":"piano-innovazione-urbana","status":"publish","type":"post","link":"https:\/\/www.noidiqua.it\/Montale\/piano-innovazione-urbana\/","title":{"rendered":"Piano di Innovazione Urbana"},"content":{"rendered":"<p style=\"text-align: justify;\"><em>di\u00a0Giacomo Bini<\/em><\/p>\n<p style=\"text-align: justify;\">marzo 2016<\/p>\n<p><a href=\"https:\/\/www.noidiqua.it\/Montale\/wp-content\/uploads\/2016\/03\/PIANO-INNOVAZIONE-URBANA-2.png\" rel=\"wp-prettyPhoto[4168]\"><img loading=\"lazy\" decoding=\"async\" class=\"aligncenter size-full wp-image-7091\" src=\"https:\/\/www.noidiqua.it\/Montale\/wp-content\/uploads\/2016\/03\/PIANO-INNOVAZIONE-URBANA-2.png\" alt=\"\" width=\"451\" height=\"302\" srcset=\"https:\/\/www.noidiqua.it\/Montale\/wp-content\/uploads\/2016\/03\/PIANO-INNOVAZIONE-URBANA-2.png 451w, https:\/\/www.noidiqua.it\/Montale\/wp-content\/uploads\/2016\/03\/PIANO-INNOVAZIONE-URBANA-2-300x201.png 300w\" sizes=\"auto, (max-width: 451px) 100vw, 451px\" \/><\/a><\/p>\n<p style=\"text-align: justify;\">\n<p class=\"p1\" style=\"text-align: justify;\"><span class=\"s1\"><strong>Montale<\/strong>\u00a0e\u00a0<strong>Montemurlo<\/strong>\u00a0progettano insieme il loro futuro e superano l\u2019ormai anacronistica divisione provinciale fra\u00a0<strong>Prato<\/strong>\u00a0e\u00a0<strong>Pistoia<\/strong>\u00a0per unire sempre di pi\u00f9 le due sponde dell\u2019<strong>Agna<\/strong>. Il\u00a0<strong>Progetto di Innovazione Urbana<\/strong>\u00a0con cui i due Comuni concorrono ad un bando europeo tramite la regione\u00a0<strong>Toscana<\/strong>, non \u00e8 solo uno dei soliti tentativi di reperire finanziamenti. E\u2019 un\u2019idea di sviluppo che costituisce una svolta storica per il fatto che l\u2019Agna cessa di essere un confine e diventa un elemento di connessione.\u00a0<\/span><\/p>\n<p class=\"p1\" style=\"text-align: justify;\"><span class=\"s1\">Una passerella sul torrente salder\u00e0 un percorso pedonale e ciclabile che unir\u00e0 la nuova piazza di Montemurlo, davanti al Municipio, con la piazza di Montale. Il significato del cambiamento si coglie a pieno pensando a tutti i guasti che ha determinato ai due territori il fatto di essere divisi da un confine provinciale: da entrambe le parti, quella pratese e quella pistoiese, si sono scaricati i problemi nella zona di confine, da quello idrogeologico a quello dello smaltimento dei rifiuti, rinunciando del tutto a valorizzare la valle dell\u2019Agna. Ora invece si vuole creare un unico tessuto urbano che corrisponda all\u2019omogeneit\u00e0 dello sviluppo economico e urbanistico del territorio.\u00a0<\/span><\/p>\n<p class=\"p2\" style=\"text-align: justify;\">Nel territorio di Montale il progetto prevede che il percorso ciclo-pedonale, partendo dal nuovo ponte sull\u2019Agna, attraversi l\u2019area della\u00a0<strong>Badia<\/strong>\u00a0di cui si prevede la sistemazione (321mila euro). I locali comunali della Badia, dove ora si svolge il consiglio comunale, saranno destinati a sportelli sociali, mentre il consiglio comunale sar\u00e0 spostato alla\u00a0<strong>Smilea<\/strong>. Dalla Badia il percorso proseguir\u00e0, passando accanto al municipio, in\u00a0<strong>via Martiri della Libert\u00e0<\/strong>, che diventer\u00e0 a senso unico e sar\u00e0 riqualificata con l\u2019allargamento del marciapiede e la realizzazione di una pista ciclabile. La\u00a0<strong>piazza Matteotti<\/strong>\u00a0sar\u00e0 allargata includendo anche lo spazio dell\u2019attuale strada davanti alla chiesa. Il monumento verr\u00e0 trasferito verso il lato ovest della piazza e sar\u00e0 rivisto il sistema delle alberature. Il traffico, a doppio senso, si svolger\u00e0 nel tratto di strada, un po\u2019 allargato, che costeggia la piazza sul lato ovest.<\/p>\n<p><a href=\"https:\/\/www.noidiqua.it\/Montale\/wp-content\/uploads\/2016\/03\/PIANO-INNOVAZIONE-URBANA-.png\" rel=\"wp-prettyPhoto[4168]\"><img loading=\"lazy\" decoding=\"async\" class=\"aligncenter size-full wp-image-7093\" src=\"https:\/\/www.noidiqua.it\/Montale\/wp-content\/uploads\/2016\/03\/PIANO-INNOVAZIONE-URBANA-.png\" alt=\"\" width=\"538\" height=\"380\" srcset=\"https:\/\/www.noidiqua.it\/Montale\/wp-content\/uploads\/2016\/03\/PIANO-INNOVAZIONE-URBANA-.png 538w, https:\/\/www.noidiqua.it\/Montale\/wp-content\/uploads\/2016\/03\/PIANO-INNOVAZIONE-URBANA--300x212.png 300w\" sizes=\"auto, (max-width: 538px) 100vw, 538px\" \/><\/a><\/p>\n<p class=\"p2\" style=\"text-align: justify;\">\n<p class=\"p1\" style=\"text-align: justify;\"><span class=\"s1\">L\u2019intervento sulla piazza e su via Martiri ha un costo di un milione e 53mila euro. E\u2019 prevista anche la creazione di un centro polivalente al posto dello\u00a0<strong>Spazio Nerucci<\/strong>, ormai inagibile e destinato ad essere demolito (un milione e 300mila euro) e la ristrutturazione secondo la bioedilizia dell\u2019asilo\u00a0<strong>nido Rodari<\/strong>\u00a0(298mila euro). Dal lato di Montemurlo \u00e8 prevista la riqualificazione dell\u2019ex campo sportivo con la nascita di una nuova piazza e di un\u2019area verde di 10mila metri quadri (tre milioni e 870mila euro di spesa), il recupero della\u00a0<strong>scuola di Novello<\/strong>\u00a0come\u00a0<strong>\u201cCasa dell\u2019economia\u201d<\/strong>\u00a0adibita a formazione professionale e servizi per il mondo economico (un milione e 107mila euro), il trasferimento della scuola esistente in\u00a0<strong>via Rosselli<\/strong>\u00a0in localit\u00e0\u00a0<strong>Morecci<\/strong>\u00a0dove nascer\u00e0 un nuovo asilo nido (un milione e 203mila euro). Il percorso ciclo-pedonale e la nuova passerella hanno un costo di 228mila euro nel tratto montalese e di 324mila euro in quello di Montemurlo. Il costo totale degli interventi previsti \u00e8 di 9milioni e 705 mila euro (sei milioni e mezzo a Montemurlo e tre milioni e 200mila a Montale) dei quali \u00e8 previsto, in caso di successo nel bando regionale, che sia finanziato l\u201980%, pari a 7milioni e 763mila euro, mentre il restante 20% dovr\u00e0 essere reperito dai due Comuni.\u00a0<\/span><\/p>\n<p class=\"p1\" style=\"text-align: justify;\"><span class=\"s1\">Il progetto, che \u00e8 stato denominato\u00a0<strong>\u201cM+M\u2013Montemurlo pi\u00f9 Montale\u201d<\/strong>\u00a0concorre con altri 35 progetti presentati in Toscana per uno degli otto posti messi a disposizione dalla Regione. Ottenere il finanziamento \u00e8 difficile ma le due amministrazioni comunali sono convinte di avere presentato un progetto valido.\u00a0<i>\u00abSiamo piccoli ma pensiamo in grande\u00bb<\/i>\u00a0dicono i sindaci\u00a0<strong>Ferdinando Betti<\/strong>\u00a0e\u00a0<strong>Mauro Lorenzini<\/strong>.<\/span><\/p>","protected":false},"excerpt":{"rendered":"<p>di\u00a0Giacomo Bini marzo 2016 Montale\u00a0e\u00a0Montemurlo\u00a0progettano insieme il loro futuro e superano l\u2019ormai anacronistica divisione provinciale fra\u00a0Prato\u00a0e\u00a0Pistoia\u00a0per unire sempre di pi\u00f9 le due sponde dell\u2019Agna. Il\u00a0Progetto di Innovazione Urbana\u00a0con cui i due Comuni concorrono ad un bando europeo tramite la regione\u00a0Toscana, non \u00e8 solo uno dei soliti tentativi di reperire finanziamenti. E\u2019 un\u2019idea di sviluppo [&hellip;]<\/p>","protected":false},"author":12,"featured_media":0,"comment_status":"open","ping_status":"open","sticky":false,"template":"","format":"standard","meta":{"footnotes":""},"categories":[31,7],"tags":[218,216,433,437,436,438,995,238,435,431,221,258,124,428,432,147,430,282,429,434],"class_list":["post-4168","post","type-post","status-publish","format-standard","hentry","category-storia-qt","category-mt","tag-agna","tag-badia","tag-casa-delleconomia","tag-ferdinando-betti","tag-mm-montemurlo-piu-montale","tag-mauro-lorenzini","tag-mt","tag-montemurlo","tag-morecci","tag-nido-rodari","tag-piazza-matteotti","tag-pistoia","tag-prato","tag-progetto-di-innovazione-urbana","tag-scuola-di-novello","tag-smilea","tag-spazio-nerucci","tag-toscana","tag-via-martiri-della-liberta","tag-via-rosselli"],"yoast_head":"<!-- This site is optimized with the Yoast SEO plugin v25.5 - https:\/\/yoast.com\/wordpress\/plugins\/seo\/ -->\n<title>Piano di Innovazione Urbana - Noi di Qua Testata giornalistica e di attualit\u00e0 di Agliana, Montale e Quarrata.<\/title>\n<meta name=\"robots\" content=\"index, follow, max-snippet:-1, max-image-preview:large, max-video-preview:-1\" \/>\n<link rel=\"canonical\" href=\"https:\/\/www.noidiqua.it\/Montale\/piano-innovazione-urbana\/\" \/>\n<meta property=\"og:locale\" content=\"it_IT\" \/>\n<meta property=\"og:type\" content=\"article\" \/>\n<meta property=\"og:title\" content=\"Piano di Innovazione Urbana - Noi di Qua Testata giornalistica e di attualit\u00e0 di Agliana, Montale e Quarrata.\" \/>\n<meta property=\"og:description\" content=\"di\u00a0Giacomo Bini marzo 2016 Montale\u00a0e\u00a0Montemurlo\u00a0progettano insieme il loro futuro e superano l\u2019ormai anacronistica divisione provinciale fra\u00a0Prato\u00a0e\u00a0Pistoia\u00a0per unire sempre di pi\u00f9 le due sponde dell\u2019Agna. Il\u00a0Progetto di Innovazione Urbana\u00a0con cui i due Comuni concorrono ad un bando europeo tramite la regione\u00a0Toscana, non \u00e8 solo uno dei soliti tentativi di reperire finanziamenti. E\u2019 un\u2019idea di sviluppo [&hellip;]\" \/>\n<meta property=\"og:url\" content=\"https:\/\/www.noidiqua.it\/Montale\/piano-innovazione-urbana\/\" \/>\n<meta property=\"og:site_name\" content=\"Noi di Qua Testata giornalistica e di attualit\u00e0 di Agliana, Montale e Quarrata.\" \/>\n<meta property=\"article:publisher\" content=\"https:\/\/www.facebook.com\/noidiqua.trimestrale\/\" \/>\n<meta property=\"article:published_time\" content=\"2016-03-13T11:59:14+00:00\" \/>\n<meta property=\"article:modified_time\" content=\"2022-07-25T16:02:46+00:00\" \/>\n<meta property=\"og:image\" content=\"https:\/\/www.noidiqua.it\/Montale\/wp-content\/uploads\/2016\/03\/PIANO-INNOVAZIONE-URBANA-2.png\" \/>\n<meta name=\"author\" content=\"Giacomo Bini\" \/>\n<meta name=\"twitter:label1\" content=\"Scritto da\" \/>\n\t<meta name=\"twitter:data1\" content=\"Giacomo Bini\" \/>\n\t<meta name=\"twitter:label2\" content=\"Tempo di lettura stimato\" \/>\n\t<meta name=\"twitter:data2\" content=\"3 minuti\" \/>\n<script type=\"application\/ld+json\" class=\"yoast-schema-graph\">{\"@context\":\"https:\/\/schema.org\",\"@graph\":[{\"@type\":\"WebPage\",\"@id\":\"https:\/\/www.noidiqua.it\/Montale\/piano-innovazione-urbana\/\",\"url\":\"https:\/\/www.noidiqua.it\/Montale\/piano-innovazione-urbana\/\",\"name\":\"Piano di Innovazione Urbana - Noi di Qua Testata giornalistica e di attualit\u00e0 di Agliana, Montale e Quarrata.\",\"isPartOf\":{\"@id\":\"https:\/\/www.noidiqua.it\/Montale\/#website\"},\"primaryImageOfPage\":{\"@id\":\"https:\/\/www.noidiqua.it\/Montale\/piano-innovazione-urbana\/#primaryimage\"},\"image\":{\"@id\":\"https:\/\/www.noidiqua.it\/Montale\/piano-innovazione-urbana\/#primaryimage\"},\"thumbnailUrl\":\"https:\/\/www.noidiqua.it\/Montale\/wp-content\/uploads\/2016\/03\/PIANO-INNOVAZIONE-URBANA-2.png\",\"datePublished\":\"2016-03-13T11:59:14+00:00\",\"dateModified\":\"2022-07-25T16:02:46+00:00\",\"author\":{\"@id\":\"https:\/\/www.noidiqua.it\/Montale\/#\/schema\/person\/e2e6f44da50af0dae9c90ad168e471a4\"},\"breadcrumb\":{\"@id\":\"https:\/\/www.noidiqua.it\/Montale\/piano-innovazione-urbana\/#breadcrumb\"},\"inLanguage\":\"it-IT\",\"potentialAction\":[{\"@type\":\"ReadAction\",\"target\":[\"https:\/\/www.noidiqua.it\/Montale\/piano-innovazione-urbana\/\"]}]},{\"@type\":\"ImageObject\",\"inLanguage\":\"it-IT\",\"@id\":\"https:\/\/www.noidiqua.it\/Montale\/piano-innovazione-urbana\/#primaryimage\",\"url\":\"https:\/\/www.noidiqua.it\/Montale\/wp-content\/uploads\/2016\/03\/PIANO-INNOVAZIONE-URBANA-2.png\",\"contentUrl\":\"https:\/\/www.noidiqua.it\/Montale\/wp-content\/uploads\/2016\/03\/PIANO-INNOVAZIONE-URBANA-2.png\",\"width\":451,\"height\":302},{\"@type\":\"BreadcrumbList\",\"@id\":\"https:\/\/www.noidiqua.it\/Montale\/piano-innovazione-urbana\/#breadcrumb\",\"itemListElement\":[{\"@type\":\"ListItem\",\"position\":1,\"name\":\"Home\",\"item\":\"https:\/\/www.noidiqua.it\/Montale\/\"},{\"@type\":\"ListItem\",\"position\":2,\"name\":\"Piano di Innovazione Urbana\"}]},{\"@type\":\"WebSite\",\"@id\":\"https:\/\/www.noidiqua.it\/Montale\/#website\",\"url\":\"https:\/\/www.noidiqua.it\/Montale\/\",\"name\":\"Noi di Qua Testata giornalistica e di attualit\u00e0 di Agliana, Montale e Quarrata.\",\"description\":\"Testata Giornalistica Quarrata Montale Agliana\",\"potentialAction\":[{\"@type\":\"SearchAction\",\"target\":{\"@type\":\"EntryPoint\",\"urlTemplate\":\"https:\/\/www.noidiqua.it\/Montale\/?s={search_term_string}\"},\"query-input\":{\"@type\":\"PropertyValueSpecification\",\"valueRequired\":true,\"valueName\":\"search_term_string\"}}],\"inLanguage\":\"it-IT\"},{\"@type\":\"Person\",\"@id\":\"https:\/\/www.noidiqua.it\/Montale\/#\/schema\/person\/e2e6f44da50af0dae9c90ad168e471a4\",\"name\":\"Giacomo Bini\",\"image\":{\"@type\":\"ImageObject\",\"inLanguage\":\"it-IT\",\"@id\":\"https:\/\/www.noidiqua.it\/Montale\/#\/schema\/person\/image\/\",\"url\":\"https:\/\/secure.gravatar.com\/avatar\/e5c18ae41df5ae37397358f2c6046696187d51a120c5d0b8f0c49f7b606f46f4?s=96&d=mm&r=g\",\"contentUrl\":\"https:\/\/secure.gravatar.com\/avatar\/e5c18ae41df5ae37397358f2c6046696187d51a120c5d0b8f0c49f7b606f46f4?s=96&d=mm&r=g\",\"caption\":\"Giacomo Bini\"},\"url\":\"https:\/\/www.noidiqua.it\/Montale\/author\/giacomo-bini\/\"}]}<\/script>\n<!-- \/ Yoast SEO plugin. -->","yoast_head_json":{"title":"Piano di Innovazione Urbana - Noi di Qua Testata giornalistica e di attualit\u00e0 di Agliana, Montale e Quarrata.","robots":{"index":"index","follow":"follow","max-snippet":"max-snippet:-1","max-image-preview":"max-image-preview:large","max-video-preview":"max-video-preview:-1"},"canonical":"https:\/\/www.noidiqua.it\/Montale\/piano-innovazione-urbana\/","og_locale":"it_IT","og_type":"article","og_title":"Piano di Innovazione Urbana - Noi di Qua Testata giornalistica e di attualit\u00e0 di Agliana, Montale e Quarrata.","og_description":"di\u00a0Giacomo Bini marzo 2016 Montale\u00a0e\u00a0Montemurlo\u00a0progettano insieme il loro futuro e superano l\u2019ormai anacronistica divisione provinciale fra\u00a0Prato\u00a0e\u00a0Pistoia\u00a0per unire sempre di pi\u00f9 le due sponde dell\u2019Agna. Il\u00a0Progetto di Innovazione Urbana\u00a0con cui i due Comuni concorrono ad un bando europeo tramite la regione\u00a0Toscana, non \u00e8 solo uno dei soliti tentativi di reperire finanziamenti. E\u2019 un\u2019idea di sviluppo [&hellip;]","og_url":"https:\/\/www.noidiqua.it\/Montale\/piano-innovazione-urbana\/","og_site_name":"Noi di Qua Testata giornalistica e di attualit\u00e0 di Agliana, Montale e Quarrata.","article_publisher":"https:\/\/www.facebook.com\/noidiqua.trimestrale\/","article_published_time":"2016-03-13T11:59:14+00:00","article_modified_time":"2022-07-25T16:02:46+00:00","og_image":[{"url":"https:\/\/www.noidiqua.it\/Montale\/wp-content\/uploads\/2016\/03\/PIANO-INNOVAZIONE-URBANA-2.png","type":"","width":"","height":""}],"author":"Giacomo Bini","twitter_misc":{"Scritto da":"Giacomo Bini","Tempo di lettura stimato":"3 minuti"},"schema":{"@context":"https:\/\/schema.org","@graph":[{"@type":"WebPage","@id":"https:\/\/www.noidiqua.it\/Montale\/piano-innovazione-urbana\/","url":"https:\/\/www.noidiqua.it\/Montale\/piano-innovazione-urbana\/","name":"Piano di Innovazione Urbana - Noi di Qua Testata giornalistica e di attualit\u00e0 di Agliana, Montale e Quarrata.","isPartOf":{"@id":"https:\/\/www.noidiqua.it\/Montale\/#website"},"primaryImageOfPage":{"@id":"https:\/\/www.noidiqua.it\/Montale\/piano-innovazione-urbana\/#primaryimage"},"image":{"@id":"https:\/\/www.noidiqua.it\/Montale\/piano-innovazione-urbana\/#primaryimage"},"thumbnailUrl":"https:\/\/www.noidiqua.it\/Montale\/wp-content\/uploads\/2016\/03\/PIANO-INNOVAZIONE-URBANA-2.png","datePublished":"2016-03-13T11:59:14+00:00","dateModified":"2022-07-25T16:02:46+00:00","author":{"@id":"https:\/\/www.noidiqua.it\/Montale\/#\/schema\/person\/e2e6f44da50af0dae9c90ad168e471a4"},"breadcrumb":{"@id":"https:\/\/www.noidiqua.it\/Montale\/piano-innovazione-urbana\/#breadcrumb"},"inLanguage":"it-IT","potentialAction":[{"@type":"ReadAction","target":["https:\/\/www.noidiqua.it\/Montale\/piano-innovazione-urbana\/"]}]},{"@type":"ImageObject","inLanguage":"it-IT","@id":"https:\/\/www.noidiqua.it\/Montale\/piano-innovazione-urbana\/#primaryimage","url":"https:\/\/www.noidiqua.it\/Montale\/wp-content\/uploads\/2016\/03\/PIANO-INNOVAZIONE-URBANA-2.png","contentUrl":"https:\/\/www.noidiqua.it\/Montale\/wp-content\/uploads\/2016\/03\/PIANO-INNOVAZIONE-URBANA-2.png","width":451,"height":302},{"@type":"BreadcrumbList","@id":"https:\/\/www.noidiqua.it\/Montale\/piano-innovazione-urbana\/#breadcrumb","itemListElement":[{"@type":"ListItem","position":1,"name":"Home","item":"https:\/\/www.noidiqua.it\/Montale\/"},{"@type":"ListItem","position":2,"name":"Piano di Innovazione Urbana"}]},{"@type":"WebSite","@id":"https:\/\/www.noidiqua.it\/Montale\/#website","url":"https:\/\/www.noidiqua.it\/Montale\/","name":"Noi di Qua Testata giornalistica e di attualit\u00e0 di Agliana, Montale e Quarrata.","description":"Testata Giornalistica Quarrata Montale Agliana","potentialAction":[{"@type":"SearchAction","target":{"@type":"EntryPoint","urlTemplate":"https:\/\/www.noidiqua.it\/Montale\/?s={search_term_string}"},"query-input":{"@type":"PropertyValueSpecification","valueRequired":true,"valueName":"search_term_string"}}],"inLanguage":"it-IT"},{"@type":"Person","@id":"https:\/\/www.noidiqua.it\/Montale\/#\/schema\/person\/e2e6f44da50af0dae9c90ad168e471a4","name":"Giacomo Bini","image":{"@type":"ImageObject","inLanguage":"it-IT","@id":"https:\/\/www.noidiqua.it\/Montale\/#\/schema\/person\/image\/","url":"https:\/\/secure.gravatar.com\/avatar\/e5c18ae41df5ae37397358f2c6046696187d51a120c5d0b8f0c49f7b606f46f4?s=96&d=mm&r=g","contentUrl":"https:\/\/secure.gravatar.com\/avatar\/e5c18ae41df5ae37397358f2c6046696187d51a120c5d0b8f0c49f7b606f46f4?s=96&d=mm&r=g","caption":"Giacomo Bini"},"url":"https:\/\/www.noidiqua.it\/Montale\/author\/giacomo-bini\/"}]}},"_links":{"self":[{"href":"https:\/\/www.noidiqua.it\/Montale\/wp-json\/wp\/v2\/posts\/4168","targetHints":{"allow":["GET"]}}],"collection":[{"href":"https:\/\/www.noidiqua.it\/Montale\/wp-json\/wp\/v2\/posts"}],"about":[{"href":"https:\/\/www.noidiqua.it\/Montale\/wp-json\/wp\/v2\/types\/post"}],"author":[{"embeddable":true,"href":"https:\/\/www.noidiqua.it\/Montale\/wp-json\/wp\/v2\/users\/12"}],"replies":[{"embeddable":true,"href":"https:\/\/www.noidiqua.it\/Montale\/wp-json\/wp\/v2\/comments?post=4168"}],"version-history":[{"count":5,"href":"https:\/\/www.noidiqua.it\/Montale\/wp-json\/wp\/v2\/posts\/4168\/revisions"}],"predecessor-version":[{"id":7094,"href":"https:\/\/www.noidiqua.it\/Montale\/wp-json\/wp\/v2\/posts\/4168\/revisions\/7094"}],"wp:attachment":[{"href":"https:\/\/www.noidiqua.it\/Montale\/wp-json\/wp\/v2\/media?parent=4168"}],"wp:term":[{"taxonomy":"category","embeddable":true,"href":"https:\/\/www.noidiqua.it\/Montale\/wp-json\/wp\/v2\/categories?post=4168"},{"taxonomy":"post_tag","embeddable":true,"href":"https:\/\/www.noidiqua.it\/Montale\/wp-json\/wp\/v2\/tags?post=4168"}],"curies":[{"name":"wp","href":"https:\/\/api.w.org\/{rel}","templated":true}]}}