{"id":4196,"date":"2016-03-13T11:47:52","date_gmt":"2016-03-13T10:47:52","guid":{"rendered":"https:\/\/www.noidiqua.it\/Montale\/?p=4196"},"modified":"2022-07-26T12:36:13","modified_gmt":"2022-07-26T10:36:13","slug":"meningite-vaccini","status":"publish","type":"post","link":"https:\/\/www.noidiqua.it\/Montale\/meningite-vaccini\/","title":{"rendered":"Meningite e vaccini"},"content":{"rendered":"<p><em>di\u00a0Luigi Vangucci<\/em><\/p>\n<p>marzo 2016<\/p>\n<p><a href=\"https:\/\/www.noidiqua.it\/Montale\/wp-content\/uploads\/2018\/03\/Logo-Noidiqua.png\" rel=\"wp-prettyPhoto[4196]\"><img loading=\"lazy\" decoding=\"async\" class=\"aligncenter size-full wp-image-6511\" src=\"https:\/\/www.noidiqua.it\/Montale\/wp-content\/uploads\/2018\/03\/Logo-Noidiqua.png\" alt=\"\" width=\"488\" height=\"344\" srcset=\"https:\/\/www.noidiqua.it\/Montale\/wp-content\/uploads\/2018\/03\/Logo-Noidiqua.png 488w, https:\/\/www.noidiqua.it\/Montale\/wp-content\/uploads\/2018\/03\/Logo-Noidiqua-300x211.png 300w\" sizes=\"auto, (max-width: 488px) 100vw, 488px\" \/><\/a><\/p>\n<p class=\"p1\" style=\"text-align: justify;\">\n<p class=\"p1\" style=\"text-align: justify;\"><span class=\"s1\"><i>In questo periodo si fa un gran parlare di meningite, anche se fortunatamente non si tratta di una epidemia; tuttavia i casi sono assai numerosi soprattutto nelle province toscane di Pistoia, Prato e Firenze.\u00a0<\/i><\/span><\/p>\n<p class=\"p1\" style=\"text-align: justify;\"><span class=\"s1\"><b>Ma cosa \u00e8 la meningite?<\/b><\/span><\/p>\n<p class=\"p1\" style=\"text-align: justify;\"><span class=\"s1\">E\u2019 una infezione del sistema nervoso centrale (meningi, encefalo, midollo spinale) causata da batteri (neisseria meningitis ed altri, ma anche da virus, da sostanze chimiche ecc.)\u00a0<\/span><b>Come tutte le malattie si pu\u00f2 presentare spesso in forma estremamente grave\u00a0<\/b>con esito spesso infausto partendo da lesioni distruttive nel sistema nervoso. Naturalmente una diagnosi precoce pu\u00f2 scongiurare le complicazioni peggiori.<\/p>\n<p class=\"p1\" style=\"text-align: justify;\"><span class=\"s1\"><b>Diagnosi.<\/b><\/span><\/p>\n<p class=\"p3\" style=\"text-align: justify;\"><span class=\"s2\">Si basa sui sintomi classici:\u00a0<b>febbre alta, cefalea, rigidit\u00e0\u2019 nucale, vomito, alterazione dello stato di coscienza, intolleranza alla luce e ai rumori, convulsioni<\/b>. Questi sintomi possono anche non essere tutti presenti contemporaneamente.\u00a0<\/span>Tutto ci\u00f2 richiede ricovero urgentissimo per la diagnosi certa, ottenuta con puntura lombare che evidenzia la presenza del meningococco e l\u2019immediata cura in terapia intensiva.<\/p>\n<p class=\"p1\" style=\"text-align: justify;\"><span class=\"s1\"><b>Cura.<\/b><\/span><\/p>\n<p class=\"p1\" style=\"text-align: justify;\"><span class=\"s1\">Sar\u00e0 diversa a seconda degli agenti della malattia:\u00a0<b>antibiotici, antivirali, antifungini, cortisonici per ridurre l\u2019effetto infiammatorio sul sistema nervoso e periferico<\/b>. Le misure rianimatorie sosterranno l\u2019organismo nella grave fase settica.<\/span><\/p>\n<p class=\"p1\" style=\"text-align: justify;\"><span class=\"s1\"><b>Come si trasmette.<\/b><\/span><\/p>\n<p class=\"p1\" style=\"text-align: justify;\"><span class=\"s1\">Da persona a persona, attraverso scambio di secrezioni respiratorie (colpi di tosse, baci, scambio di stoviglie ecc.)\u00a0<b>Per fortuna per noi il bacillo della meningite al di fuori dell\u2019organismo vive solo pochi minuti,<\/b>\u00a0per cui la malattia non si diffonde facilmente come per esempio il virus dell\u2019influenza. L\u2019incubazione \u00e8 di circa 4 giorni, ma \u00e8 possibile fino a 10 o anche pi\u00f9.<\/span><\/p>\n<p class=\"p1\" style=\"text-align: justify;\"><span class=\"s1\"><b>Prevenzione.\u00a0<\/b><\/span><\/p>\n<p class=\"p1\" style=\"text-align: justify;\"><span class=\"s1\">Profilassi antibiotica nei soggetti a rischio.\u00a0<b>Vaccinazione efficace in oltre il 90%.\u00a0<\/b>I vaccini sono di due tipi:\u00a0<b>1) Vaccino quadrivalente\u00a0<\/b>che protegge verso quattro ceppi di meningococco per\u00f2 l\u2019immunit\u00e0 che fornisce \u00e8 limitata nel tempo di qualche anno e non \u00e8 efficace nei bambini sotto due anni.\u00a0<b>2) Vaccino monovalente\u00a0<\/b>contro il meningococco C protegge almeno 10 anni e non esiste un vera indicazione al richiamo.\u00a0<b>La vaccinazione non \u00e8 efficace prima di quindici e venti giorni<\/b>.<\/span><\/p>\n<p class=\"p1\" style=\"text-align: justify;\"><span class=\"s1\"><b>Controindicazioni al vaccino.<\/b><\/span><\/p>\n<p class=\"p1\" style=\"text-align: justify;\"><span class=\"s1\">Allergia in precedente vaccinazione, una malattia infettiva in corso, la gravidanza (con riserva).\u00a0<\/span><span class=\"s2\"><b>Nota bene: il vaccino non pu\u00f2 provocare meningite, perch\u00e9 \u00e8 costituito solo da un parte del batterio e non dall\u2019intero.\u00a0<\/b><\/span><i>Che fare dunque? Vaccinarsi e frequentare il meno possibile luoghi di grande affollamento.<\/i><\/p>\n<p class=\"p5\" style=\"text-align: justify;\"><span class=\"s1\"><i>\u201cSalute\u201d a tutti, e a presto<\/i>.\u00a0<\/span><\/p>\n<p class=\"p5\" style=\"text-align: justify;\">","protected":false},"excerpt":{"rendered":"<p>di\u00a0Luigi Vangucci marzo 2016 In questo periodo si fa un gran parlare di meningite, anche se fortunatamente non si tratta di una epidemia; tuttavia i casi sono assai numerosi soprattutto nelle province toscane di Pistoia, Prato e Firenze.\u00a0 Ma cosa \u00e8 la meningite? E\u2019 una infezione del sistema nervoso centrale (meningi, encefalo, midollo spinale) [&hellip;]<\/p>","protected":false},"author":8,"featured_media":0,"comment_status":"open","ping_status":"open","sticky":false,"template":"","format":"standard","meta":{"footnotes":""},"categories":[7,20],"tags":[103,457,458,460,113,461,459],"class_list":["post-4196","post","type-post","status-publish","format-standard","hentry","category-mt","category-una-mela-al-giorno-qt","tag-luigi-vangucci","tag-meningite","tag-meningococco","tag-monovalente","tag-noidiqua","tag-quadrivalente","tag-vaccinazione"],"yoast_head":"<!-- This site is optimized with the Yoast SEO plugin v25.5 - https:\/\/yoast.com\/wordpress\/plugins\/seo\/ -->\n<title>Meningite e vaccini - Noi di Qua Testata giornalistica e di attualit\u00e0 di Agliana, Montale e Quarrata.<\/title>\n<meta name=\"robots\" content=\"index, follow, max-snippet:-1, max-image-preview:large, max-video-preview:-1\" \/>\n<link rel=\"canonical\" href=\"https:\/\/www.noidiqua.it\/Montale\/meningite-vaccini\/\" \/>\n<meta property=\"og:locale\" content=\"it_IT\" \/>\n<meta property=\"og:type\" content=\"article\" \/>\n<meta property=\"og:title\" content=\"Meningite e vaccini - Noi di Qua Testata giornalistica e di attualit\u00e0 di Agliana, Montale e Quarrata.\" \/>\n<meta property=\"og:description\" content=\"di\u00a0Luigi Vangucci marzo 2016 In questo periodo si fa un gran parlare di meningite, anche se fortunatamente non si tratta di una epidemia; tuttavia i casi sono assai numerosi soprattutto nelle province toscane di Pistoia, Prato e Firenze.\u00a0 Ma cosa \u00e8 la meningite? E\u2019 una infezione del sistema nervoso centrale (meningi, encefalo, midollo spinale) [&hellip;]\" \/>\n<meta property=\"og:url\" content=\"https:\/\/www.noidiqua.it\/Montale\/meningite-vaccini\/\" \/>\n<meta property=\"og:site_name\" content=\"Noi di Qua Testata giornalistica e di attualit\u00e0 di Agliana, Montale e Quarrata.\" \/>\n<meta property=\"article:publisher\" content=\"https:\/\/www.facebook.com\/noidiqua.trimestrale\/\" \/>\n<meta property=\"article:published_time\" content=\"2016-03-13T10:47:52+00:00\" \/>\n<meta property=\"article:modified_time\" content=\"2022-07-26T10:36:13+00:00\" \/>\n<meta property=\"og:image\" content=\"https:\/\/www.noidiqua.it\/Montale\/wp-content\/uploads\/2018\/03\/Logo-Noidiqua.png\" \/>\n<meta name=\"author\" content=\"Luigi Vangucci\" \/>\n<meta name=\"twitter:label1\" content=\"Scritto da\" \/>\n\t<meta name=\"twitter:data1\" content=\"Luigi Vangucci\" \/>\n\t<meta name=\"twitter:label2\" content=\"Tempo di lettura stimato\" \/>\n\t<meta name=\"twitter:data2\" content=\"2 minuti\" \/>\n<script type=\"application\/ld+json\" class=\"yoast-schema-graph\">{\"@context\":\"https:\/\/schema.org\",\"@graph\":[{\"@type\":\"WebPage\",\"@id\":\"https:\/\/www.noidiqua.it\/Montale\/meningite-vaccini\/\",\"url\":\"https:\/\/www.noidiqua.it\/Montale\/meningite-vaccini\/\",\"name\":\"Meningite e vaccini - Noi di Qua Testata giornalistica e di attualit\u00e0 di Agliana, Montale e Quarrata.\",\"isPartOf\":{\"@id\":\"https:\/\/www.noidiqua.it\/Montale\/#website\"},\"primaryImageOfPage\":{\"@id\":\"https:\/\/www.noidiqua.it\/Montale\/meningite-vaccini\/#primaryimage\"},\"image\":{\"@id\":\"https:\/\/www.noidiqua.it\/Montale\/meningite-vaccini\/#primaryimage\"},\"thumbnailUrl\":\"https:\/\/www.noidiqua.it\/Montale\/wp-content\/uploads\/2018\/03\/Logo-Noidiqua.png\",\"datePublished\":\"2016-03-13T10:47:52+00:00\",\"dateModified\":\"2022-07-26T10:36:13+00:00\",\"author\":{\"@id\":\"https:\/\/www.noidiqua.it\/Montale\/#\/schema\/person\/187812011226643ac8c10193c4142c46\"},\"breadcrumb\":{\"@id\":\"https:\/\/www.noidiqua.it\/Montale\/meningite-vaccini\/#breadcrumb\"},\"inLanguage\":\"it-IT\",\"potentialAction\":[{\"@type\":\"ReadAction\",\"target\":[\"https:\/\/www.noidiqua.it\/Montale\/meningite-vaccini\/\"]}]},{\"@type\":\"ImageObject\",\"inLanguage\":\"it-IT\",\"@id\":\"https:\/\/www.noidiqua.it\/Montale\/meningite-vaccini\/#primaryimage\",\"url\":\"https:\/\/www.noidiqua.it\/Montale\/wp-content\/uploads\/2018\/03\/Logo-Noidiqua.png\",\"contentUrl\":\"https:\/\/www.noidiqua.it\/Montale\/wp-content\/uploads\/2018\/03\/Logo-Noidiqua.png\",\"width\":488,\"height\":344},{\"@type\":\"BreadcrumbList\",\"@id\":\"https:\/\/www.noidiqua.it\/Montale\/meningite-vaccini\/#breadcrumb\",\"itemListElement\":[{\"@type\":\"ListItem\",\"position\":1,\"name\":\"Home\",\"item\":\"https:\/\/www.noidiqua.it\/Montale\/\"},{\"@type\":\"ListItem\",\"position\":2,\"name\":\"Meningite e vaccini\"}]},{\"@type\":\"WebSite\",\"@id\":\"https:\/\/www.noidiqua.it\/Montale\/#website\",\"url\":\"https:\/\/www.noidiqua.it\/Montale\/\",\"name\":\"Noi di Qua Testata giornalistica e di attualit\u00e0 di Agliana, Montale e Quarrata.\",\"description\":\"Testata Giornalistica Quarrata Montale Agliana\",\"potentialAction\":[{\"@type\":\"SearchAction\",\"target\":{\"@type\":\"EntryPoint\",\"urlTemplate\":\"https:\/\/www.noidiqua.it\/Montale\/?s={search_term_string}\"},\"query-input\":{\"@type\":\"PropertyValueSpecification\",\"valueRequired\":true,\"valueName\":\"search_term_string\"}}],\"inLanguage\":\"it-IT\"},{\"@type\":\"Person\",\"@id\":\"https:\/\/www.noidiqua.it\/Montale\/#\/schema\/person\/187812011226643ac8c10193c4142c46\",\"name\":\"Luigi Vangucci\",\"image\":{\"@type\":\"ImageObject\",\"inLanguage\":\"it-IT\",\"@id\":\"https:\/\/www.noidiqua.it\/Montale\/#\/schema\/person\/image\/\",\"url\":\"https:\/\/secure.gravatar.com\/avatar\/c9188cbae17430c6b6afb2cc199314c12f772cc4b20242e6396d2a76f8ff4163?s=96&d=mm&r=g\",\"contentUrl\":\"https:\/\/secure.gravatar.com\/avatar\/c9188cbae17430c6b6afb2cc199314c12f772cc4b20242e6396d2a76f8ff4163?s=96&d=mm&r=g\",\"caption\":\"Luigi Vangucci\"},\"url\":\"https:\/\/www.noidiqua.it\/Montale\/author\/luigi-vangucci\/\"}]}<\/script>\n<!-- \/ Yoast SEO plugin. -->","yoast_head_json":{"title":"Meningite e vaccini - Noi di Qua Testata giornalistica e di attualit\u00e0 di Agliana, Montale e Quarrata.","robots":{"index":"index","follow":"follow","max-snippet":"max-snippet:-1","max-image-preview":"max-image-preview:large","max-video-preview":"max-video-preview:-1"},"canonical":"https:\/\/www.noidiqua.it\/Montale\/meningite-vaccini\/","og_locale":"it_IT","og_type":"article","og_title":"Meningite e vaccini - Noi di Qua Testata giornalistica e di attualit\u00e0 di Agliana, Montale e Quarrata.","og_description":"di\u00a0Luigi Vangucci marzo 2016 In questo periodo si fa un gran parlare di meningite, anche se fortunatamente non si tratta di una epidemia; tuttavia i casi sono assai numerosi soprattutto nelle province toscane di Pistoia, Prato e Firenze.\u00a0 Ma cosa \u00e8 la meningite? E\u2019 una infezione del sistema nervoso centrale (meningi, encefalo, midollo spinale) [&hellip;]","og_url":"https:\/\/www.noidiqua.it\/Montale\/meningite-vaccini\/","og_site_name":"Noi di Qua Testata giornalistica e di attualit\u00e0 di Agliana, Montale e Quarrata.","article_publisher":"https:\/\/www.facebook.com\/noidiqua.trimestrale\/","article_published_time":"2016-03-13T10:47:52+00:00","article_modified_time":"2022-07-26T10:36:13+00:00","og_image":[{"url":"https:\/\/www.noidiqua.it\/Montale\/wp-content\/uploads\/2018\/03\/Logo-Noidiqua.png","type":"","width":"","height":""}],"author":"Luigi Vangucci","twitter_misc":{"Scritto da":"Luigi Vangucci","Tempo di lettura stimato":"2 minuti"},"schema":{"@context":"https:\/\/schema.org","@graph":[{"@type":"WebPage","@id":"https:\/\/www.noidiqua.it\/Montale\/meningite-vaccini\/","url":"https:\/\/www.noidiqua.it\/Montale\/meningite-vaccini\/","name":"Meningite e vaccini - Noi di Qua Testata giornalistica e di attualit\u00e0 di Agliana, Montale e Quarrata.","isPartOf":{"@id":"https:\/\/www.noidiqua.it\/Montale\/#website"},"primaryImageOfPage":{"@id":"https:\/\/www.noidiqua.it\/Montale\/meningite-vaccini\/#primaryimage"},"image":{"@id":"https:\/\/www.noidiqua.it\/Montale\/meningite-vaccini\/#primaryimage"},"thumbnailUrl":"https:\/\/www.noidiqua.it\/Montale\/wp-content\/uploads\/2018\/03\/Logo-Noidiqua.png","datePublished":"2016-03-13T10:47:52+00:00","dateModified":"2022-07-26T10:36:13+00:00","author":{"@id":"https:\/\/www.noidiqua.it\/Montale\/#\/schema\/person\/187812011226643ac8c10193c4142c46"},"breadcrumb":{"@id":"https:\/\/www.noidiqua.it\/Montale\/meningite-vaccini\/#breadcrumb"},"inLanguage":"it-IT","potentialAction":[{"@type":"ReadAction","target":["https:\/\/www.noidiqua.it\/Montale\/meningite-vaccini\/"]}]},{"@type":"ImageObject","inLanguage":"it-IT","@id":"https:\/\/www.noidiqua.it\/Montale\/meningite-vaccini\/#primaryimage","url":"https:\/\/www.noidiqua.it\/Montale\/wp-content\/uploads\/2018\/03\/Logo-Noidiqua.png","contentUrl":"https:\/\/www.noidiqua.it\/Montale\/wp-content\/uploads\/2018\/03\/Logo-Noidiqua.png","width":488,"height":344},{"@type":"BreadcrumbList","@id":"https:\/\/www.noidiqua.it\/Montale\/meningite-vaccini\/#breadcrumb","itemListElement":[{"@type":"ListItem","position":1,"name":"Home","item":"https:\/\/www.noidiqua.it\/Montale\/"},{"@type":"ListItem","position":2,"name":"Meningite e vaccini"}]},{"@type":"WebSite","@id":"https:\/\/www.noidiqua.it\/Montale\/#website","url":"https:\/\/www.noidiqua.it\/Montale\/","name":"Noi di Qua Testata giornalistica e di attualit\u00e0 di Agliana, Montale e Quarrata.","description":"Testata Giornalistica Quarrata Montale Agliana","potentialAction":[{"@type":"SearchAction","target":{"@type":"EntryPoint","urlTemplate":"https:\/\/www.noidiqua.it\/Montale\/?s={search_term_string}"},"query-input":{"@type":"PropertyValueSpecification","valueRequired":true,"valueName":"search_term_string"}}],"inLanguage":"it-IT"},{"@type":"Person","@id":"https:\/\/www.noidiqua.it\/Montale\/#\/schema\/person\/187812011226643ac8c10193c4142c46","name":"Luigi Vangucci","image":{"@type":"ImageObject","inLanguage":"it-IT","@id":"https:\/\/www.noidiqua.it\/Montale\/#\/schema\/person\/image\/","url":"https:\/\/secure.gravatar.com\/avatar\/c9188cbae17430c6b6afb2cc199314c12f772cc4b20242e6396d2a76f8ff4163?s=96&d=mm&r=g","contentUrl":"https:\/\/secure.gravatar.com\/avatar\/c9188cbae17430c6b6afb2cc199314c12f772cc4b20242e6396d2a76f8ff4163?s=96&d=mm&r=g","caption":"Luigi Vangucci"},"url":"https:\/\/www.noidiqua.it\/Montale\/author\/luigi-vangucci\/"}]}},"_links":{"self":[{"href":"https:\/\/www.noidiqua.it\/Montale\/wp-json\/wp\/v2\/posts\/4196","targetHints":{"allow":["GET"]}}],"collection":[{"href":"https:\/\/www.noidiqua.it\/Montale\/wp-json\/wp\/v2\/posts"}],"about":[{"href":"https:\/\/www.noidiqua.it\/Montale\/wp-json\/wp\/v2\/types\/post"}],"author":[{"embeddable":true,"href":"https:\/\/www.noidiqua.it\/Montale\/wp-json\/wp\/v2\/users\/8"}],"replies":[{"embeddable":true,"href":"https:\/\/www.noidiqua.it\/Montale\/wp-json\/wp\/v2\/comments?post=4196"}],"version-history":[{"count":2,"href":"https:\/\/www.noidiqua.it\/Montale\/wp-json\/wp\/v2\/posts\/4196\/revisions"}],"predecessor-version":[{"id":7102,"href":"https:\/\/www.noidiqua.it\/Montale\/wp-json\/wp\/v2\/posts\/4196\/revisions\/7102"}],"wp:attachment":[{"href":"https:\/\/www.noidiqua.it\/Montale\/wp-json\/wp\/v2\/media?parent=4196"}],"wp:term":[{"taxonomy":"category","embeddable":true,"href":"https:\/\/www.noidiqua.it\/Montale\/wp-json\/wp\/v2\/categories?post=4196"},{"taxonomy":"post_tag","embeddable":true,"href":"https:\/\/www.noidiqua.it\/Montale\/wp-json\/wp\/v2\/tags?post=4196"}],"curies":[{"name":"wp","href":"https:\/\/api.w.org\/{rel}","templated":true}]}}