{"id":4199,"date":"2016-03-13T11:55:21","date_gmt":"2016-03-13T10:55:21","guid":{"rendered":"https:\/\/www.noidiqua.it\/Montale\/?p=4199"},"modified":"2022-07-25T16:12:25","modified_gmt":"2022-07-25T14:12:25","slug":"appunti-redazione-7","status":"publish","type":"post","link":"https:\/\/www.noidiqua.it\/Montale\/appunti-redazione-7\/","title":{"rendered":"Appunti di redazione"},"content":{"rendered":"<p><em>di\u00a0Giacomo Bini<\/em><\/p>\n<p>marzo 2016<\/p>\n<p><a href=\"https:\/\/www.noidiqua.it\/Montale\/wp-content\/uploads\/2016\/03\/APPUNTI-REDAZIONE.jpg\" rel=\"wp-prettyPhoto[4199]\"><img loading=\"lazy\" decoding=\"async\" class=\"aligncenter size-full wp-image-7071\" src=\"https:\/\/www.noidiqua.it\/Montale\/wp-content\/uploads\/2016\/03\/APPUNTI-REDAZIONE.jpg\" alt=\"\" width=\"450\" height=\"344\" srcset=\"https:\/\/www.noidiqua.it\/Montale\/wp-content\/uploads\/2016\/03\/APPUNTI-REDAZIONE.jpg 450w, https:\/\/www.noidiqua.it\/Montale\/wp-content\/uploads\/2016\/03\/APPUNTI-REDAZIONE-300x229.jpg 300w\" sizes=\"auto, (max-width: 450px) 100vw, 450px\" \/><\/a><\/p>\n<p>Il mese di marzo, che oggi \u00e8 universalmente dedicato alla donna, \u00e8 sempre stato, nella cultura classica e moderna, il mese maschile per eccellenza in quanto il suo nome deriva da Marte, il possente Dio della guerra, un maschio esuberante e vitale, il signore della forza produttiva che pulsa nella natura. Va detto per\u00f2 che quel macho esuberante di Marte, un tipo tutto muscoli e vigore, \u00e8 nato, secondo il poeta latino Ovidio, da un\u2019unione non convenzionale tra due donne, Giunone, la moglie di Giove, e Flora, la dea italica della Primavera amata da Zefiro e rappresentata con le sue ghirlande fiorite nel celebre dipinto del Botticelli.\u00a0<b>Si potrebbe dunque dire, in termini contemporanei, che Marte sia figlio di una coppia gay oppure di una single, inseminata artificialmente da un\u2019altra donna<\/b>. Non si trattava peraltro di un\u2019unione civile, ma di una collaborazione generativa occasionale, ispirata ad una forma di solidariet\u00e0 procreativa tramite inseminazione no-profit.<\/p>\n<p><span class=\"s1\">Le cose andarono pi\u00f9 o meno cos\u00ec: Giunone, irritata perch\u00e9 il marito Zeus si era permesso di procreare Minerva senza il suo contributo (l\u2019aveva fatta uscire dalla sua regale testa), corse piangente dall\u2019amica Flora, la sorridente promotrice delle fioriture nei campi, e la implor\u00f2 di aiutarla a rendere la pariglia al marito generando\u00a0<b><i>\u201csenza virile contatto\u201d<\/i><\/b>. Dopo qualche esitazione la dolce Flora soddisfece la prosperosa amica toccandola con un fiore prodigioso che la ingravid\u00f2, facendo annidare nel suo grembo l\u2019embrione del futuro Dio della guerra.\u00a0<b><i>\u201cSubito con il pollice colsi il fiore ben radicato; con esso tocco Giunone, ed ella nel grembo toccato concepisce\u201d<\/i><\/b>\u00a0fa raccontare Ovidio alla stessa Flora. Sar\u00e0 forse in virt\u00f9 di quest\u2019origine gentile e tutta femminile che il mese di marzo appare ai poeti non cos\u00ec univocamente potente e decisionista come vorrebbe il nome del Dio guerriero. Anzi, a forza di sottolineare le pioggerelle e le nebbioline che si alternano al sole nelle sue capricciose giornate, i poeti finiscono per far emergere di questo mese la fragilit\u00e0, l\u2019incoerenza e la suscettibilit\u00e0 che lo avvicinano di pi\u00f9 all\u2019immagine del maschio contemporaneo, notoriamente in crisi di identit\u00e0, piuttosto che a quella del granitico maschio tradizionale. De Musset rappresenta marzo come un bambino che accenna un sorriso in un volto piangente e Wordsworth lo descrive tenero e mite, quasi cedevole nella sua dolcezza.\u00a0<\/span><\/p>\n<p><span class=\"s1\">Il popolo, come si sa, lo definisce \u201cpazzerello\u201d sottolineando una volubilit\u00e0 quasi isterica. Ma nessuna inquietudine potr\u00e0 togliere a Marzo la straordinaria forza vitale e produttiva, che \u00e8 espressa da quel suo viso da scugnizzo, da monello ridente con le scarpe sporche di fango (Hal Borland), malizioso e trasgressivo, sempre pronto a salpare verso l\u2019ignoto, capace di ogni svolta e iniziativa. La cultura medievale era convinta che Dio avesse creato il mondo nel mese di marzo ed \u00e8 a marzo che Dante Alighieri intraprende il suo viaggio.\u00a0<\/span><\/p>\n<p><span class=\"s2\"><b>L\u2019augurio ai nostri lettori \u00e8 quindi che marzo, pur con la sua natura talvolta umbratile e incostante, abbia infuso a tutti l\u2019energia per provare cose nuove e dare un bel colpo di reni.\u00a0<\/b><\/span><\/p>\n<p>&nbsp;<\/p>","protected":false},"excerpt":{"rendered":"<p>di\u00a0Giacomo Bini marzo 2016 Il mese di marzo, che oggi \u00e8 universalmente dedicato alla donna, \u00e8 sempre stato, nella cultura classica e moderna, il mese maschile per eccellenza in quanto il suo nome deriva da Marte, il possente Dio della guerra, un maschio esuberante e vitale, il signore della forza produttiva che pulsa nella [&hellip;]<\/p>","protected":false},"author":12,"featured_media":0,"comment_status":"open","ping_status":"open","sticky":false,"template":"","format":"standard","meta":{"footnotes":""},"categories":[14,7],"tags":[462,463,464,465,466,467,468,469,470,471,472],"class_list":["post-4199","post","type-post","status-publish","format-standard","hentry","category-appuntired","category-mt","tag-botticelli","tag-dante-alighieri","tag-de-musset","tag-flora","tag-giunone","tag-hal-borland","tag-mart","tag-minerva","tag-ovidio","tag-wordsworth","tag-zeus"],"yoast_head":"<!-- This site is optimized with the Yoast SEO plugin v25.5 - https:\/\/yoast.com\/wordpress\/plugins\/seo\/ -->\n<title>Appunti di redazione - Noi di Qua Testata giornalistica e di attualit\u00e0 di Agliana, Montale e Quarrata.<\/title>\n<meta name=\"robots\" content=\"index, follow, max-snippet:-1, max-image-preview:large, max-video-preview:-1\" \/>\n<link rel=\"canonical\" href=\"https:\/\/www.noidiqua.it\/Montale\/appunti-redazione-7\/\" \/>\n<meta property=\"og:locale\" content=\"it_IT\" \/>\n<meta property=\"og:type\" content=\"article\" \/>\n<meta property=\"og:title\" content=\"Appunti di redazione - Noi di Qua Testata giornalistica e di attualit\u00e0 di Agliana, Montale e Quarrata.\" \/>\n<meta property=\"og:description\" content=\"di\u00a0Giacomo Bini marzo 2016 Il mese di marzo, che oggi \u00e8 universalmente dedicato alla donna, \u00e8 sempre stato, nella cultura classica e moderna, il mese maschile per eccellenza in quanto il suo nome deriva da Marte, il possente Dio della guerra, un maschio esuberante e vitale, il signore della forza produttiva che pulsa nella [&hellip;]\" \/>\n<meta property=\"og:url\" content=\"https:\/\/www.noidiqua.it\/Montale\/appunti-redazione-7\/\" \/>\n<meta property=\"og:site_name\" content=\"Noi di Qua Testata giornalistica e di attualit\u00e0 di Agliana, Montale e Quarrata.\" \/>\n<meta property=\"article:publisher\" content=\"https:\/\/www.facebook.com\/noidiqua.trimestrale\/\" \/>\n<meta property=\"article:published_time\" content=\"2016-03-13T10:55:21+00:00\" \/>\n<meta property=\"article:modified_time\" content=\"2022-07-25T14:12:25+00:00\" \/>\n<meta property=\"og:image\" content=\"https:\/\/www.noidiqua.it\/Montale\/wp-content\/uploads\/2016\/03\/APPUNTI-REDAZIONE.jpg\" \/>\n<meta name=\"author\" content=\"Giacomo Bini\" \/>\n<meta name=\"twitter:label1\" content=\"Scritto da\" \/>\n\t<meta name=\"twitter:data1\" content=\"Giacomo Bini\" \/>\n\t<meta name=\"twitter:label2\" content=\"Tempo di lettura stimato\" \/>\n\t<meta name=\"twitter:data2\" content=\"3 minuti\" \/>\n<script type=\"application\/ld+json\" class=\"yoast-schema-graph\">{\"@context\":\"https:\/\/schema.org\",\"@graph\":[{\"@type\":\"WebPage\",\"@id\":\"https:\/\/www.noidiqua.it\/Montale\/appunti-redazione-7\/\",\"url\":\"https:\/\/www.noidiqua.it\/Montale\/appunti-redazione-7\/\",\"name\":\"Appunti di redazione - Noi di Qua Testata giornalistica e di attualit\u00e0 di Agliana, Montale e Quarrata.\",\"isPartOf\":{\"@id\":\"https:\/\/www.noidiqua.it\/Montale\/#website\"},\"primaryImageOfPage\":{\"@id\":\"https:\/\/www.noidiqua.it\/Montale\/appunti-redazione-7\/#primaryimage\"},\"image\":{\"@id\":\"https:\/\/www.noidiqua.it\/Montale\/appunti-redazione-7\/#primaryimage\"},\"thumbnailUrl\":\"https:\/\/www.noidiqua.it\/Montale\/wp-content\/uploads\/2016\/03\/APPUNTI-REDAZIONE.jpg\",\"datePublished\":\"2016-03-13T10:55:21+00:00\",\"dateModified\":\"2022-07-25T14:12:25+00:00\",\"author\":{\"@id\":\"https:\/\/www.noidiqua.it\/Montale\/#\/schema\/person\/e2e6f44da50af0dae9c90ad168e471a4\"},\"breadcrumb\":{\"@id\":\"https:\/\/www.noidiqua.it\/Montale\/appunti-redazione-7\/#breadcrumb\"},\"inLanguage\":\"it-IT\",\"potentialAction\":[{\"@type\":\"ReadAction\",\"target\":[\"https:\/\/www.noidiqua.it\/Montale\/appunti-redazione-7\/\"]}]},{\"@type\":\"ImageObject\",\"inLanguage\":\"it-IT\",\"@id\":\"https:\/\/www.noidiqua.it\/Montale\/appunti-redazione-7\/#primaryimage\",\"url\":\"https:\/\/www.noidiqua.it\/Montale\/wp-content\/uploads\/2016\/03\/APPUNTI-REDAZIONE.jpg\",\"contentUrl\":\"https:\/\/www.noidiqua.it\/Montale\/wp-content\/uploads\/2016\/03\/APPUNTI-REDAZIONE.jpg\",\"width\":450,\"height\":344},{\"@type\":\"BreadcrumbList\",\"@id\":\"https:\/\/www.noidiqua.it\/Montale\/appunti-redazione-7\/#breadcrumb\",\"itemListElement\":[{\"@type\":\"ListItem\",\"position\":1,\"name\":\"Home\",\"item\":\"https:\/\/www.noidiqua.it\/Montale\/\"},{\"@type\":\"ListItem\",\"position\":2,\"name\":\"Appunti di redazione\"}]},{\"@type\":\"WebSite\",\"@id\":\"https:\/\/www.noidiqua.it\/Montale\/#website\",\"url\":\"https:\/\/www.noidiqua.it\/Montale\/\",\"name\":\"Noi di Qua Testata giornalistica e di attualit\u00e0 di Agliana, Montale e Quarrata.\",\"description\":\"Testata Giornalistica Quarrata Montale Agliana\",\"potentialAction\":[{\"@type\":\"SearchAction\",\"target\":{\"@type\":\"EntryPoint\",\"urlTemplate\":\"https:\/\/www.noidiqua.it\/Montale\/?s={search_term_string}\"},\"query-input\":{\"@type\":\"PropertyValueSpecification\",\"valueRequired\":true,\"valueName\":\"search_term_string\"}}],\"inLanguage\":\"it-IT\"},{\"@type\":\"Person\",\"@id\":\"https:\/\/www.noidiqua.it\/Montale\/#\/schema\/person\/e2e6f44da50af0dae9c90ad168e471a4\",\"name\":\"Giacomo Bini\",\"image\":{\"@type\":\"ImageObject\",\"inLanguage\":\"it-IT\",\"@id\":\"https:\/\/www.noidiqua.it\/Montale\/#\/schema\/person\/image\/\",\"url\":\"https:\/\/secure.gravatar.com\/avatar\/e5c18ae41df5ae37397358f2c6046696187d51a120c5d0b8f0c49f7b606f46f4?s=96&d=mm&r=g\",\"contentUrl\":\"https:\/\/secure.gravatar.com\/avatar\/e5c18ae41df5ae37397358f2c6046696187d51a120c5d0b8f0c49f7b606f46f4?s=96&d=mm&r=g\",\"caption\":\"Giacomo Bini\"},\"url\":\"https:\/\/www.noidiqua.it\/Montale\/author\/giacomo-bini\/\"}]}<\/script>\n<!-- \/ Yoast SEO plugin. -->","yoast_head_json":{"title":"Appunti di redazione - Noi di Qua Testata giornalistica e di attualit\u00e0 di Agliana, Montale e Quarrata.","robots":{"index":"index","follow":"follow","max-snippet":"max-snippet:-1","max-image-preview":"max-image-preview:large","max-video-preview":"max-video-preview:-1"},"canonical":"https:\/\/www.noidiqua.it\/Montale\/appunti-redazione-7\/","og_locale":"it_IT","og_type":"article","og_title":"Appunti di redazione - Noi di Qua Testata giornalistica e di attualit\u00e0 di Agliana, Montale e Quarrata.","og_description":"di\u00a0Giacomo Bini marzo 2016 Il mese di marzo, che oggi \u00e8 universalmente dedicato alla donna, \u00e8 sempre stato, nella cultura classica e moderna, il mese maschile per eccellenza in quanto il suo nome deriva da Marte, il possente Dio della guerra, un maschio esuberante e vitale, il signore della forza produttiva che pulsa nella [&hellip;]","og_url":"https:\/\/www.noidiqua.it\/Montale\/appunti-redazione-7\/","og_site_name":"Noi di Qua Testata giornalistica e di attualit\u00e0 di Agliana, Montale e Quarrata.","article_publisher":"https:\/\/www.facebook.com\/noidiqua.trimestrale\/","article_published_time":"2016-03-13T10:55:21+00:00","article_modified_time":"2022-07-25T14:12:25+00:00","og_image":[{"url":"https:\/\/www.noidiqua.it\/Montale\/wp-content\/uploads\/2016\/03\/APPUNTI-REDAZIONE.jpg","type":"","width":"","height":""}],"author":"Giacomo Bini","twitter_misc":{"Scritto da":"Giacomo Bini","Tempo di lettura stimato":"3 minuti"},"schema":{"@context":"https:\/\/schema.org","@graph":[{"@type":"WebPage","@id":"https:\/\/www.noidiqua.it\/Montale\/appunti-redazione-7\/","url":"https:\/\/www.noidiqua.it\/Montale\/appunti-redazione-7\/","name":"Appunti di redazione - Noi di Qua Testata giornalistica e di attualit\u00e0 di Agliana, Montale e Quarrata.","isPartOf":{"@id":"https:\/\/www.noidiqua.it\/Montale\/#website"},"primaryImageOfPage":{"@id":"https:\/\/www.noidiqua.it\/Montale\/appunti-redazione-7\/#primaryimage"},"image":{"@id":"https:\/\/www.noidiqua.it\/Montale\/appunti-redazione-7\/#primaryimage"},"thumbnailUrl":"https:\/\/www.noidiqua.it\/Montale\/wp-content\/uploads\/2016\/03\/APPUNTI-REDAZIONE.jpg","datePublished":"2016-03-13T10:55:21+00:00","dateModified":"2022-07-25T14:12:25+00:00","author":{"@id":"https:\/\/www.noidiqua.it\/Montale\/#\/schema\/person\/e2e6f44da50af0dae9c90ad168e471a4"},"breadcrumb":{"@id":"https:\/\/www.noidiqua.it\/Montale\/appunti-redazione-7\/#breadcrumb"},"inLanguage":"it-IT","potentialAction":[{"@type":"ReadAction","target":["https:\/\/www.noidiqua.it\/Montale\/appunti-redazione-7\/"]}]},{"@type":"ImageObject","inLanguage":"it-IT","@id":"https:\/\/www.noidiqua.it\/Montale\/appunti-redazione-7\/#primaryimage","url":"https:\/\/www.noidiqua.it\/Montale\/wp-content\/uploads\/2016\/03\/APPUNTI-REDAZIONE.jpg","contentUrl":"https:\/\/www.noidiqua.it\/Montale\/wp-content\/uploads\/2016\/03\/APPUNTI-REDAZIONE.jpg","width":450,"height":344},{"@type":"BreadcrumbList","@id":"https:\/\/www.noidiqua.it\/Montale\/appunti-redazione-7\/#breadcrumb","itemListElement":[{"@type":"ListItem","position":1,"name":"Home","item":"https:\/\/www.noidiqua.it\/Montale\/"},{"@type":"ListItem","position":2,"name":"Appunti di redazione"}]},{"@type":"WebSite","@id":"https:\/\/www.noidiqua.it\/Montale\/#website","url":"https:\/\/www.noidiqua.it\/Montale\/","name":"Noi di Qua Testata giornalistica e di attualit\u00e0 di Agliana, Montale e Quarrata.","description":"Testata Giornalistica Quarrata Montale Agliana","potentialAction":[{"@type":"SearchAction","target":{"@type":"EntryPoint","urlTemplate":"https:\/\/www.noidiqua.it\/Montale\/?s={search_term_string}"},"query-input":{"@type":"PropertyValueSpecification","valueRequired":true,"valueName":"search_term_string"}}],"inLanguage":"it-IT"},{"@type":"Person","@id":"https:\/\/www.noidiqua.it\/Montale\/#\/schema\/person\/e2e6f44da50af0dae9c90ad168e471a4","name":"Giacomo Bini","image":{"@type":"ImageObject","inLanguage":"it-IT","@id":"https:\/\/www.noidiqua.it\/Montale\/#\/schema\/person\/image\/","url":"https:\/\/secure.gravatar.com\/avatar\/e5c18ae41df5ae37397358f2c6046696187d51a120c5d0b8f0c49f7b606f46f4?s=96&d=mm&r=g","contentUrl":"https:\/\/secure.gravatar.com\/avatar\/e5c18ae41df5ae37397358f2c6046696187d51a120c5d0b8f0c49f7b606f46f4?s=96&d=mm&r=g","caption":"Giacomo Bini"},"url":"https:\/\/www.noidiqua.it\/Montale\/author\/giacomo-bini\/"}]}},"_links":{"self":[{"href":"https:\/\/www.noidiqua.it\/Montale\/wp-json\/wp\/v2\/posts\/4199","targetHints":{"allow":["GET"]}}],"collection":[{"href":"https:\/\/www.noidiqua.it\/Montale\/wp-json\/wp\/v2\/posts"}],"about":[{"href":"https:\/\/www.noidiqua.it\/Montale\/wp-json\/wp\/v2\/types\/post"}],"author":[{"embeddable":true,"href":"https:\/\/www.noidiqua.it\/Montale\/wp-json\/wp\/v2\/users\/12"}],"replies":[{"embeddable":true,"href":"https:\/\/www.noidiqua.it\/Montale\/wp-json\/wp\/v2\/comments?post=4199"}],"version-history":[{"count":3,"href":"https:\/\/www.noidiqua.it\/Montale\/wp-json\/wp\/v2\/posts\/4199\/revisions"}],"predecessor-version":[{"id":7073,"href":"https:\/\/www.noidiqua.it\/Montale\/wp-json\/wp\/v2\/posts\/4199\/revisions\/7073"}],"wp:attachment":[{"href":"https:\/\/www.noidiqua.it\/Montale\/wp-json\/wp\/v2\/media?parent=4199"}],"wp:term":[{"taxonomy":"category","embeddable":true,"href":"https:\/\/www.noidiqua.it\/Montale\/wp-json\/wp\/v2\/categories?post=4199"},{"taxonomy":"post_tag","embeddable":true,"href":"https:\/\/www.noidiqua.it\/Montale\/wp-json\/wp\/v2\/tags?post=4199"}],"curies":[{"name":"wp","href":"https:\/\/api.w.org\/{rel}","templated":true}]}}