{"id":4212,"date":"2016-03-13T11:41:06","date_gmt":"2016-03-13T10:41:06","guid":{"rendered":"https:\/\/www.noidiqua.it\/Montale\/?p=4212"},"modified":"2022-07-26T12:41:36","modified_gmt":"2022-07-26T10:41:36","slug":"paas-centro-documentazione-delle-tradizioni-locali","status":"publish","type":"post","link":"https:\/\/www.noidiqua.it\/Montale\/paas-centro-documentazione-delle-tradizioni-locali\/","title":{"rendered":"PAAS e il \u201cCentro di Documentazione delle Tradizioni Locali\u201d"},"content":{"rendered":"<p><em>di\u00a0David Colzi<\/em><\/p>\n<p>marzo 2016<\/p>\n<p><a href=\"https:\/\/www.noidiqua.it\/Montale\/wp-content\/uploads\/2016\/03\/PAAS.png\" rel=\"wp-prettyPhoto[4212]\"><img loading=\"lazy\" decoding=\"async\" class=\"aligncenter size-full wp-image-7107\" src=\"https:\/\/www.noidiqua.it\/Montale\/wp-content\/uploads\/2016\/03\/PAAS.png\" alt=\"\" width=\"450\" height=\"275\" srcset=\"https:\/\/www.noidiqua.it\/Montale\/wp-content\/uploads\/2016\/03\/PAAS.png 450w, https:\/\/www.noidiqua.it\/Montale\/wp-content\/uploads\/2016\/03\/PAAS-300x183.png 300w\" sizes=\"auto, (max-width: 450px) 100vw, 450px\" \/><\/a><\/p>\n<p>I <strong>PAAS<\/strong>, sono una rete territoriale di punti per l\u2019accesso assistito ai servizi online, voluti dalla <strong>Regione Toscana<\/strong> come servizio pubblico gratuito e creati sia per fornire un\u2019alfabetizzazione informatica a persone come gli anziani che non conoscono il mondo del web, oggi fondamentale nella vita di tutti i giorni, sia per offrire un servizio di consultazioni a chi non ha un proprio computer. Tenendo presente che non si tratta di Internet Point, presso i PAAS si pu\u00f2: accedere ai servizi offerti da Regione, Comune e associazioni, comunicare con enti pubblici e privati (tipo le banche), accedere al prestito interbibliotecario, cercare lavoro, capire come acquistare su internet, inviare e-mail, fare iscrizioni on line e altro ancora.<\/p>\n<p>Il Punto di Montale si trova nel palazzo del Comune a piano terra (stanza numero 27) ed \u00e8 aperto il luned\u00ec, il mercoled\u00ec e il venerd\u00ec, in orario 18-20. A gestirlo qua da noi c\u2019\u00e8 il <strong>Comitato dei Gemellaggi<\/strong>, nella figura del presidente <strong>Edda Magnani<\/strong>, coordinatrice del progetto, assieme a giovani tutor che accompagnano le persone interessate a intraprendere un percorso di conoscenza del web. Questi ragazzi, tutti sotto i 30 anni, sono:<strong> Fabrizio Masini, Daniele Maccari, Elena Santini, Leonardo Boni, Giulia Amadei, Angela Stefanini, Emanuela Baldini e Matteo Bresci<\/strong>. Parlando con la signora Edda, scopriamo che i maggiori fruitori del PAAS di Montale, sono appunto gli ultra sessantenni, seguiti in minima parte dagli extracomunitari, oltre a qualche frequentatore occasionale; in pi\u00f9 durante il periodo di iscrizioni scolastiche, si vedono anche mamme con i figli. <i>\u00abVa detto che molti anziani provano pudore a chiedere aiuto\u00bb<\/i> specifica Edda Magnani <i>\u00abperch\u00e9 si sentono davvero analfabeti in un mondo che non riconoscono pi\u00f9; d\u2019altronde quello del web \u00e8 a tutti gli effetti un linguaggio nuovo. In pi\u00f9 se si parla di internet oggi, si deve pensare anche ai telefonini, che ormai sono computer in scala ridotta\u00bb.<\/i>Da qui l\u2019importanza dei tutor per seguire passo passo tutti i progressi di questi studenti attempati; la cosa interessante \u00e8 che ogni persona ha il suo insegnante personale che rimane al suo fianco per tutta la durata del percorso di apprendimento, che pu\u00f2 durare un anno. <i>\u00abCos\u00ec si creano anche amicizie\u00bb<\/i> ci dice sorridendo Edda Magnani. Come si fa a fruire del servizio dei vostri tutor?<i> \u00abBasta venire qui negli orari stabiliti e registrarsi, proprio come accade in biblioteca; poi alla persona viene assegnato uno dei ragazzi. Questi corsi individuali durano in genere un\u2019ora ogni volta\u00bb.<\/i><\/p>\n<p>&nbsp;<\/p>\n<p class=\"p1\" style=\"text-align: justify;\">Altro progetto importante \u00e8 il <strong>\u201cCentro di Documentazione delle Tradizioni Locali\u201d<\/strong>, realizzato grazie al contributo del <strong>Cesvot<\/strong>, anch\u2019esso gestito dal Comitato dei Gemellaggi. Inizialmente l\u2019archivio era collocato all\u2019interno dello <strong>Spazio Culturale Nerucci<\/strong>, dove fra l\u2019altro si trovava il PAAS, ma dopo la bufera di vento del 5 marzo 2015, la sede ha perso la sua agibilit\u00e0 a causa della scoperchiatura del tetto. Per fortuna tutto il materiale \u00e8 stato salvato e attualmente si trova in casa della signora Magnani, in attesa che gli venga assegnato uno spazio idoneo. Il Centro raccolta invece \u00e8 ancora attivo, spostatosi assieme al PAAS nella stanza numero 27 del Comune, e continua la sua opera di catalogazione e digitalizzazione di documenti scritti, di foto e quant\u2019altro venga portato dalla gente. <i>\u00abE\u2019 un lavoro lunghissimo e tanto deve essere ancora fatto;\u00bb <\/i>dice la signora Magnani <i>\u00abchi volesse darci una mano \u00e8 ben accetto, purch\u00e9 abbia un minimo di nozioni su come si usa il computer\u00bb<\/i>. Noi concludiamo unendoci a questo appello, oltre a ricordare a chiunque avesse del materiale in casa, di mettersi in contatto con la signora Edda (cell: 348 3908668), affinch\u00e9 la memoria passata di Montale diventi patrimonio della collettivit\u00e0.<\/p>","protected":false},"excerpt":{"rendered":"<p>di\u00a0David Colzi marzo 2016 I PAAS, sono una rete territoriale di punti per l\u2019accesso assistito ai servizi online, voluti dalla Regione Toscana come servizio pubblico gratuito e creati sia per fornire un\u2019alfabetizzazione informatica a persone come gli anziani che non conoscono il mondo del web, oggi fondamentale nella vita di tutti i giorni, sia [&hellip;]<\/p>","protected":false},"author":5,"featured_media":0,"comment_status":"open","ping_status":"open","sticky":false,"template":"","format":"standard","meta":{"footnotes":""},"categories":[7,12],"tags":[489,486,487,484,485,490,488],"class_list":["post-4212","post","type-post","status-publish","format-standard","hentry","category-mt","category-solidarieta-qt","tag-cesvot","tag-comitato-dei-gemellaggi","tag-edda-magnani","tag-paas","tag-regione-toscana","tag-spazio-culturale-nerucci","tag-centro-di-documentazione-delle-tradizioni-locali"],"yoast_head":"<!-- This site is optimized with the Yoast SEO plugin v25.5 - https:\/\/yoast.com\/wordpress\/plugins\/seo\/ -->\n<title>PAAS e il \u201cCentro di Documentazione delle Tradizioni Locali\u201d - Noi di Qua Testata giornalistica e di attualit\u00e0 di Agliana, Montale e Quarrata.<\/title>\n<meta name=\"robots\" content=\"index, follow, max-snippet:-1, max-image-preview:large, max-video-preview:-1\" \/>\n<link rel=\"canonical\" href=\"https:\/\/www.noidiqua.it\/Montale\/paas-centro-documentazione-delle-tradizioni-locali\/\" \/>\n<meta property=\"og:locale\" content=\"it_IT\" \/>\n<meta property=\"og:type\" content=\"article\" \/>\n<meta property=\"og:title\" content=\"PAAS e il \u201cCentro di Documentazione delle Tradizioni Locali\u201d - Noi di Qua Testata giornalistica e di attualit\u00e0 di Agliana, Montale e Quarrata.\" \/>\n<meta property=\"og:description\" content=\"di\u00a0David Colzi marzo 2016 I PAAS, sono una rete territoriale di punti per l\u2019accesso assistito ai servizi online, voluti dalla Regione Toscana come servizio pubblico gratuito e creati sia per fornire un\u2019alfabetizzazione informatica a persone come gli anziani che non conoscono il mondo del web, oggi fondamentale nella vita di tutti i giorni, sia [&hellip;]\" \/>\n<meta property=\"og:url\" content=\"https:\/\/www.noidiqua.it\/Montale\/paas-centro-documentazione-delle-tradizioni-locali\/\" \/>\n<meta property=\"og:site_name\" content=\"Noi di Qua Testata giornalistica e di attualit\u00e0 di Agliana, Montale e Quarrata.\" \/>\n<meta property=\"article:publisher\" content=\"https:\/\/www.facebook.com\/noidiqua.trimestrale\/\" \/>\n<meta property=\"article:published_time\" content=\"2016-03-13T10:41:06+00:00\" \/>\n<meta property=\"article:modified_time\" content=\"2022-07-26T10:41:36+00:00\" \/>\n<meta property=\"og:image\" content=\"https:\/\/www.noidiqua.it\/Montale\/wp-content\/uploads\/2016\/03\/PAAS.png\" \/>\n<meta name=\"author\" content=\"David Colzi\" \/>\n<meta name=\"twitter:label1\" content=\"Scritto da\" \/>\n\t<meta name=\"twitter:data1\" content=\"David Colzi\" \/>\n\t<meta name=\"twitter:label2\" content=\"Tempo di lettura stimato\" \/>\n\t<meta name=\"twitter:data2\" content=\"3 minuti\" \/>\n<script type=\"application\/ld+json\" class=\"yoast-schema-graph\">{\"@context\":\"https:\/\/schema.org\",\"@graph\":[{\"@type\":\"WebPage\",\"@id\":\"https:\/\/www.noidiqua.it\/Montale\/paas-centro-documentazione-delle-tradizioni-locali\/\",\"url\":\"https:\/\/www.noidiqua.it\/Montale\/paas-centro-documentazione-delle-tradizioni-locali\/\",\"name\":\"PAAS e il \u201cCentro di Documentazione delle Tradizioni Locali\u201d - Noi di Qua Testata giornalistica e di attualit\u00e0 di Agliana, Montale e Quarrata.\",\"isPartOf\":{\"@id\":\"https:\/\/www.noidiqua.it\/Montale\/#website\"},\"primaryImageOfPage\":{\"@id\":\"https:\/\/www.noidiqua.it\/Montale\/paas-centro-documentazione-delle-tradizioni-locali\/#primaryimage\"},\"image\":{\"@id\":\"https:\/\/www.noidiqua.it\/Montale\/paas-centro-documentazione-delle-tradizioni-locali\/#primaryimage\"},\"thumbnailUrl\":\"https:\/\/www.noidiqua.it\/Montale\/wp-content\/uploads\/2016\/03\/PAAS.png\",\"datePublished\":\"2016-03-13T10:41:06+00:00\",\"dateModified\":\"2022-07-26T10:41:36+00:00\",\"author\":{\"@id\":\"https:\/\/www.noidiqua.it\/Montale\/#\/schema\/person\/3b45dd21eb2367c177b6a6d35c868ccc\"},\"breadcrumb\":{\"@id\":\"https:\/\/www.noidiqua.it\/Montale\/paas-centro-documentazione-delle-tradizioni-locali\/#breadcrumb\"},\"inLanguage\":\"it-IT\",\"potentialAction\":[{\"@type\":\"ReadAction\",\"target\":[\"https:\/\/www.noidiqua.it\/Montale\/paas-centro-documentazione-delle-tradizioni-locali\/\"]}]},{\"@type\":\"ImageObject\",\"inLanguage\":\"it-IT\",\"@id\":\"https:\/\/www.noidiqua.it\/Montale\/paas-centro-documentazione-delle-tradizioni-locali\/#primaryimage\",\"url\":\"https:\/\/www.noidiqua.it\/Montale\/wp-content\/uploads\/2016\/03\/PAAS.png\",\"contentUrl\":\"https:\/\/www.noidiqua.it\/Montale\/wp-content\/uploads\/2016\/03\/PAAS.png\",\"width\":450,\"height\":275},{\"@type\":\"BreadcrumbList\",\"@id\":\"https:\/\/www.noidiqua.it\/Montale\/paas-centro-documentazione-delle-tradizioni-locali\/#breadcrumb\",\"itemListElement\":[{\"@type\":\"ListItem\",\"position\":1,\"name\":\"Home\",\"item\":\"https:\/\/www.noidiqua.it\/Montale\/\"},{\"@type\":\"ListItem\",\"position\":2,\"name\":\"PAAS e il \u201cCentro di Documentazione delle Tradizioni Locali\u201d\"}]},{\"@type\":\"WebSite\",\"@id\":\"https:\/\/www.noidiqua.it\/Montale\/#website\",\"url\":\"https:\/\/www.noidiqua.it\/Montale\/\",\"name\":\"Noi di Qua Testata giornalistica e di attualit\u00e0 di Agliana, Montale e Quarrata.\",\"description\":\"Testata Giornalistica Quarrata Montale Agliana\",\"potentialAction\":[{\"@type\":\"SearchAction\",\"target\":{\"@type\":\"EntryPoint\",\"urlTemplate\":\"https:\/\/www.noidiqua.it\/Montale\/?s={search_term_string}\"},\"query-input\":{\"@type\":\"PropertyValueSpecification\",\"valueRequired\":true,\"valueName\":\"search_term_string\"}}],\"inLanguage\":\"it-IT\"},{\"@type\":\"Person\",\"@id\":\"https:\/\/www.noidiqua.it\/Montale\/#\/schema\/person\/3b45dd21eb2367c177b6a6d35c868ccc\",\"name\":\"David Colzi\",\"image\":{\"@type\":\"ImageObject\",\"inLanguage\":\"it-IT\",\"@id\":\"https:\/\/www.noidiqua.it\/Montale\/#\/schema\/person\/image\/\",\"url\":\"https:\/\/secure.gravatar.com\/avatar\/515ac68c0075b78a8243a0f28e5a361c9b5c466a1d6912ac3919ddd928c4db8c?s=96&d=mm&r=g\",\"contentUrl\":\"https:\/\/secure.gravatar.com\/avatar\/515ac68c0075b78a8243a0f28e5a361c9b5c466a1d6912ac3919ddd928c4db8c?s=96&d=mm&r=g\",\"caption\":\"David Colzi\"},\"url\":\"https:\/\/www.noidiqua.it\/Montale\/author\/david-colzi\/\"}]}<\/script>\n<!-- \/ Yoast SEO plugin. -->","yoast_head_json":{"title":"PAAS e il \u201cCentro di Documentazione delle Tradizioni Locali\u201d - Noi di Qua Testata giornalistica e di attualit\u00e0 di Agliana, Montale e Quarrata.","robots":{"index":"index","follow":"follow","max-snippet":"max-snippet:-1","max-image-preview":"max-image-preview:large","max-video-preview":"max-video-preview:-1"},"canonical":"https:\/\/www.noidiqua.it\/Montale\/paas-centro-documentazione-delle-tradizioni-locali\/","og_locale":"it_IT","og_type":"article","og_title":"PAAS e il \u201cCentro di Documentazione delle Tradizioni Locali\u201d - Noi di Qua Testata giornalistica e di attualit\u00e0 di Agliana, Montale e Quarrata.","og_description":"di\u00a0David Colzi marzo 2016 I PAAS, sono una rete territoriale di punti per l\u2019accesso assistito ai servizi online, voluti dalla Regione Toscana come servizio pubblico gratuito e creati sia per fornire un\u2019alfabetizzazione informatica a persone come gli anziani che non conoscono il mondo del web, oggi fondamentale nella vita di tutti i giorni, sia [&hellip;]","og_url":"https:\/\/www.noidiqua.it\/Montale\/paas-centro-documentazione-delle-tradizioni-locali\/","og_site_name":"Noi di Qua Testata giornalistica e di attualit\u00e0 di Agliana, Montale e Quarrata.","article_publisher":"https:\/\/www.facebook.com\/noidiqua.trimestrale\/","article_published_time":"2016-03-13T10:41:06+00:00","article_modified_time":"2022-07-26T10:41:36+00:00","og_image":[{"url":"https:\/\/www.noidiqua.it\/Montale\/wp-content\/uploads\/2016\/03\/PAAS.png","type":"","width":"","height":""}],"author":"David Colzi","twitter_misc":{"Scritto da":"David Colzi","Tempo di lettura stimato":"3 minuti"},"schema":{"@context":"https:\/\/schema.org","@graph":[{"@type":"WebPage","@id":"https:\/\/www.noidiqua.it\/Montale\/paas-centro-documentazione-delle-tradizioni-locali\/","url":"https:\/\/www.noidiqua.it\/Montale\/paas-centro-documentazione-delle-tradizioni-locali\/","name":"PAAS e il \u201cCentro di Documentazione delle Tradizioni Locali\u201d - Noi di Qua Testata giornalistica e di attualit\u00e0 di Agliana, Montale e Quarrata.","isPartOf":{"@id":"https:\/\/www.noidiqua.it\/Montale\/#website"},"primaryImageOfPage":{"@id":"https:\/\/www.noidiqua.it\/Montale\/paas-centro-documentazione-delle-tradizioni-locali\/#primaryimage"},"image":{"@id":"https:\/\/www.noidiqua.it\/Montale\/paas-centro-documentazione-delle-tradizioni-locali\/#primaryimage"},"thumbnailUrl":"https:\/\/www.noidiqua.it\/Montale\/wp-content\/uploads\/2016\/03\/PAAS.png","datePublished":"2016-03-13T10:41:06+00:00","dateModified":"2022-07-26T10:41:36+00:00","author":{"@id":"https:\/\/www.noidiqua.it\/Montale\/#\/schema\/person\/3b45dd21eb2367c177b6a6d35c868ccc"},"breadcrumb":{"@id":"https:\/\/www.noidiqua.it\/Montale\/paas-centro-documentazione-delle-tradizioni-locali\/#breadcrumb"},"inLanguage":"it-IT","potentialAction":[{"@type":"ReadAction","target":["https:\/\/www.noidiqua.it\/Montale\/paas-centro-documentazione-delle-tradizioni-locali\/"]}]},{"@type":"ImageObject","inLanguage":"it-IT","@id":"https:\/\/www.noidiqua.it\/Montale\/paas-centro-documentazione-delle-tradizioni-locali\/#primaryimage","url":"https:\/\/www.noidiqua.it\/Montale\/wp-content\/uploads\/2016\/03\/PAAS.png","contentUrl":"https:\/\/www.noidiqua.it\/Montale\/wp-content\/uploads\/2016\/03\/PAAS.png","width":450,"height":275},{"@type":"BreadcrumbList","@id":"https:\/\/www.noidiqua.it\/Montale\/paas-centro-documentazione-delle-tradizioni-locali\/#breadcrumb","itemListElement":[{"@type":"ListItem","position":1,"name":"Home","item":"https:\/\/www.noidiqua.it\/Montale\/"},{"@type":"ListItem","position":2,"name":"PAAS e il \u201cCentro di Documentazione delle Tradizioni Locali\u201d"}]},{"@type":"WebSite","@id":"https:\/\/www.noidiqua.it\/Montale\/#website","url":"https:\/\/www.noidiqua.it\/Montale\/","name":"Noi di Qua Testata giornalistica e di attualit\u00e0 di Agliana, Montale e Quarrata.","description":"Testata Giornalistica Quarrata Montale Agliana","potentialAction":[{"@type":"SearchAction","target":{"@type":"EntryPoint","urlTemplate":"https:\/\/www.noidiqua.it\/Montale\/?s={search_term_string}"},"query-input":{"@type":"PropertyValueSpecification","valueRequired":true,"valueName":"search_term_string"}}],"inLanguage":"it-IT"},{"@type":"Person","@id":"https:\/\/www.noidiqua.it\/Montale\/#\/schema\/person\/3b45dd21eb2367c177b6a6d35c868ccc","name":"David Colzi","image":{"@type":"ImageObject","inLanguage":"it-IT","@id":"https:\/\/www.noidiqua.it\/Montale\/#\/schema\/person\/image\/","url":"https:\/\/secure.gravatar.com\/avatar\/515ac68c0075b78a8243a0f28e5a361c9b5c466a1d6912ac3919ddd928c4db8c?s=96&d=mm&r=g","contentUrl":"https:\/\/secure.gravatar.com\/avatar\/515ac68c0075b78a8243a0f28e5a361c9b5c466a1d6912ac3919ddd928c4db8c?s=96&d=mm&r=g","caption":"David Colzi"},"url":"https:\/\/www.noidiqua.it\/Montale\/author\/david-colzi\/"}]}},"_links":{"self":[{"href":"https:\/\/www.noidiqua.it\/Montale\/wp-json\/wp\/v2\/posts\/4212","targetHints":{"allow":["GET"]}}],"collection":[{"href":"https:\/\/www.noidiqua.it\/Montale\/wp-json\/wp\/v2\/posts"}],"about":[{"href":"https:\/\/www.noidiqua.it\/Montale\/wp-json\/wp\/v2\/types\/post"}],"author":[{"embeddable":true,"href":"https:\/\/www.noidiqua.it\/Montale\/wp-json\/wp\/v2\/users\/5"}],"replies":[{"embeddable":true,"href":"https:\/\/www.noidiqua.it\/Montale\/wp-json\/wp\/v2\/comments?post=4212"}],"version-history":[{"count":7,"href":"https:\/\/www.noidiqua.it\/Montale\/wp-json\/wp\/v2\/posts\/4212\/revisions"}],"predecessor-version":[{"id":7109,"href":"https:\/\/www.noidiqua.it\/Montale\/wp-json\/wp\/v2\/posts\/4212\/revisions\/7109"}],"wp:attachment":[{"href":"https:\/\/www.noidiqua.it\/Montale\/wp-json\/wp\/v2\/media?parent=4212"}],"wp:term":[{"taxonomy":"category","embeddable":true,"href":"https:\/\/www.noidiqua.it\/Montale\/wp-json\/wp\/v2\/categories?post=4212"},{"taxonomy":"post_tag","embeddable":true,"href":"https:\/\/www.noidiqua.it\/Montale\/wp-json\/wp\/v2\/tags?post=4212"}],"curies":[{"name":"wp","href":"https:\/\/api.w.org\/{rel}","templated":true}]}}