{"id":4373,"date":"2016-09-05T16:09:31","date_gmt":"2016-09-05T14:09:31","guid":{"rendered":"https:\/\/www.noidiqua.it\/Montale\/?p=4373"},"modified":"2022-07-25T09:41:17","modified_gmt":"2022-07-25T07:41:17","slug":"i-richiedenti-asilo-stazione","status":"publish","type":"post","link":"https:\/\/www.noidiqua.it\/Montale\/i-richiedenti-asilo-stazione\/","title":{"rendered":"I richiedenti asilo a Stazione"},"content":{"rendered":"<p><em>di Giacomo Bini. Foto: <a href=\"http:\/\/www.bellinigabriele.it\">Gabriele Bellini<\/a><\/em><\/p>\n<p>settembre 2016<\/p>\n<p><a href=\"https:\/\/www.noidiqua.it\/Montale\/wp-content\/uploads\/2016\/09\/richiedenti-1.png\" rel=\"wp-prettyPhoto[4373]\"><img loading=\"lazy\" decoding=\"async\" class=\"aligncenter size-full wp-image-6993\" src=\"https:\/\/www.noidiqua.it\/Montale\/wp-content\/uploads\/2016\/09\/richiedenti-1.png\" alt=\"\" width=\"501\" height=\"366\" srcset=\"https:\/\/www.noidiqua.it\/Montale\/wp-content\/uploads\/2016\/09\/richiedenti-1.png 501w, https:\/\/www.noidiqua.it\/Montale\/wp-content\/uploads\/2016\/09\/richiedenti-1-300x219.png 300w\" sizes=\"auto, (max-width: 501px) 100vw, 501px\" \/><\/a><\/p>\n<p>Da quasi un anno sono anche loro \u201cdi qua\u201d, anche se vengono da molto lontano, dal <strong>Gambia<\/strong> e dal <strong>Senegal<\/strong>. Sono richiedenti asilo che vivono alla <strong>Stazione di Montale<\/strong> in un appartamento al piano terra in <strong>Piazza Marconi<\/strong> trasformato in un piccolo <strong>Centro di Accoglienza Straordinario<\/strong> gestito dall\u2019<strong>Associazione Madiba<\/strong> dell\u2019<strong>Arci Provinciale<\/strong>. Tutti giovani dai 20 ai 24 anni, hanno attraversato cinque o sei stati prima della traversata in barcone e di una lunga permanenza in un grande Centro di Accoglienza in <strong>Sicilia<\/strong>. Sono richiedenti asilo in attesa di risposta, in sospeso tra due mondi, quello da cui sono fuggiti e quello in cui vorrebbero essere ammessi. In cima alle loro speranze c\u2019\u00e8 un qualche permesso, o un attestato di asilo per rifugiati o un permesso umanitario, o comunque, come dicono loro, <i>\u00abun documento con cui poter essere liberi e lavorare\u00bb<\/i>.<\/p>\n<p><strong>Faine<\/strong> faceva il pescatore in Gambia e ci mostra sul telefonino una sua foto con due grossi pesci appena estratti dalla rete. <strong>Musa<\/strong> invece \u00e8 un infermiere, controlla la pressione ai suoi compagni ed \u00e8 quello che, avendo imparato meglio l\u2019italiano, riesce anche a scambiare qualche parola con la gente della Stazione. Ognuno ha la sua storia da raccontare:<i> \u00abnel nostro paese<\/i>\u00bb dicono <i>\u00abnon c\u2019era la libert\u00e0\u00bb<\/i>. A Montale la presenza di questo piccolo gruppo di profughi non ha creato tensioni, come invece \u00e8 accaduto, per la verit\u00e0 con gruppi pi\u00f9 grandi, in altre localit\u00e0 della nostra provincia come l\u2019<strong>Abetone<\/strong>. Quella di Stazione pu\u00f2 considerarsi al momento un\u2019esperienza riuscita.<\/p>\n<p><a href=\"https:\/\/www.noidiqua.it\/Montale\/wp-content\/uploads\/2016\/09\/richiedenti-2.png\" rel=\"wp-prettyPhoto[4373]\"><img loading=\"lazy\" decoding=\"async\" class=\"aligncenter size-full wp-image-6994\" src=\"https:\/\/www.noidiqua.it\/Montale\/wp-content\/uploads\/2016\/09\/richiedenti-2.png\" alt=\"\" width=\"498\" height=\"401\" srcset=\"https:\/\/www.noidiqua.it\/Montale\/wp-content\/uploads\/2016\/09\/richiedenti-2.png 498w, https:\/\/www.noidiqua.it\/Montale\/wp-content\/uploads\/2016\/09\/richiedenti-2-300x242.png 300w\" sizes=\"auto, (max-width: 498px) 100vw, 498px\" \/><\/a><\/p>\n<p><i>\u00abDobbiamo molto all\u2019impegno dell\u2019assessorato ai servizi sociali del Comune di Montale\u00bb<\/i> dice la responsabile di Arci Madiba <a href=\"https:\/\/www.noidiqua.it\/Montale\/silvia-bini-larte-come-terapia\/\"><strong>Silvia Bini<\/strong><\/a> <i>\u00abche ha saputo fare rete con le associazioni<\/i>\u00bb. L\u2019associazione maggiormente coinvolta \u00e8 stata la <strong>Pro-Loco<\/strong> di Stazione, ma anche singoli cittadini hanno mostrato un atteggiamento di accoglienza, come una signora che ha messo a disposizione un pezzo di terra per fare l\u2019orto. I profughi dal canto loro hanno svolto attivit\u00e0 di volontariato. Recentemente hanno aggiustato, insieme ad un volontario della Pro-Loco, la panchina nel giardinetto davanti al loro appartamento di piazza Marconi a due passi dalla stazione ferroviaria. Nei mesi scorsi hanno ripulito, con altri volontari, gli spazi verdi della frazione e hanno partecipato ad iniziative promosse dalla Pro-Loco di Stazione, dall\u2019Amministrazione Comunale e da altre associazioni. Nei giorni scorsi i richiedenti asilo hanno effettuato la verniciatura dei locali del nuovo spaccio della solidariet\u00e0, realizzato dal Comune nella ex cucina scolastica.<\/p>\n<p>Anche il parroco <a href=\"https:\/\/www.noidiqua.it\/Agliana\/don-enzo-benesperi\/\"><strong>don Enzo Benesperi<\/strong><\/a> si reca spesso a far loro visita.<i>\u00abBisogna assolutamente che sia abbreviata la procedura di richiesta asilo\u00bb<\/i> afferma <strong>Alberto Zinanni<\/strong> dell\u2019Arci Madiba <i>\u00abe anche che sia facilitato il passaggio da un centro all\u2019altro, magari uno che sa pescare si integra meglio in un posto di mare\u00bb<\/i>. Intanto Faine ci fa assaggiare il suo riso: troppo salato per i nostri gusti, <i>\u00abma in Gambia piace cos\u00ec\u00bb<\/i>, assicura sorridendo lo chef.<\/p>\n<p><a href=\"https:\/\/www.noidiqua.it\/Montale\/wp-content\/uploads\/2016\/09\/richiedenti-3.png\" rel=\"wp-prettyPhoto[4373]\"><img loading=\"lazy\" decoding=\"async\" class=\"aligncenter size-full wp-image-6995\" src=\"https:\/\/www.noidiqua.it\/Montale\/wp-content\/uploads\/2016\/09\/richiedenti-3.png\" alt=\"\" width=\"486\" height=\"356\" srcset=\"https:\/\/www.noidiqua.it\/Montale\/wp-content\/uploads\/2016\/09\/richiedenti-3.png 486w, https:\/\/www.noidiqua.it\/Montale\/wp-content\/uploads\/2016\/09\/richiedenti-3-300x220.png 300w\" sizes=\"auto, (max-width: 486px) 100vw, 486px\" \/><\/a><\/p>\n<p>&nbsp;<\/p>\n<p class=\"p1\" style=\"text-align: justify;\">\n<p class=\"p1\" style=\"text-align: justify;\">","protected":false},"excerpt":{"rendered":"<p>di Giacomo Bini. Foto: Gabriele Bellini settembre 2016 Da quasi un anno sono anche loro \u201cdi qua\u201d, anche se vengono da molto lontano, dal Gambia e dal Senegal. Sono richiedenti asilo che vivono alla Stazione di Montale in un appartamento al piano terra in Piazza Marconi trasformato in un piccolo Centro di Accoglienza Straordinario [&hellip;]<\/p>","protected":false},"author":12,"featured_media":0,"comment_status":"open","ping_status":"open","sticky":false,"template":"","format":"standard","meta":{"footnotes":""},"categories":[31,7],"tags":[642,645,638,637,636,644,640,632,641,635,297,633,639,643,634],"class_list":["post-4373","post","type-post","status-publish","format-standard","hentry","category-storia-qt","category-mt","tag-abetone","tag-alberto-zinanni","tag-arci-provinciale","tag-associazione-madiba","tag-centro-di-accoglienza-straordinario","tag-don-enzo-benesperi","tag-faine","tag-gambia","tag-musa","tag-piazza-marconi","tag-pro-loco","tag-senegal","tag-sicilia","tag-silvia-bini","tag-stazione-di-montale"],"yoast_head":"<!-- This site is optimized with the Yoast SEO plugin v25.5 - https:\/\/yoast.com\/wordpress\/plugins\/seo\/ -->\n<title>I richiedenti asilo a Stazione - Noi di Qua Testata giornalistica e di attualit\u00e0 di Agliana, Montale e Quarrata.<\/title>\n<meta name=\"robots\" content=\"index, follow, max-snippet:-1, max-image-preview:large, max-video-preview:-1\" \/>\n<link rel=\"canonical\" href=\"https:\/\/www.noidiqua.it\/Montale\/i-richiedenti-asilo-stazione\/\" \/>\n<meta property=\"og:locale\" content=\"it_IT\" \/>\n<meta property=\"og:type\" content=\"article\" \/>\n<meta property=\"og:title\" content=\"I richiedenti asilo a Stazione - Noi di Qua Testata giornalistica e di attualit\u00e0 di Agliana, Montale e Quarrata.\" \/>\n<meta property=\"og:description\" content=\"di Giacomo Bini. Foto: Gabriele Bellini settembre 2016 Da quasi un anno sono anche loro \u201cdi qua\u201d, anche se vengono da molto lontano, dal Gambia e dal Senegal. Sono richiedenti asilo che vivono alla Stazione di Montale in un appartamento al piano terra in Piazza Marconi trasformato in un piccolo Centro di Accoglienza Straordinario [&hellip;]\" \/>\n<meta property=\"og:url\" content=\"https:\/\/www.noidiqua.it\/Montale\/i-richiedenti-asilo-stazione\/\" \/>\n<meta property=\"og:site_name\" content=\"Noi di Qua Testata giornalistica e di attualit\u00e0 di Agliana, Montale e Quarrata.\" \/>\n<meta property=\"article:publisher\" content=\"https:\/\/www.facebook.com\/noidiqua.trimestrale\/\" \/>\n<meta property=\"article:published_time\" content=\"2016-09-05T14:09:31+00:00\" \/>\n<meta property=\"article:modified_time\" content=\"2022-07-25T07:41:17+00:00\" \/>\n<meta property=\"og:image\" content=\"https:\/\/www.noidiqua.it\/Montale\/wp-content\/uploads\/2016\/09\/richiedenti-1.png\" \/>\n<meta name=\"author\" content=\"Giacomo Bini\" \/>\n<meta name=\"twitter:label1\" content=\"Scritto da\" \/>\n\t<meta name=\"twitter:data1\" content=\"Giacomo Bini\" \/>\n\t<meta name=\"twitter:label2\" content=\"Tempo di lettura stimato\" \/>\n\t<meta name=\"twitter:data2\" content=\"2 minuti\" \/>\n<script type=\"application\/ld+json\" class=\"yoast-schema-graph\">{\"@context\":\"https:\/\/schema.org\",\"@graph\":[{\"@type\":\"WebPage\",\"@id\":\"https:\/\/www.noidiqua.it\/Montale\/i-richiedenti-asilo-stazione\/\",\"url\":\"https:\/\/www.noidiqua.it\/Montale\/i-richiedenti-asilo-stazione\/\",\"name\":\"I richiedenti asilo a Stazione - Noi di Qua Testata giornalistica e di attualit\u00e0 di Agliana, Montale e Quarrata.\",\"isPartOf\":{\"@id\":\"https:\/\/www.noidiqua.it\/Montale\/#website\"},\"primaryImageOfPage\":{\"@id\":\"https:\/\/www.noidiqua.it\/Montale\/i-richiedenti-asilo-stazione\/#primaryimage\"},\"image\":{\"@id\":\"https:\/\/www.noidiqua.it\/Montale\/i-richiedenti-asilo-stazione\/#primaryimage\"},\"thumbnailUrl\":\"https:\/\/www.noidiqua.it\/Montale\/wp-content\/uploads\/2016\/09\/richiedenti-1.png\",\"datePublished\":\"2016-09-05T14:09:31+00:00\",\"dateModified\":\"2022-07-25T07:41:17+00:00\",\"author\":{\"@id\":\"https:\/\/www.noidiqua.it\/Montale\/#\/schema\/person\/e2e6f44da50af0dae9c90ad168e471a4\"},\"breadcrumb\":{\"@id\":\"https:\/\/www.noidiqua.it\/Montale\/i-richiedenti-asilo-stazione\/#breadcrumb\"},\"inLanguage\":\"it-IT\",\"potentialAction\":[{\"@type\":\"ReadAction\",\"target\":[\"https:\/\/www.noidiqua.it\/Montale\/i-richiedenti-asilo-stazione\/\"]}]},{\"@type\":\"ImageObject\",\"inLanguage\":\"it-IT\",\"@id\":\"https:\/\/www.noidiqua.it\/Montale\/i-richiedenti-asilo-stazione\/#primaryimage\",\"url\":\"https:\/\/www.noidiqua.it\/Montale\/wp-content\/uploads\/2016\/09\/richiedenti-1.png\",\"contentUrl\":\"https:\/\/www.noidiqua.it\/Montale\/wp-content\/uploads\/2016\/09\/richiedenti-1.png\",\"width\":501,\"height\":366},{\"@type\":\"BreadcrumbList\",\"@id\":\"https:\/\/www.noidiqua.it\/Montale\/i-richiedenti-asilo-stazione\/#breadcrumb\",\"itemListElement\":[{\"@type\":\"ListItem\",\"position\":1,\"name\":\"Home\",\"item\":\"https:\/\/www.noidiqua.it\/Montale\/\"},{\"@type\":\"ListItem\",\"position\":2,\"name\":\"I richiedenti asilo a Stazione\"}]},{\"@type\":\"WebSite\",\"@id\":\"https:\/\/www.noidiqua.it\/Montale\/#website\",\"url\":\"https:\/\/www.noidiqua.it\/Montale\/\",\"name\":\"Noi di Qua Testata giornalistica e di attualit\u00e0 di Agliana, Montale e Quarrata.\",\"description\":\"Testata Giornalistica Quarrata Montale Agliana\",\"potentialAction\":[{\"@type\":\"SearchAction\",\"target\":{\"@type\":\"EntryPoint\",\"urlTemplate\":\"https:\/\/www.noidiqua.it\/Montale\/?s={search_term_string}\"},\"query-input\":{\"@type\":\"PropertyValueSpecification\",\"valueRequired\":true,\"valueName\":\"search_term_string\"}}],\"inLanguage\":\"it-IT\"},{\"@type\":\"Person\",\"@id\":\"https:\/\/www.noidiqua.it\/Montale\/#\/schema\/person\/e2e6f44da50af0dae9c90ad168e471a4\",\"name\":\"Giacomo Bini\",\"image\":{\"@type\":\"ImageObject\",\"inLanguage\":\"it-IT\",\"@id\":\"https:\/\/www.noidiqua.it\/Montale\/#\/schema\/person\/image\/\",\"url\":\"https:\/\/secure.gravatar.com\/avatar\/e5c18ae41df5ae37397358f2c6046696187d51a120c5d0b8f0c49f7b606f46f4?s=96&d=mm&r=g\",\"contentUrl\":\"https:\/\/secure.gravatar.com\/avatar\/e5c18ae41df5ae37397358f2c6046696187d51a120c5d0b8f0c49f7b606f46f4?s=96&d=mm&r=g\",\"caption\":\"Giacomo Bini\"},\"url\":\"https:\/\/www.noidiqua.it\/Montale\/author\/giacomo-bini\/\"}]}<\/script>\n<!-- \/ Yoast SEO plugin. -->","yoast_head_json":{"title":"I richiedenti asilo a Stazione - Noi di Qua Testata giornalistica e di attualit\u00e0 di Agliana, Montale e Quarrata.","robots":{"index":"index","follow":"follow","max-snippet":"max-snippet:-1","max-image-preview":"max-image-preview:large","max-video-preview":"max-video-preview:-1"},"canonical":"https:\/\/www.noidiqua.it\/Montale\/i-richiedenti-asilo-stazione\/","og_locale":"it_IT","og_type":"article","og_title":"I richiedenti asilo a Stazione - Noi di Qua Testata giornalistica e di attualit\u00e0 di Agliana, Montale e Quarrata.","og_description":"di Giacomo Bini. Foto: Gabriele Bellini settembre 2016 Da quasi un anno sono anche loro \u201cdi qua\u201d, anche se vengono da molto lontano, dal Gambia e dal Senegal. Sono richiedenti asilo che vivono alla Stazione di Montale in un appartamento al piano terra in Piazza Marconi trasformato in un piccolo Centro di Accoglienza Straordinario [&hellip;]","og_url":"https:\/\/www.noidiqua.it\/Montale\/i-richiedenti-asilo-stazione\/","og_site_name":"Noi di Qua Testata giornalistica e di attualit\u00e0 di Agliana, Montale e Quarrata.","article_publisher":"https:\/\/www.facebook.com\/noidiqua.trimestrale\/","article_published_time":"2016-09-05T14:09:31+00:00","article_modified_time":"2022-07-25T07:41:17+00:00","og_image":[{"url":"https:\/\/www.noidiqua.it\/Montale\/wp-content\/uploads\/2016\/09\/richiedenti-1.png","type":"","width":"","height":""}],"author":"Giacomo Bini","twitter_misc":{"Scritto da":"Giacomo Bini","Tempo di lettura stimato":"2 minuti"},"schema":{"@context":"https:\/\/schema.org","@graph":[{"@type":"WebPage","@id":"https:\/\/www.noidiqua.it\/Montale\/i-richiedenti-asilo-stazione\/","url":"https:\/\/www.noidiqua.it\/Montale\/i-richiedenti-asilo-stazione\/","name":"I richiedenti asilo a Stazione - Noi di Qua Testata giornalistica e di attualit\u00e0 di Agliana, Montale e Quarrata.","isPartOf":{"@id":"https:\/\/www.noidiqua.it\/Montale\/#website"},"primaryImageOfPage":{"@id":"https:\/\/www.noidiqua.it\/Montale\/i-richiedenti-asilo-stazione\/#primaryimage"},"image":{"@id":"https:\/\/www.noidiqua.it\/Montale\/i-richiedenti-asilo-stazione\/#primaryimage"},"thumbnailUrl":"https:\/\/www.noidiqua.it\/Montale\/wp-content\/uploads\/2016\/09\/richiedenti-1.png","datePublished":"2016-09-05T14:09:31+00:00","dateModified":"2022-07-25T07:41:17+00:00","author":{"@id":"https:\/\/www.noidiqua.it\/Montale\/#\/schema\/person\/e2e6f44da50af0dae9c90ad168e471a4"},"breadcrumb":{"@id":"https:\/\/www.noidiqua.it\/Montale\/i-richiedenti-asilo-stazione\/#breadcrumb"},"inLanguage":"it-IT","potentialAction":[{"@type":"ReadAction","target":["https:\/\/www.noidiqua.it\/Montale\/i-richiedenti-asilo-stazione\/"]}]},{"@type":"ImageObject","inLanguage":"it-IT","@id":"https:\/\/www.noidiqua.it\/Montale\/i-richiedenti-asilo-stazione\/#primaryimage","url":"https:\/\/www.noidiqua.it\/Montale\/wp-content\/uploads\/2016\/09\/richiedenti-1.png","contentUrl":"https:\/\/www.noidiqua.it\/Montale\/wp-content\/uploads\/2016\/09\/richiedenti-1.png","width":501,"height":366},{"@type":"BreadcrumbList","@id":"https:\/\/www.noidiqua.it\/Montale\/i-richiedenti-asilo-stazione\/#breadcrumb","itemListElement":[{"@type":"ListItem","position":1,"name":"Home","item":"https:\/\/www.noidiqua.it\/Montale\/"},{"@type":"ListItem","position":2,"name":"I richiedenti asilo a Stazione"}]},{"@type":"WebSite","@id":"https:\/\/www.noidiqua.it\/Montale\/#website","url":"https:\/\/www.noidiqua.it\/Montale\/","name":"Noi di Qua Testata giornalistica e di attualit\u00e0 di Agliana, Montale e Quarrata.","description":"Testata Giornalistica Quarrata Montale Agliana","potentialAction":[{"@type":"SearchAction","target":{"@type":"EntryPoint","urlTemplate":"https:\/\/www.noidiqua.it\/Montale\/?s={search_term_string}"},"query-input":{"@type":"PropertyValueSpecification","valueRequired":true,"valueName":"search_term_string"}}],"inLanguage":"it-IT"},{"@type":"Person","@id":"https:\/\/www.noidiqua.it\/Montale\/#\/schema\/person\/e2e6f44da50af0dae9c90ad168e471a4","name":"Giacomo Bini","image":{"@type":"ImageObject","inLanguage":"it-IT","@id":"https:\/\/www.noidiqua.it\/Montale\/#\/schema\/person\/image\/","url":"https:\/\/secure.gravatar.com\/avatar\/e5c18ae41df5ae37397358f2c6046696187d51a120c5d0b8f0c49f7b606f46f4?s=96&d=mm&r=g","contentUrl":"https:\/\/secure.gravatar.com\/avatar\/e5c18ae41df5ae37397358f2c6046696187d51a120c5d0b8f0c49f7b606f46f4?s=96&d=mm&r=g","caption":"Giacomo Bini"},"url":"https:\/\/www.noidiqua.it\/Montale\/author\/giacomo-bini\/"}]}},"_links":{"self":[{"href":"https:\/\/www.noidiqua.it\/Montale\/wp-json\/wp\/v2\/posts\/4373","targetHints":{"allow":["GET"]}}],"collection":[{"href":"https:\/\/www.noidiqua.it\/Montale\/wp-json\/wp\/v2\/posts"}],"about":[{"href":"https:\/\/www.noidiqua.it\/Montale\/wp-json\/wp\/v2\/types\/post"}],"author":[{"embeddable":true,"href":"https:\/\/www.noidiqua.it\/Montale\/wp-json\/wp\/v2\/users\/12"}],"replies":[{"embeddable":true,"href":"https:\/\/www.noidiqua.it\/Montale\/wp-json\/wp\/v2\/comments?post=4373"}],"version-history":[{"count":8,"href":"https:\/\/www.noidiqua.it\/Montale\/wp-json\/wp\/v2\/posts\/4373\/revisions"}],"predecessor-version":[{"id":6996,"href":"https:\/\/www.noidiqua.it\/Montale\/wp-json\/wp\/v2\/posts\/4373\/revisions\/6996"}],"wp:attachment":[{"href":"https:\/\/www.noidiqua.it\/Montale\/wp-json\/wp\/v2\/media?parent=4373"}],"wp:term":[{"taxonomy":"category","embeddable":true,"href":"https:\/\/www.noidiqua.it\/Montale\/wp-json\/wp\/v2\/categories?post=4373"},{"taxonomy":"post_tag","embeddable":true,"href":"https:\/\/www.noidiqua.it\/Montale\/wp-json\/wp\/v2\/tags?post=4373"}],"curies":[{"name":"wp","href":"https:\/\/api.w.org\/{rel}","templated":true}]}}