{"id":4404,"date":"2016-09-05T11:15:55","date_gmt":"2016-09-05T09:15:55","guid":{"rendered":"https:\/\/www.noidiqua.it\/Montale\/?p=4404"},"modified":"2022-07-25T10:04:42","modified_gmt":"2022-07-25T08:04:42","slug":"degrado-ex-poltronova","status":"publish","type":"post","link":"https:\/\/www.noidiqua.it\/Montale\/degrado-ex-poltronova\/","title":{"rendered":"Degrado alla ex Poltronova"},"content":{"rendered":"<p><em>di\u00a0Giacomo Bini<\/em><\/p>\n<p>settembre 2016<\/p>\n<p><a href=\"https:\/\/www.noidiqua.it\/Montale\/wp-content\/uploads\/2016\/09\/Poltronova-1.png\" rel=\"wp-prettyPhoto[4404]\"><img loading=\"lazy\" decoding=\"async\" class=\"aligncenter size-full wp-image-7013\" src=\"https:\/\/www.noidiqua.it\/Montale\/wp-content\/uploads\/2016\/09\/Poltronova-1.png\" alt=\"\" width=\"491\" height=\"276\" srcset=\"https:\/\/www.noidiqua.it\/Montale\/wp-content\/uploads\/2016\/09\/Poltronova-1.png 491w, https:\/\/www.noidiqua.it\/Montale\/wp-content\/uploads\/2016\/09\/Poltronova-1-300x169.png 300w\" sizes=\"auto, (max-width: 491px) 100vw, 491px\" \/><\/a><\/p>\n<p><span class=\"s1\">Fa una gran tristezza vedere oggi le condizioni di degrado e abbandono in cui si trova l\u2019edificio della ex\u00a0<strong>Poltronova<\/strong>, un\u2019azienda di qualit\u00e0 e di livello internazionale che per anni \u00e8 stata l\u2019orgoglio dei territori di<strong>\u00a0Montale<\/strong>\u00a0e di\u00a0<strong>Agliana<\/strong>.\u00a0<\/span><\/p>\n<p><span class=\"s1\">Il complesso immobiliare in via provinciale pratese che ospitava la Poltronova \u00e8 in uno stato di irrimediabile decomposizione. La sede di quella che per anni \u00e8 stata un\u2019impresa leader mondiale nel campo del design, si \u00e8 trasformata in una enorme discarica a cielo aperto. Le mura formano uno scheletro fatiscente che perde pezzi ad ogni folata di vento come ha dimostrato la tempesta del\u00a0<a href=\"https:\/\/www.noidiqua.it\/Montale\/bufera-vento-fenomeno-precedenti\/\"><strong>5 marzo 2015<\/strong><\/a>, quando una gragnuola di frammenti di eternit della copertura investirono la strada provinciale pratese e le case di fronte. Carcasse di auto e vecchi elettrodomestici, materassi e mucchi di rifiuti di ogni genere sono ammassati lungo il perimetro del parcheggio esterno, sotto il porticato, dentro un capannone e contro la cancellata d\u2019ingresso. All\u2019interno si intravedono, accanto alle indicazioni ormai scolorite e smozzicate delle mostre, degli uffici e dei magazzini, mobili d\u2019ufficio scaraventati per terra, sporcizia di ogni tipo e soprattutto i segni di un saccheggio continuo effettuato alle strutture e agli impianti. Sono stati portati via perfino i cavi elettrici, le prese, i radiatori del riscaldamento, le maniglie e le porte, per non parlare delle grondaie e dei canali di rame. Anche sui tetti del vasto complesso sono state asportate le fasce di rame che contribuivano a tenere ferme le lastre in eternit.\u00a0<\/span><\/p>\n<p><a href=\"https:\/\/www.noidiqua.it\/Montale\/wp-content\/uploads\/2016\/09\/Poltronova-3.png\" rel=\"wp-prettyPhoto[4404]\"><img loading=\"lazy\" decoding=\"async\" class=\"aligncenter size-full wp-image-7015\" src=\"https:\/\/www.noidiqua.it\/Montale\/wp-content\/uploads\/2016\/09\/Poltronova-3.png\" alt=\"\" width=\"491\" height=\"329\" srcset=\"https:\/\/www.noidiqua.it\/Montale\/wp-content\/uploads\/2016\/09\/Poltronova-3.png 491w, https:\/\/www.noidiqua.it\/Montale\/wp-content\/uploads\/2016\/09\/Poltronova-3-300x201.png 300w\" sizes=\"auto, (max-width: 491px) 100vw, 491px\" \/><\/a><\/p>\n<p>Dopo il fallimento definitivo dell\u2019azienda nel 2013 lo stato di abbandono \u00e8 aumentato. Il complesso \u00e8 chiuso, apparentemente non accessibile, ma evidentemente qualcuno vi entra a fare incetta di quel poco che resta. Per i residenti che abitano nelle case di fronte, un edificio cos\u00ec grande lasciato al pi\u00f9 completo degrado, \u00e8 fonte di preoccupazione oltre che offrire uno spettacolo sgradevole alla vista. Qualcuno dei vicini ha chiesto al\u00a0<strong>Cis<\/strong>\u00a0almeno la rimozione dei rifiuti accumulati all\u2019esterno della struttura, lungo la strada, ma per ora senza risultato. La Poltronova \u00e8 stata a lungo un fiore all\u2019occhiello per la nostra zona, ora quel fabbricato pieno di rifiuti costituisce un pessimo biglietto da visita.<\/p>\n<p><a href=\"https:\/\/www.noidiqua.it\/Montale\/wp-content\/uploads\/2016\/09\/Poltronova-2.png\" rel=\"wp-prettyPhoto[4404]\"><img loading=\"lazy\" decoding=\"async\" class=\"aligncenter  wp-image-7016\" src=\"https:\/\/www.noidiqua.it\/Montale\/wp-content\/uploads\/2016\/09\/Poltronova-2.png\" alt=\"\" width=\"447\" height=\"323\" srcset=\"https:\/\/www.noidiqua.it\/Montale\/wp-content\/uploads\/2016\/09\/Poltronova-2.png 499w, https:\/\/www.noidiqua.it\/Montale\/wp-content\/uploads\/2016\/09\/Poltronova-2-300x216.png 300w\" sizes=\"auto, (max-width: 447px) 100vw, 447px\" \/><\/a><\/p>\n<p>Un epilogo immeritato per il gioiello industriale e artistico creato dal pittore\u00a0<strong>Sergio Cammilli<\/strong>, dall\u2019imprenditore\u00a0<strong>Mario Bonacchi<\/strong>\u00a0e dai falegnami\u00a0<strong>Loredano Bucciantini<\/strong>\u00a0e\u00a0<strong>Vinicio Scatizzi<\/strong>\u00a0che ha visto esposti alcuni suoi prodotti al\u00a0<strong>Moma<\/strong>\u00a0di\u00a0<strong>New York<\/strong>\u00a0e vantato progettisti del calibro di\u00a0<strong>Ettore Sottsass<\/strong>\u00a0e\u00a0<strong>Gae Aulenti<\/strong>. Della\u00a0<a href=\"https:\/\/www.noidiqua.it\/Agliana\/poltronova\/\"><strong>Poltronova<\/strong>\u00a0<\/a>di un tempo \u00e8 rimasta solo l\u2019insegna, a uno degli ingressi, che forse non \u00e8 apparsa interessante agli sciacalli. Ma anche l\u2019insegna sta per essere coperta dai rampicanti, che si stanno impadronendo di tutta la parete che costeggia la provinciale.<\/p>\n<p>&nbsp;<\/p>\n<p class=\"p1\" style=\"text-align: justify;\">\n<p class=\"p1\" style=\"text-align: justify;\">\n<p class=\"p1\" style=\"text-align: justify;\">","protected":false},"excerpt":{"rendered":"<p>di\u00a0Giacomo Bini settembre 2016 Fa una gran tristezza vedere oggi le condizioni di degrado e abbandono in cui si trova l\u2019edificio della ex\u00a0Poltronova, un\u2019azienda di qualit\u00e0 e di livello internazionale che per anni \u00e8 stata l\u2019orgoglio dei territori di\u00a0Montale\u00a0e di\u00a0Agliana.\u00a0 Il complesso immobiliare in via provinciale pratese che ospitava la Poltronova \u00e8 in uno [&hellip;]<\/p>","protected":false},"author":12,"featured_media":0,"comment_status":"open","ping_status":"open","sticky":false,"template":"","format":"standard","meta":{"footnotes":""},"categories":[27,7],"tags":[292,677,678,679,680,681,995,682,683,684,685],"class_list":["post-4404","post","type-post","status-publish","format-standard","hentry","category-fotonotizie-qt","category-mt","tag-cis","tag-ettore-sottsass","tag-gae-aulenti","tag-loredano-bucciantini","tag-mario-bonacchi","tag-moma","tag-mt","tag-new-york","tag-poltronova","tag-sergio-cammilli","tag-vinicio-scatizzi"],"yoast_head":"<!-- This site is optimized with the Yoast SEO plugin v25.5 - https:\/\/yoast.com\/wordpress\/plugins\/seo\/ -->\n<title>Degrado alla ex Poltronova - Noi di Qua Testata giornalistica e di attualit\u00e0 di Agliana, Montale e Quarrata.<\/title>\n<meta name=\"robots\" content=\"index, follow, max-snippet:-1, max-image-preview:large, max-video-preview:-1\" \/>\n<link rel=\"canonical\" href=\"https:\/\/www.noidiqua.it\/Montale\/degrado-ex-poltronova\/\" \/>\n<meta property=\"og:locale\" content=\"it_IT\" \/>\n<meta property=\"og:type\" content=\"article\" \/>\n<meta property=\"og:title\" content=\"Degrado alla ex Poltronova - Noi di Qua Testata giornalistica e di attualit\u00e0 di Agliana, Montale e Quarrata.\" \/>\n<meta property=\"og:description\" content=\"di\u00a0Giacomo Bini settembre 2016 Fa una gran tristezza vedere oggi le condizioni di degrado e abbandono in cui si trova l\u2019edificio della ex\u00a0Poltronova, un\u2019azienda di qualit\u00e0 e di livello internazionale che per anni \u00e8 stata l\u2019orgoglio dei territori di\u00a0Montale\u00a0e di\u00a0Agliana.\u00a0 Il complesso immobiliare in via provinciale pratese che ospitava la Poltronova \u00e8 in uno [&hellip;]\" \/>\n<meta property=\"og:url\" content=\"https:\/\/www.noidiqua.it\/Montale\/degrado-ex-poltronova\/\" \/>\n<meta property=\"og:site_name\" content=\"Noi di Qua Testata giornalistica e di attualit\u00e0 di Agliana, Montale e Quarrata.\" \/>\n<meta property=\"article:publisher\" content=\"https:\/\/www.facebook.com\/noidiqua.trimestrale\/\" \/>\n<meta property=\"article:published_time\" content=\"2016-09-05T09:15:55+00:00\" \/>\n<meta property=\"article:modified_time\" content=\"2022-07-25T08:04:42+00:00\" \/>\n<meta property=\"og:image\" content=\"https:\/\/www.noidiqua.it\/Montale\/wp-content\/uploads\/2016\/09\/Poltronova-1.png\" \/>\n<meta name=\"author\" content=\"Giacomo Bini\" \/>\n<meta name=\"twitter:label1\" content=\"Scritto da\" \/>\n\t<meta name=\"twitter:data1\" content=\"Giacomo Bini\" \/>\n\t<meta name=\"twitter:label2\" content=\"Tempo di lettura stimato\" \/>\n\t<meta name=\"twitter:data2\" content=\"2 minuti\" \/>\n<script type=\"application\/ld+json\" class=\"yoast-schema-graph\">{\"@context\":\"https:\/\/schema.org\",\"@graph\":[{\"@type\":\"WebPage\",\"@id\":\"https:\/\/www.noidiqua.it\/Montale\/degrado-ex-poltronova\/\",\"url\":\"https:\/\/www.noidiqua.it\/Montale\/degrado-ex-poltronova\/\",\"name\":\"Degrado alla ex Poltronova - Noi di Qua Testata giornalistica e di attualit\u00e0 di Agliana, Montale e Quarrata.\",\"isPartOf\":{\"@id\":\"https:\/\/www.noidiqua.it\/Montale\/#website\"},\"primaryImageOfPage\":{\"@id\":\"https:\/\/www.noidiqua.it\/Montale\/degrado-ex-poltronova\/#primaryimage\"},\"image\":{\"@id\":\"https:\/\/www.noidiqua.it\/Montale\/degrado-ex-poltronova\/#primaryimage\"},\"thumbnailUrl\":\"https:\/\/www.noidiqua.it\/Montale\/wp-content\/uploads\/2016\/09\/Poltronova-1.png\",\"datePublished\":\"2016-09-05T09:15:55+00:00\",\"dateModified\":\"2022-07-25T08:04:42+00:00\",\"author\":{\"@id\":\"https:\/\/www.noidiqua.it\/Montale\/#\/schema\/person\/e2e6f44da50af0dae9c90ad168e471a4\"},\"breadcrumb\":{\"@id\":\"https:\/\/www.noidiqua.it\/Montale\/degrado-ex-poltronova\/#breadcrumb\"},\"inLanguage\":\"it-IT\",\"potentialAction\":[{\"@type\":\"ReadAction\",\"target\":[\"https:\/\/www.noidiqua.it\/Montale\/degrado-ex-poltronova\/\"]}]},{\"@type\":\"ImageObject\",\"inLanguage\":\"it-IT\",\"@id\":\"https:\/\/www.noidiqua.it\/Montale\/degrado-ex-poltronova\/#primaryimage\",\"url\":\"https:\/\/www.noidiqua.it\/Montale\/wp-content\/uploads\/2016\/09\/Poltronova-1.png\",\"contentUrl\":\"https:\/\/www.noidiqua.it\/Montale\/wp-content\/uploads\/2016\/09\/Poltronova-1.png\",\"width\":491,\"height\":276},{\"@type\":\"BreadcrumbList\",\"@id\":\"https:\/\/www.noidiqua.it\/Montale\/degrado-ex-poltronova\/#breadcrumb\",\"itemListElement\":[{\"@type\":\"ListItem\",\"position\":1,\"name\":\"Home\",\"item\":\"https:\/\/www.noidiqua.it\/Montale\/\"},{\"@type\":\"ListItem\",\"position\":2,\"name\":\"Degrado alla ex Poltronova\"}]},{\"@type\":\"WebSite\",\"@id\":\"https:\/\/www.noidiqua.it\/Montale\/#website\",\"url\":\"https:\/\/www.noidiqua.it\/Montale\/\",\"name\":\"Noi di Qua Testata giornalistica e di attualit\u00e0 di Agliana, Montale e Quarrata.\",\"description\":\"Testata Giornalistica Quarrata Montale Agliana\",\"potentialAction\":[{\"@type\":\"SearchAction\",\"target\":{\"@type\":\"EntryPoint\",\"urlTemplate\":\"https:\/\/www.noidiqua.it\/Montale\/?s={search_term_string}\"},\"query-input\":{\"@type\":\"PropertyValueSpecification\",\"valueRequired\":true,\"valueName\":\"search_term_string\"}}],\"inLanguage\":\"it-IT\"},{\"@type\":\"Person\",\"@id\":\"https:\/\/www.noidiqua.it\/Montale\/#\/schema\/person\/e2e6f44da50af0dae9c90ad168e471a4\",\"name\":\"Giacomo Bini\",\"image\":{\"@type\":\"ImageObject\",\"inLanguage\":\"it-IT\",\"@id\":\"https:\/\/www.noidiqua.it\/Montale\/#\/schema\/person\/image\/\",\"url\":\"https:\/\/secure.gravatar.com\/avatar\/e5c18ae41df5ae37397358f2c6046696187d51a120c5d0b8f0c49f7b606f46f4?s=96&d=mm&r=g\",\"contentUrl\":\"https:\/\/secure.gravatar.com\/avatar\/e5c18ae41df5ae37397358f2c6046696187d51a120c5d0b8f0c49f7b606f46f4?s=96&d=mm&r=g\",\"caption\":\"Giacomo Bini\"},\"url\":\"https:\/\/www.noidiqua.it\/Montale\/author\/giacomo-bini\/\"}]}<\/script>\n<!-- \/ Yoast SEO plugin. -->","yoast_head_json":{"title":"Degrado alla ex Poltronova - Noi di Qua Testata giornalistica e di attualit\u00e0 di Agliana, Montale e Quarrata.","robots":{"index":"index","follow":"follow","max-snippet":"max-snippet:-1","max-image-preview":"max-image-preview:large","max-video-preview":"max-video-preview:-1"},"canonical":"https:\/\/www.noidiqua.it\/Montale\/degrado-ex-poltronova\/","og_locale":"it_IT","og_type":"article","og_title":"Degrado alla ex Poltronova - Noi di Qua Testata giornalistica e di attualit\u00e0 di Agliana, Montale e Quarrata.","og_description":"di\u00a0Giacomo Bini settembre 2016 Fa una gran tristezza vedere oggi le condizioni di degrado e abbandono in cui si trova l\u2019edificio della ex\u00a0Poltronova, un\u2019azienda di qualit\u00e0 e di livello internazionale che per anni \u00e8 stata l\u2019orgoglio dei territori di\u00a0Montale\u00a0e di\u00a0Agliana.\u00a0 Il complesso immobiliare in via provinciale pratese che ospitava la Poltronova \u00e8 in uno [&hellip;]","og_url":"https:\/\/www.noidiqua.it\/Montale\/degrado-ex-poltronova\/","og_site_name":"Noi di Qua Testata giornalistica e di attualit\u00e0 di Agliana, Montale e Quarrata.","article_publisher":"https:\/\/www.facebook.com\/noidiqua.trimestrale\/","article_published_time":"2016-09-05T09:15:55+00:00","article_modified_time":"2022-07-25T08:04:42+00:00","og_image":[{"url":"https:\/\/www.noidiqua.it\/Montale\/wp-content\/uploads\/2016\/09\/Poltronova-1.png","type":"","width":"","height":""}],"author":"Giacomo Bini","twitter_misc":{"Scritto da":"Giacomo Bini","Tempo di lettura stimato":"2 minuti"},"schema":{"@context":"https:\/\/schema.org","@graph":[{"@type":"WebPage","@id":"https:\/\/www.noidiqua.it\/Montale\/degrado-ex-poltronova\/","url":"https:\/\/www.noidiqua.it\/Montale\/degrado-ex-poltronova\/","name":"Degrado alla ex Poltronova - Noi di Qua Testata giornalistica e di attualit\u00e0 di Agliana, Montale e Quarrata.","isPartOf":{"@id":"https:\/\/www.noidiqua.it\/Montale\/#website"},"primaryImageOfPage":{"@id":"https:\/\/www.noidiqua.it\/Montale\/degrado-ex-poltronova\/#primaryimage"},"image":{"@id":"https:\/\/www.noidiqua.it\/Montale\/degrado-ex-poltronova\/#primaryimage"},"thumbnailUrl":"https:\/\/www.noidiqua.it\/Montale\/wp-content\/uploads\/2016\/09\/Poltronova-1.png","datePublished":"2016-09-05T09:15:55+00:00","dateModified":"2022-07-25T08:04:42+00:00","author":{"@id":"https:\/\/www.noidiqua.it\/Montale\/#\/schema\/person\/e2e6f44da50af0dae9c90ad168e471a4"},"breadcrumb":{"@id":"https:\/\/www.noidiqua.it\/Montale\/degrado-ex-poltronova\/#breadcrumb"},"inLanguage":"it-IT","potentialAction":[{"@type":"ReadAction","target":["https:\/\/www.noidiqua.it\/Montale\/degrado-ex-poltronova\/"]}]},{"@type":"ImageObject","inLanguage":"it-IT","@id":"https:\/\/www.noidiqua.it\/Montale\/degrado-ex-poltronova\/#primaryimage","url":"https:\/\/www.noidiqua.it\/Montale\/wp-content\/uploads\/2016\/09\/Poltronova-1.png","contentUrl":"https:\/\/www.noidiqua.it\/Montale\/wp-content\/uploads\/2016\/09\/Poltronova-1.png","width":491,"height":276},{"@type":"BreadcrumbList","@id":"https:\/\/www.noidiqua.it\/Montale\/degrado-ex-poltronova\/#breadcrumb","itemListElement":[{"@type":"ListItem","position":1,"name":"Home","item":"https:\/\/www.noidiqua.it\/Montale\/"},{"@type":"ListItem","position":2,"name":"Degrado alla ex Poltronova"}]},{"@type":"WebSite","@id":"https:\/\/www.noidiqua.it\/Montale\/#website","url":"https:\/\/www.noidiqua.it\/Montale\/","name":"Noi di Qua Testata giornalistica e di attualit\u00e0 di Agliana, Montale e Quarrata.","description":"Testata Giornalistica Quarrata Montale Agliana","potentialAction":[{"@type":"SearchAction","target":{"@type":"EntryPoint","urlTemplate":"https:\/\/www.noidiqua.it\/Montale\/?s={search_term_string}"},"query-input":{"@type":"PropertyValueSpecification","valueRequired":true,"valueName":"search_term_string"}}],"inLanguage":"it-IT"},{"@type":"Person","@id":"https:\/\/www.noidiqua.it\/Montale\/#\/schema\/person\/e2e6f44da50af0dae9c90ad168e471a4","name":"Giacomo Bini","image":{"@type":"ImageObject","inLanguage":"it-IT","@id":"https:\/\/www.noidiqua.it\/Montale\/#\/schema\/person\/image\/","url":"https:\/\/secure.gravatar.com\/avatar\/e5c18ae41df5ae37397358f2c6046696187d51a120c5d0b8f0c49f7b606f46f4?s=96&d=mm&r=g","contentUrl":"https:\/\/secure.gravatar.com\/avatar\/e5c18ae41df5ae37397358f2c6046696187d51a120c5d0b8f0c49f7b606f46f4?s=96&d=mm&r=g","caption":"Giacomo Bini"},"url":"https:\/\/www.noidiqua.it\/Montale\/author\/giacomo-bini\/"}]}},"_links":{"self":[{"href":"https:\/\/www.noidiqua.it\/Montale\/wp-json\/wp\/v2\/posts\/4404","targetHints":{"allow":["GET"]}}],"collection":[{"href":"https:\/\/www.noidiqua.it\/Montale\/wp-json\/wp\/v2\/posts"}],"about":[{"href":"https:\/\/www.noidiqua.it\/Montale\/wp-json\/wp\/v2\/types\/post"}],"author":[{"embeddable":true,"href":"https:\/\/www.noidiqua.it\/Montale\/wp-json\/wp\/v2\/users\/12"}],"replies":[{"embeddable":true,"href":"https:\/\/www.noidiqua.it\/Montale\/wp-json\/wp\/v2\/comments?post=4404"}],"version-history":[{"count":4,"href":"https:\/\/www.noidiqua.it\/Montale\/wp-json\/wp\/v2\/posts\/4404\/revisions"}],"predecessor-version":[{"id":7017,"href":"https:\/\/www.noidiqua.it\/Montale\/wp-json\/wp\/v2\/posts\/4404\/revisions\/7017"}],"wp:attachment":[{"href":"https:\/\/www.noidiqua.it\/Montale\/wp-json\/wp\/v2\/media?parent=4404"}],"wp:term":[{"taxonomy":"category","embeddable":true,"href":"https:\/\/www.noidiqua.it\/Montale\/wp-json\/wp\/v2\/categories?post=4404"},{"taxonomy":"post_tag","embeddable":true,"href":"https:\/\/www.noidiqua.it\/Montale\/wp-json\/wp\/v2\/tags?post=4404"}],"curies":[{"name":"wp","href":"https:\/\/api.w.org\/{rel}","templated":true}]}}