{"id":4410,"date":"2016-09-05T11:24:21","date_gmt":"2016-09-05T09:24:21","guid":{"rendered":"https:\/\/www.noidiqua.it\/Montale\/?p=4410"},"modified":"2022-07-25T10:11:03","modified_gmt":"2022-07-25T08:11:03","slug":"concludendo-visibile-linvisibile","status":"publish","type":"post","link":"https:\/\/www.noidiqua.it\/Montale\/concludendo-visibile-linvisibile\/","title":{"rendered":"Concludendo &#8211; il visibile e l&#8217;invisibile"},"content":{"rendered":"<p><em>di\u00a0Massimo Cappelli<\/em><\/p>\n<div>settembre 2016<\/div>\n<div><\/div>\n<div><a href=\"https:\/\/www.noidiqua.it\/Montale\/wp-content\/uploads\/2016\/09\/pokemon.png\" rel=\"wp-prettyPhoto[4410]\"><img loading=\"lazy\" decoding=\"async\" class=\"aligncenter size-full wp-image-7018\" src=\"https:\/\/www.noidiqua.it\/Montale\/wp-content\/uploads\/2016\/09\/pokemon.png\" alt=\"\" width=\"450\" height=\"225\" srcset=\"https:\/\/www.noidiqua.it\/Montale\/wp-content\/uploads\/2016\/09\/pokemon.png 450w, https:\/\/www.noidiqua.it\/Montale\/wp-content\/uploads\/2016\/09\/pokemon-300x150.png 300w\" sizes=\"auto, (max-width: 450px) 100vw, 450px\" \/><\/a><\/div>\n<div><\/div>\n<div><\/div>\n<div>L\u2019enigma parte da lontano. Da molto prima del dubbio amletico sull\u2019esistenza umana e sulla continuazione della vita oltre la morte. Assai prima dell\u2019intuizione di\u00a0<strong>Maurice Merleau-Ponty<\/strong>\u00a0sulla percezione del mondo visibile e invisibile ai nostri occhi. Gi\u00e0 i\u00a0<strong>filosofi greci<\/strong>\u00a0antichi\u00a0<strong>Socrate<\/strong>,\u00a0<strong>Platone<\/strong>\u00a0e altri, tremila anni fa si facevano domande sull\u2019esistenza dell\u2019anima e su dove essa andasse una volta abbandonato il corpo. Il mistero quindi, fa parte della nostra esistenza sin dalla notte dei tempi. Da esso, la paura dell\u2019oscurit\u00e0 e l\u2019angoscia di poter incorrere in entit\u00e0 presenti nella nostra stanza, accanto a noi, ma in un\u2019altra dimensione, e per questo invisibili ai nostri occhi. Dobbiamo prendere coscienza che da qualche mese questo rischio, ahim\u00e8, \u00e8 diventato certezza. Ora, per quanto lo si voglia o no accettare \u00e8 quantomai possibile essere seduti, lavorare, andare in bagno o fare la doccia accanto ad un\u00a0<strong>pok\u00e9mon<\/strong>, per quanto esso possa essere burlone o malintenzionato.<\/div>\n<div><\/div>\n<div><\/div>\n<p class=\"p1\" style=\"text-align: justify;\">Questo \u00e8 il frutto della tecnologia di ultima generazione che \u00e8 riuscita a mescolare il mondo reale al mondo virtuale.\u00a0<strong>Pok\u00e9mon Go,<\/strong>\u00a0come ci spiega Wikipedia,\u00a0<i>[\u2026] \u00e8 un videogioco di tipo\u00a0<strong>free-to-play<\/strong>\u00a0basato su realt\u00e0 aumentata geo-localizzata con GPS, sviluppato da\u00a0<strong>Niantic<\/strong>\u00a0per i sistemi operativi mobili\u00a0<strong>iOS<\/strong>\u00a0e\u00a0<strong>Android<\/strong>, creato con la collaborazione di\u00a0<strong>Game Freak<\/strong>,\u00a0<strong>The Pok\u00e9mon Company<\/strong>\u00a0e\u00a0<strong>Nintendo<\/strong><\/i>. Un gioco, certo, ma che ha provocato una grande tempesta mediatica in tutto il pianeta ed ha coinvolto milioni e milioni di persone, forse oltre un miliardo, motivandole a partire con il loro\u00a0<strong>smartphone<\/strong>\u00a0fra le mani, alla ricerca dei simpatici mostriciattoli colorati per le vie della loro citt\u00e0. Secondo\u00a0<strong>Apple<\/strong>, Pok\u00e9mon Go \u00e8 stata l\u2019applicazione mobile pi\u00f9 scaricata nella settimana di lancio.<\/p>\n<p class=\"p1\" style=\"text-align: justify;\">Come ogni genialit\u00e0, Pok\u00e9mon Go ha in s\u00e9 una serie di elementi che indubbiamente hanno contribuito al suo successo. Prima di tutto la novit\u00e0 che vi si possa giocare solo con dispositivi mobili, facendolo soltanto in maniera itinerante. Secondo me l\u2019ideatore ha un figlio adolescente che si rinchiude a ore nella sua stanza a giocare con la\u00a0<strong>playstation<\/strong>, in rete, con i suoi amici da casa, da questo l\u2019idea di fargli alzare le chiappe per andare a giocare fuori. Ma questa \u00e8 un\u2019idea mia. Altro fattore di successo la scoperta dei punti storici e i monumenti della propria citt\u00e0: il gioco, per catturare i mostri, ha bisogno di munizioni; queste munizioni si chiamano\u00a0<strong>Pok\u00e9ball<\/strong>, che si possono acquistare tramite la app, oppure ottenere gratuitamente ai\u00a0<strong>Pokestop<\/strong>, che di solito sono dei &#8220;punti fermi&#8221; cittadini: chiese, monumenti, o altri punti di interesse locali che\u00a0<strong>Google<\/strong>\u00a0ha gi\u00e0 da tempo contrassegnato. In questo modo, il &#8220;figlio adolescente&#8221; dell&#8217;ideatore del gioco potr\u00e0 venire a conoscenza del fatto che nella sua citt\u00e0 esistono dei monumenti che prima non aveva mai notato, ma che possono interessare al mondo intero per la loro storia.<\/p>\n<p class=\"p1\" style=\"text-align: justify;\">Tornando quindi alla teoria di Maurice Merleau-Ponty, quando afferma che nel visibile c&#8217;\u00e8 dentro l&#8217;invisibile, niente di pi\u00f9 vero: di quel monumento che sta l\u00ec da cento anni e pi\u00f9, sia noi che i nostri figli, non ce n&#8217;eravamo mai accorti. Non lo avevamo visto mai fino ad ora che lo vediamo cagar gi\u00f9 palle rosse, bianche e nere. Che aggiungere? Nient&#8217;altro! Anche perch\u00e9 sono abbastanza confuso, forse la troppa realt\u00e0 aumentata, aumenta in me il senso di smarrimento. Chiss\u00e0 perch\u00e9 pronunciando \u201crealt\u00e0 aumentata\u201d mi fa venire in mente molti amici d\u2019infanzia, primo fra tutti Alessandro Benini (si fa per scherzare Ale eh?). Vorrei per\u00f2 concludere con due o tre aforismi:\u00a0<i>\u201cnon tutti i mali vengono per nuocere\u201d<\/i>, o in riferimento alle nuove tecnologie,\u00a0<i>\u201cnon c&#8217;\u00e8 niente che di per s\u00e9 sia buono o cattivo, siamo noi che lo rendiamo tale\u201d<\/i>. Infine, facendo mia una frase del grande\u00a0<strong>Roberto Rapezzi<\/strong>, scomparso il marzo scorso, affermo compiacendomi:\u00a0<i>\u201cIl problema non \u00e8 quando ci girano i coglioni, ma quando i coglioni ci girano\u2026 intorno\u201d<\/i>.<\/p>\n<p>&nbsp;<\/p>","protected":false},"excerpt":{"rendered":"<p>di\u00a0Massimo Cappelli settembre 2016 L\u2019enigma parte da lontano. Da molto prima del dubbio amletico sull\u2019esistenza umana e sulla continuazione della vita oltre la morte. Assai prima dell\u2019intuizione di\u00a0Maurice Merleau-Ponty\u00a0sulla percezione del mondo visibile e invisibile ai nostri occhi. Gi\u00e0 i\u00a0filosofi greci\u00a0antichi\u00a0Socrate,\u00a0Platone\u00a0e altri, tremila anni fa si facevano domande sull\u2019esistenza dell\u2019anima e su dove essa [&hellip;]<\/p>","protected":false},"author":7,"featured_media":0,"comment_status":"open","ping_status":"open","sticky":false,"template":"","format":"standard","meta":{"footnotes":""},"categories":[24,7],"tags":[692,59,691,693,686,695,688,689,690,697,696,687,694],"class_list":["post-4410","post","type-post","status-publish","format-standard","hentry","category-concludendo-qt","category-mt","tag-android","tag-concludendo","tag-free-to-play","tag-game-freak","tag-maurice-merleau-ponty","tag-nintendo","tag-platone","tag-pokemon","tag-pokemon-go","tag-pokestop","tag-smartphone","tag-socrate","tag-the-pokemon-company"],"yoast_head":"<!-- This site is optimized with the Yoast SEO plugin v25.5 - https:\/\/yoast.com\/wordpress\/plugins\/seo\/ -->\n<title>Concludendo - il visibile e l&#039;invisibile - Noi di Qua Testata giornalistica e di attualit\u00e0 di Agliana, Montale e Quarrata.<\/title>\n<meta name=\"robots\" content=\"index, follow, max-snippet:-1, max-image-preview:large, max-video-preview:-1\" \/>\n<link rel=\"canonical\" href=\"https:\/\/www.noidiqua.it\/Montale\/concludendo-visibile-linvisibile\/\" \/>\n<meta property=\"og:locale\" content=\"it_IT\" \/>\n<meta property=\"og:type\" content=\"article\" \/>\n<meta property=\"og:title\" content=\"Concludendo - il visibile e l&#039;invisibile - Noi di Qua Testata giornalistica e di attualit\u00e0 di Agliana, Montale e Quarrata.\" \/>\n<meta property=\"og:description\" content=\"di\u00a0Massimo Cappelli settembre 2016 L\u2019enigma parte da lontano. Da molto prima del dubbio amletico sull\u2019esistenza umana e sulla continuazione della vita oltre la morte. Assai prima dell\u2019intuizione di\u00a0Maurice Merleau-Ponty\u00a0sulla percezione del mondo visibile e invisibile ai nostri occhi. Gi\u00e0 i\u00a0filosofi greci\u00a0antichi\u00a0Socrate,\u00a0Platone\u00a0e altri, tremila anni fa si facevano domande sull\u2019esistenza dell\u2019anima e su dove essa [&hellip;]\" \/>\n<meta property=\"og:url\" content=\"https:\/\/www.noidiqua.it\/Montale\/concludendo-visibile-linvisibile\/\" \/>\n<meta property=\"og:site_name\" content=\"Noi di Qua Testata giornalistica e di attualit\u00e0 di Agliana, Montale e Quarrata.\" \/>\n<meta property=\"article:publisher\" content=\"https:\/\/www.facebook.com\/noidiqua.trimestrale\/\" \/>\n<meta property=\"article:published_time\" content=\"2016-09-05T09:24:21+00:00\" \/>\n<meta property=\"article:modified_time\" content=\"2022-07-25T08:11:03+00:00\" \/>\n<meta property=\"og:image\" content=\"https:\/\/www.noidiqua.it\/Montale\/wp-content\/uploads\/2016\/09\/pokemon.png\" \/>\n<meta name=\"author\" content=\"Massimo Cappelli\" \/>\n<meta name=\"twitter:label1\" content=\"Scritto da\" \/>\n\t<meta name=\"twitter:data1\" content=\"Massimo Cappelli\" \/>\n\t<meta name=\"twitter:label2\" content=\"Tempo di lettura stimato\" \/>\n\t<meta name=\"twitter:data2\" content=\"3 minuti\" \/>\n<script type=\"application\/ld+json\" class=\"yoast-schema-graph\">{\"@context\":\"https:\/\/schema.org\",\"@graph\":[{\"@type\":\"WebPage\",\"@id\":\"https:\/\/www.noidiqua.it\/Montale\/concludendo-visibile-linvisibile\/\",\"url\":\"https:\/\/www.noidiqua.it\/Montale\/concludendo-visibile-linvisibile\/\",\"name\":\"Concludendo - il visibile e l'invisibile - Noi di Qua Testata giornalistica e di attualit\u00e0 di Agliana, Montale e Quarrata.\",\"isPartOf\":{\"@id\":\"https:\/\/www.noidiqua.it\/Montale\/#website\"},\"primaryImageOfPage\":{\"@id\":\"https:\/\/www.noidiqua.it\/Montale\/concludendo-visibile-linvisibile\/#primaryimage\"},\"image\":{\"@id\":\"https:\/\/www.noidiqua.it\/Montale\/concludendo-visibile-linvisibile\/#primaryimage\"},\"thumbnailUrl\":\"https:\/\/www.noidiqua.it\/Montale\/wp-content\/uploads\/2016\/09\/pokemon.png\",\"datePublished\":\"2016-09-05T09:24:21+00:00\",\"dateModified\":\"2022-07-25T08:11:03+00:00\",\"author\":{\"@id\":\"https:\/\/www.noidiqua.it\/Montale\/#\/schema\/person\/858b1b9db61101126e5ded39f94daedb\"},\"breadcrumb\":{\"@id\":\"https:\/\/www.noidiqua.it\/Montale\/concludendo-visibile-linvisibile\/#breadcrumb\"},\"inLanguage\":\"it-IT\",\"potentialAction\":[{\"@type\":\"ReadAction\",\"target\":[\"https:\/\/www.noidiqua.it\/Montale\/concludendo-visibile-linvisibile\/\"]}]},{\"@type\":\"ImageObject\",\"inLanguage\":\"it-IT\",\"@id\":\"https:\/\/www.noidiqua.it\/Montale\/concludendo-visibile-linvisibile\/#primaryimage\",\"url\":\"https:\/\/www.noidiqua.it\/Montale\/wp-content\/uploads\/2016\/09\/pokemon.png\",\"contentUrl\":\"https:\/\/www.noidiqua.it\/Montale\/wp-content\/uploads\/2016\/09\/pokemon.png\",\"width\":450,\"height\":225},{\"@type\":\"BreadcrumbList\",\"@id\":\"https:\/\/www.noidiqua.it\/Montale\/concludendo-visibile-linvisibile\/#breadcrumb\",\"itemListElement\":[{\"@type\":\"ListItem\",\"position\":1,\"name\":\"Home\",\"item\":\"https:\/\/www.noidiqua.it\/Montale\/\"},{\"@type\":\"ListItem\",\"position\":2,\"name\":\"Concludendo &#8211; il visibile e l&#8217;invisibile\"}]},{\"@type\":\"WebSite\",\"@id\":\"https:\/\/www.noidiqua.it\/Montale\/#website\",\"url\":\"https:\/\/www.noidiqua.it\/Montale\/\",\"name\":\"Noi di Qua Testata giornalistica e di attualit\u00e0 di Agliana, Montale e Quarrata.\",\"description\":\"Testata Giornalistica Quarrata Montale Agliana\",\"potentialAction\":[{\"@type\":\"SearchAction\",\"target\":{\"@type\":\"EntryPoint\",\"urlTemplate\":\"https:\/\/www.noidiqua.it\/Montale\/?s={search_term_string}\"},\"query-input\":{\"@type\":\"PropertyValueSpecification\",\"valueRequired\":true,\"valueName\":\"search_term_string\"}}],\"inLanguage\":\"it-IT\"},{\"@type\":\"Person\",\"@id\":\"https:\/\/www.noidiqua.it\/Montale\/#\/schema\/person\/858b1b9db61101126e5ded39f94daedb\",\"name\":\"Massimo Cappelli\",\"image\":{\"@type\":\"ImageObject\",\"inLanguage\":\"it-IT\",\"@id\":\"https:\/\/www.noidiqua.it\/Montale\/#\/schema\/person\/image\/\",\"url\":\"https:\/\/secure.gravatar.com\/avatar\/0e7261535228aa9bb0417ab8f42f3fadaf8ce23bdfde46c689c43410a676cfa9?s=96&d=mm&r=g\",\"contentUrl\":\"https:\/\/secure.gravatar.com\/avatar\/0e7261535228aa9bb0417ab8f42f3fadaf8ce23bdfde46c689c43410a676cfa9?s=96&d=mm&r=g\",\"caption\":\"Massimo Cappelli\"},\"url\":\"https:\/\/www.noidiqua.it\/Montale\/author\/massimo-cappelli\/\"}]}<\/script>\n<!-- \/ Yoast SEO plugin. -->","yoast_head_json":{"title":"Concludendo - il visibile e l'invisibile - Noi di Qua Testata giornalistica e di attualit\u00e0 di Agliana, Montale e Quarrata.","robots":{"index":"index","follow":"follow","max-snippet":"max-snippet:-1","max-image-preview":"max-image-preview:large","max-video-preview":"max-video-preview:-1"},"canonical":"https:\/\/www.noidiqua.it\/Montale\/concludendo-visibile-linvisibile\/","og_locale":"it_IT","og_type":"article","og_title":"Concludendo - il visibile e l'invisibile - Noi di Qua Testata giornalistica e di attualit\u00e0 di Agliana, Montale e Quarrata.","og_description":"di\u00a0Massimo Cappelli settembre 2016 L\u2019enigma parte da lontano. Da molto prima del dubbio amletico sull\u2019esistenza umana e sulla continuazione della vita oltre la morte. Assai prima dell\u2019intuizione di\u00a0Maurice Merleau-Ponty\u00a0sulla percezione del mondo visibile e invisibile ai nostri occhi. Gi\u00e0 i\u00a0filosofi greci\u00a0antichi\u00a0Socrate,\u00a0Platone\u00a0e altri, tremila anni fa si facevano domande sull\u2019esistenza dell\u2019anima e su dove essa [&hellip;]","og_url":"https:\/\/www.noidiqua.it\/Montale\/concludendo-visibile-linvisibile\/","og_site_name":"Noi di Qua Testata giornalistica e di attualit\u00e0 di Agliana, Montale e Quarrata.","article_publisher":"https:\/\/www.facebook.com\/noidiqua.trimestrale\/","article_published_time":"2016-09-05T09:24:21+00:00","article_modified_time":"2022-07-25T08:11:03+00:00","og_image":[{"url":"https:\/\/www.noidiqua.it\/Montale\/wp-content\/uploads\/2016\/09\/pokemon.png","type":"","width":"","height":""}],"author":"Massimo Cappelli","twitter_misc":{"Scritto da":"Massimo Cappelli","Tempo di lettura stimato":"3 minuti"},"schema":{"@context":"https:\/\/schema.org","@graph":[{"@type":"WebPage","@id":"https:\/\/www.noidiqua.it\/Montale\/concludendo-visibile-linvisibile\/","url":"https:\/\/www.noidiqua.it\/Montale\/concludendo-visibile-linvisibile\/","name":"Concludendo - il visibile e l'invisibile - Noi di Qua Testata giornalistica e di attualit\u00e0 di Agliana, Montale e Quarrata.","isPartOf":{"@id":"https:\/\/www.noidiqua.it\/Montale\/#website"},"primaryImageOfPage":{"@id":"https:\/\/www.noidiqua.it\/Montale\/concludendo-visibile-linvisibile\/#primaryimage"},"image":{"@id":"https:\/\/www.noidiqua.it\/Montale\/concludendo-visibile-linvisibile\/#primaryimage"},"thumbnailUrl":"https:\/\/www.noidiqua.it\/Montale\/wp-content\/uploads\/2016\/09\/pokemon.png","datePublished":"2016-09-05T09:24:21+00:00","dateModified":"2022-07-25T08:11:03+00:00","author":{"@id":"https:\/\/www.noidiqua.it\/Montale\/#\/schema\/person\/858b1b9db61101126e5ded39f94daedb"},"breadcrumb":{"@id":"https:\/\/www.noidiqua.it\/Montale\/concludendo-visibile-linvisibile\/#breadcrumb"},"inLanguage":"it-IT","potentialAction":[{"@type":"ReadAction","target":["https:\/\/www.noidiqua.it\/Montale\/concludendo-visibile-linvisibile\/"]}]},{"@type":"ImageObject","inLanguage":"it-IT","@id":"https:\/\/www.noidiqua.it\/Montale\/concludendo-visibile-linvisibile\/#primaryimage","url":"https:\/\/www.noidiqua.it\/Montale\/wp-content\/uploads\/2016\/09\/pokemon.png","contentUrl":"https:\/\/www.noidiqua.it\/Montale\/wp-content\/uploads\/2016\/09\/pokemon.png","width":450,"height":225},{"@type":"BreadcrumbList","@id":"https:\/\/www.noidiqua.it\/Montale\/concludendo-visibile-linvisibile\/#breadcrumb","itemListElement":[{"@type":"ListItem","position":1,"name":"Home","item":"https:\/\/www.noidiqua.it\/Montale\/"},{"@type":"ListItem","position":2,"name":"Concludendo &#8211; il visibile e l&#8217;invisibile"}]},{"@type":"WebSite","@id":"https:\/\/www.noidiqua.it\/Montale\/#website","url":"https:\/\/www.noidiqua.it\/Montale\/","name":"Noi di Qua Testata giornalistica e di attualit\u00e0 di Agliana, Montale e Quarrata.","description":"Testata Giornalistica Quarrata Montale Agliana","potentialAction":[{"@type":"SearchAction","target":{"@type":"EntryPoint","urlTemplate":"https:\/\/www.noidiqua.it\/Montale\/?s={search_term_string}"},"query-input":{"@type":"PropertyValueSpecification","valueRequired":true,"valueName":"search_term_string"}}],"inLanguage":"it-IT"},{"@type":"Person","@id":"https:\/\/www.noidiqua.it\/Montale\/#\/schema\/person\/858b1b9db61101126e5ded39f94daedb","name":"Massimo Cappelli","image":{"@type":"ImageObject","inLanguage":"it-IT","@id":"https:\/\/www.noidiqua.it\/Montale\/#\/schema\/person\/image\/","url":"https:\/\/secure.gravatar.com\/avatar\/0e7261535228aa9bb0417ab8f42f3fadaf8ce23bdfde46c689c43410a676cfa9?s=96&d=mm&r=g","contentUrl":"https:\/\/secure.gravatar.com\/avatar\/0e7261535228aa9bb0417ab8f42f3fadaf8ce23bdfde46c689c43410a676cfa9?s=96&d=mm&r=g","caption":"Massimo Cappelli"},"url":"https:\/\/www.noidiqua.it\/Montale\/author\/massimo-cappelli\/"}]}},"_links":{"self":[{"href":"https:\/\/www.noidiqua.it\/Montale\/wp-json\/wp\/v2\/posts\/4410","targetHints":{"allow":["GET"]}}],"collection":[{"href":"https:\/\/www.noidiqua.it\/Montale\/wp-json\/wp\/v2\/posts"}],"about":[{"href":"https:\/\/www.noidiqua.it\/Montale\/wp-json\/wp\/v2\/types\/post"}],"author":[{"embeddable":true,"href":"https:\/\/www.noidiqua.it\/Montale\/wp-json\/wp\/v2\/users\/7"}],"replies":[{"embeddable":true,"href":"https:\/\/www.noidiqua.it\/Montale\/wp-json\/wp\/v2\/comments?post=4410"}],"version-history":[{"count":3,"href":"https:\/\/www.noidiqua.it\/Montale\/wp-json\/wp\/v2\/posts\/4410\/revisions"}],"predecessor-version":[{"id":7020,"href":"https:\/\/www.noidiqua.it\/Montale\/wp-json\/wp\/v2\/posts\/4410\/revisions\/7020"}],"wp:attachment":[{"href":"https:\/\/www.noidiqua.it\/Montale\/wp-json\/wp\/v2\/media?parent=4410"}],"wp:term":[{"taxonomy":"category","embeddable":true,"href":"https:\/\/www.noidiqua.it\/Montale\/wp-json\/wp\/v2\/categories?post=4410"},{"taxonomy":"post_tag","embeddable":true,"href":"https:\/\/www.noidiqua.it\/Montale\/wp-json\/wp\/v2\/tags?post=4410"}],"curies":[{"name":"wp","href":"https:\/\/api.w.org\/{rel}","templated":true}]}}