{"id":4448,"date":"2016-12-01T10:58:48","date_gmt":"2016-12-01T09:58:48","guid":{"rendered":"https:\/\/www.noidiqua.it\/Montale\/?p=4448"},"modified":"2022-07-22T11:18:31","modified_gmt":"2022-07-22T09:18:31","slug":"pro-loco-stazione","status":"publish","type":"post","link":"https:\/\/www.noidiqua.it\/Montale\/pro-loco-stazione\/","title":{"rendered":"Pro loco Stazione"},"content":{"rendered":"<p><em>di\u00a0Marco Bagnoli<\/em><\/p>\n<p>dicembre 2016<\/p>\n<p><a href=\"https:\/\/www.noidiqua.it\/Montale\/wp-content\/uploads\/2016\/12\/pro-loco-1.png\" rel=\"wp-prettyPhoto[4448]\"><img loading=\"lazy\" decoding=\"async\" class=\"aligncenter size-full wp-image-6940\" src=\"https:\/\/www.noidiqua.it\/Montale\/wp-content\/uploads\/2016\/12\/pro-loco-1.png\" alt=\"\" width=\"504\" height=\"375\" srcset=\"https:\/\/www.noidiqua.it\/Montale\/wp-content\/uploads\/2016\/12\/pro-loco-1.png 504w, https:\/\/www.noidiqua.it\/Montale\/wp-content\/uploads\/2016\/12\/pro-loco-1-300x223.png 300w\" sizes=\"auto, (max-width: 504px) 100vw, 504px\" \/><\/a><\/p>\n<p><span class=\"s1\">Oggi vi parliamo di una giovane realt\u00e0 associativa presente sul territorio. La<strong> Pro loco di Stazione<\/strong> si \u00e8 infatti costituita nel luglio di quest\u2019anno, dopo la precedente esperienza della vecchia Pro loco conclusasi col suo scioglimento, sotto la presidenza di <strong>Maria Grazia Fortino<\/strong>. <strong>Nunziata Monti<\/strong> \u00e8 attualmente chiamata a presiedere il consiglio direttivo, che consta di sette membri, tra i quali diversi giovani, e venti tesserati; si riuniscono presso i locali dell\u2019ex <strong>Centro Gioco Babaluba<\/strong>, messi a disposizione dal Comune.<\/span><\/p>\n<p><a href=\"https:\/\/www.noidiqua.it\/Montale\/wp-content\/uploads\/2016\/12\/PRO-LOCO-STAZIONE-4.png\" rel=\"wp-prettyPhoto[4448]\"><img loading=\"lazy\" decoding=\"async\" class=\"aligncenter size-full wp-image-6943\" src=\"https:\/\/www.noidiqua.it\/Montale\/wp-content\/uploads\/2016\/12\/PRO-LOCO-STAZIONE-4.png\" alt=\"\" width=\"329\" height=\"380\" srcset=\"https:\/\/www.noidiqua.it\/Montale\/wp-content\/uploads\/2016\/12\/PRO-LOCO-STAZIONE-4.png 329w, https:\/\/www.noidiqua.it\/Montale\/wp-content\/uploads\/2016\/12\/PRO-LOCO-STAZIONE-4-260x300.png 260w\" sizes=\"auto, (max-width: 329px) 100vw, 329px\" \/><\/a><\/p>\n<p><span class=\"s1\">Le iniziative e gli obiettivi da realizzare sono tanti, anche se le disponibilit\u00e0 economiche e le risorse umane sono limitate. In questo senso una risorsa a loro disposizione sarebbe quella di organizzare momenti di aggregazione per la raccolta di donazioni da destinare ai vari progetti. Fino a questo momento la risposta della popolazione di Stazione, che conta 1500 residenti, \u00e8 stata un po\u2019 inferiore alle attese, ma la Pro loco non si perde di coraggio e conta su un aumento della partecipazione nelle prossime iniziative. La festa organizzata nello scorso settembre, coincideva con la commemorazione di <strong>San Jacopo<\/strong>, la seconda domenica del mese, ma questa collocazione, cos\u00ec a ridosso delle vacanze estive, ha risentito di una carenza nella partecipazione. La seconda \u00e8 stata la <strong>festa dei nonni<\/strong> dello scorso due ottobre, che ha coinvolto i ragazzi delle scuole, con una generale soddisfazione da parte di tutti.\u00a0<\/span>La Pro loco ha di recente collaborato con alcuni <a href=\"https:\/\/www.noidiqua.it\/Montale\/i-richiedenti-asilo-stazione\/\"><strong>richiedenti asilo<\/strong><\/a> per il ripristino della panchina vicino <strong>piazza Marconi<\/strong> e per la pulizia degli spazi verdi della frazione; gli stessi richiedenti hanno poi partecipato ad alcune delle iniziative promosse.<\/p>\n<p><a href=\"https:\/\/www.noidiqua.it\/Montale\/wp-content\/uploads\/2016\/12\/PRO-LOCO-STAZIONE-3.png\" rel=\"wp-prettyPhoto[4448]\"><img loading=\"lazy\" decoding=\"async\" class=\"aligncenter size-full wp-image-6942\" src=\"https:\/\/www.noidiqua.it\/Montale\/wp-content\/uploads\/2016\/12\/PRO-LOCO-STAZIONE-3.png\" alt=\"\" width=\"450\" height=\"253\" srcset=\"https:\/\/www.noidiqua.it\/Montale\/wp-content\/uploads\/2016\/12\/PRO-LOCO-STAZIONE-3.png 450w, https:\/\/www.noidiqua.it\/Montale\/wp-content\/uploads\/2016\/12\/PRO-LOCO-STAZIONE-3-300x169.png 300w\" sizes=\"auto, (max-width: 450px) 100vw, 450px\" \/><\/a><\/p>\n<p>&nbsp;<\/p>\n<p>&nbsp;<\/p>\n<p><span class=\"s1\">Tra i progetti futuri della Pro loco c\u2019\u00e8 anche la consegna degli attestati alle persone che raggiungono il diciottesimo anno di et\u00e0 e a quelle che tagliano il traguardo dei cinquant\u2019anni. Inoltre la Pro loco si fa portavoce del disagio della frazione per la mancanza della scuola che perdura dalla <a href=\"https:\/\/www.noidiqua.it\/Montale\/bufera-vento-fenomeno-precedenti\/\"><strong>bufera di vento<\/strong><\/a> del 5 marzo 2016 quando gli edifici scolastici di via Pacinotti furono dichiarati inagibili ed evacuati. Da quel giorno le scuole primaria e dell\u2019infanzia sono state trasferite in plessi scolastici del capoluogo (la scuola dell\u2019infanzia in via Vignolini e quella elementare in una sezione della scuola media Melani di vai Martin Luther King).<\/span><\/p>\n<p><a href=\"https:\/\/www.noidiqua.it\/Montale\/wp-content\/uploads\/2016\/12\/pro-loco-2.png\" rel=\"wp-prettyPhoto[4448]\"><img loading=\"lazy\" decoding=\"async\" class=\"aligncenter size-full wp-image-6941\" src=\"https:\/\/www.noidiqua.it\/Montale\/wp-content\/uploads\/2016\/12\/pro-loco-2.png\" alt=\"\" width=\"276\" height=\"395\" srcset=\"https:\/\/www.noidiqua.it\/Montale\/wp-content\/uploads\/2016\/12\/pro-loco-2.png 276w, https:\/\/www.noidiqua.it\/Montale\/wp-content\/uploads\/2016\/12\/pro-loco-2-210x300.png 210w\" sizes=\"auto, (max-width: 276px) 100vw, 276px\" \/><\/a><\/p>\n<p><span class=\"s1\">La frazione \u00e8 rimasta senza scuole, priva della vita e del movimento portati dai bambini e dalle famiglie. Gli effetti della mancanza della scuola sono sentiti dai residenti e anche dagli esercizi commerciali. Questo problema recente si aggiunge a quelli ormai storici della frazione di Stazione come la spaccatura determinata dai binari ferroviari, la vulnerabilit\u00e0 agli allagamenti, la mancanza di una piazza vera e propria che costituisca il centro vitale della comunit\u00e0 in quanto la piazza Marconi \u00e8 usata come parcheggio della stazione ferroviaria di <strong>Montale-Agliana<\/strong> I giovani coltivano le loro amicizie nei centri vicini e raramente restano nella frazione, anche perch\u00e9 non ci sono luoghi di aggregazione adatti per loro. La Pro loco \u00e8 nata proprio per creare occasioni di aggregazione alla popolazione di Stazione e rendere la frazione sempre pi\u00f9 viva. Il compito \u00e8 difficile ma alla Pro loco c\u2019\u00e8 tanto entusiasmo e ottimismo e soprattutto tanta voglia di fare. L\u2019intenzione \u00e8 quella di iniziare dalle piccole ma fondamentali iniziative come l\u2019organizzazione di manifestazioni che consentano alle gente del posto di stare insieme.\u00a0<\/span>La Pro loco promuover\u00e0 delle iniziative in favore delle popolazioni colpite dal terremoto. L\u2019aggregazione pu\u00f2 nascere infatti anche dalla condivisione di un gesto di solidariet\u00e0. La Pro loco ha aderito al raggruppamento di associazioni montalesi denominato <strong>\u201cMontale solidale\u201d<\/strong> nato per contribuire alla ricostruzione dei centri colpiti dal sisma nel centro Italia. L\u2019<b>undici dicembre<\/b> sar\u00e0 invece la volta dell\u2019accensione dell\u2019albero in piazza Marconi, fornito dal Comune, mentre un secondo albero sar\u00e0 allestito sul versante opposto della stazione; interverr\u00e0 il coro della chiesa di stazione e un Babbo Natale in persona. Appuntamento poi a <b>Befana<\/b> per la festa dei bambini.<\/p>\n<p class=\"p1\" style=\"text-align: justify;\">\n<p><a href=\"https:\/\/www.noidiqua.it\/Montale\/wp-content\/uploads\/2016\/12\/PRO-LOCO-STAZIONE-2.png\" rel=\"wp-prettyPhoto[4448]\"><img loading=\"lazy\" decoding=\"async\" class=\"aligncenter size-full wp-image-6944\" src=\"https:\/\/www.noidiqua.it\/Montale\/wp-content\/uploads\/2016\/12\/PRO-LOCO-STAZIONE-2.png\" alt=\"\" width=\"450\" height=\"375\" srcset=\"https:\/\/www.noidiqua.it\/Montale\/wp-content\/uploads\/2016\/12\/PRO-LOCO-STAZIONE-2.png 450w, https:\/\/www.noidiqua.it\/Montale\/wp-content\/uploads\/2016\/12\/PRO-LOCO-STAZIONE-2-300x250.png 300w\" sizes=\"auto, (max-width: 450px) 100vw, 450px\" \/><\/a><\/p>","protected":false},"excerpt":{"rendered":"<p>di\u00a0Marco Bagnoli dicembre 2016 Oggi vi parliamo di una giovane realt\u00e0 associativa presente sul territorio. La Pro loco di Stazione si \u00e8 infatti costituita nel luglio di quest\u2019anno, dopo la precedente esperienza della vecchia Pro loco conclusasi col suo scioglimento, sotto la presidenza di Maria Grazia Fortino. Nunziata Monti \u00e8 attualmente chiamata a presiedere [&hellip;]<\/p>","protected":false},"author":3,"featured_media":0,"comment_status":"open","ping_status":"open","sticky":false,"template":"","format":"standard","meta":{"footnotes":""},"categories":[7,12],"tags":[186,747,742,745,995,746,635,744,749,748,750],"class_list":["post-4448","post","type-post","status-publish","format-standard","hentry","category-mt","category-solidarieta-qt","tag-bufera-di-vento","tag-centro-gioco-babaluba","tag-festa-dei-nonni","tag-maria-grazia-fortino","tag-mt","tag-nunziata-monti","tag-piazza-marconi","tag-pro-loco-di-stazione","tag-richiedenti-asilo","tag-san-jacopo","tag-montale-solidale"],"yoast_head":"<!-- This site is optimized with the Yoast SEO plugin v25.5 - https:\/\/yoast.com\/wordpress\/plugins\/seo\/ -->\n<title>Pro loco Stazione - Noi di Qua Testata giornalistica e di attualit\u00e0 di Agliana, Montale e Quarrata.<\/title>\n<meta name=\"robots\" content=\"index, follow, max-snippet:-1, max-image-preview:large, max-video-preview:-1\" \/>\n<link rel=\"canonical\" href=\"https:\/\/www.noidiqua.it\/Montale\/pro-loco-stazione\/\" \/>\n<meta property=\"og:locale\" content=\"it_IT\" \/>\n<meta property=\"og:type\" content=\"article\" \/>\n<meta property=\"og:title\" content=\"Pro loco Stazione - Noi di Qua Testata giornalistica e di attualit\u00e0 di Agliana, Montale e Quarrata.\" \/>\n<meta property=\"og:description\" content=\"di\u00a0Marco Bagnoli dicembre 2016 Oggi vi parliamo di una giovane realt\u00e0 associativa presente sul territorio. La Pro loco di Stazione si \u00e8 infatti costituita nel luglio di quest\u2019anno, dopo la precedente esperienza della vecchia Pro loco conclusasi col suo scioglimento, sotto la presidenza di Maria Grazia Fortino. Nunziata Monti \u00e8 attualmente chiamata a presiedere [&hellip;]\" \/>\n<meta property=\"og:url\" content=\"https:\/\/www.noidiqua.it\/Montale\/pro-loco-stazione\/\" \/>\n<meta property=\"og:site_name\" content=\"Noi di Qua Testata giornalistica e di attualit\u00e0 di Agliana, Montale e Quarrata.\" \/>\n<meta property=\"article:publisher\" content=\"https:\/\/www.facebook.com\/noidiqua.trimestrale\/\" \/>\n<meta property=\"article:published_time\" content=\"2016-12-01T09:58:48+00:00\" \/>\n<meta property=\"article:modified_time\" content=\"2022-07-22T09:18:31+00:00\" \/>\n<meta property=\"og:image\" content=\"https:\/\/www.noidiqua.it\/Montale\/wp-content\/uploads\/2016\/12\/pro-loco-1.png\" \/>\n<meta name=\"author\" content=\"Marco Bagnoli\" \/>\n<meta name=\"twitter:label1\" content=\"Scritto da\" \/>\n\t<meta name=\"twitter:data1\" content=\"Marco Bagnoli\" \/>\n\t<meta name=\"twitter:label2\" content=\"Tempo di lettura stimato\" \/>\n\t<meta name=\"twitter:data2\" content=\"3 minuti\" \/>\n<script type=\"application\/ld+json\" class=\"yoast-schema-graph\">{\"@context\":\"https:\/\/schema.org\",\"@graph\":[{\"@type\":\"WebPage\",\"@id\":\"https:\/\/www.noidiqua.it\/Montale\/pro-loco-stazione\/\",\"url\":\"https:\/\/www.noidiqua.it\/Montale\/pro-loco-stazione\/\",\"name\":\"Pro loco Stazione - Noi di Qua Testata giornalistica e di attualit\u00e0 di Agliana, Montale e Quarrata.\",\"isPartOf\":{\"@id\":\"https:\/\/www.noidiqua.it\/Montale\/#website\"},\"primaryImageOfPage\":{\"@id\":\"https:\/\/www.noidiqua.it\/Montale\/pro-loco-stazione\/#primaryimage\"},\"image\":{\"@id\":\"https:\/\/www.noidiqua.it\/Montale\/pro-loco-stazione\/#primaryimage\"},\"thumbnailUrl\":\"https:\/\/www.noidiqua.it\/Montale\/wp-content\/uploads\/2016\/12\/pro-loco-1.png\",\"datePublished\":\"2016-12-01T09:58:48+00:00\",\"dateModified\":\"2022-07-22T09:18:31+00:00\",\"author\":{\"@id\":\"https:\/\/www.noidiqua.it\/Montale\/#\/schema\/person\/4e183cb0c6d7951e716a876aa702e1a2\"},\"breadcrumb\":{\"@id\":\"https:\/\/www.noidiqua.it\/Montale\/pro-loco-stazione\/#breadcrumb\"},\"inLanguage\":\"it-IT\",\"potentialAction\":[{\"@type\":\"ReadAction\",\"target\":[\"https:\/\/www.noidiqua.it\/Montale\/pro-loco-stazione\/\"]}]},{\"@type\":\"ImageObject\",\"inLanguage\":\"it-IT\",\"@id\":\"https:\/\/www.noidiqua.it\/Montale\/pro-loco-stazione\/#primaryimage\",\"url\":\"https:\/\/www.noidiqua.it\/Montale\/wp-content\/uploads\/2016\/12\/pro-loco-1.png\",\"contentUrl\":\"https:\/\/www.noidiqua.it\/Montale\/wp-content\/uploads\/2016\/12\/pro-loco-1.png\",\"width\":504,\"height\":375},{\"@type\":\"BreadcrumbList\",\"@id\":\"https:\/\/www.noidiqua.it\/Montale\/pro-loco-stazione\/#breadcrumb\",\"itemListElement\":[{\"@type\":\"ListItem\",\"position\":1,\"name\":\"Home\",\"item\":\"https:\/\/www.noidiqua.it\/Montale\/\"},{\"@type\":\"ListItem\",\"position\":2,\"name\":\"Pro loco Stazione\"}]},{\"@type\":\"WebSite\",\"@id\":\"https:\/\/www.noidiqua.it\/Montale\/#website\",\"url\":\"https:\/\/www.noidiqua.it\/Montale\/\",\"name\":\"Noi di Qua Testata giornalistica e di attualit\u00e0 di Agliana, Montale e Quarrata.\",\"description\":\"Testata Giornalistica Quarrata Montale Agliana\",\"potentialAction\":[{\"@type\":\"SearchAction\",\"target\":{\"@type\":\"EntryPoint\",\"urlTemplate\":\"https:\/\/www.noidiqua.it\/Montale\/?s={search_term_string}\"},\"query-input\":{\"@type\":\"PropertyValueSpecification\",\"valueRequired\":true,\"valueName\":\"search_term_string\"}}],\"inLanguage\":\"it-IT\"},{\"@type\":\"Person\",\"@id\":\"https:\/\/www.noidiqua.it\/Montale\/#\/schema\/person\/4e183cb0c6d7951e716a876aa702e1a2\",\"name\":\"Marco Bagnoli\",\"image\":{\"@type\":\"ImageObject\",\"inLanguage\":\"it-IT\",\"@id\":\"https:\/\/www.noidiqua.it\/Montale\/#\/schema\/person\/image\/\",\"url\":\"https:\/\/secure.gravatar.com\/avatar\/73ace53724c50db9c48af54756f17b7cdb015a9d8d2c08c7e04e480539a94eee?s=96&d=mm&r=g\",\"contentUrl\":\"https:\/\/secure.gravatar.com\/avatar\/73ace53724c50db9c48af54756f17b7cdb015a9d8d2c08c7e04e480539a94eee?s=96&d=mm&r=g\",\"caption\":\"Marco Bagnoli\"},\"url\":\"https:\/\/www.noidiqua.it\/Montale\/author\/marco-bagnoli\/\"}]}<\/script>\n<!-- \/ Yoast SEO plugin. -->","yoast_head_json":{"title":"Pro loco Stazione - Noi di Qua Testata giornalistica e di attualit\u00e0 di Agliana, Montale e Quarrata.","robots":{"index":"index","follow":"follow","max-snippet":"max-snippet:-1","max-image-preview":"max-image-preview:large","max-video-preview":"max-video-preview:-1"},"canonical":"https:\/\/www.noidiqua.it\/Montale\/pro-loco-stazione\/","og_locale":"it_IT","og_type":"article","og_title":"Pro loco Stazione - Noi di Qua Testata giornalistica e di attualit\u00e0 di Agliana, Montale e Quarrata.","og_description":"di\u00a0Marco Bagnoli dicembre 2016 Oggi vi parliamo di una giovane realt\u00e0 associativa presente sul territorio. La Pro loco di Stazione si \u00e8 infatti costituita nel luglio di quest\u2019anno, dopo la precedente esperienza della vecchia Pro loco conclusasi col suo scioglimento, sotto la presidenza di Maria Grazia Fortino. Nunziata Monti \u00e8 attualmente chiamata a presiedere [&hellip;]","og_url":"https:\/\/www.noidiqua.it\/Montale\/pro-loco-stazione\/","og_site_name":"Noi di Qua Testata giornalistica e di attualit\u00e0 di Agliana, Montale e Quarrata.","article_publisher":"https:\/\/www.facebook.com\/noidiqua.trimestrale\/","article_published_time":"2016-12-01T09:58:48+00:00","article_modified_time":"2022-07-22T09:18:31+00:00","og_image":[{"url":"https:\/\/www.noidiqua.it\/Montale\/wp-content\/uploads\/2016\/12\/pro-loco-1.png","type":"","width":"","height":""}],"author":"Marco Bagnoli","twitter_misc":{"Scritto da":"Marco Bagnoli","Tempo di lettura stimato":"3 minuti"},"schema":{"@context":"https:\/\/schema.org","@graph":[{"@type":"WebPage","@id":"https:\/\/www.noidiqua.it\/Montale\/pro-loco-stazione\/","url":"https:\/\/www.noidiqua.it\/Montale\/pro-loco-stazione\/","name":"Pro loco Stazione - Noi di Qua Testata giornalistica e di attualit\u00e0 di Agliana, Montale e Quarrata.","isPartOf":{"@id":"https:\/\/www.noidiqua.it\/Montale\/#website"},"primaryImageOfPage":{"@id":"https:\/\/www.noidiqua.it\/Montale\/pro-loco-stazione\/#primaryimage"},"image":{"@id":"https:\/\/www.noidiqua.it\/Montale\/pro-loco-stazione\/#primaryimage"},"thumbnailUrl":"https:\/\/www.noidiqua.it\/Montale\/wp-content\/uploads\/2016\/12\/pro-loco-1.png","datePublished":"2016-12-01T09:58:48+00:00","dateModified":"2022-07-22T09:18:31+00:00","author":{"@id":"https:\/\/www.noidiqua.it\/Montale\/#\/schema\/person\/4e183cb0c6d7951e716a876aa702e1a2"},"breadcrumb":{"@id":"https:\/\/www.noidiqua.it\/Montale\/pro-loco-stazione\/#breadcrumb"},"inLanguage":"it-IT","potentialAction":[{"@type":"ReadAction","target":["https:\/\/www.noidiqua.it\/Montale\/pro-loco-stazione\/"]}]},{"@type":"ImageObject","inLanguage":"it-IT","@id":"https:\/\/www.noidiqua.it\/Montale\/pro-loco-stazione\/#primaryimage","url":"https:\/\/www.noidiqua.it\/Montale\/wp-content\/uploads\/2016\/12\/pro-loco-1.png","contentUrl":"https:\/\/www.noidiqua.it\/Montale\/wp-content\/uploads\/2016\/12\/pro-loco-1.png","width":504,"height":375},{"@type":"BreadcrumbList","@id":"https:\/\/www.noidiqua.it\/Montale\/pro-loco-stazione\/#breadcrumb","itemListElement":[{"@type":"ListItem","position":1,"name":"Home","item":"https:\/\/www.noidiqua.it\/Montale\/"},{"@type":"ListItem","position":2,"name":"Pro loco Stazione"}]},{"@type":"WebSite","@id":"https:\/\/www.noidiqua.it\/Montale\/#website","url":"https:\/\/www.noidiqua.it\/Montale\/","name":"Noi di Qua Testata giornalistica e di attualit\u00e0 di Agliana, Montale e Quarrata.","description":"Testata Giornalistica Quarrata Montale Agliana","potentialAction":[{"@type":"SearchAction","target":{"@type":"EntryPoint","urlTemplate":"https:\/\/www.noidiqua.it\/Montale\/?s={search_term_string}"},"query-input":{"@type":"PropertyValueSpecification","valueRequired":true,"valueName":"search_term_string"}}],"inLanguage":"it-IT"},{"@type":"Person","@id":"https:\/\/www.noidiqua.it\/Montale\/#\/schema\/person\/4e183cb0c6d7951e716a876aa702e1a2","name":"Marco Bagnoli","image":{"@type":"ImageObject","inLanguage":"it-IT","@id":"https:\/\/www.noidiqua.it\/Montale\/#\/schema\/person\/image\/","url":"https:\/\/secure.gravatar.com\/avatar\/73ace53724c50db9c48af54756f17b7cdb015a9d8d2c08c7e04e480539a94eee?s=96&d=mm&r=g","contentUrl":"https:\/\/secure.gravatar.com\/avatar\/73ace53724c50db9c48af54756f17b7cdb015a9d8d2c08c7e04e480539a94eee?s=96&d=mm&r=g","caption":"Marco Bagnoli"},"url":"https:\/\/www.noidiqua.it\/Montale\/author\/marco-bagnoli\/"}]}},"_links":{"self":[{"href":"https:\/\/www.noidiqua.it\/Montale\/wp-json\/wp\/v2\/posts\/4448","targetHints":{"allow":["GET"]}}],"collection":[{"href":"https:\/\/www.noidiqua.it\/Montale\/wp-json\/wp\/v2\/posts"}],"about":[{"href":"https:\/\/www.noidiqua.it\/Montale\/wp-json\/wp\/v2\/types\/post"}],"author":[{"embeddable":true,"href":"https:\/\/www.noidiqua.it\/Montale\/wp-json\/wp\/v2\/users\/3"}],"replies":[{"embeddable":true,"href":"https:\/\/www.noidiqua.it\/Montale\/wp-json\/wp\/v2\/comments?post=4448"}],"version-history":[{"count":10,"href":"https:\/\/www.noidiqua.it\/Montale\/wp-json\/wp\/v2\/posts\/4448\/revisions"}],"predecessor-version":[{"id":6945,"href":"https:\/\/www.noidiqua.it\/Montale\/wp-json\/wp\/v2\/posts\/4448\/revisions\/6945"}],"wp:attachment":[{"href":"https:\/\/www.noidiqua.it\/Montale\/wp-json\/wp\/v2\/media?parent=4448"}],"wp:term":[{"taxonomy":"category","embeddable":true,"href":"https:\/\/www.noidiqua.it\/Montale\/wp-json\/wp\/v2\/categories?post=4448"},{"taxonomy":"post_tag","embeddable":true,"href":"https:\/\/www.noidiqua.it\/Montale\/wp-json\/wp\/v2\/tags?post=4448"}],"curies":[{"name":"wp","href":"https:\/\/api.w.org\/{rel}","templated":true}]}}