{"id":4462,"date":"2016-12-01T12:39:16","date_gmt":"2016-12-01T11:39:16","guid":{"rendered":"https:\/\/www.noidiqua.it\/Montale\/?p=4462"},"modified":"2022-07-22T10:59:18","modified_gmt":"2022-07-22T08:59:18","slug":"pugilato-montale","status":"publish","type":"post","link":"https:\/\/www.noidiqua.it\/Montale\/pugilato-montale\/","title":{"rendered":"Il pugilato a Montale"},"content":{"rendered":"<p><em><em>di\u00a0Marco Bagnoli<\/em><br \/>\n<\/em><\/p>\n<div><em>dicembre 2016<\/em><\/div>\n<div><a href=\"https:\/\/www.noidiqua.it\/Montale\/wp-content\/uploads\/2016\/12\/PUGILATO-A-MONTALE-2.png\" rel=\"wp-prettyPhoto[4462]\"><img loading=\"lazy\" decoding=\"async\" class=\"aligncenter size-full wp-image-6926\" src=\"https:\/\/www.noidiqua.it\/Montale\/wp-content\/uploads\/2016\/12\/PUGILATO-A-MONTALE-2.png\" alt=\"\" width=\"450\" height=\"253\" srcset=\"https:\/\/www.noidiqua.it\/Montale\/wp-content\/uploads\/2016\/12\/PUGILATO-A-MONTALE-2.png 450w, https:\/\/www.noidiqua.it\/Montale\/wp-content\/uploads\/2016\/12\/PUGILATO-A-MONTALE-2-300x169.png 300w\" sizes=\"auto, (max-width: 450px) 100vw, 450px\" \/><\/a><\/div>\n<div><span class=\"s1\">Lo scorso 15 luglio si \u00e8 svolta a <strong>Montale<\/strong> una serata di sport del tutto eccezionale: si \u00e8 trattato del ritorno della <strong>boxe<\/strong> dopo un\u2019assenza di quarant\u2019anni, quando a organizzare fu <a href=\"https:\/\/www.noidiqua.it\/Montale\/votino-fedele-tra-sport-impresa-e-tanta-solidarieta\/\"><strong>Votino Fedele<\/strong><\/a>, a sua volta ex pugile e noto commerciante di Montale. Artefice della serata il <a href=\"https:\/\/www.noidiqua.it\/Montale\/comitato-festeggiamenti-montale\/\"><strong>Comitato Festeggiamenti Montale<\/strong><\/a>, lo stesso che si occupa del <strong>Torneo dei rioni<\/strong>, la <strong>Pugilistica pratese<\/strong>, che si \u00e8 occupata della parte organizzativa, e gli immancabili sponsor, la Co.Eg snc edile, Votino supermercati e Central gomme. Va ricordata anche la presenza della misericordia di Montale, che si \u00e8 resa disponibile con un\u2019ambulanza \u00e8 col supporto medico a bordo ring. Il tutto a consentito lo svolgimento di una bella serata di sport e aggregazione, lasciando auspicare il meglio per l\u2019anno che verr\u00e0. I trecento ingressi paganti hanno contribuito al rientro delle spese \u2013 i pugili, gli arbitri, i vari tecnici luci e suono \u2013 e hanno addirittura assicurato un piccolo margine di guadagno.\u00a0<\/span>La serata si \u00e8 svolta nell\u2019ambito dell\u2019ormai consueto Torneo dei rioni, con l\u2019allestimento del ring all\u2019interno del perimetro di gioco. Si sono svolti sette incontri, a partire dai dilettanti junior di quindici-sedici anni fino agli ultimi due disputati dagli elite senza caschetto sui trent\u2019anni, la categoria prossima al professionismo. L\u2019ultimo match ha visto il ritorno sul ring dopo ben quindici anni di <strong>Tony Del Re<\/strong>. Ospite della serata il due volte campione dei pesi <strong>Welter Francesco Di Fiore<\/strong> di Prato.<\/div>\n<div><a href=\"https:\/\/www.noidiqua.it\/Montale\/wp-content\/uploads\/2016\/12\/PUGILATO-A-MONTALE-3.png\" rel=\"wp-prettyPhoto[4462]\"><img loading=\"lazy\" decoding=\"async\" class=\"aligncenter size-full wp-image-6928\" src=\"https:\/\/www.noidiqua.it\/Montale\/wp-content\/uploads\/2016\/12\/PUGILATO-A-MONTALE-3.png\" alt=\"\" width=\"450\" height=\"253\" srcset=\"https:\/\/www.noidiqua.it\/Montale\/wp-content\/uploads\/2016\/12\/PUGILATO-A-MONTALE-3.png 450w, https:\/\/www.noidiqua.it\/Montale\/wp-content\/uploads\/2016\/12\/PUGILATO-A-MONTALE-3-300x169.png 300w\" sizes=\"auto, (max-width: 450px) 100vw, 450px\" \/><\/a><\/div>\n<div><span class=\"s1\">A mettere in moto l\u2019intero meccanismo \u00e8 stato <strong>Lello Galotta<\/strong>, titolare della Co.Eg snc e grande appassionato di boxe. Nei suoi trascorsi, oltre al calcio, al paracadutismo e al motociclismo, c\u2019era infatti la boxe \u2013 e c\u2019\u00e8 ancora, dal momento che continua ad allenarsi. A suo tempo, intorno i sedici anni, Lello abbandon\u00f2 il mondo del calcio per avvicinarsi a quello dei guantoni, iscrivendosi proprio alla Pugilistica pratese. Sceso dal ring verso i ventiquattro anni per impegni di lavoro, la passione gli si riaccende quando il figlio maggiore, <strong>Andrea<\/strong>, all\u2019epoca diciassettenne, decide a sua volta di abbandonare il pallone per seguire il padre in palestra. A quel punto i giochi erano fatti e la passione si era ormai trasmessa, nel migliore dei modi, di padre in figlio. Lo stesso Andrea, gi\u00e0 campione regionale di pesi massimi al Torneo Nepi 2016 di Firenze avrebbe dovuto disputare un incontro nel corso della serata, salvo dover rinunciare per un infortunio alla spalla. Lello propose questa serata di boxe nell\u2019ambito della festa delle Quarant\u2019ore, per il maggio di quest\u2019anno, ma gli organizzatori giudicarono lo sport poco confacente all\u2019atmosfera della festivit\u00e0 religiosa. Sar\u00e0 il Comune, a sua volta contattato dalla Pugilistica pratese, a riprendere in mano la questione per inserirla in un contesto pi\u00f9 consono, quello appunto del Torneo dei rioni.<\/span><\/div>\n<div><a href=\"https:\/\/www.noidiqua.it\/Montale\/wp-content\/uploads\/2016\/12\/PUGILATO-A-MONTALE-4.png\" rel=\"wp-prettyPhoto[4462]\"><img loading=\"lazy\" decoding=\"async\" class=\"aligncenter size-full wp-image-6929\" src=\"https:\/\/www.noidiqua.it\/Montale\/wp-content\/uploads\/2016\/12\/PUGILATO-A-MONTALE-4.png\" alt=\"\" width=\"450\" height=\"265\" srcset=\"https:\/\/www.noidiqua.it\/Montale\/wp-content\/uploads\/2016\/12\/PUGILATO-A-MONTALE-4.png 450w, https:\/\/www.noidiqua.it\/Montale\/wp-content\/uploads\/2016\/12\/PUGILATO-A-MONTALE-4-300x177.png 300w\" sizes=\"auto, (max-width: 450px) 100vw, 450px\" \/><\/a><\/div>\n<div><span class=\"s1\">La situazione della boxe a Montale rispecchia la condizione di nicchia che questo sport sperimenta anche a livello nazionale, ormai marginalizzato dai grandi sponsor e dal calcio che occupa da solo quasi tutto lo spazio; allestire una palestra per il pugilato qua a Montale significherebbe ottenere dal Comune la copertura della totalit\u00e0 delle spese, in modo da consentire una retta per i partecipanti in linea con la vocazione popolare che contraddistingue questo sport; un tipo di disponibilit\u00e0 che al momento il Comune non si pu\u00f2 consentire. Per questo motivo ci si \u00e8 appoggiati alla Pugilistica pratese \u2013 anche perch\u00e9 di pugili veri Montale ne \u00e8 rimasto solo uno, proprio<strong> Andrea Galotta<\/strong>, uno da sette allenamenti la settimana, uno che dopo il lavoro si rinchiude in palestra \u2013 insomma uno serio.\u00a0<\/span><\/div>\n<div><\/div>\n<div><\/div>\n<div><span class=\"s1\"><i>\u00abIl pugilato \u00e8 uno sport che fa molto bene, allo spirito e al corpo\u00bb<\/i>, ci dice Lello: <i>\u00abinsegna il rispetto delle regole, quello per l\u2019avversario e per se stessi. Sono contento che questa bella serata abbia consentito di sfatare la cattiva nomea che il pugilato si porta dietro, quando alla fine \u00e8 molto pi\u00f9 facile litigare a una partita di calcio che a bordo ring\u00bb<\/i>.<\/span><\/div>\n<div><\/div>\n<p class=\"p1\" style=\"text-align: justify;\">\n<p class=\"p1\" style=\"text-align: justify;\">","protected":false},"excerpt":{"rendered":"<p>di\u00a0Marco Bagnoli dicembre 2016 Lo scorso 15 luglio si \u00e8 svolta a Montale una serata di sport del tutto eccezionale: si \u00e8 trattato del ritorno della boxe dopo un\u2019assenza di quarant\u2019anni, quando a organizzare fu Votino Fedele, a sua volta ex pugile e noto commerciante di Montale. Artefice della serata il Comitato Festeggiamenti Montale, [&hellip;]<\/p>","protected":false},"author":3,"featured_media":0,"comment_status":"open","ping_status":"open","sticky":false,"template":"","format":"standard","meta":{"footnotes":""},"categories":[171,7],"tags":[758,751,752,757,995,754,755,753,164,756],"class_list":["post-4462","post","type-post","status-publish","format-standard","hentry","category-lo-sport-di-qua","category-mt","tag-andrea","tag-boxe","tag-comitato-festeggiamenti-montale","tag-lello-galotta","tag-mt","tag-pugilistica-pratese","tag-tony-del-re","tag-torneo-dei-rioni","tag-votino-fedele","tag-welter-francesco-di-fiore"],"yoast_head":"<!-- This site is optimized with the Yoast SEO plugin v25.5 - https:\/\/yoast.com\/wordpress\/plugins\/seo\/ -->\n<title>Il pugilato a Montale - Noi di Qua Testata giornalistica e di attualit\u00e0 di Agliana, Montale e Quarrata.<\/title>\n<meta name=\"robots\" content=\"index, follow, max-snippet:-1, max-image-preview:large, max-video-preview:-1\" \/>\n<link rel=\"canonical\" href=\"https:\/\/www.noidiqua.it\/Montale\/pugilato-montale\/\" \/>\n<meta property=\"og:locale\" content=\"it_IT\" \/>\n<meta property=\"og:type\" content=\"article\" \/>\n<meta property=\"og:title\" content=\"Il pugilato a Montale - Noi di Qua Testata giornalistica e di attualit\u00e0 di Agliana, Montale e Quarrata.\" \/>\n<meta property=\"og:description\" content=\"di\u00a0Marco Bagnoli dicembre 2016 Lo scorso 15 luglio si \u00e8 svolta a Montale una serata di sport del tutto eccezionale: si \u00e8 trattato del ritorno della boxe dopo un\u2019assenza di quarant\u2019anni, quando a organizzare fu Votino Fedele, a sua volta ex pugile e noto commerciante di Montale. Artefice della serata il Comitato Festeggiamenti Montale, [&hellip;]\" \/>\n<meta property=\"og:url\" content=\"https:\/\/www.noidiqua.it\/Montale\/pugilato-montale\/\" \/>\n<meta property=\"og:site_name\" content=\"Noi di Qua Testata giornalistica e di attualit\u00e0 di Agliana, Montale e Quarrata.\" \/>\n<meta property=\"article:publisher\" content=\"https:\/\/www.facebook.com\/noidiqua.trimestrale\/\" \/>\n<meta property=\"article:published_time\" content=\"2016-12-01T11:39:16+00:00\" \/>\n<meta property=\"article:modified_time\" content=\"2022-07-22T08:59:18+00:00\" \/>\n<meta property=\"og:image\" content=\"https:\/\/www.noidiqua.it\/Montale\/wp-content\/uploads\/2016\/12\/PUGILATO-A-MONTALE-2.png\" \/>\n<meta name=\"author\" content=\"Marco Bagnoli\" \/>\n<meta name=\"twitter:label1\" content=\"Scritto da\" \/>\n\t<meta name=\"twitter:data1\" content=\"Marco Bagnoli\" \/>\n\t<meta name=\"twitter:label2\" content=\"Tempo di lettura stimato\" \/>\n\t<meta name=\"twitter:data2\" content=\"3 minuti\" \/>\n<script type=\"application\/ld+json\" class=\"yoast-schema-graph\">{\"@context\":\"https:\/\/schema.org\",\"@graph\":[{\"@type\":\"WebPage\",\"@id\":\"https:\/\/www.noidiqua.it\/Montale\/pugilato-montale\/\",\"url\":\"https:\/\/www.noidiqua.it\/Montale\/pugilato-montale\/\",\"name\":\"Il pugilato a Montale - Noi di Qua Testata giornalistica e di attualit\u00e0 di Agliana, Montale e Quarrata.\",\"isPartOf\":{\"@id\":\"https:\/\/www.noidiqua.it\/Montale\/#website\"},\"primaryImageOfPage\":{\"@id\":\"https:\/\/www.noidiqua.it\/Montale\/pugilato-montale\/#primaryimage\"},\"image\":{\"@id\":\"https:\/\/www.noidiqua.it\/Montale\/pugilato-montale\/#primaryimage\"},\"thumbnailUrl\":\"https:\/\/www.noidiqua.it\/Montale\/wp-content\/uploads\/2016\/12\/PUGILATO-A-MONTALE-2.png\",\"datePublished\":\"2016-12-01T11:39:16+00:00\",\"dateModified\":\"2022-07-22T08:59:18+00:00\",\"author\":{\"@id\":\"https:\/\/www.noidiqua.it\/Montale\/#\/schema\/person\/4e183cb0c6d7951e716a876aa702e1a2\"},\"breadcrumb\":{\"@id\":\"https:\/\/www.noidiqua.it\/Montale\/pugilato-montale\/#breadcrumb\"},\"inLanguage\":\"it-IT\",\"potentialAction\":[{\"@type\":\"ReadAction\",\"target\":[\"https:\/\/www.noidiqua.it\/Montale\/pugilato-montale\/\"]}]},{\"@type\":\"ImageObject\",\"inLanguage\":\"it-IT\",\"@id\":\"https:\/\/www.noidiqua.it\/Montale\/pugilato-montale\/#primaryimage\",\"url\":\"https:\/\/www.noidiqua.it\/Montale\/wp-content\/uploads\/2016\/12\/PUGILATO-A-MONTALE-2.png\",\"contentUrl\":\"https:\/\/www.noidiqua.it\/Montale\/wp-content\/uploads\/2016\/12\/PUGILATO-A-MONTALE-2.png\",\"width\":450,\"height\":253},{\"@type\":\"BreadcrumbList\",\"@id\":\"https:\/\/www.noidiqua.it\/Montale\/pugilato-montale\/#breadcrumb\",\"itemListElement\":[{\"@type\":\"ListItem\",\"position\":1,\"name\":\"Home\",\"item\":\"https:\/\/www.noidiqua.it\/Montale\/\"},{\"@type\":\"ListItem\",\"position\":2,\"name\":\"Il pugilato a Montale\"}]},{\"@type\":\"WebSite\",\"@id\":\"https:\/\/www.noidiqua.it\/Montale\/#website\",\"url\":\"https:\/\/www.noidiqua.it\/Montale\/\",\"name\":\"Noi di Qua Testata giornalistica e di attualit\u00e0 di Agliana, Montale e Quarrata.\",\"description\":\"Testata Giornalistica Quarrata Montale Agliana\",\"potentialAction\":[{\"@type\":\"SearchAction\",\"target\":{\"@type\":\"EntryPoint\",\"urlTemplate\":\"https:\/\/www.noidiqua.it\/Montale\/?s={search_term_string}\"},\"query-input\":{\"@type\":\"PropertyValueSpecification\",\"valueRequired\":true,\"valueName\":\"search_term_string\"}}],\"inLanguage\":\"it-IT\"},{\"@type\":\"Person\",\"@id\":\"https:\/\/www.noidiqua.it\/Montale\/#\/schema\/person\/4e183cb0c6d7951e716a876aa702e1a2\",\"name\":\"Marco Bagnoli\",\"image\":{\"@type\":\"ImageObject\",\"inLanguage\":\"it-IT\",\"@id\":\"https:\/\/www.noidiqua.it\/Montale\/#\/schema\/person\/image\/\",\"url\":\"https:\/\/secure.gravatar.com\/avatar\/73ace53724c50db9c48af54756f17b7cdb015a9d8d2c08c7e04e480539a94eee?s=96&d=mm&r=g\",\"contentUrl\":\"https:\/\/secure.gravatar.com\/avatar\/73ace53724c50db9c48af54756f17b7cdb015a9d8d2c08c7e04e480539a94eee?s=96&d=mm&r=g\",\"caption\":\"Marco Bagnoli\"},\"url\":\"https:\/\/www.noidiqua.it\/Montale\/author\/marco-bagnoli\/\"}]}<\/script>\n<!-- \/ Yoast SEO plugin. -->","yoast_head_json":{"title":"Il pugilato a Montale - Noi di Qua Testata giornalistica e di attualit\u00e0 di Agliana, Montale e Quarrata.","robots":{"index":"index","follow":"follow","max-snippet":"max-snippet:-1","max-image-preview":"max-image-preview:large","max-video-preview":"max-video-preview:-1"},"canonical":"https:\/\/www.noidiqua.it\/Montale\/pugilato-montale\/","og_locale":"it_IT","og_type":"article","og_title":"Il pugilato a Montale - Noi di Qua Testata giornalistica e di attualit\u00e0 di Agliana, Montale e Quarrata.","og_description":"di\u00a0Marco Bagnoli dicembre 2016 Lo scorso 15 luglio si \u00e8 svolta a Montale una serata di sport del tutto eccezionale: si \u00e8 trattato del ritorno della boxe dopo un\u2019assenza di quarant\u2019anni, quando a organizzare fu Votino Fedele, a sua volta ex pugile e noto commerciante di Montale. Artefice della serata il Comitato Festeggiamenti Montale, [&hellip;]","og_url":"https:\/\/www.noidiqua.it\/Montale\/pugilato-montale\/","og_site_name":"Noi di Qua Testata giornalistica e di attualit\u00e0 di Agliana, Montale e Quarrata.","article_publisher":"https:\/\/www.facebook.com\/noidiqua.trimestrale\/","article_published_time":"2016-12-01T11:39:16+00:00","article_modified_time":"2022-07-22T08:59:18+00:00","og_image":[{"url":"https:\/\/www.noidiqua.it\/Montale\/wp-content\/uploads\/2016\/12\/PUGILATO-A-MONTALE-2.png","type":"","width":"","height":""}],"author":"Marco Bagnoli","twitter_misc":{"Scritto da":"Marco Bagnoli","Tempo di lettura stimato":"3 minuti"},"schema":{"@context":"https:\/\/schema.org","@graph":[{"@type":"WebPage","@id":"https:\/\/www.noidiqua.it\/Montale\/pugilato-montale\/","url":"https:\/\/www.noidiqua.it\/Montale\/pugilato-montale\/","name":"Il pugilato a Montale - Noi di Qua Testata giornalistica e di attualit\u00e0 di Agliana, Montale e Quarrata.","isPartOf":{"@id":"https:\/\/www.noidiqua.it\/Montale\/#website"},"primaryImageOfPage":{"@id":"https:\/\/www.noidiqua.it\/Montale\/pugilato-montale\/#primaryimage"},"image":{"@id":"https:\/\/www.noidiqua.it\/Montale\/pugilato-montale\/#primaryimage"},"thumbnailUrl":"https:\/\/www.noidiqua.it\/Montale\/wp-content\/uploads\/2016\/12\/PUGILATO-A-MONTALE-2.png","datePublished":"2016-12-01T11:39:16+00:00","dateModified":"2022-07-22T08:59:18+00:00","author":{"@id":"https:\/\/www.noidiqua.it\/Montale\/#\/schema\/person\/4e183cb0c6d7951e716a876aa702e1a2"},"breadcrumb":{"@id":"https:\/\/www.noidiqua.it\/Montale\/pugilato-montale\/#breadcrumb"},"inLanguage":"it-IT","potentialAction":[{"@type":"ReadAction","target":["https:\/\/www.noidiqua.it\/Montale\/pugilato-montale\/"]}]},{"@type":"ImageObject","inLanguage":"it-IT","@id":"https:\/\/www.noidiqua.it\/Montale\/pugilato-montale\/#primaryimage","url":"https:\/\/www.noidiqua.it\/Montale\/wp-content\/uploads\/2016\/12\/PUGILATO-A-MONTALE-2.png","contentUrl":"https:\/\/www.noidiqua.it\/Montale\/wp-content\/uploads\/2016\/12\/PUGILATO-A-MONTALE-2.png","width":450,"height":253},{"@type":"BreadcrumbList","@id":"https:\/\/www.noidiqua.it\/Montale\/pugilato-montale\/#breadcrumb","itemListElement":[{"@type":"ListItem","position":1,"name":"Home","item":"https:\/\/www.noidiqua.it\/Montale\/"},{"@type":"ListItem","position":2,"name":"Il pugilato a Montale"}]},{"@type":"WebSite","@id":"https:\/\/www.noidiqua.it\/Montale\/#website","url":"https:\/\/www.noidiqua.it\/Montale\/","name":"Noi di Qua Testata giornalistica e di attualit\u00e0 di Agliana, Montale e Quarrata.","description":"Testata Giornalistica Quarrata Montale Agliana","potentialAction":[{"@type":"SearchAction","target":{"@type":"EntryPoint","urlTemplate":"https:\/\/www.noidiqua.it\/Montale\/?s={search_term_string}"},"query-input":{"@type":"PropertyValueSpecification","valueRequired":true,"valueName":"search_term_string"}}],"inLanguage":"it-IT"},{"@type":"Person","@id":"https:\/\/www.noidiqua.it\/Montale\/#\/schema\/person\/4e183cb0c6d7951e716a876aa702e1a2","name":"Marco Bagnoli","image":{"@type":"ImageObject","inLanguage":"it-IT","@id":"https:\/\/www.noidiqua.it\/Montale\/#\/schema\/person\/image\/","url":"https:\/\/secure.gravatar.com\/avatar\/73ace53724c50db9c48af54756f17b7cdb015a9d8d2c08c7e04e480539a94eee?s=96&d=mm&r=g","contentUrl":"https:\/\/secure.gravatar.com\/avatar\/73ace53724c50db9c48af54756f17b7cdb015a9d8d2c08c7e04e480539a94eee?s=96&d=mm&r=g","caption":"Marco Bagnoli"},"url":"https:\/\/www.noidiqua.it\/Montale\/author\/marco-bagnoli\/"}]}},"_links":{"self":[{"href":"https:\/\/www.noidiqua.it\/Montale\/wp-json\/wp\/v2\/posts\/4462","targetHints":{"allow":["GET"]}}],"collection":[{"href":"https:\/\/www.noidiqua.it\/Montale\/wp-json\/wp\/v2\/posts"}],"about":[{"href":"https:\/\/www.noidiqua.it\/Montale\/wp-json\/wp\/v2\/types\/post"}],"author":[{"embeddable":true,"href":"https:\/\/www.noidiqua.it\/Montale\/wp-json\/wp\/v2\/users\/3"}],"replies":[{"embeddable":true,"href":"https:\/\/www.noidiqua.it\/Montale\/wp-json\/wp\/v2\/comments?post=4462"}],"version-history":[{"count":5,"href":"https:\/\/www.noidiqua.it\/Montale\/wp-json\/wp\/v2\/posts\/4462\/revisions"}],"predecessor-version":[{"id":6930,"href":"https:\/\/www.noidiqua.it\/Montale\/wp-json\/wp\/v2\/posts\/4462\/revisions\/6930"}],"wp:attachment":[{"href":"https:\/\/www.noidiqua.it\/Montale\/wp-json\/wp\/v2\/media?parent=4462"}],"wp:term":[{"taxonomy":"category","embeddable":true,"href":"https:\/\/www.noidiqua.it\/Montale\/wp-json\/wp\/v2\/categories?post=4462"},{"taxonomy":"post_tag","embeddable":true,"href":"https:\/\/www.noidiqua.it\/Montale\/wp-json\/wp\/v2\/tags?post=4462"}],"curies":[{"name":"wp","href":"https:\/\/api.w.org\/{rel}","templated":true}]}}