{"id":4523,"date":"2016-12-01T11:57:01","date_gmt":"2016-12-01T10:57:01","guid":{"rendered":"https:\/\/www.noidiqua.it\/Montale\/?p=4523"},"modified":"2022-07-22T11:40:29","modified_gmt":"2022-07-22T09:40:29","slug":"battaglia-poggio-alto-passato-presente","status":"publish","type":"post","link":"https:\/\/www.noidiqua.it\/Montale\/battaglia-poggio-alto-passato-presente\/","title":{"rendered":"La battaglia di Poggio Alto &#8211; fra passato e presente"},"content":{"rendered":"<p><em>di\u00a0Giacomo Bini<\/em><\/p>\n<p>dicembre\u00a02016<\/p>\n<p><a href=\"https:\/\/www.noidiqua.it\/Montale\/wp-content\/uploads\/2016\/12\/BATTAGLIA-POGGIO-ALTO-2.png\" rel=\"wp-prettyPhoto[4523]\"><img loading=\"lazy\" decoding=\"async\" class=\"aligncenter size-full wp-image-6958\" src=\"https:\/\/www.noidiqua.it\/Montale\/wp-content\/uploads\/2016\/12\/BATTAGLIA-POGGIO-ALTO-2.png\" alt=\"\" width=\"450\" height=\"338\" srcset=\"https:\/\/www.noidiqua.it\/Montale\/wp-content\/uploads\/2016\/12\/BATTAGLIA-POGGIO-ALTO-2.png 450w, https:\/\/www.noidiqua.it\/Montale\/wp-content\/uploads\/2016\/12\/BATTAGLIA-POGGIO-ALTO-2-300x225.png 300w\" sizes=\"auto, (max-width: 450px) 100vw, 450px\" \/><\/a><\/p>\n<p><strong>Palu Ram<\/strong> e <strong>Hari Singh<\/strong> erano due ragazzi di 19 e 20 anni, nati a <strong>Rothak<\/strong> e <strong>Hisar<\/strong>, in due citt\u00e0 indiane sulla strada che da <strong>Nuova Delhi<\/strong> conduce al<strong> Punjab<\/strong>, che trovarono la morte sulle nostre montagne, in localit\u00e0 <strong>Poggio Alto<\/strong>, durante una cruenta battaglia combattuta dal 13 al 16 settembre 1944. Palu e Hari vestivano la divisa del 13\u00b0 Frontier Force Rifles, il reparto dei fucilieri delle <strong>truppe coloniali britanniche<\/strong> che combatterono e morirono per liberare l\u2019Italia da nazisti.<\/p>\n<p>I resti dei due giovani soldati indiani, non pi\u00f9 di un mucchio confuso di ossa, furono ritrovati nel 1996 e l\u2019identificazione dei due corpi si deve ad una indagine condotta dalla Procura di Prato, in particolare del <strong>sostituto procuratore<\/strong> <strong>Sergio Affronte<\/strong>, supportata dalla ricerca scientifica dell\u2019archeologo e antropologo forense <strong>Matteo Borrini<\/strong>. Le ossa ritrovate a Poggio Alto hanno ricevuto un nome nel 2012 e cos\u00ec i due ragazzi in divisa hanno potuto riemergere con la loro identit\u00e0 dalla lista dei dispersi, di cui le famiglie di origine non hanno saputo pi\u00f9 nulla. La battaglia di Poggio Alto fu una delle pi\u00f9 drammatiche della storia della <strong>Linea Gotica<\/strong>. Si svolse sul crinale che sovrasta la <strong>valle dell\u2019Agna<\/strong> a protezione dei passi degli <strong>Acquiputoli<\/strong> e delle <strong>Cavallaie<\/strong> tra le truppe indiane aggregate alla 6a divisione corazzata sudafricana e i reparti tedeschi della 362a divisione di fanteria. Per ricordare la battaglia gli <strong>Alpini di Montale<\/strong> hanno avuto la meritoria iniziativa di realizzare, trasportare e installare sul Poggio Alto una croce in ferro alta quattro metri. Nei mesi scorsi quei luoghi, carichi di memoria e anche interessantissimi dal punto di vista paesaggistico, sono stati oggetto di un importante opera di recupero degli itinerari della Linea Gotica, con i suoi camminamenti e le sue postazioni. Sono stati ripristinati, ripuliti e segnati dei percorsi che consentono di compiere un tuffo nella storia e anche di godere delle bellezze ancora incontaminate di quei luoghi.<\/p>\n<p><a href=\"https:\/\/www.noidiqua.it\/Montale\/wp-content\/uploads\/2016\/12\/BATTAGLIA-POGGIO-ALTO-.png\" rel=\"wp-prettyPhoto[4523]\"><img loading=\"lazy\" decoding=\"async\" class=\"aligncenter size-full wp-image-6960\" src=\"https:\/\/www.noidiqua.it\/Montale\/wp-content\/uploads\/2016\/12\/BATTAGLIA-POGGIO-ALTO-.png\" alt=\"\" width=\"450\" height=\"338\" srcset=\"https:\/\/www.noidiqua.it\/Montale\/wp-content\/uploads\/2016\/12\/BATTAGLIA-POGGIO-ALTO-.png 450w, https:\/\/www.noidiqua.it\/Montale\/wp-content\/uploads\/2016\/12\/BATTAGLIA-POGGIO-ALTO--300x225.png 300w\" sizes=\"auto, (max-width: 450px) 100vw, 450px\" \/><\/a><\/p>\n<p>All\u2019iniziativa, promossa dall\u2019Amministrazione Comunale di Montale, hanno collaborato attivamente molte associazioni come la<strong> Linea Gotica Pistoiese<\/strong>, il <strong>Gruppo Storico di ricerca Linea Gotica 1943-1945<\/strong> <strong>Montemurlo,<\/strong> la <strong>Vab Montale<\/strong>, il <strong>Cai Prato<\/strong>, la <strong>Protezione civile Croce d\u2019Oro Montale<\/strong> e il gruppo Alpini sezione di Montale, che hanno contribuito al ripristino dei sentieri.<\/p>\n<p>Il <strong>2 Ottobre scorso<\/strong> si \u00e8 svolta una \u201ccamminata nella storia\u201d nei luoghi della battaglia di Poggio Alto. Erano presenti l\u2019assessore alla cultura di Montale <strong>Alessandro Galardini<\/strong>, che ha deposto una corona d\u2019alloro alla croce sul Poggio Alto e il vicesindaco di <strong>Cantagallo<\/strong> <strong>Stefano Ferri<\/strong> proprio perch\u00e9 Poggio Alto con i suoi 995 metri sul livello del mare \u00e8 al confine fra i due comuni. Si \u00e8 anche svolta una ricostruzione storica della battaglia grazie a gruppi che si dedicano alla rappresentazione di eventi scritti sulle pagine di Storia. C\u2019erano le truppe tedesche con il loro campo base e gli Alleati che cercavano di risalire la montagna, tra loro si poteva immaginare, nella nebbia, le sagome di Palu e Hari, che caddero, giovanissimi, sotto i colpi della <strong>362\u00b0 divisione fanteria<\/strong> del generale<strong> Greiner<\/strong>.<\/p>\n<p><a href=\"https:\/\/www.noidiqua.it\/Montale\/wp-content\/uploads\/2016\/12\/BATTAGLIA-POGGIO-ALTO-3.png\" rel=\"wp-prettyPhoto[4523]\"><img loading=\"lazy\" decoding=\"async\" class=\"aligncenter size-full wp-image-6961\" src=\"https:\/\/www.noidiqua.it\/Montale\/wp-content\/uploads\/2016\/12\/BATTAGLIA-POGGIO-ALTO-3.png\" alt=\"\" width=\"450\" height=\"383\" srcset=\"https:\/\/www.noidiqua.it\/Montale\/wp-content\/uploads\/2016\/12\/BATTAGLIA-POGGIO-ALTO-3.png 450w, https:\/\/www.noidiqua.it\/Montale\/wp-content\/uploads\/2016\/12\/BATTAGLIA-POGGIO-ALTO-3-300x255.png 300w\" sizes=\"auto, (max-width: 450px) 100vw, 450px\" \/><\/a><\/p>\n<p>&nbsp;<\/p>\n<p class=\"p1\" style=\"text-align: justify;\">","protected":false},"excerpt":{"rendered":"<p>di\u00a0Giacomo Bini dicembre\u00a02016 Palu Ram e Hari Singh erano due ragazzi di 19 e 20 anni, nati a Rothak e Hisar, in due citt\u00e0 indiane sulla strada che da Nuova Delhi conduce al Punjab, che trovarono la morte sulle nostre montagne, in localit\u00e0 Poggio Alto, durante una cruenta battaglia combattuta dal 13 al 16 [&hellip;]<\/p>","protected":false},"author":12,"featured_media":0,"comment_status":"open","ping_status":"open","sticky":false,"template":"","format":"standard","meta":{"footnotes":""},"categories":[7,26],"tags":[835,838,828,836,830,833,189,829,839,816,818,826,831,825,819,815,220,834,820,817,821,824,823,837,822,832,827],"class_list":["post-4523","post","type-post","status-publish","format-standard","hentry","category-mt","category-notizie-dal-passato","tag-2-ottobre-scorso","tag-362-divisione-fanteria","tag-acquiputoli","tag-alessandro-galardini","tag-alpini-di-montale","tag-cai-prato","tag-cantagallo","tag-cavallaie","tag-greiner","tag-hari-singh","tag-hisar","tag-linea-gotica","tag-linea-gotica-pistoiese","tag-matteo-borrini","tag-nuova-delhi","tag-palu-ram","tag-poggio-alto","tag-protezione-civile-croce-doro-montale","tag-punjab","tag-rothak","tag-seconda-guerra-mondiale","tag-sergio-affronte","tag-sostituto-procuratore","tag-stefano-ferri","tag-truppe-coloniali-britanniche","tag-vab-montale","tag-valle-dellagna"],"yoast_head":"<!-- This site is optimized with the Yoast SEO plugin v25.5 - https:\/\/yoast.com\/wordpress\/plugins\/seo\/ -->\n<title>La battaglia di Poggio Alto - fra passato e presente - Noi di Qua Testata giornalistica e di attualit\u00e0 di Agliana, Montale e Quarrata.<\/title>\n<meta name=\"robots\" content=\"index, follow, max-snippet:-1, max-image-preview:large, max-video-preview:-1\" \/>\n<link rel=\"canonical\" href=\"https:\/\/www.noidiqua.it\/Montale\/battaglia-poggio-alto-passato-presente\/\" \/>\n<meta property=\"og:locale\" content=\"it_IT\" \/>\n<meta property=\"og:type\" content=\"article\" \/>\n<meta property=\"og:title\" content=\"La battaglia di Poggio Alto - fra passato e presente - Noi di Qua Testata giornalistica e di attualit\u00e0 di Agliana, Montale e Quarrata.\" \/>\n<meta property=\"og:description\" content=\"di\u00a0Giacomo Bini dicembre\u00a02016 Palu Ram e Hari Singh erano due ragazzi di 19 e 20 anni, nati a Rothak e Hisar, in due citt\u00e0 indiane sulla strada che da Nuova Delhi conduce al Punjab, che trovarono la morte sulle nostre montagne, in localit\u00e0 Poggio Alto, durante una cruenta battaglia combattuta dal 13 al 16 [&hellip;]\" \/>\n<meta property=\"og:url\" content=\"https:\/\/www.noidiqua.it\/Montale\/battaglia-poggio-alto-passato-presente\/\" \/>\n<meta property=\"og:site_name\" content=\"Noi di Qua Testata giornalistica e di attualit\u00e0 di Agliana, Montale e Quarrata.\" \/>\n<meta property=\"article:publisher\" content=\"https:\/\/www.facebook.com\/noidiqua.trimestrale\/\" \/>\n<meta property=\"article:published_time\" content=\"2016-12-01T10:57:01+00:00\" \/>\n<meta property=\"article:modified_time\" content=\"2022-07-22T09:40:29+00:00\" \/>\n<meta property=\"og:image\" content=\"https:\/\/www.noidiqua.it\/Montale\/wp-content\/uploads\/2016\/12\/BATTAGLIA-POGGIO-ALTO-2.png\" \/>\n<meta name=\"author\" content=\"Giacomo Bini\" \/>\n<meta name=\"twitter:label1\" content=\"Scritto da\" \/>\n\t<meta name=\"twitter:data1\" content=\"Giacomo Bini\" \/>\n\t<meta name=\"twitter:label2\" content=\"Tempo di lettura stimato\" \/>\n\t<meta name=\"twitter:data2\" content=\"3 minuti\" \/>\n<script type=\"application\/ld+json\" class=\"yoast-schema-graph\">{\"@context\":\"https:\/\/schema.org\",\"@graph\":[{\"@type\":\"WebPage\",\"@id\":\"https:\/\/www.noidiqua.it\/Montale\/battaglia-poggio-alto-passato-presente\/\",\"url\":\"https:\/\/www.noidiqua.it\/Montale\/battaglia-poggio-alto-passato-presente\/\",\"name\":\"La battaglia di Poggio Alto - fra passato e presente - Noi di Qua Testata giornalistica e di attualit\u00e0 di Agliana, Montale e Quarrata.\",\"isPartOf\":{\"@id\":\"https:\/\/www.noidiqua.it\/Montale\/#website\"},\"primaryImageOfPage\":{\"@id\":\"https:\/\/www.noidiqua.it\/Montale\/battaglia-poggio-alto-passato-presente\/#primaryimage\"},\"image\":{\"@id\":\"https:\/\/www.noidiqua.it\/Montale\/battaglia-poggio-alto-passato-presente\/#primaryimage\"},\"thumbnailUrl\":\"https:\/\/www.noidiqua.it\/Montale\/wp-content\/uploads\/2016\/12\/BATTAGLIA-POGGIO-ALTO-2.png\",\"datePublished\":\"2016-12-01T10:57:01+00:00\",\"dateModified\":\"2022-07-22T09:40:29+00:00\",\"author\":{\"@id\":\"https:\/\/www.noidiqua.it\/Montale\/#\/schema\/person\/e2e6f44da50af0dae9c90ad168e471a4\"},\"breadcrumb\":{\"@id\":\"https:\/\/www.noidiqua.it\/Montale\/battaglia-poggio-alto-passato-presente\/#breadcrumb\"},\"inLanguage\":\"it-IT\",\"potentialAction\":[{\"@type\":\"ReadAction\",\"target\":[\"https:\/\/www.noidiqua.it\/Montale\/battaglia-poggio-alto-passato-presente\/\"]}]},{\"@type\":\"ImageObject\",\"inLanguage\":\"it-IT\",\"@id\":\"https:\/\/www.noidiqua.it\/Montale\/battaglia-poggio-alto-passato-presente\/#primaryimage\",\"url\":\"https:\/\/www.noidiqua.it\/Montale\/wp-content\/uploads\/2016\/12\/BATTAGLIA-POGGIO-ALTO-2.png\",\"contentUrl\":\"https:\/\/www.noidiqua.it\/Montale\/wp-content\/uploads\/2016\/12\/BATTAGLIA-POGGIO-ALTO-2.png\",\"width\":450,\"height\":338},{\"@type\":\"BreadcrumbList\",\"@id\":\"https:\/\/www.noidiqua.it\/Montale\/battaglia-poggio-alto-passato-presente\/#breadcrumb\",\"itemListElement\":[{\"@type\":\"ListItem\",\"position\":1,\"name\":\"Home\",\"item\":\"https:\/\/www.noidiqua.it\/Montale\/\"},{\"@type\":\"ListItem\",\"position\":2,\"name\":\"La battaglia di Poggio Alto &#8211; fra passato e presente\"}]},{\"@type\":\"WebSite\",\"@id\":\"https:\/\/www.noidiqua.it\/Montale\/#website\",\"url\":\"https:\/\/www.noidiqua.it\/Montale\/\",\"name\":\"Noi di Qua Testata giornalistica e di attualit\u00e0 di Agliana, Montale e Quarrata.\",\"description\":\"Testata Giornalistica Quarrata Montale Agliana\",\"potentialAction\":[{\"@type\":\"SearchAction\",\"target\":{\"@type\":\"EntryPoint\",\"urlTemplate\":\"https:\/\/www.noidiqua.it\/Montale\/?s={search_term_string}\"},\"query-input\":{\"@type\":\"PropertyValueSpecification\",\"valueRequired\":true,\"valueName\":\"search_term_string\"}}],\"inLanguage\":\"it-IT\"},{\"@type\":\"Person\",\"@id\":\"https:\/\/www.noidiqua.it\/Montale\/#\/schema\/person\/e2e6f44da50af0dae9c90ad168e471a4\",\"name\":\"Giacomo Bini\",\"image\":{\"@type\":\"ImageObject\",\"inLanguage\":\"it-IT\",\"@id\":\"https:\/\/www.noidiqua.it\/Montale\/#\/schema\/person\/image\/\",\"url\":\"https:\/\/secure.gravatar.com\/avatar\/e5c18ae41df5ae37397358f2c6046696187d51a120c5d0b8f0c49f7b606f46f4?s=96&d=mm&r=g\",\"contentUrl\":\"https:\/\/secure.gravatar.com\/avatar\/e5c18ae41df5ae37397358f2c6046696187d51a120c5d0b8f0c49f7b606f46f4?s=96&d=mm&r=g\",\"caption\":\"Giacomo Bini\"},\"url\":\"https:\/\/www.noidiqua.it\/Montale\/author\/giacomo-bini\/\"}]}<\/script>\n<!-- \/ Yoast SEO plugin. -->","yoast_head_json":{"title":"La battaglia di Poggio Alto - fra passato e presente - Noi di Qua Testata giornalistica e di attualit\u00e0 di Agliana, Montale e Quarrata.","robots":{"index":"index","follow":"follow","max-snippet":"max-snippet:-1","max-image-preview":"max-image-preview:large","max-video-preview":"max-video-preview:-1"},"canonical":"https:\/\/www.noidiqua.it\/Montale\/battaglia-poggio-alto-passato-presente\/","og_locale":"it_IT","og_type":"article","og_title":"La battaglia di Poggio Alto - fra passato e presente - Noi di Qua Testata giornalistica e di attualit\u00e0 di Agliana, Montale e Quarrata.","og_description":"di\u00a0Giacomo Bini dicembre\u00a02016 Palu Ram e Hari Singh erano due ragazzi di 19 e 20 anni, nati a Rothak e Hisar, in due citt\u00e0 indiane sulla strada che da Nuova Delhi conduce al Punjab, che trovarono la morte sulle nostre montagne, in localit\u00e0 Poggio Alto, durante una cruenta battaglia combattuta dal 13 al 16 [&hellip;]","og_url":"https:\/\/www.noidiqua.it\/Montale\/battaglia-poggio-alto-passato-presente\/","og_site_name":"Noi di Qua Testata giornalistica e di attualit\u00e0 di Agliana, Montale e Quarrata.","article_publisher":"https:\/\/www.facebook.com\/noidiqua.trimestrale\/","article_published_time":"2016-12-01T10:57:01+00:00","article_modified_time":"2022-07-22T09:40:29+00:00","og_image":[{"url":"https:\/\/www.noidiqua.it\/Montale\/wp-content\/uploads\/2016\/12\/BATTAGLIA-POGGIO-ALTO-2.png","type":"","width":"","height":""}],"author":"Giacomo Bini","twitter_misc":{"Scritto da":"Giacomo Bini","Tempo di lettura stimato":"3 minuti"},"schema":{"@context":"https:\/\/schema.org","@graph":[{"@type":"WebPage","@id":"https:\/\/www.noidiqua.it\/Montale\/battaglia-poggio-alto-passato-presente\/","url":"https:\/\/www.noidiqua.it\/Montale\/battaglia-poggio-alto-passato-presente\/","name":"La battaglia di Poggio Alto - fra passato e presente - Noi di Qua Testata giornalistica e di attualit\u00e0 di Agliana, Montale e Quarrata.","isPartOf":{"@id":"https:\/\/www.noidiqua.it\/Montale\/#website"},"primaryImageOfPage":{"@id":"https:\/\/www.noidiqua.it\/Montale\/battaglia-poggio-alto-passato-presente\/#primaryimage"},"image":{"@id":"https:\/\/www.noidiqua.it\/Montale\/battaglia-poggio-alto-passato-presente\/#primaryimage"},"thumbnailUrl":"https:\/\/www.noidiqua.it\/Montale\/wp-content\/uploads\/2016\/12\/BATTAGLIA-POGGIO-ALTO-2.png","datePublished":"2016-12-01T10:57:01+00:00","dateModified":"2022-07-22T09:40:29+00:00","author":{"@id":"https:\/\/www.noidiqua.it\/Montale\/#\/schema\/person\/e2e6f44da50af0dae9c90ad168e471a4"},"breadcrumb":{"@id":"https:\/\/www.noidiqua.it\/Montale\/battaglia-poggio-alto-passato-presente\/#breadcrumb"},"inLanguage":"it-IT","potentialAction":[{"@type":"ReadAction","target":["https:\/\/www.noidiqua.it\/Montale\/battaglia-poggio-alto-passato-presente\/"]}]},{"@type":"ImageObject","inLanguage":"it-IT","@id":"https:\/\/www.noidiqua.it\/Montale\/battaglia-poggio-alto-passato-presente\/#primaryimage","url":"https:\/\/www.noidiqua.it\/Montale\/wp-content\/uploads\/2016\/12\/BATTAGLIA-POGGIO-ALTO-2.png","contentUrl":"https:\/\/www.noidiqua.it\/Montale\/wp-content\/uploads\/2016\/12\/BATTAGLIA-POGGIO-ALTO-2.png","width":450,"height":338},{"@type":"BreadcrumbList","@id":"https:\/\/www.noidiqua.it\/Montale\/battaglia-poggio-alto-passato-presente\/#breadcrumb","itemListElement":[{"@type":"ListItem","position":1,"name":"Home","item":"https:\/\/www.noidiqua.it\/Montale\/"},{"@type":"ListItem","position":2,"name":"La battaglia di Poggio Alto &#8211; fra passato e presente"}]},{"@type":"WebSite","@id":"https:\/\/www.noidiqua.it\/Montale\/#website","url":"https:\/\/www.noidiqua.it\/Montale\/","name":"Noi di Qua Testata giornalistica e di attualit\u00e0 di Agliana, Montale e Quarrata.","description":"Testata Giornalistica Quarrata Montale Agliana","potentialAction":[{"@type":"SearchAction","target":{"@type":"EntryPoint","urlTemplate":"https:\/\/www.noidiqua.it\/Montale\/?s={search_term_string}"},"query-input":{"@type":"PropertyValueSpecification","valueRequired":true,"valueName":"search_term_string"}}],"inLanguage":"it-IT"},{"@type":"Person","@id":"https:\/\/www.noidiqua.it\/Montale\/#\/schema\/person\/e2e6f44da50af0dae9c90ad168e471a4","name":"Giacomo Bini","image":{"@type":"ImageObject","inLanguage":"it-IT","@id":"https:\/\/www.noidiqua.it\/Montale\/#\/schema\/person\/image\/","url":"https:\/\/secure.gravatar.com\/avatar\/e5c18ae41df5ae37397358f2c6046696187d51a120c5d0b8f0c49f7b606f46f4?s=96&d=mm&r=g","contentUrl":"https:\/\/secure.gravatar.com\/avatar\/e5c18ae41df5ae37397358f2c6046696187d51a120c5d0b8f0c49f7b606f46f4?s=96&d=mm&r=g","caption":"Giacomo Bini"},"url":"https:\/\/www.noidiqua.it\/Montale\/author\/giacomo-bini\/"}]}},"_links":{"self":[{"href":"https:\/\/www.noidiqua.it\/Montale\/wp-json\/wp\/v2\/posts\/4523","targetHints":{"allow":["GET"]}}],"collection":[{"href":"https:\/\/www.noidiqua.it\/Montale\/wp-json\/wp\/v2\/posts"}],"about":[{"href":"https:\/\/www.noidiqua.it\/Montale\/wp-json\/wp\/v2\/types\/post"}],"author":[{"embeddable":true,"href":"https:\/\/www.noidiqua.it\/Montale\/wp-json\/wp\/v2\/users\/12"}],"replies":[{"embeddable":true,"href":"https:\/\/www.noidiqua.it\/Montale\/wp-json\/wp\/v2\/comments?post=4523"}],"version-history":[{"count":11,"href":"https:\/\/www.noidiqua.it\/Montale\/wp-json\/wp\/v2\/posts\/4523\/revisions"}],"predecessor-version":[{"id":6962,"href":"https:\/\/www.noidiqua.it\/Montale\/wp-json\/wp\/v2\/posts\/4523\/revisions\/6962"}],"wp:attachment":[{"href":"https:\/\/www.noidiqua.it\/Montale\/wp-json\/wp\/v2\/media?parent=4523"}],"wp:term":[{"taxonomy":"category","embeddable":true,"href":"https:\/\/www.noidiqua.it\/Montale\/wp-json\/wp\/v2\/categories?post=4523"},{"taxonomy":"post_tag","embeddable":true,"href":"https:\/\/www.noidiqua.it\/Montale\/wp-json\/wp\/v2\/tags?post=4523"}],"curies":[{"name":"wp","href":"https:\/\/api.w.org\/{rel}","templated":true}]}}