{"id":4551,"date":"2016-12-01T12:32:24","date_gmt":"2016-12-01T11:32:24","guid":{"rendered":"https:\/\/www.noidiqua.it\/Montale\/?p=4551"},"modified":"2022-07-22T10:55:13","modified_gmt":"2022-07-22T08:55:13","slug":"appunti-redazione-10","status":"publish","type":"post","link":"https:\/\/www.noidiqua.it\/Montale\/appunti-redazione-10\/","title":{"rendered":"Appunti di redazione"},"content":{"rendered":"<p><em>di Giacomo Bini<\/em><\/p>\n<p>dicembre 2016<\/p>\n<p><a href=\"https:\/\/www.noidiqua.it\/Montale\/wp-content\/uploads\/2016\/12\/appunti-Natale.png\" rel=\"wp-prettyPhoto[4551]\"><img loading=\"lazy\" decoding=\"async\" class=\"aligncenter size-full wp-image-6923\" src=\"https:\/\/www.noidiqua.it\/Montale\/wp-content\/uploads\/2016\/12\/appunti-Natale.png\" alt=\"\" width=\"514\" height=\"344\" srcset=\"https:\/\/www.noidiqua.it\/Montale\/wp-content\/uploads\/2016\/12\/appunti-Natale.png 514w, https:\/\/www.noidiqua.it\/Montale\/wp-content\/uploads\/2016\/12\/appunti-Natale-300x201.png 300w\" sizes=\"auto, (max-width: 514px) 100vw, 514px\" \/><\/a><\/p>\n<p><span class=\"s1\"><b>Il primo augurio<\/b>\u00a0\u00e8 che i timidi segnali di ripresa emersi nel 2016 si consolidino e ci permettano di tornare a sperare nel futuro. Sfogliando a ritroso le cronache locali della nostra piana si evidenzia come l\u2019anno che si sta per chiudere abbia fatto registrare segni di crescita economica, anche se molto flebili, insieme ad altri segni di stasi dei consumi e di difficolt\u00e0 delle famiglie. La piccola luce \u00e8 l\u2019aumento della produzione industriale nei primi due trimestri nell\u2019area\u00a0<strong>Lucca-Pistoia-Prato<\/strong>\u00a0(dati del Centro Studi di\u00a0<strong>Confindustria)<\/strong>. Le ombre sono la morsa delle spese fisse sulle famiglie con la conseguente stagnazione dei consumi (rapporto di\u00a0<strong>Confcommercio<\/strong>\u00a0di Pistoia) e i nuovi volti della povert\u00e0, con una crescita dei giovani e degli italiani ai centri di ascolto della\u00a0<strong>Caritas<\/strong>. Nove anni di recessione hanno prodotto profonde trasformazioni nella societ\u00e0. Non possiamo pi\u00f9 dire ai nostri figli che sicuramente avranno un futuro migliore del nostro. Molti giovani, sia quelli pi\u00f9 istruiti che quelli meno qualificati, cercano fortuna all\u2019estero. Si \u00e8 ridotta la mobilit\u00e0 sociale e sono aumentate le disuguaglianze. Si assottiglia il ceto medio. L\u2019insicurezza, anche nelle pensioni e nell\u2019assistenza sanitaria, produce un\u2019ansia diffusa, come testimonia il\u00a0<strong>rapporto Censis<\/strong>, e l\u2019ansia \u00e8 l\u2019anticamera del panico, un sentimento pericolosissimo nella vita sociale e nella democrazia. La via di uscita \u00e8 nella vitalit\u00e0 della nostra imprenditoria, nella capacit\u00e0 di lavoro della nostra gente, ma anche nelle tante forme di aggregazione sociale che prevengono e combattono la solitudine, dalla famiglia all\u2019associazionismo. Auguriamo a tutti noi che gli elementi di forza prevalgano e che la congiuntura sia favorevole.\u00a0<\/span><\/p>\n<p><span class=\"s1\"><b>Il secondo augurio<\/b>\u00a0\u00e8 per\u00a0<strong>Pistoia Capitale Nazionale<\/strong>\u00a0della\u00a0<strong>Cultura<\/strong>\u00a0nel 2017. L\u2019occasione \u00e8 da non perdere e non solo dal punto di vista dell\u2019attrazione turistica, ma soprattutto per il prestigio di Pistoia e del suo territorio nel mondo, che potr\u00e0 avere effetti positivi anche oltre l\u2019anno prossimo. A questo proposito, contiamo che il programma allestito per Pistoia Capitale non dimentichi la nostra piana, che ha tante ricchezze da offrire dal punto di vista della cultura e delle tradizioni. L\u2019intenzione dichiarata della giunta pistoiese \u00e8 sempre stata quella di coinvolgere anche la provincia nell\u2019anno della cultura e di non attrarre la luce dei riflettori solo sul capoluogo. Ora vedremo se queste buone intenzioni saranno confermate dai programmi e dai comportamenti. Da parte dei tre territori della piana,\u00a0<strong>Montale<\/strong>,\u00a0<strong>Agliana<\/strong>\u00a0e\u00a0<strong>Quarrata<\/strong>\u00a0si richiede per\u00f2 un apporto di dinamismo e di fantasia per ritagliarsi uno spazio all\u2019altezza delle proprie tradizioni. Forse non sarebbe stato male che vi fosse una sorta di coordinamento delle iniziative fra le componenti sociali e amministrative dei tre comuni in modo anche da far valere le proprie istanze nei riguardi del capoluogo.\u00a0<\/span><\/p>\n<p><span class=\"s1\"><b>Il terzo augurio<\/b>\u00a0\u00e8 per le popolazioni colpite dal terremoto nel centro Italia. Sono nostri connazionali in difficolt\u00e0 e occorre star loro vicini in modo continuo e fattivo. La nostra zona si \u00e8 mobilitata con generosit\u00e0 nel momento dell\u2019emergenza. Ora occorre proseguire nello sforzo accompagnando con il nostro piccolo contributo le fasi successive fino alla ricostruzione. Noi come rivista ci impegniamo a dare visibilit\u00e0 e divulgazione ad ogni iniziativa di solidariet\u00e0. Ci impegniamo a farlo per tutto il 2017. Non \u00e8 solo un dovere umanitario. L\u2019uscita dalle difficolt\u00e0 della lunga crisi richiede anche degli antidoti alla disgregazione sociale e alla solitudine. L\u2019unico antidoto efficace sono certi valori o ideali, che occorre incrementare e salvaguardare pi\u00f9 ancora del\u00a0<strong>PIL<\/strong>. Tra questi valori c\u2019\u00e8 anche la coesione nazionale.\u00a0<\/span><\/p>\n<p><span class=\"s1\">Buone Feste e Buon Anno Nuovo a tutti i nostri lettori che ringraziamo di cuore per l\u2019attenzione che continuano a concederci.<\/span><\/p>\n<p>&nbsp;<\/p>","protected":false},"excerpt":{"rendered":"<p>di Giacomo Bini dicembre 2016 Il primo augurio\u00a0\u00e8 che i timidi segnali di ripresa emersi nel 2016 si consolidino e ci permettano di tornare a sperare nel futuro. Sfogliando a ritroso le cronache locali della nostra piana si evidenzia come l\u2019anno che si sta per chiudere abbia fatto registrare segni di crescita economica, anche [&hellip;]<\/p>","protected":false},"author":12,"featured_media":0,"comment_status":"open","ping_status":"open","sticky":false,"template":"","format":"standard","meta":{"footnotes":""},"categories":[14,7],"tags":[714,739,857,858,859,860,861,995,862,258,863,124,125,127],"class_list":["post-4551","post","type-post","status-publish","format-standard","hentry","category-appuntired","category-mt","tag-appunti","tag-caritas","tag-censis","tag-confcommercio","tag-confindustria","tag-cultura","tag-lucca","tag-mt","tag-pil","tag-pistoia","tag-pistoia-capitale-nazionale","tag-prato","tag-quarrata","tag-redazione"],"yoast_head":"<!-- This site is optimized with the Yoast SEO plugin v25.5 - https:\/\/yoast.com\/wordpress\/plugins\/seo\/ -->\n<title>Appunti di redazione - Noi di Qua Testata giornalistica e di attualit\u00e0 di Agliana, Montale e Quarrata.<\/title>\n<meta name=\"robots\" content=\"index, follow, max-snippet:-1, max-image-preview:large, max-video-preview:-1\" \/>\n<link rel=\"canonical\" href=\"https:\/\/www.noidiqua.it\/Montale\/appunti-redazione-10\/\" \/>\n<meta property=\"og:locale\" content=\"it_IT\" \/>\n<meta property=\"og:type\" content=\"article\" \/>\n<meta property=\"og:title\" content=\"Appunti di redazione - Noi di Qua Testata giornalistica e di attualit\u00e0 di Agliana, Montale e Quarrata.\" \/>\n<meta property=\"og:description\" content=\"di Giacomo Bini dicembre 2016 Il primo augurio\u00a0\u00e8 che i timidi segnali di ripresa emersi nel 2016 si consolidino e ci permettano di tornare a sperare nel futuro. Sfogliando a ritroso le cronache locali della nostra piana si evidenzia come l\u2019anno che si sta per chiudere abbia fatto registrare segni di crescita economica, anche [&hellip;]\" \/>\n<meta property=\"og:url\" content=\"https:\/\/www.noidiqua.it\/Montale\/appunti-redazione-10\/\" \/>\n<meta property=\"og:site_name\" content=\"Noi di Qua Testata giornalistica e di attualit\u00e0 di Agliana, Montale e Quarrata.\" \/>\n<meta property=\"article:publisher\" content=\"https:\/\/www.facebook.com\/noidiqua.trimestrale\/\" \/>\n<meta property=\"article:published_time\" content=\"2016-12-01T11:32:24+00:00\" \/>\n<meta property=\"article:modified_time\" content=\"2022-07-22T08:55:13+00:00\" \/>\n<meta property=\"og:image\" content=\"https:\/\/www.noidiqua.it\/Montale\/wp-content\/uploads\/2016\/12\/appunti-Natale.png\" \/>\n<meta name=\"author\" content=\"Giacomo Bini\" \/>\n<meta name=\"twitter:label1\" content=\"Scritto da\" \/>\n\t<meta name=\"twitter:data1\" content=\"Giacomo Bini\" \/>\n\t<meta name=\"twitter:label2\" content=\"Tempo di lettura stimato\" \/>\n\t<meta name=\"twitter:data2\" content=\"3 minuti\" \/>\n<script type=\"application\/ld+json\" class=\"yoast-schema-graph\">{\"@context\":\"https:\/\/schema.org\",\"@graph\":[{\"@type\":\"WebPage\",\"@id\":\"https:\/\/www.noidiqua.it\/Montale\/appunti-redazione-10\/\",\"url\":\"https:\/\/www.noidiqua.it\/Montale\/appunti-redazione-10\/\",\"name\":\"Appunti di redazione - Noi di Qua Testata giornalistica e di attualit\u00e0 di Agliana, Montale e Quarrata.\",\"isPartOf\":{\"@id\":\"https:\/\/www.noidiqua.it\/Montale\/#website\"},\"primaryImageOfPage\":{\"@id\":\"https:\/\/www.noidiqua.it\/Montale\/appunti-redazione-10\/#primaryimage\"},\"image\":{\"@id\":\"https:\/\/www.noidiqua.it\/Montale\/appunti-redazione-10\/#primaryimage\"},\"thumbnailUrl\":\"https:\/\/www.noidiqua.it\/Montale\/wp-content\/uploads\/2016\/12\/appunti-Natale.png\",\"datePublished\":\"2016-12-01T11:32:24+00:00\",\"dateModified\":\"2022-07-22T08:55:13+00:00\",\"author\":{\"@id\":\"https:\/\/www.noidiqua.it\/Montale\/#\/schema\/person\/e2e6f44da50af0dae9c90ad168e471a4\"},\"breadcrumb\":{\"@id\":\"https:\/\/www.noidiqua.it\/Montale\/appunti-redazione-10\/#breadcrumb\"},\"inLanguage\":\"it-IT\",\"potentialAction\":[{\"@type\":\"ReadAction\",\"target\":[\"https:\/\/www.noidiqua.it\/Montale\/appunti-redazione-10\/\"]}]},{\"@type\":\"ImageObject\",\"inLanguage\":\"it-IT\",\"@id\":\"https:\/\/www.noidiqua.it\/Montale\/appunti-redazione-10\/#primaryimage\",\"url\":\"https:\/\/www.noidiqua.it\/Montale\/wp-content\/uploads\/2016\/12\/appunti-Natale.png\",\"contentUrl\":\"https:\/\/www.noidiqua.it\/Montale\/wp-content\/uploads\/2016\/12\/appunti-Natale.png\",\"width\":514,\"height\":344},{\"@type\":\"BreadcrumbList\",\"@id\":\"https:\/\/www.noidiqua.it\/Montale\/appunti-redazione-10\/#breadcrumb\",\"itemListElement\":[{\"@type\":\"ListItem\",\"position\":1,\"name\":\"Home\",\"item\":\"https:\/\/www.noidiqua.it\/Montale\/\"},{\"@type\":\"ListItem\",\"position\":2,\"name\":\"Appunti di redazione\"}]},{\"@type\":\"WebSite\",\"@id\":\"https:\/\/www.noidiqua.it\/Montale\/#website\",\"url\":\"https:\/\/www.noidiqua.it\/Montale\/\",\"name\":\"Noi di Qua Testata giornalistica e di attualit\u00e0 di Agliana, Montale e Quarrata.\",\"description\":\"Testata Giornalistica Quarrata Montale Agliana\",\"potentialAction\":[{\"@type\":\"SearchAction\",\"target\":{\"@type\":\"EntryPoint\",\"urlTemplate\":\"https:\/\/www.noidiqua.it\/Montale\/?s={search_term_string}\"},\"query-input\":{\"@type\":\"PropertyValueSpecification\",\"valueRequired\":true,\"valueName\":\"search_term_string\"}}],\"inLanguage\":\"it-IT\"},{\"@type\":\"Person\",\"@id\":\"https:\/\/www.noidiqua.it\/Montale\/#\/schema\/person\/e2e6f44da50af0dae9c90ad168e471a4\",\"name\":\"Giacomo Bini\",\"image\":{\"@type\":\"ImageObject\",\"inLanguage\":\"it-IT\",\"@id\":\"https:\/\/www.noidiqua.it\/Montale\/#\/schema\/person\/image\/\",\"url\":\"https:\/\/secure.gravatar.com\/avatar\/e5c18ae41df5ae37397358f2c6046696187d51a120c5d0b8f0c49f7b606f46f4?s=96&d=mm&r=g\",\"contentUrl\":\"https:\/\/secure.gravatar.com\/avatar\/e5c18ae41df5ae37397358f2c6046696187d51a120c5d0b8f0c49f7b606f46f4?s=96&d=mm&r=g\",\"caption\":\"Giacomo Bini\"},\"url\":\"https:\/\/www.noidiqua.it\/Montale\/author\/giacomo-bini\/\"}]}<\/script>\n<!-- \/ Yoast SEO plugin. -->","yoast_head_json":{"title":"Appunti di redazione - Noi di Qua Testata giornalistica e di attualit\u00e0 di Agliana, Montale e Quarrata.","robots":{"index":"index","follow":"follow","max-snippet":"max-snippet:-1","max-image-preview":"max-image-preview:large","max-video-preview":"max-video-preview:-1"},"canonical":"https:\/\/www.noidiqua.it\/Montale\/appunti-redazione-10\/","og_locale":"it_IT","og_type":"article","og_title":"Appunti di redazione - Noi di Qua Testata giornalistica e di attualit\u00e0 di Agliana, Montale e Quarrata.","og_description":"di Giacomo Bini dicembre 2016 Il primo augurio\u00a0\u00e8 che i timidi segnali di ripresa emersi nel 2016 si consolidino e ci permettano di tornare a sperare nel futuro. Sfogliando a ritroso le cronache locali della nostra piana si evidenzia come l\u2019anno che si sta per chiudere abbia fatto registrare segni di crescita economica, anche [&hellip;]","og_url":"https:\/\/www.noidiqua.it\/Montale\/appunti-redazione-10\/","og_site_name":"Noi di Qua Testata giornalistica e di attualit\u00e0 di Agliana, Montale e Quarrata.","article_publisher":"https:\/\/www.facebook.com\/noidiqua.trimestrale\/","article_published_time":"2016-12-01T11:32:24+00:00","article_modified_time":"2022-07-22T08:55:13+00:00","og_image":[{"url":"https:\/\/www.noidiqua.it\/Montale\/wp-content\/uploads\/2016\/12\/appunti-Natale.png","type":"","width":"","height":""}],"author":"Giacomo Bini","twitter_misc":{"Scritto da":"Giacomo Bini","Tempo di lettura stimato":"3 minuti"},"schema":{"@context":"https:\/\/schema.org","@graph":[{"@type":"WebPage","@id":"https:\/\/www.noidiqua.it\/Montale\/appunti-redazione-10\/","url":"https:\/\/www.noidiqua.it\/Montale\/appunti-redazione-10\/","name":"Appunti di redazione - Noi di Qua Testata giornalistica e di attualit\u00e0 di Agliana, Montale e Quarrata.","isPartOf":{"@id":"https:\/\/www.noidiqua.it\/Montale\/#website"},"primaryImageOfPage":{"@id":"https:\/\/www.noidiqua.it\/Montale\/appunti-redazione-10\/#primaryimage"},"image":{"@id":"https:\/\/www.noidiqua.it\/Montale\/appunti-redazione-10\/#primaryimage"},"thumbnailUrl":"https:\/\/www.noidiqua.it\/Montale\/wp-content\/uploads\/2016\/12\/appunti-Natale.png","datePublished":"2016-12-01T11:32:24+00:00","dateModified":"2022-07-22T08:55:13+00:00","author":{"@id":"https:\/\/www.noidiqua.it\/Montale\/#\/schema\/person\/e2e6f44da50af0dae9c90ad168e471a4"},"breadcrumb":{"@id":"https:\/\/www.noidiqua.it\/Montale\/appunti-redazione-10\/#breadcrumb"},"inLanguage":"it-IT","potentialAction":[{"@type":"ReadAction","target":["https:\/\/www.noidiqua.it\/Montale\/appunti-redazione-10\/"]}]},{"@type":"ImageObject","inLanguage":"it-IT","@id":"https:\/\/www.noidiqua.it\/Montale\/appunti-redazione-10\/#primaryimage","url":"https:\/\/www.noidiqua.it\/Montale\/wp-content\/uploads\/2016\/12\/appunti-Natale.png","contentUrl":"https:\/\/www.noidiqua.it\/Montale\/wp-content\/uploads\/2016\/12\/appunti-Natale.png","width":514,"height":344},{"@type":"BreadcrumbList","@id":"https:\/\/www.noidiqua.it\/Montale\/appunti-redazione-10\/#breadcrumb","itemListElement":[{"@type":"ListItem","position":1,"name":"Home","item":"https:\/\/www.noidiqua.it\/Montale\/"},{"@type":"ListItem","position":2,"name":"Appunti di redazione"}]},{"@type":"WebSite","@id":"https:\/\/www.noidiqua.it\/Montale\/#website","url":"https:\/\/www.noidiqua.it\/Montale\/","name":"Noi di Qua Testata giornalistica e di attualit\u00e0 di Agliana, Montale e Quarrata.","description":"Testata Giornalistica Quarrata Montale Agliana","potentialAction":[{"@type":"SearchAction","target":{"@type":"EntryPoint","urlTemplate":"https:\/\/www.noidiqua.it\/Montale\/?s={search_term_string}"},"query-input":{"@type":"PropertyValueSpecification","valueRequired":true,"valueName":"search_term_string"}}],"inLanguage":"it-IT"},{"@type":"Person","@id":"https:\/\/www.noidiqua.it\/Montale\/#\/schema\/person\/e2e6f44da50af0dae9c90ad168e471a4","name":"Giacomo Bini","image":{"@type":"ImageObject","inLanguage":"it-IT","@id":"https:\/\/www.noidiqua.it\/Montale\/#\/schema\/person\/image\/","url":"https:\/\/secure.gravatar.com\/avatar\/e5c18ae41df5ae37397358f2c6046696187d51a120c5d0b8f0c49f7b606f46f4?s=96&d=mm&r=g","contentUrl":"https:\/\/secure.gravatar.com\/avatar\/e5c18ae41df5ae37397358f2c6046696187d51a120c5d0b8f0c49f7b606f46f4?s=96&d=mm&r=g","caption":"Giacomo Bini"},"url":"https:\/\/www.noidiqua.it\/Montale\/author\/giacomo-bini\/"}]}},"_links":{"self":[{"href":"https:\/\/www.noidiqua.it\/Montale\/wp-json\/wp\/v2\/posts\/4551","targetHints":{"allow":["GET"]}}],"collection":[{"href":"https:\/\/www.noidiqua.it\/Montale\/wp-json\/wp\/v2\/posts"}],"about":[{"href":"https:\/\/www.noidiqua.it\/Montale\/wp-json\/wp\/v2\/types\/post"}],"author":[{"embeddable":true,"href":"https:\/\/www.noidiqua.it\/Montale\/wp-json\/wp\/v2\/users\/12"}],"replies":[{"embeddable":true,"href":"https:\/\/www.noidiqua.it\/Montale\/wp-json\/wp\/v2\/comments?post=4551"}],"version-history":[{"count":3,"href":"https:\/\/www.noidiqua.it\/Montale\/wp-json\/wp\/v2\/posts\/4551\/revisions"}],"predecessor-version":[{"id":6925,"href":"https:\/\/www.noidiqua.it\/Montale\/wp-json\/wp\/v2\/posts\/4551\/revisions\/6925"}],"wp:attachment":[{"href":"https:\/\/www.noidiqua.it\/Montale\/wp-json\/wp\/v2\/media?parent=4551"}],"wp:term":[{"taxonomy":"category","embeddable":true,"href":"https:\/\/www.noidiqua.it\/Montale\/wp-json\/wp\/v2\/categories?post=4551"},{"taxonomy":"post_tag","embeddable":true,"href":"https:\/\/www.noidiqua.it\/Montale\/wp-json\/wp\/v2\/tags?post=4551"}],"curies":[{"name":"wp","href":"https:\/\/api.w.org\/{rel}","templated":true}]}}