{"id":4566,"date":"2017-03-13T16:54:04","date_gmt":"2017-03-13T15:54:04","guid":{"rendered":"https:\/\/www.noidiqua.it\/Montale\/?p=4566"},"modified":"2022-02-10T15:01:18","modified_gmt":"2022-02-10T14:01:18","slug":"franco-paluzzi-teatro-amatoriale","status":"publish","type":"post","link":"https:\/\/www.noidiqua.it\/Montale\/franco-paluzzi-teatro-amatoriale\/","title":{"rendered":"Franco Paluzzi &#8211; teatro amatoriale"},"content":{"rendered":"<p><em>di\u00a0Serena Michelozzi. Foto: <a href=\"http:\/\/www.bellinigabriele.it\">Gabriele Bellini<\/a><br \/>\n<\/em><\/p>\n<p><i>marzo 2017<\/i><\/p>\n<p><a href=\"https:\/\/www.noidiqua.it\/Montale\/wp-content\/uploads\/2017\/03\/paluzzi.png\" rel=\"wp-prettyPhoto[4566]\"><img loading=\"lazy\" decoding=\"async\" class=\"aligncenter size-full wp-image-6705\" src=\"https:\/\/www.noidiqua.it\/Montale\/wp-content\/uploads\/2017\/03\/paluzzi.png\" alt=\"\" width=\"506\" height=\"367\" srcset=\"https:\/\/www.noidiqua.it\/Montale\/wp-content\/uploads\/2017\/03\/paluzzi.png 506w, https:\/\/www.noidiqua.it\/Montale\/wp-content\/uploads\/2017\/03\/paluzzi-300x218.png 300w\" sizes=\"auto, (max-width: 506px) 100vw, 506px\" \/><\/a><\/p>\n<p><i>\u00abProbabilmente siamo tutti un po\u2019 attori\u2026\u00bb<\/i><\/p>\n<p>Esordisce cos\u00ec <strong>Franco Paluzzi<\/strong> che del teatro amatoriale ha fatto la sua grande passione\u2026<i> \u00abLa passione per il teatro dentro di me c\u2019\u00e8 sempre stata, per\u00f2 il momento in cui ho deciso di metterla veramente in pratica \u00e8 stato nel 2002, quando io e mia moglie rimanemmo particolarmente colpiti da una rappresentazione scenica tenuta dall\u2019attore <a href=\"https:\/\/www.noidiqua.it\/Montale\/francesco-rotelli-attore-e-regista-teatrale\/\"><strong>Francesco Rotelli<\/strong><\/a>\u00bb<\/i>. Qualche tempo dopo Franco e sua moglie hanno avuto occasione di conoscere direttamente Rotelli e si sono iscritti al laboratorio di teatro di cui quest\u2019ultimo aveva in programma l\u2019apertura. E\u2019 cos\u00ec che \u00e8 iniziata l\u2019esperienza teatrale dei due, poi continuata solo da Franco, che ci racconta: <i>\u00abIl momento del saggio finale del laboratorio \u00e8 stato per me molto importante: l\u2019adrenalina che mi sono sentito addosso in quel momento mi ha impedito di smettere, fino a che nel 2008 decisi con gli altri partecipanti del laboratorio di creare la compagnia teatrale \u201cSesamo &amp; Cartamo\u201d\u00bb<\/i>.<\/p>\n<p>Franco ha sinora ricoperto tantissimi ruoli scenici molto diversi tra loro tra cui il <strong>\u201cChiarchiaro\u201d<\/strong> nella commedia pirandelliana <strong>\u201cLa patente\u201d<\/strong>, la figura del Presidente nella <strong>\u201cGuerra spiegata ai poveri\u201d<\/strong> di <strong>Ennio Flaiano<\/strong>, la figura del re e dell\u2019orco nelle tre novelle messe in scena in una rappresentazione teatrale commemorativa richiesta dal Comune di Montale&#8230; fino ad essere addirittura scelto all\u2019interno dello spettacolo \u00a0<strong>\u201cLa tragedia di\u00a0Riccardo III\u201d<\/strong> tenutosi al teatro Manzoni di Pistoia. Un particolare spettacolo che il nostro attore amatoriale ricorda con molta affezione \u00e8 <strong>\u201cEsercizi di stile<\/strong>\u201d di <strong>Queneau<\/strong> (tradotto in italiano da Umberto Eco), che Franco e i suoi colleghi di laboratorio decisero di portare in scena in modo originale, ambientandolo prima in una ex scuola materna e poi a <strong>Villa Smilea<\/strong>. Gli episodi, composti da massimo uno o due personaggi, si svolgevano nelle varie stanze dei luoghi succitati ed il pubblico letteralmente si \u201cspostava\u201d tra le stesse per vedere e partecipare dal vivo ad ogni scena, un vero e proprio spettacolo itinerante.<\/p>\n<p><a href=\"https:\/\/www.noidiqua.it\/Montale\/wp-content\/uploads\/2017\/03\/FRANCO-PALUZZI-.png\" rel=\"wp-prettyPhoto[4566]\"><img loading=\"lazy\" decoding=\"async\" class=\"aligncenter size-full wp-image-6703\" src=\"https:\/\/www.noidiqua.it\/Montale\/wp-content\/uploads\/2017\/03\/FRANCO-PALUZZI-.png\" alt=\"\" width=\"450\" height=\"300\" srcset=\"https:\/\/www.noidiqua.it\/Montale\/wp-content\/uploads\/2017\/03\/FRANCO-PALUZZI-.png 450w, https:\/\/www.noidiqua.it\/Montale\/wp-content\/uploads\/2017\/03\/FRANCO-PALUZZI--300x200.png 300w\" sizes=\"auto, (max-width: 450px) 100vw, 450px\" \/><\/a><\/p>\n<p>Il teatro che interpreta Franco \u00e8 il teatro dell\u2019assurdo ed \u00e8 la denominazione di un particolare tipo di opere scritte da alcuni drammaturghi, soprattutto europei, sul finire degli anni \u201840, \u201850 e \u201860. Le caratteristiche peculiari del teatro dell\u2019assurdo, sono il deliberato abbandono di un costrutto <strong>drammaturgico<\/strong> razionale e il rifiuto del linguaggio logico-consequenziale. La struttura tradizionale della rappresentazione teatrale viene rigettata e sostituita da una successione di eventi, legati fra loro da una labile ed effimera traccia di diversi stati d\u2019animo ed emozioni. Il teatro dell\u2019assurdo si caratterizza per dialoghi senza senso, ripetitivi e serrati, capaci di suscitare a volte il sorriso nonostante il senso tragico del dramma che stanno vivendo i personaggi.<\/p>\n<p>Le emozioni suscitate in Franco dalla recitazione sono inspiegabili e possono essere solo carpite nel momento in cui sale sul palco immedesimandosi a pieno nel personaggio da lui rappresentato; per Franco recitare e portare in scena innumerevoli soggetti \u00e8 ormai naturale anche se ci spiega che la recitazione ha bisogno di un continuo e costante studio del testo e della parte che poi si deve interpretare.<i> \u00abLa recitazione non richiede doti naturali particolari, ma disponibilit\u00e0 ad esporsi ed ad aprirsi\u2026 anche nei sentimenti! E\u2019 importante seguire anche corsi di preparazione per la voce e per le movenze corporee, ma soprattutto bisogna essere sempre disponibili ad accettare le critiche del pubblico\u00bb<\/i>. Al momento Franco e la compagnia teatrale <a href=\"https:\/\/www.noidiqua.it\/Montale\/sesamo-e-cartamo-associazione-culturale-amatoriale\/\"><strong>\u201cSesamo &amp; Cartamo\u201d<\/strong><\/a> stanno vagliando la scelta di alcuni testi che a breve hanno in programma di portare in scena, dunque tutto <i>work in progress<\/i>.<\/p>\n<p><a href=\"https:\/\/www.noidiqua.it\/Montale\/wp-content\/uploads\/2017\/03\/FRANCO-PALUZZI-2.png\" rel=\"wp-prettyPhoto[4566]\"><img loading=\"lazy\" decoding=\"async\" class=\"aligncenter size-full wp-image-6704\" src=\"https:\/\/www.noidiqua.it\/Montale\/wp-content\/uploads\/2017\/03\/FRANCO-PALUZZI-2.png\" alt=\"\" width=\"253\" height=\"380\" srcset=\"https:\/\/www.noidiqua.it\/Montale\/wp-content\/uploads\/2017\/03\/FRANCO-PALUZZI-2.png 253w, https:\/\/www.noidiqua.it\/Montale\/wp-content\/uploads\/2017\/03\/FRANCO-PALUZZI-2-200x300.png 200w\" sizes=\"auto, (max-width: 253px) 100vw, 253px\" \/><\/a><\/p>\n<p>Il nostro attore amatoriale lancia inoltre a lettori e non un messaggio molto importante:<i> \u00abVorrei che le persone si recassero maggiormente a teatro, lasciando per un momento da parte la televisione: andare a vedere gli spettacoli dal vivo non solo \u00e8 pi\u00f9 bello ed entusiasmante, ma contribuisce anche alla crescita della nostra realt\u00e0 culturale circostante\u00bb<\/i>. Niente di pi\u00f9 vero.<\/p>\n<p>&nbsp;<\/p>\n<p>&nbsp;<\/p>\n<p>&nbsp;<\/p>","protected":false},"excerpt":{"rendered":"<p>di\u00a0Serena Michelozzi. Foto: Gabriele Bellini marzo 2017 \u00abProbabilmente siamo tutti un po\u2019 attori\u2026\u00bb Esordisce cos\u00ec Franco Paluzzi che del teatro amatoriale ha fatto la sua grande passione\u2026 \u00abLa passione per il teatro dentro di me c\u2019\u00e8 sempre stata, per\u00f2 il momento in cui ho deciso di metterla veramente in pratica \u00e8 stato nel 2002, [&hellip;]<\/p>","protected":false},"author":101011,"featured_media":0,"comment_status":"open","ping_status":"open","sticky":false,"template":"","format":"standard","meta":{"footnotes":""},"categories":[172,7],"tags":[866,874,870,865,864,872,153,362,867,873,869,871,868,875],"class_list":["post-4566","post","type-post","status-publish","format-standard","hentry","category-che-spettacolo","category-mt","tag-amatoriale","tag-drammaturgico","tag-ennio-flaiano","tag-francesco-rotelli","tag-franco-paluzzi","tag-la-tragedia-di-riccardo-iii","tag-teatro","tag-villa-smilea","tag-chiarchiaro","tag-esercizi-di-stile","tag-guerra-spiegata-ai-poveri","tag-il-riccardo-iii","tag-la-patente","tag-sesamo-cartamo"],"yoast_head":"<!-- This site is optimized with the Yoast SEO plugin v25.5 - https:\/\/yoast.com\/wordpress\/plugins\/seo\/ -->\n<title>Franco Paluzzi - teatro amatoriale - Noi di Qua Testata giornalistica e di attualit\u00e0 di Agliana, Montale e Quarrata.<\/title>\n<meta name=\"robots\" content=\"index, follow, max-snippet:-1, max-image-preview:large, max-video-preview:-1\" \/>\n<link rel=\"canonical\" href=\"https:\/\/www.noidiqua.it\/Montale\/franco-paluzzi-teatro-amatoriale\/\" \/>\n<meta property=\"og:locale\" content=\"it_IT\" \/>\n<meta property=\"og:type\" content=\"article\" \/>\n<meta property=\"og:title\" content=\"Franco Paluzzi - teatro amatoriale - Noi di Qua Testata giornalistica e di attualit\u00e0 di Agliana, Montale e Quarrata.\" \/>\n<meta property=\"og:description\" content=\"di\u00a0Serena Michelozzi. Foto: Gabriele Bellini marzo 2017 \u00abProbabilmente siamo tutti un po\u2019 attori\u2026\u00bb Esordisce cos\u00ec Franco Paluzzi che del teatro amatoriale ha fatto la sua grande passione\u2026 \u00abLa passione per il teatro dentro di me c\u2019\u00e8 sempre stata, per\u00f2 il momento in cui ho deciso di metterla veramente in pratica \u00e8 stato nel 2002, [&hellip;]\" \/>\n<meta property=\"og:url\" content=\"https:\/\/www.noidiqua.it\/Montale\/franco-paluzzi-teatro-amatoriale\/\" \/>\n<meta property=\"og:site_name\" content=\"Noi di Qua Testata giornalistica e di attualit\u00e0 di Agliana, Montale e Quarrata.\" \/>\n<meta property=\"article:publisher\" content=\"https:\/\/www.facebook.com\/noidiqua.trimestrale\/\" \/>\n<meta property=\"article:published_time\" content=\"2017-03-13T15:54:04+00:00\" \/>\n<meta property=\"article:modified_time\" content=\"2022-02-10T14:01:18+00:00\" \/>\n<meta property=\"og:image\" content=\"https:\/\/www.noidiqua.it\/Montale\/wp-content\/uploads\/2017\/03\/paluzzi.png\" \/>\n<meta name=\"author\" content=\"Serena Michelozzi\" \/>\n<meta name=\"twitter:label1\" content=\"Scritto da\" \/>\n\t<meta name=\"twitter:data1\" content=\"Serena Michelozzi\" \/>\n\t<meta name=\"twitter:label2\" content=\"Tempo di lettura stimato\" \/>\n\t<meta name=\"twitter:data2\" content=\"3 minuti\" \/>\n<script type=\"application\/ld+json\" class=\"yoast-schema-graph\">{\"@context\":\"https:\/\/schema.org\",\"@graph\":[{\"@type\":\"WebPage\",\"@id\":\"https:\/\/www.noidiqua.it\/Montale\/franco-paluzzi-teatro-amatoriale\/\",\"url\":\"https:\/\/www.noidiqua.it\/Montale\/franco-paluzzi-teatro-amatoriale\/\",\"name\":\"Franco Paluzzi - teatro amatoriale - Noi di Qua Testata giornalistica e di attualit\u00e0 di Agliana, Montale e Quarrata.\",\"isPartOf\":{\"@id\":\"https:\/\/www.noidiqua.it\/Montale\/#website\"},\"primaryImageOfPage\":{\"@id\":\"https:\/\/www.noidiqua.it\/Montale\/franco-paluzzi-teatro-amatoriale\/#primaryimage\"},\"image\":{\"@id\":\"https:\/\/www.noidiqua.it\/Montale\/franco-paluzzi-teatro-amatoriale\/#primaryimage\"},\"thumbnailUrl\":\"https:\/\/www.noidiqua.it\/Montale\/wp-content\/uploads\/2017\/03\/paluzzi.png\",\"datePublished\":\"2017-03-13T15:54:04+00:00\",\"dateModified\":\"2022-02-10T14:01:18+00:00\",\"author\":{\"@id\":\"https:\/\/www.noidiqua.it\/Montale\/#\/schema\/person\/4763a96f0bdf332cc8a55478dbeba163\"},\"breadcrumb\":{\"@id\":\"https:\/\/www.noidiqua.it\/Montale\/franco-paluzzi-teatro-amatoriale\/#breadcrumb\"},\"inLanguage\":\"it-IT\",\"potentialAction\":[{\"@type\":\"ReadAction\",\"target\":[\"https:\/\/www.noidiqua.it\/Montale\/franco-paluzzi-teatro-amatoriale\/\"]}]},{\"@type\":\"ImageObject\",\"inLanguage\":\"it-IT\",\"@id\":\"https:\/\/www.noidiqua.it\/Montale\/franco-paluzzi-teatro-amatoriale\/#primaryimage\",\"url\":\"https:\/\/www.noidiqua.it\/Montale\/wp-content\/uploads\/2017\/03\/paluzzi.png\",\"contentUrl\":\"https:\/\/www.noidiqua.it\/Montale\/wp-content\/uploads\/2017\/03\/paluzzi.png\",\"width\":506,\"height\":367},{\"@type\":\"BreadcrumbList\",\"@id\":\"https:\/\/www.noidiqua.it\/Montale\/franco-paluzzi-teatro-amatoriale\/#breadcrumb\",\"itemListElement\":[{\"@type\":\"ListItem\",\"position\":1,\"name\":\"Home\",\"item\":\"https:\/\/www.noidiqua.it\/Montale\/\"},{\"@type\":\"ListItem\",\"position\":2,\"name\":\"Franco Paluzzi &#8211; teatro amatoriale\"}]},{\"@type\":\"WebSite\",\"@id\":\"https:\/\/www.noidiqua.it\/Montale\/#website\",\"url\":\"https:\/\/www.noidiqua.it\/Montale\/\",\"name\":\"Noi di Qua Testata giornalistica e di attualit\u00e0 di Agliana, Montale e Quarrata.\",\"description\":\"Testata Giornalistica Quarrata Montale Agliana\",\"potentialAction\":[{\"@type\":\"SearchAction\",\"target\":{\"@type\":\"EntryPoint\",\"urlTemplate\":\"https:\/\/www.noidiqua.it\/Montale\/?s={search_term_string}\"},\"query-input\":{\"@type\":\"PropertyValueSpecification\",\"valueRequired\":true,\"valueName\":\"search_term_string\"}}],\"inLanguage\":\"it-IT\"},{\"@type\":\"Person\",\"@id\":\"https:\/\/www.noidiqua.it\/Montale\/#\/schema\/person\/4763a96f0bdf332cc8a55478dbeba163\",\"name\":\"Serena Michelozzi\",\"image\":{\"@type\":\"ImageObject\",\"inLanguage\":\"it-IT\",\"@id\":\"https:\/\/www.noidiqua.it\/Montale\/#\/schema\/person\/image\/\",\"url\":\"https:\/\/secure.gravatar.com\/avatar\/a8efaab8953a1edb4943a89dbca993e803bf8bcf5221a8ff937a96a5b9914aab?s=96&d=mm&r=g\",\"contentUrl\":\"https:\/\/secure.gravatar.com\/avatar\/a8efaab8953a1edb4943a89dbca993e803bf8bcf5221a8ff937a96a5b9914aab?s=96&d=mm&r=g\",\"caption\":\"Serena Michelozzi\"},\"url\":\"https:\/\/www.noidiqua.it\/Montale\/author\/serena-michelozzi\/\"}]}<\/script>\n<!-- \/ Yoast SEO plugin. -->","yoast_head_json":{"title":"Franco Paluzzi - teatro amatoriale - Noi di Qua Testata giornalistica e di attualit\u00e0 di Agliana, Montale e Quarrata.","robots":{"index":"index","follow":"follow","max-snippet":"max-snippet:-1","max-image-preview":"max-image-preview:large","max-video-preview":"max-video-preview:-1"},"canonical":"https:\/\/www.noidiqua.it\/Montale\/franco-paluzzi-teatro-amatoriale\/","og_locale":"it_IT","og_type":"article","og_title":"Franco Paluzzi - teatro amatoriale - Noi di Qua Testata giornalistica e di attualit\u00e0 di Agliana, Montale e Quarrata.","og_description":"di\u00a0Serena Michelozzi. Foto: Gabriele Bellini marzo 2017 \u00abProbabilmente siamo tutti un po\u2019 attori\u2026\u00bb Esordisce cos\u00ec Franco Paluzzi che del teatro amatoriale ha fatto la sua grande passione\u2026 \u00abLa passione per il teatro dentro di me c\u2019\u00e8 sempre stata, per\u00f2 il momento in cui ho deciso di metterla veramente in pratica \u00e8 stato nel 2002, [&hellip;]","og_url":"https:\/\/www.noidiqua.it\/Montale\/franco-paluzzi-teatro-amatoriale\/","og_site_name":"Noi di Qua Testata giornalistica e di attualit\u00e0 di Agliana, Montale e Quarrata.","article_publisher":"https:\/\/www.facebook.com\/noidiqua.trimestrale\/","article_published_time":"2017-03-13T15:54:04+00:00","article_modified_time":"2022-02-10T14:01:18+00:00","og_image":[{"url":"https:\/\/www.noidiqua.it\/Montale\/wp-content\/uploads\/2017\/03\/paluzzi.png","type":"","width":"","height":""}],"author":"Serena Michelozzi","twitter_misc":{"Scritto da":"Serena Michelozzi","Tempo di lettura stimato":"3 minuti"},"schema":{"@context":"https:\/\/schema.org","@graph":[{"@type":"WebPage","@id":"https:\/\/www.noidiqua.it\/Montale\/franco-paluzzi-teatro-amatoriale\/","url":"https:\/\/www.noidiqua.it\/Montale\/franco-paluzzi-teatro-amatoriale\/","name":"Franco Paluzzi - teatro amatoriale - Noi di Qua Testata giornalistica e di attualit\u00e0 di Agliana, Montale e Quarrata.","isPartOf":{"@id":"https:\/\/www.noidiqua.it\/Montale\/#website"},"primaryImageOfPage":{"@id":"https:\/\/www.noidiqua.it\/Montale\/franco-paluzzi-teatro-amatoriale\/#primaryimage"},"image":{"@id":"https:\/\/www.noidiqua.it\/Montale\/franco-paluzzi-teatro-amatoriale\/#primaryimage"},"thumbnailUrl":"https:\/\/www.noidiqua.it\/Montale\/wp-content\/uploads\/2017\/03\/paluzzi.png","datePublished":"2017-03-13T15:54:04+00:00","dateModified":"2022-02-10T14:01:18+00:00","author":{"@id":"https:\/\/www.noidiqua.it\/Montale\/#\/schema\/person\/4763a96f0bdf332cc8a55478dbeba163"},"breadcrumb":{"@id":"https:\/\/www.noidiqua.it\/Montale\/franco-paluzzi-teatro-amatoriale\/#breadcrumb"},"inLanguage":"it-IT","potentialAction":[{"@type":"ReadAction","target":["https:\/\/www.noidiqua.it\/Montale\/franco-paluzzi-teatro-amatoriale\/"]}]},{"@type":"ImageObject","inLanguage":"it-IT","@id":"https:\/\/www.noidiqua.it\/Montale\/franco-paluzzi-teatro-amatoriale\/#primaryimage","url":"https:\/\/www.noidiqua.it\/Montale\/wp-content\/uploads\/2017\/03\/paluzzi.png","contentUrl":"https:\/\/www.noidiqua.it\/Montale\/wp-content\/uploads\/2017\/03\/paluzzi.png","width":506,"height":367},{"@type":"BreadcrumbList","@id":"https:\/\/www.noidiqua.it\/Montale\/franco-paluzzi-teatro-amatoriale\/#breadcrumb","itemListElement":[{"@type":"ListItem","position":1,"name":"Home","item":"https:\/\/www.noidiqua.it\/Montale\/"},{"@type":"ListItem","position":2,"name":"Franco Paluzzi &#8211; teatro amatoriale"}]},{"@type":"WebSite","@id":"https:\/\/www.noidiqua.it\/Montale\/#website","url":"https:\/\/www.noidiqua.it\/Montale\/","name":"Noi di Qua Testata giornalistica e di attualit\u00e0 di Agliana, Montale e Quarrata.","description":"Testata Giornalistica Quarrata Montale Agliana","potentialAction":[{"@type":"SearchAction","target":{"@type":"EntryPoint","urlTemplate":"https:\/\/www.noidiqua.it\/Montale\/?s={search_term_string}"},"query-input":{"@type":"PropertyValueSpecification","valueRequired":true,"valueName":"search_term_string"}}],"inLanguage":"it-IT"},{"@type":"Person","@id":"https:\/\/www.noidiqua.it\/Montale\/#\/schema\/person\/4763a96f0bdf332cc8a55478dbeba163","name":"Serena Michelozzi","image":{"@type":"ImageObject","inLanguage":"it-IT","@id":"https:\/\/www.noidiqua.it\/Montale\/#\/schema\/person\/image\/","url":"https:\/\/secure.gravatar.com\/avatar\/a8efaab8953a1edb4943a89dbca993e803bf8bcf5221a8ff937a96a5b9914aab?s=96&d=mm&r=g","contentUrl":"https:\/\/secure.gravatar.com\/avatar\/a8efaab8953a1edb4943a89dbca993e803bf8bcf5221a8ff937a96a5b9914aab?s=96&d=mm&r=g","caption":"Serena Michelozzi"},"url":"https:\/\/www.noidiqua.it\/Montale\/author\/serena-michelozzi\/"}]}},"_links":{"self":[{"href":"https:\/\/www.noidiqua.it\/Montale\/wp-json\/wp\/v2\/posts\/4566","targetHints":{"allow":["GET"]}}],"collection":[{"href":"https:\/\/www.noidiqua.it\/Montale\/wp-json\/wp\/v2\/posts"}],"about":[{"href":"https:\/\/www.noidiqua.it\/Montale\/wp-json\/wp\/v2\/types\/post"}],"author":[{"embeddable":true,"href":"https:\/\/www.noidiqua.it\/Montale\/wp-json\/wp\/v2\/users\/101011"}],"replies":[{"embeddable":true,"href":"https:\/\/www.noidiqua.it\/Montale\/wp-json\/wp\/v2\/comments?post=4566"}],"version-history":[{"count":5,"href":"https:\/\/www.noidiqua.it\/Montale\/wp-json\/wp\/v2\/posts\/4566\/revisions"}],"predecessor-version":[{"id":6706,"href":"https:\/\/www.noidiqua.it\/Montale\/wp-json\/wp\/v2\/posts\/4566\/revisions\/6706"}],"wp:attachment":[{"href":"https:\/\/www.noidiqua.it\/Montale\/wp-json\/wp\/v2\/media?parent=4566"}],"wp:term":[{"taxonomy":"category","embeddable":true,"href":"https:\/\/www.noidiqua.it\/Montale\/wp-json\/wp\/v2\/categories?post=4566"},{"taxonomy":"post_tag","embeddable":true,"href":"https:\/\/www.noidiqua.it\/Montale\/wp-json\/wp\/v2\/tags?post=4566"}],"curies":[{"name":"wp","href":"https:\/\/api.w.org\/{rel}","templated":true}]}}