{"id":4599,"date":"2017-03-13T12:12:17","date_gmt":"2017-03-13T11:12:17","guid":{"rendered":"https:\/\/www.noidiqua.it\/Montale\/?p=4599"},"modified":"2022-02-11T09:30:02","modified_gmt":"2022-02-11T08:30:02","slug":"centro-gulliver","status":"publish","type":"post","link":"https:\/\/www.noidiqua.it\/Montale\/centro-gulliver\/","title":{"rendered":"Centro Gulliver"},"content":{"rendered":"<p><em>di\u00a0Giacomo Bini. Foto: <a href=\"http:\/\/www.bellinigabriele.it\">Gabriele Bellini<\/a><\/em><\/p>\n<p>marzo 2017<\/p>\n<p><a href=\"https:\/\/www.noidiqua.it\/Montale\/wp-content\/uploads\/2017\/03\/CENTRO-GULLIVER-2.png\" rel=\"wp-prettyPhoto[4599]\"><img loading=\"lazy\" decoding=\"async\" class=\"aligncenter size-full wp-image-6720\" src=\"https:\/\/www.noidiqua.it\/Montale\/wp-content\/uploads\/2017\/03\/CENTRO-GULLIVER-2.png\" alt=\"\" width=\"450\" height=\"363\" srcset=\"https:\/\/www.noidiqua.it\/Montale\/wp-content\/uploads\/2017\/03\/CENTRO-GULLIVER-2.png 450w, https:\/\/www.noidiqua.it\/Montale\/wp-content\/uploads\/2017\/03\/CENTRO-GULLIVER-2-300x242.png 300w\" sizes=\"auto, (max-width: 450px) 100vw, 450px\" \/><\/a><\/p>\n<p>Il <strong>Centro Gulliver<\/strong> del <strong>Comune di Montale<\/strong> \u00e8 uno dei <strong>Ciaf<\/strong> (<strong>Centro Infanzia, Adolescenza e Famiglia)<\/strong> promossi dalla Regione Toscana e dalle Amministrazioni locali. E\u2019 stato fondato nel 1991 grazie ad un finanziamento Regionale per la realizzazione di <strong>Centri socio-educativi<\/strong>. Per molti anni ha avuto sede in via Crispi, in un ex capannone industriale preso in affitto dal Comune, poi \u00e8 stato trasferito al primo piano dell\u2019edificio scolastico di via Vignolini prima di essere spostato nuovamente, nel 2015, nei locali della scuola media Melani di via <strong>Martin Luther King<\/strong>.\u00a0 Il Centro Gulliver si propone di offrire un luogo di incontro e socializzazione per bambini e ragazzi in collaborazione con il servizio sociale e le associazioni di volontariato del territorio.<\/p>\n<p>Le attivit\u00e0 principali del Centro sono l\u2019accompagnamento allo studio e la socializzazione. I ragazzi attualmente iscritti\u00a0 e frequentanti sono 32. L\u2019attivit\u00e0 \u00e8 articolata in quattro pomeriggi alla settimana, con orario dalle 15.30 alle 18.30 nei giorni di luned\u00ec e venerd\u00ec e dalle 15 alle 17\u00a0 il marted\u00ec e mercoled\u00ec. I pomeriggi sono suddivisi a seconda delle attivit\u00e0 programmate: una parte del tempo \u00e8 riservata allo studio individuale e in\u00a0 gruppo per lo svolgimento dei compiti scolastici\u00a0 e per l\u2019approfondimento delle materie trattate a scuola. In questa attivit\u00e0, richiesta come prioritaria dalle famiglie, i ragazzi sono seguiti e assistiti da educatrici dell\u2019impresa <strong>consorzio Metropoli<\/strong>, che vede come esecutrice del servizio la <strong>cooperativa Gli Altri<\/strong>, con la quale l\u2019amministrazione comunale ha stipulato un contratto in seguito ad un\u2019apposita gara. Una delle caratteristiche del Gulliver, \u00e8 l\u2019apertura al territorio ed in particolare la collaborazione con le diverse associazioni di volontariato. Ne sono un esempio gli incontri\u00a0 con i nonni della <a href=\"https:\/\/www.noidiqua.it\/Montale\/casa-sorriso\/\"><strong>Casa del Sorriso<\/strong> <\/a>(il centro di socializzazione per anziani della Misericordia di Montale), in particolare durante le feste natalizie o in occasione del carnevale. I ragazzi del Gulliver incontrano gli anziani in momenti conviviali in cui avviene un\u2019interazione tra generazioni e un\u2019utile trasmissione di esperienze.<\/p>\n<p><a href=\"https:\/\/www.noidiqua.it\/Montale\/wp-content\/uploads\/2017\/03\/CENTRO-GULLIVER-.png\" rel=\"wp-prettyPhoto[4599]\"><img loading=\"lazy\" decoding=\"async\" class=\"aligncenter size-full wp-image-6721\" src=\"https:\/\/www.noidiqua.it\/Montale\/wp-content\/uploads\/2017\/03\/CENTRO-GULLIVER-.png\" alt=\"\" width=\"450\" height=\"300\" srcset=\"https:\/\/www.noidiqua.it\/Montale\/wp-content\/uploads\/2017\/03\/CENTRO-GULLIVER-.png 450w, https:\/\/www.noidiqua.it\/Montale\/wp-content\/uploads\/2017\/03\/CENTRO-GULLIVER--300x200.png 300w\" sizes=\"auto, (max-width: 450px) 100vw, 450px\" \/><\/a><\/p>\n<p>E\u2019 fondamentale anche il rapporto con le scuole. Gli educatori del Gulliver sono in contatto con regolarit\u00e0 con gli insegnanti insieme ai quali elaborano percorsi di studio individualizzati per i ragazzi che attraversano momenti di difficolt\u00e0 nelle attivit\u00e0 scolastiche. Lo\u00a0 spazio del<strong> Ciaf-Gulliver<\/strong> \u00e8 per sua natura meno rigido e formale rispetto alla scuola e pu\u00f2 offrire maggiori possibilit\u00e0 di\u00a0 percorsi pi\u00f9 spontanei e creativi, sia di studio, sia di socializzazione. I gruppi di auto-aiuto e l\u2019utilizzo del tempo in forma personalizzata, favoriscono nei ragazzi le capacit\u00e0 di gestione autonoma delle proprie risorse e potenzialit\u00e0.<\/p>\n<p>&nbsp;<\/p>\n<p class=\"p1\" style=\"text-align: justify;\">","protected":false},"excerpt":{"rendered":"<p>di\u00a0Giacomo Bini. Foto: Gabriele Bellini marzo 2017 Il Centro Gulliver del Comune di Montale \u00e8 uno dei Ciaf (Centro Infanzia, Adolescenza e Famiglia) promossi dalla Regione Toscana e dalle Amministrazioni locali. E\u2019 stato fondato nel 1991 grazie ad un finanziamento Regionale per la realizzazione di Centri socio-educativi. Per molti anni ha avuto sede in [&hellip;]<\/p>","protected":false},"author":12,"featured_media":0,"comment_status":"open","ping_status":"open","sticky":false,"template":"","format":"standard","meta":{"footnotes":""},"categories":[7,12],"tags":[905,740,906,902,904,903,910,272,908,909,911,907],"class_list":["post-4599","post","type-post","status-publish","format-standard","hentry","category-mt","category-solidarieta-qt","tag-adolescenza-e-famiglia","tag-casa-del-sorriso","tag-centri-socio-educativi","tag-centro-gulliver","tag-centro-infanzia","tag-ciaf","tag-ciaf-gulliver","tag-comune-di-montale","tag-consorzio-metropoli","tag-cooperativa-gli-altri","tag-educatori","tag-martin-luther-king"],"yoast_head":"<!-- This site is optimized with the Yoast SEO plugin v25.5 - https:\/\/yoast.com\/wordpress\/plugins\/seo\/ -->\n<title>Centro Gulliver - Noi di Qua Testata giornalistica e di attualit\u00e0 di Agliana, Montale e Quarrata.<\/title>\n<meta name=\"robots\" content=\"index, follow, max-snippet:-1, max-image-preview:large, max-video-preview:-1\" \/>\n<link rel=\"canonical\" href=\"https:\/\/www.noidiqua.it\/Montale\/centro-gulliver\/\" \/>\n<meta property=\"og:locale\" content=\"it_IT\" \/>\n<meta property=\"og:type\" content=\"article\" \/>\n<meta property=\"og:title\" content=\"Centro Gulliver - Noi di Qua Testata giornalistica e di attualit\u00e0 di Agliana, Montale e Quarrata.\" \/>\n<meta property=\"og:description\" content=\"di\u00a0Giacomo Bini. Foto: Gabriele Bellini marzo 2017 Il Centro Gulliver del Comune di Montale \u00e8 uno dei Ciaf (Centro Infanzia, Adolescenza e Famiglia) promossi dalla Regione Toscana e dalle Amministrazioni locali. E\u2019 stato fondato nel 1991 grazie ad un finanziamento Regionale per la realizzazione di Centri socio-educativi. Per molti anni ha avuto sede in [&hellip;]\" \/>\n<meta property=\"og:url\" content=\"https:\/\/www.noidiqua.it\/Montale\/centro-gulliver\/\" \/>\n<meta property=\"og:site_name\" content=\"Noi di Qua Testata giornalistica e di attualit\u00e0 di Agliana, Montale e Quarrata.\" \/>\n<meta property=\"article:publisher\" content=\"https:\/\/www.facebook.com\/noidiqua.trimestrale\/\" \/>\n<meta property=\"article:published_time\" content=\"2017-03-13T11:12:17+00:00\" \/>\n<meta property=\"article:modified_time\" content=\"2022-02-11T08:30:02+00:00\" \/>\n<meta property=\"og:image\" content=\"https:\/\/www.noidiqua.it\/Montale\/wp-content\/uploads\/2017\/03\/CENTRO-GULLIVER-2.png\" \/>\n<meta name=\"author\" content=\"Giacomo Bini\" \/>\n<meta name=\"twitter:label1\" content=\"Scritto da\" \/>\n\t<meta name=\"twitter:data1\" content=\"Giacomo Bini\" \/>\n\t<meta name=\"twitter:label2\" content=\"Tempo di lettura stimato\" \/>\n\t<meta name=\"twitter:data2\" content=\"2 minuti\" \/>\n<script type=\"application\/ld+json\" class=\"yoast-schema-graph\">{\"@context\":\"https:\/\/schema.org\",\"@graph\":[{\"@type\":\"WebPage\",\"@id\":\"https:\/\/www.noidiqua.it\/Montale\/centro-gulliver\/\",\"url\":\"https:\/\/www.noidiqua.it\/Montale\/centro-gulliver\/\",\"name\":\"Centro Gulliver - Noi di Qua Testata giornalistica e di attualit\u00e0 di Agliana, Montale e Quarrata.\",\"isPartOf\":{\"@id\":\"https:\/\/www.noidiqua.it\/Montale\/#website\"},\"primaryImageOfPage\":{\"@id\":\"https:\/\/www.noidiqua.it\/Montale\/centro-gulliver\/#primaryimage\"},\"image\":{\"@id\":\"https:\/\/www.noidiqua.it\/Montale\/centro-gulliver\/#primaryimage\"},\"thumbnailUrl\":\"https:\/\/www.noidiqua.it\/Montale\/wp-content\/uploads\/2017\/03\/CENTRO-GULLIVER-2.png\",\"datePublished\":\"2017-03-13T11:12:17+00:00\",\"dateModified\":\"2022-02-11T08:30:02+00:00\",\"author\":{\"@id\":\"https:\/\/www.noidiqua.it\/Montale\/#\/schema\/person\/e2e6f44da50af0dae9c90ad168e471a4\"},\"breadcrumb\":{\"@id\":\"https:\/\/www.noidiqua.it\/Montale\/centro-gulliver\/#breadcrumb\"},\"inLanguage\":\"it-IT\",\"potentialAction\":[{\"@type\":\"ReadAction\",\"target\":[\"https:\/\/www.noidiqua.it\/Montale\/centro-gulliver\/\"]}]},{\"@type\":\"ImageObject\",\"inLanguage\":\"it-IT\",\"@id\":\"https:\/\/www.noidiqua.it\/Montale\/centro-gulliver\/#primaryimage\",\"url\":\"https:\/\/www.noidiqua.it\/Montale\/wp-content\/uploads\/2017\/03\/CENTRO-GULLIVER-2.png\",\"contentUrl\":\"https:\/\/www.noidiqua.it\/Montale\/wp-content\/uploads\/2017\/03\/CENTRO-GULLIVER-2.png\",\"width\":450,\"height\":363},{\"@type\":\"BreadcrumbList\",\"@id\":\"https:\/\/www.noidiqua.it\/Montale\/centro-gulliver\/#breadcrumb\",\"itemListElement\":[{\"@type\":\"ListItem\",\"position\":1,\"name\":\"Home\",\"item\":\"https:\/\/www.noidiqua.it\/Montale\/\"},{\"@type\":\"ListItem\",\"position\":2,\"name\":\"Centro Gulliver\"}]},{\"@type\":\"WebSite\",\"@id\":\"https:\/\/www.noidiqua.it\/Montale\/#website\",\"url\":\"https:\/\/www.noidiqua.it\/Montale\/\",\"name\":\"Noi di Qua Testata giornalistica e di attualit\u00e0 di Agliana, Montale e Quarrata.\",\"description\":\"Testata Giornalistica Quarrata Montale Agliana\",\"potentialAction\":[{\"@type\":\"SearchAction\",\"target\":{\"@type\":\"EntryPoint\",\"urlTemplate\":\"https:\/\/www.noidiqua.it\/Montale\/?s={search_term_string}\"},\"query-input\":{\"@type\":\"PropertyValueSpecification\",\"valueRequired\":true,\"valueName\":\"search_term_string\"}}],\"inLanguage\":\"it-IT\"},{\"@type\":\"Person\",\"@id\":\"https:\/\/www.noidiqua.it\/Montale\/#\/schema\/person\/e2e6f44da50af0dae9c90ad168e471a4\",\"name\":\"Giacomo Bini\",\"image\":{\"@type\":\"ImageObject\",\"inLanguage\":\"it-IT\",\"@id\":\"https:\/\/www.noidiqua.it\/Montale\/#\/schema\/person\/image\/\",\"url\":\"https:\/\/secure.gravatar.com\/avatar\/e5c18ae41df5ae37397358f2c6046696187d51a120c5d0b8f0c49f7b606f46f4?s=96&d=mm&r=g\",\"contentUrl\":\"https:\/\/secure.gravatar.com\/avatar\/e5c18ae41df5ae37397358f2c6046696187d51a120c5d0b8f0c49f7b606f46f4?s=96&d=mm&r=g\",\"caption\":\"Giacomo Bini\"},\"url\":\"https:\/\/www.noidiqua.it\/Montale\/author\/giacomo-bini\/\"}]}<\/script>\n<!-- \/ Yoast SEO plugin. -->","yoast_head_json":{"title":"Centro Gulliver - Noi di Qua Testata giornalistica e di attualit\u00e0 di Agliana, Montale e Quarrata.","robots":{"index":"index","follow":"follow","max-snippet":"max-snippet:-1","max-image-preview":"max-image-preview:large","max-video-preview":"max-video-preview:-1"},"canonical":"https:\/\/www.noidiqua.it\/Montale\/centro-gulliver\/","og_locale":"it_IT","og_type":"article","og_title":"Centro Gulliver - Noi di Qua Testata giornalistica e di attualit\u00e0 di Agliana, Montale e Quarrata.","og_description":"di\u00a0Giacomo Bini. Foto: Gabriele Bellini marzo 2017 Il Centro Gulliver del Comune di Montale \u00e8 uno dei Ciaf (Centro Infanzia, Adolescenza e Famiglia) promossi dalla Regione Toscana e dalle Amministrazioni locali. E\u2019 stato fondato nel 1991 grazie ad un finanziamento Regionale per la realizzazione di Centri socio-educativi. Per molti anni ha avuto sede in [&hellip;]","og_url":"https:\/\/www.noidiqua.it\/Montale\/centro-gulliver\/","og_site_name":"Noi di Qua Testata giornalistica e di attualit\u00e0 di Agliana, Montale e Quarrata.","article_publisher":"https:\/\/www.facebook.com\/noidiqua.trimestrale\/","article_published_time":"2017-03-13T11:12:17+00:00","article_modified_time":"2022-02-11T08:30:02+00:00","og_image":[{"url":"https:\/\/www.noidiqua.it\/Montale\/wp-content\/uploads\/2017\/03\/CENTRO-GULLIVER-2.png","type":"","width":"","height":""}],"author":"Giacomo Bini","twitter_misc":{"Scritto da":"Giacomo Bini","Tempo di lettura stimato":"2 minuti"},"schema":{"@context":"https:\/\/schema.org","@graph":[{"@type":"WebPage","@id":"https:\/\/www.noidiqua.it\/Montale\/centro-gulliver\/","url":"https:\/\/www.noidiqua.it\/Montale\/centro-gulliver\/","name":"Centro Gulliver - Noi di Qua Testata giornalistica e di attualit\u00e0 di Agliana, Montale e Quarrata.","isPartOf":{"@id":"https:\/\/www.noidiqua.it\/Montale\/#website"},"primaryImageOfPage":{"@id":"https:\/\/www.noidiqua.it\/Montale\/centro-gulliver\/#primaryimage"},"image":{"@id":"https:\/\/www.noidiqua.it\/Montale\/centro-gulliver\/#primaryimage"},"thumbnailUrl":"https:\/\/www.noidiqua.it\/Montale\/wp-content\/uploads\/2017\/03\/CENTRO-GULLIVER-2.png","datePublished":"2017-03-13T11:12:17+00:00","dateModified":"2022-02-11T08:30:02+00:00","author":{"@id":"https:\/\/www.noidiqua.it\/Montale\/#\/schema\/person\/e2e6f44da50af0dae9c90ad168e471a4"},"breadcrumb":{"@id":"https:\/\/www.noidiqua.it\/Montale\/centro-gulliver\/#breadcrumb"},"inLanguage":"it-IT","potentialAction":[{"@type":"ReadAction","target":["https:\/\/www.noidiqua.it\/Montale\/centro-gulliver\/"]}]},{"@type":"ImageObject","inLanguage":"it-IT","@id":"https:\/\/www.noidiqua.it\/Montale\/centro-gulliver\/#primaryimage","url":"https:\/\/www.noidiqua.it\/Montale\/wp-content\/uploads\/2017\/03\/CENTRO-GULLIVER-2.png","contentUrl":"https:\/\/www.noidiqua.it\/Montale\/wp-content\/uploads\/2017\/03\/CENTRO-GULLIVER-2.png","width":450,"height":363},{"@type":"BreadcrumbList","@id":"https:\/\/www.noidiqua.it\/Montale\/centro-gulliver\/#breadcrumb","itemListElement":[{"@type":"ListItem","position":1,"name":"Home","item":"https:\/\/www.noidiqua.it\/Montale\/"},{"@type":"ListItem","position":2,"name":"Centro Gulliver"}]},{"@type":"WebSite","@id":"https:\/\/www.noidiqua.it\/Montale\/#website","url":"https:\/\/www.noidiqua.it\/Montale\/","name":"Noi di Qua Testata giornalistica e di attualit\u00e0 di Agliana, Montale e Quarrata.","description":"Testata Giornalistica Quarrata Montale Agliana","potentialAction":[{"@type":"SearchAction","target":{"@type":"EntryPoint","urlTemplate":"https:\/\/www.noidiqua.it\/Montale\/?s={search_term_string}"},"query-input":{"@type":"PropertyValueSpecification","valueRequired":true,"valueName":"search_term_string"}}],"inLanguage":"it-IT"},{"@type":"Person","@id":"https:\/\/www.noidiqua.it\/Montale\/#\/schema\/person\/e2e6f44da50af0dae9c90ad168e471a4","name":"Giacomo Bini","image":{"@type":"ImageObject","inLanguage":"it-IT","@id":"https:\/\/www.noidiqua.it\/Montale\/#\/schema\/person\/image\/","url":"https:\/\/secure.gravatar.com\/avatar\/e5c18ae41df5ae37397358f2c6046696187d51a120c5d0b8f0c49f7b606f46f4?s=96&d=mm&r=g","contentUrl":"https:\/\/secure.gravatar.com\/avatar\/e5c18ae41df5ae37397358f2c6046696187d51a120c5d0b8f0c49f7b606f46f4?s=96&d=mm&r=g","caption":"Giacomo Bini"},"url":"https:\/\/www.noidiqua.it\/Montale\/author\/giacomo-bini\/"}]}},"_links":{"self":[{"href":"https:\/\/www.noidiqua.it\/Montale\/wp-json\/wp\/v2\/posts\/4599","targetHints":{"allow":["GET"]}}],"collection":[{"href":"https:\/\/www.noidiqua.it\/Montale\/wp-json\/wp\/v2\/posts"}],"about":[{"href":"https:\/\/www.noidiqua.it\/Montale\/wp-json\/wp\/v2\/types\/post"}],"author":[{"embeddable":true,"href":"https:\/\/www.noidiqua.it\/Montale\/wp-json\/wp\/v2\/users\/12"}],"replies":[{"embeddable":true,"href":"https:\/\/www.noidiqua.it\/Montale\/wp-json\/wp\/v2\/comments?post=4599"}],"version-history":[{"count":6,"href":"https:\/\/www.noidiqua.it\/Montale\/wp-json\/wp\/v2\/posts\/4599\/revisions"}],"predecessor-version":[{"id":6722,"href":"https:\/\/www.noidiqua.it\/Montale\/wp-json\/wp\/v2\/posts\/4599\/revisions\/6722"}],"wp:attachment":[{"href":"https:\/\/www.noidiqua.it\/Montale\/wp-json\/wp\/v2\/media?parent=4599"}],"wp:term":[{"taxonomy":"category","embeddable":true,"href":"https:\/\/www.noidiqua.it\/Montale\/wp-json\/wp\/v2\/categories?post=4599"},{"taxonomy":"post_tag","embeddable":true,"href":"https:\/\/www.noidiqua.it\/Montale\/wp-json\/wp\/v2\/tags?post=4599"}],"curies":[{"name":"wp","href":"https:\/\/api.w.org\/{rel}","templated":true}]}}