{"id":4608,"date":"2017-03-13T12:53:56","date_gmt":"2017-03-13T11:53:56","guid":{"rendered":"https:\/\/www.noidiqua.it\/Montale\/?p=4608"},"modified":"2022-02-11T09:36:16","modified_gmt":"2022-02-11T08:36:16","slug":"i-brevi-noidiqua-10","status":"publish","type":"post","link":"https:\/\/www.noidiqua.it\/Montale\/i-brevi-noidiqua-10\/","title":{"rendered":"I brevi di Noidiqua"},"content":{"rendered":"<p><em>di\u00a0Giacomo Bini<\/em><\/p>\n<p>marzo 2017<\/p>\n<p><a href=\"https:\/\/www.noidiqua.it\/Montale\/wp-content\/uploads\/2021\/04\/brevi.png\" rel=\"wp-prettyPhoto[4608]\"><img loading=\"lazy\" decoding=\"async\" class=\"aligncenter size-full wp-image-5604\" src=\"https:\/\/www.noidiqua.it\/Montale\/wp-content\/uploads\/2021\/04\/brevi.png\" alt=\"\" width=\"473\" height=\"291\" srcset=\"https:\/\/www.noidiqua.it\/Montale\/wp-content\/uploads\/2021\/04\/brevi.png 473w, https:\/\/www.noidiqua.it\/Montale\/wp-content\/uploads\/2021\/04\/brevi-300x185.png 300w\" sizes=\"auto, (max-width: 473px) 100vw, 473px\" \/><\/a><\/p>\n<p>&nbsp;<\/p>\n<p class=\"p1\" style=\"text-align: justify;\"><span class=\"s1\"><b>Mauro Melis, giovane di 24 anni di Stazione affetto da sclerosi multipla, ha presentato il suo libro autobiografico intitolato \u201cLa mia vita, una sconfitta fin dalla partenza?\u201d, un autoritratto di straordinaria sincerit\u00e0, scritto con uno stile asciutto, crudo e semplice che sarebbe piaciuto moltissimo a Pier Paolo Pasolini<\/b><\/span><span class=\"s1\">.\u00a0<\/span><\/p>\n<p class=\"p1\" style=\"text-align: justify;\">Non \u00e8 un libro sulla malattia, ma sugli errori della vita, come la droga e l\u2019alcol, che minano l\u2019esistenza e gli affetti e da cui ci si risolleva solo grazie all\u2019amore delle persone care. <b>La ragazza dell\u2019autore, Sofia Cecchi, ha avuto il merito di indurre Mauro a mettere per iscritto i suoi pensieri e i suoi travagli interiori<\/b>. Ne \u00e8 uscita una testimonianza di grande spessore umano, che in poche decine di pagine mette a nudo un\u2019esistenza piena di errori e di cadute, di dolore e di scelte sciagurate ma anche di tanta voglia di riscatto intorno ad alcuni punti fermi: l\u2019amore incondizionato dei genitori e l\u2019incontro con la compagna della propria esistenza. <i>\u00abHo scritto questo libro\u00bb<\/i> dice Melis <i>\u00abper aiutare qualcun altro a non fare i miei stessi errori. Chiedo scusa se non \u00e8 perfetto, ma ho voluto farlo cos\u00ec, imperfetto come me\u00bb<\/i>.<\/p>\n<p>&nbsp;<\/p>\n<p>&nbsp;<\/p>\n<p class=\"p1\" style=\"text-align: justify;\"><b>Il raggruppamento, che riunisce una trentina di associazioni montalesi con la collaborazione del Comune per aiutare le popolazioni terremotate, si \u00e8 dato una forma giuridica prendendo il nome di Comitato Montale Solidale ed ha aperto un conto corrente su cui verranno convogliati i contributi raccolti nelle iniziative future oppure provenienti da donazioni private.\u00a0<\/b><\/p>\n<p class=\"p1\" style=\"text-align: justify;\">L\u2019IBAN su cui versare le offerte \u00e8 IT76B0867370450062000620141 presso Chiantibanca Credito Cooperativo. Gi\u00e0 nelle iniziative svolte finora, sono stati raccolti circa 6mila euro, ma il grosso degli eventi pro-terremotati verr\u00e0 organizzato nella primavera e nell\u2019estate. Nello statuto del Comitato Montale Solidale, si indica come scopo <b><i>\u00abla raccolta fondi per interventi umanitari in favore delle popolazioni colpite da calamit\u00e0 e per finalit\u00e0 sociali in genere\u00bb<\/i><\/b>. Il nuovo Comitato \u00e8 stato costituito inizialmente dalle tre associazioni che per prime lo hanno proposto all\u2019Amministrazione comunale, cio\u00e8 il Comitato per i Festeggiamenti, la Misericordia e la Croce d\u2019Oro di Montale, ma ora vi stanno entrando tutte le altre associazioni del paese: Auser, Aido, Avis, Anpi, Alpini, Polisportiva Antares, Proloco di Stazione, Fognano e Tobbiana, Compagnia del Sorriso, Rioni Dore e Smilea, Misericordia di Fognano, Sesamo e Cartamo, Polisportiva 90, Protezione Civile e Gruppo Podistico della Croce d\u2019Oro, Basket Montale, Fratres, Circolo Arci Montale, Tennis Montale, Olimpia Montale, Amici della Caccia, Polisportiva Aurora, Comitato Gemellaggi, San Vincenzo de\u2019 Paoli e Banda di Fognano.<\/p>\n<p>&nbsp;<\/p>\n<p>&nbsp;<\/p>\n<p class=\"p1\" style=\"text-align: justify;\"><span class=\"s1\"><b>Verr\u00e0 istituito l\u2019ispettore ambientale nei tre Comuni della piana, per vigilare che la raccolta differenziata sia effettuata correttamente ed eventualmente redigere verbali per la sanzione a carico dell\u2019utente disattento o indisciplinato<\/b>.\u00a0<\/span><\/p>\n<p class=\"p1\" style=\"text-align: justify;\">La creazione di questa nuova figura, \u00e8 prevista nel piano finanziario presentato dal Cis e in corso di discussione presso le commissioni consiliari e le assemblee municipali dei tre comuni.\u00a0 L\u2019introduzione dell\u2019ispettore ambientale, nasce dalla volont\u00e0 dei sindaci di rilanciare la raccolta differenziata che sta registrando da qualche anno una progressiva diminuzione in particolare a Montale e ad Agliana. <b>A Montale si \u00e8 passati dal 66,92% di raccolta differenziata nel 2013 al 61,81 nel 2016, mentre ad Agliana dal 72,35% al 66,32%. Anche il comune di Quarrata, che ha raggiunto il 67,86% nel 2016, \u00e8 in lieve flessione rispetto al 68,94% del 2015<\/b>.<\/p>\n<p>&nbsp;<\/p>\n<p>&nbsp;<\/p>\n<p class=\"p1\" style=\"text-align: justify;\"><span class=\"s1\"><b>E\u2019 stato approvato il conto definitivo per il nuovo asilo nido di Stazione i cui lavori si sono ufficialmente conclusi con una spesa totale di un milione e 77mila euro.<\/b>\u00a0<\/span><\/p>\n<p class=\"p1\" style=\"text-align: justify;\">Il nuovo asilo deve ora essere ora dotato degli arredi e poi sar\u00e0 pronto per essere utilizzato. La spesa per la costruzione \u00e8 stata finanziata per 468mila euro dalla Regione Toscana, oltre a un contributo di 250 mila euro dalla Fondazione Caript. La parte restante \u00e8 stata coperta con un mutuo dall\u2019Amministrazione comunale. Il cantiere dell\u2019asilo nido di Stazione \u00e8 stato molto travagliato perch\u00e9 ha visto l\u2019avvicendarsi di tre diverse imprese appaltatrici. Il Comune ha provveduto anche a eseguire la sistemazione esterna compreso il vialetto pedonale che porta dal parcheggio di via Compietra fino all\u2019ingresso dell\u2019asilo.<\/p>\n<p>&nbsp;<\/p>\n<p>&nbsp;<\/p>\n<p class=\"p1\" style=\"text-align: justify;\"><span class=\"s1\"><b>E\u2019 andata deserta l\u2019asta giudiziaria del 23 febbraio per il complesso edilizio dell\u2019ex Poltronova in via Provinciale Pratese, un pezzo della storia del design e della creativit\u00e0 italiana ridotto ormai ad una cadente carcassa di cemento in stato di totale abbandono<\/b>.<\/span><\/p>\n<p class=\"p1\" style=\"text-align: justify;\">Il complesso, comprendente fabbricati per un insieme di circa 5mila metri quadrati, era stato messo all\u2019asta per un prezzo base di 280mila euro, ma nessun compratore si \u00e8 presentato. Un triste destino per una fabbrica da cui uscivano mobili disegnati da progettisti del calibro di Ettore Sottsass e Gae Aulenti, che sono esposti anche al Moma di New York. Dopo l\u2019asta disertata, il tribunale ne riproporr\u00e0 un\u2019altra ad un prezzo ancora pi\u00f9 basso.\u00a0<b>E pensare che in una perizia del 1996, redatta per conto del Tribunale di Pistoia dal Ctu ingegner Fabrizio Fedi, il valore commerciale dell\u2019intero complesso immobiliare della Poltronova veniva stimato in 2miliardi e 360 milioni di vecchie lire pari circa a un milione 200 mila euro<\/b>. Ma da quella perizia sono passati vent\u2019anni, e la valutazione risente della crisi economica, in particolare di quella del mercato immobiliare, oltre che del progressivo degrado del fabbricato, aggravatosi dopo il fallimento dell\u2019azienda proprietaria, avvenuto nel 2013.<\/p>","protected":false},"excerpt":{"rendered":"<p>di\u00a0Giacomo Bini marzo 2017 &nbsp; Mauro Melis, giovane di 24 anni di Stazione affetto da sclerosi multipla, ha presentato il suo libro autobiografico intitolato \u201cLa mia vita, una sconfitta fin dalla partenza?\u201d, un autoritratto di straordinaria sincerit\u00e0, scritto con uno stile asciutto, crudo e semplice che sarebbe piaciuto moltissimo a Pier Paolo Pasolini.\u00a0 Non [&hellip;]<\/p>","protected":false},"author":12,"featured_media":0,"comment_status":"open","ping_status":"open","sticky":false,"template":"","format":"standard","meta":{"footnotes":""},"categories":[29,7],"tags":[919,918,921,922,292,917,888,920,912,995,485,913,916,915,914],"class_list":["post-4608","post","type-post","status-publish","format-standard","hentry","category-brevi-ndq-qt","category-mt","tag-amministrazione-comunale","tag-asilo-nido-di-stazione","tag-asta","tag-asta-giudiziaria","tag-cis","tag-comitato-montale-solidale","tag-comuni-della-piana","tag-ex-poltronova","tag-mauro-melis","tag-mt","tag-regione-toscana","tag-sclerosi-multipla","tag-sofia-cecchi","tag-una-sconfitta-fin-dalla-partenza","tag-la-mia-vita"],"yoast_head":"<!-- This site is optimized with the Yoast SEO plugin v25.5 - https:\/\/yoast.com\/wordpress\/plugins\/seo\/ -->\n<title>I brevi di Noidiqua - Noi di Qua Testata giornalistica e di attualit\u00e0 di Agliana, Montale e Quarrata.<\/title>\n<meta name=\"robots\" content=\"index, follow, max-snippet:-1, max-image-preview:large, max-video-preview:-1\" \/>\n<link rel=\"canonical\" href=\"https:\/\/www.noidiqua.it\/Montale\/i-brevi-noidiqua-10\/\" \/>\n<meta property=\"og:locale\" content=\"it_IT\" \/>\n<meta property=\"og:type\" content=\"article\" \/>\n<meta property=\"og:title\" content=\"I brevi di Noidiqua - Noi di Qua Testata giornalistica e di attualit\u00e0 di Agliana, Montale e Quarrata.\" \/>\n<meta property=\"og:description\" content=\"di\u00a0Giacomo Bini marzo 2017 &nbsp; Mauro Melis, giovane di 24 anni di Stazione affetto da sclerosi multipla, ha presentato il suo libro autobiografico intitolato \u201cLa mia vita, una sconfitta fin dalla partenza?\u201d, un autoritratto di straordinaria sincerit\u00e0, scritto con uno stile asciutto, crudo e semplice che sarebbe piaciuto moltissimo a Pier Paolo Pasolini.\u00a0 Non [&hellip;]\" \/>\n<meta property=\"og:url\" content=\"https:\/\/www.noidiqua.it\/Montale\/i-brevi-noidiqua-10\/\" \/>\n<meta property=\"og:site_name\" content=\"Noi di Qua Testata giornalistica e di attualit\u00e0 di Agliana, Montale e Quarrata.\" \/>\n<meta property=\"article:publisher\" content=\"https:\/\/www.facebook.com\/noidiqua.trimestrale\/\" \/>\n<meta property=\"article:published_time\" content=\"2017-03-13T11:53:56+00:00\" \/>\n<meta property=\"article:modified_time\" content=\"2022-02-11T08:36:16+00:00\" \/>\n<meta property=\"og:image\" content=\"https:\/\/www.noidiqua.it\/Montale\/wp-content\/uploads\/2021\/04\/brevi.png\" \/>\n<meta name=\"author\" content=\"Giacomo Bini\" \/>\n<meta name=\"twitter:label1\" content=\"Scritto da\" \/>\n\t<meta name=\"twitter:data1\" content=\"Giacomo Bini\" \/>\n\t<meta name=\"twitter:label2\" content=\"Tempo di lettura stimato\" \/>\n\t<meta name=\"twitter:data2\" content=\"4 minuti\" \/>\n<script type=\"application\/ld+json\" class=\"yoast-schema-graph\">{\"@context\":\"https:\/\/schema.org\",\"@graph\":[{\"@type\":\"WebPage\",\"@id\":\"https:\/\/www.noidiqua.it\/Montale\/i-brevi-noidiqua-10\/\",\"url\":\"https:\/\/www.noidiqua.it\/Montale\/i-brevi-noidiqua-10\/\",\"name\":\"I brevi di Noidiqua - Noi di Qua Testata giornalistica e di attualit\u00e0 di Agliana, Montale e Quarrata.\",\"isPartOf\":{\"@id\":\"https:\/\/www.noidiqua.it\/Montale\/#website\"},\"primaryImageOfPage\":{\"@id\":\"https:\/\/www.noidiqua.it\/Montale\/i-brevi-noidiqua-10\/#primaryimage\"},\"image\":{\"@id\":\"https:\/\/www.noidiqua.it\/Montale\/i-brevi-noidiqua-10\/#primaryimage\"},\"thumbnailUrl\":\"https:\/\/www.noidiqua.it\/Montale\/wp-content\/uploads\/2021\/04\/brevi.png\",\"datePublished\":\"2017-03-13T11:53:56+00:00\",\"dateModified\":\"2022-02-11T08:36:16+00:00\",\"author\":{\"@id\":\"https:\/\/www.noidiqua.it\/Montale\/#\/schema\/person\/e2e6f44da50af0dae9c90ad168e471a4\"},\"breadcrumb\":{\"@id\":\"https:\/\/www.noidiqua.it\/Montale\/i-brevi-noidiqua-10\/#breadcrumb\"},\"inLanguage\":\"it-IT\",\"potentialAction\":[{\"@type\":\"ReadAction\",\"target\":[\"https:\/\/www.noidiqua.it\/Montale\/i-brevi-noidiqua-10\/\"]}]},{\"@type\":\"ImageObject\",\"inLanguage\":\"it-IT\",\"@id\":\"https:\/\/www.noidiqua.it\/Montale\/i-brevi-noidiqua-10\/#primaryimage\",\"url\":\"https:\/\/www.noidiqua.it\/Montale\/wp-content\/uploads\/2021\/04\/brevi.png\",\"contentUrl\":\"https:\/\/www.noidiqua.it\/Montale\/wp-content\/uploads\/2021\/04\/brevi.png\",\"width\":473,\"height\":291},{\"@type\":\"BreadcrumbList\",\"@id\":\"https:\/\/www.noidiqua.it\/Montale\/i-brevi-noidiqua-10\/#breadcrumb\",\"itemListElement\":[{\"@type\":\"ListItem\",\"position\":1,\"name\":\"Home\",\"item\":\"https:\/\/www.noidiqua.it\/Montale\/\"},{\"@type\":\"ListItem\",\"position\":2,\"name\":\"I brevi di Noidiqua\"}]},{\"@type\":\"WebSite\",\"@id\":\"https:\/\/www.noidiqua.it\/Montale\/#website\",\"url\":\"https:\/\/www.noidiqua.it\/Montale\/\",\"name\":\"Noi di Qua Testata giornalistica e di attualit\u00e0 di Agliana, Montale e Quarrata.\",\"description\":\"Testata Giornalistica Quarrata Montale Agliana\",\"potentialAction\":[{\"@type\":\"SearchAction\",\"target\":{\"@type\":\"EntryPoint\",\"urlTemplate\":\"https:\/\/www.noidiqua.it\/Montale\/?s={search_term_string}\"},\"query-input\":{\"@type\":\"PropertyValueSpecification\",\"valueRequired\":true,\"valueName\":\"search_term_string\"}}],\"inLanguage\":\"it-IT\"},{\"@type\":\"Person\",\"@id\":\"https:\/\/www.noidiqua.it\/Montale\/#\/schema\/person\/e2e6f44da50af0dae9c90ad168e471a4\",\"name\":\"Giacomo Bini\",\"image\":{\"@type\":\"ImageObject\",\"inLanguage\":\"it-IT\",\"@id\":\"https:\/\/www.noidiqua.it\/Montale\/#\/schema\/person\/image\/\",\"url\":\"https:\/\/secure.gravatar.com\/avatar\/e5c18ae41df5ae37397358f2c6046696187d51a120c5d0b8f0c49f7b606f46f4?s=96&d=mm&r=g\",\"contentUrl\":\"https:\/\/secure.gravatar.com\/avatar\/e5c18ae41df5ae37397358f2c6046696187d51a120c5d0b8f0c49f7b606f46f4?s=96&d=mm&r=g\",\"caption\":\"Giacomo Bini\"},\"url\":\"https:\/\/www.noidiqua.it\/Montale\/author\/giacomo-bini\/\"}]}<\/script>\n<!-- \/ Yoast SEO plugin. -->","yoast_head_json":{"title":"I brevi di Noidiqua - Noi di Qua Testata giornalistica e di attualit\u00e0 di Agliana, Montale e Quarrata.","robots":{"index":"index","follow":"follow","max-snippet":"max-snippet:-1","max-image-preview":"max-image-preview:large","max-video-preview":"max-video-preview:-1"},"canonical":"https:\/\/www.noidiqua.it\/Montale\/i-brevi-noidiqua-10\/","og_locale":"it_IT","og_type":"article","og_title":"I brevi di Noidiqua - Noi di Qua Testata giornalistica e di attualit\u00e0 di Agliana, Montale e Quarrata.","og_description":"di\u00a0Giacomo Bini marzo 2017 &nbsp; Mauro Melis, giovane di 24 anni di Stazione affetto da sclerosi multipla, ha presentato il suo libro autobiografico intitolato \u201cLa mia vita, una sconfitta fin dalla partenza?\u201d, un autoritratto di straordinaria sincerit\u00e0, scritto con uno stile asciutto, crudo e semplice che sarebbe piaciuto moltissimo a Pier Paolo Pasolini.\u00a0 Non [&hellip;]","og_url":"https:\/\/www.noidiqua.it\/Montale\/i-brevi-noidiqua-10\/","og_site_name":"Noi di Qua Testata giornalistica e di attualit\u00e0 di Agliana, Montale e Quarrata.","article_publisher":"https:\/\/www.facebook.com\/noidiqua.trimestrale\/","article_published_time":"2017-03-13T11:53:56+00:00","article_modified_time":"2022-02-11T08:36:16+00:00","og_image":[{"url":"https:\/\/www.noidiqua.it\/Montale\/wp-content\/uploads\/2021\/04\/brevi.png","type":"","width":"","height":""}],"author":"Giacomo Bini","twitter_misc":{"Scritto da":"Giacomo Bini","Tempo di lettura stimato":"4 minuti"},"schema":{"@context":"https:\/\/schema.org","@graph":[{"@type":"WebPage","@id":"https:\/\/www.noidiqua.it\/Montale\/i-brevi-noidiqua-10\/","url":"https:\/\/www.noidiqua.it\/Montale\/i-brevi-noidiqua-10\/","name":"I brevi di Noidiqua - Noi di Qua Testata giornalistica e di attualit\u00e0 di Agliana, Montale e Quarrata.","isPartOf":{"@id":"https:\/\/www.noidiqua.it\/Montale\/#website"},"primaryImageOfPage":{"@id":"https:\/\/www.noidiqua.it\/Montale\/i-brevi-noidiqua-10\/#primaryimage"},"image":{"@id":"https:\/\/www.noidiqua.it\/Montale\/i-brevi-noidiqua-10\/#primaryimage"},"thumbnailUrl":"https:\/\/www.noidiqua.it\/Montale\/wp-content\/uploads\/2021\/04\/brevi.png","datePublished":"2017-03-13T11:53:56+00:00","dateModified":"2022-02-11T08:36:16+00:00","author":{"@id":"https:\/\/www.noidiqua.it\/Montale\/#\/schema\/person\/e2e6f44da50af0dae9c90ad168e471a4"},"breadcrumb":{"@id":"https:\/\/www.noidiqua.it\/Montale\/i-brevi-noidiqua-10\/#breadcrumb"},"inLanguage":"it-IT","potentialAction":[{"@type":"ReadAction","target":["https:\/\/www.noidiqua.it\/Montale\/i-brevi-noidiqua-10\/"]}]},{"@type":"ImageObject","inLanguage":"it-IT","@id":"https:\/\/www.noidiqua.it\/Montale\/i-brevi-noidiqua-10\/#primaryimage","url":"https:\/\/www.noidiqua.it\/Montale\/wp-content\/uploads\/2021\/04\/brevi.png","contentUrl":"https:\/\/www.noidiqua.it\/Montale\/wp-content\/uploads\/2021\/04\/brevi.png","width":473,"height":291},{"@type":"BreadcrumbList","@id":"https:\/\/www.noidiqua.it\/Montale\/i-brevi-noidiqua-10\/#breadcrumb","itemListElement":[{"@type":"ListItem","position":1,"name":"Home","item":"https:\/\/www.noidiqua.it\/Montale\/"},{"@type":"ListItem","position":2,"name":"I brevi di Noidiqua"}]},{"@type":"WebSite","@id":"https:\/\/www.noidiqua.it\/Montale\/#website","url":"https:\/\/www.noidiqua.it\/Montale\/","name":"Noi di Qua Testata giornalistica e di attualit\u00e0 di Agliana, Montale e Quarrata.","description":"Testata Giornalistica Quarrata Montale Agliana","potentialAction":[{"@type":"SearchAction","target":{"@type":"EntryPoint","urlTemplate":"https:\/\/www.noidiqua.it\/Montale\/?s={search_term_string}"},"query-input":{"@type":"PropertyValueSpecification","valueRequired":true,"valueName":"search_term_string"}}],"inLanguage":"it-IT"},{"@type":"Person","@id":"https:\/\/www.noidiqua.it\/Montale\/#\/schema\/person\/e2e6f44da50af0dae9c90ad168e471a4","name":"Giacomo Bini","image":{"@type":"ImageObject","inLanguage":"it-IT","@id":"https:\/\/www.noidiqua.it\/Montale\/#\/schema\/person\/image\/","url":"https:\/\/secure.gravatar.com\/avatar\/e5c18ae41df5ae37397358f2c6046696187d51a120c5d0b8f0c49f7b606f46f4?s=96&d=mm&r=g","contentUrl":"https:\/\/secure.gravatar.com\/avatar\/e5c18ae41df5ae37397358f2c6046696187d51a120c5d0b8f0c49f7b606f46f4?s=96&d=mm&r=g","caption":"Giacomo Bini"},"url":"https:\/\/www.noidiqua.it\/Montale\/author\/giacomo-bini\/"}]}},"_links":{"self":[{"href":"https:\/\/www.noidiqua.it\/Montale\/wp-json\/wp\/v2\/posts\/4608","targetHints":{"allow":["GET"]}}],"collection":[{"href":"https:\/\/www.noidiqua.it\/Montale\/wp-json\/wp\/v2\/posts"}],"about":[{"href":"https:\/\/www.noidiqua.it\/Montale\/wp-json\/wp\/v2\/types\/post"}],"author":[{"embeddable":true,"href":"https:\/\/www.noidiqua.it\/Montale\/wp-json\/wp\/v2\/users\/12"}],"replies":[{"embeddable":true,"href":"https:\/\/www.noidiqua.it\/Montale\/wp-json\/wp\/v2\/comments?post=4608"}],"version-history":[{"count":6,"href":"https:\/\/www.noidiqua.it\/Montale\/wp-json\/wp\/v2\/posts\/4608\/revisions"}],"predecessor-version":[{"id":6727,"href":"https:\/\/www.noidiqua.it\/Montale\/wp-json\/wp\/v2\/posts\/4608\/revisions\/6727"}],"wp:attachment":[{"href":"https:\/\/www.noidiqua.it\/Montale\/wp-json\/wp\/v2\/media?parent=4608"}],"wp:term":[{"taxonomy":"category","embeddable":true,"href":"https:\/\/www.noidiqua.it\/Montale\/wp-json\/wp\/v2\/categories?post=4608"},{"taxonomy":"post_tag","embeddable":true,"href":"https:\/\/www.noidiqua.it\/Montale\/wp-json\/wp\/v2\/tags?post=4608"}],"curies":[{"name":"wp","href":"https:\/\/api.w.org\/{rel}","templated":true}]}}