{"id":4622,"date":"2017-03-13T16:24:29","date_gmt":"2017-03-13T15:24:29","guid":{"rendered":"https:\/\/www.noidiqua.it\/Montale\/?p=4622"},"modified":"2022-02-11T09:38:40","modified_gmt":"2022-02-11T08:38:40","slug":"parcheggio-tobbiana-forse-ci","status":"publish","type":"post","link":"https:\/\/www.noidiqua.it\/Montale\/parcheggio-tobbiana-forse-ci\/","title":{"rendered":"Parcheggio a Tobbiana &#8211; forse ci siamo&#8230;"},"content":{"rendered":"<p><em>di\u00a0Giacomo Bini<\/em><\/p>\n<p>marzo 2017<\/p>\n<p><a href=\"https:\/\/www.noidiqua.it\/Montale\/wp-content\/uploads\/2017\/03\/PARCHEGGIO-TOBBIANA.png\" rel=\"wp-prettyPhoto[4622]\"><img loading=\"lazy\" decoding=\"async\" class=\"aligncenter size-full wp-image-6728\" src=\"https:\/\/www.noidiqua.it\/Montale\/wp-content\/uploads\/2017\/03\/PARCHEGGIO-TOBBIANA.png\" alt=\"\" width=\"450\" height=\"337\" srcset=\"https:\/\/www.noidiqua.it\/Montale\/wp-content\/uploads\/2017\/03\/PARCHEGGIO-TOBBIANA.png 450w, https:\/\/www.noidiqua.it\/Montale\/wp-content\/uploads\/2017\/03\/PARCHEGGIO-TOBBIANA-300x225.png 300w\" sizes=\"auto, (max-width: 450px) 100vw, 450px\" \/><\/a><\/p>\n<p><span class=\"s1\">La cronica mancanza di <strong>parcheggi<\/strong> a <strong>Tobbiana<\/strong> \u00e8 un problema irrisolto da anni, oggetto di proteste, petizioni, denunce alla magistratura, discussioni e previsioni urbanistiche mai realizzate. Ora sembra di intravedere uno spiraglio per la realizzazione di un parcheggio a sud del paese, lungo<strong> via Mazzini<\/strong>, perch\u00e9 il Comune ha deliberato l\u2019acquisto di un terreno, dove si prevede di attuare un\u2019opera attesa da molto, troppo tempo. E&#8217; un primo passo concreto a cui devono per\u00f2 seguire la progettazione e l\u2019esecuzione dei lavori. Staremo a vedere.\u00a0<\/span><\/p>\n<p><span class=\"s1\">Intanto proviamo a ripercorrere a ritroso la cronistoria di questo annoso problema rileggendo le notizie sull\u2019argomento pubblicate sulla cronaca locale. <\/span><\/p>\n<p><span class=\"s1\">Iniziamo per comodit\u00e0 dal 2004, anche se si potrebbe andare almeno una decina d\u2019anni pi\u00f9 indietro, quando un gruppo di residenti protest\u00f2, dopo che i vigili avevano fatto diverse multe per divieto di sosta, lamentando che <i>\u00abA Tobbiana siamo costretti a sostare le nostre auto un po\u2019 come capita\u00bb<\/i> sostenevano quei cittadini <i>\u00abperch\u00e9 non ci sono parcheggi e non sappiamo dove mettere le macchine. In dieci anni di legislatura il Comune non ha fatto niente ma in compenso ha avuto l\u2019idea faraonica di comprare <strong>villa Smilea<\/strong>\u00bb<\/i>. Nel 2007, una novantina di residenti, firm\u00f2 una petizione in cui si intimava al Comune: <i>\u00abO fate un parcheggio di 30-40 posti o ci rivolgiamo alla magistratura\u00bb<\/i> e sollevavano un problema di sicurezza relativo al passaggio dei mezzi di soccorso nelle strade pi\u00f9 ingolfate dalle auto in sosta. Nel 2008 si discuteva del nuovo regolamento urbanistico, che prevedeva effettivamente una serie di parcheggi tra i quali uno sotterraneo, da fare sotto la <strong>piazza Di Vittorio<\/strong>. <i>\u00abUn\u2019opera faraonica\u00bb<\/i> obiettarono in molti <i>\u00abche rischia di assorbire denaro e tempo sottraendolo ad altri parcheggi pi\u00f9 realisticamente realizzabili\u00bb<\/i>. Comunque non \u00e8 stato fatto n\u00e9 il parcheggio sotterraneo n\u00e9 gli altri 13 previsti. Nel 2010 ecco una nuova protesta insorgere da Tobbiana: <i>\u00abIl sindaco la smetta di portarci via i nostri soldi, pagati con gli oneri di urbanizzazione per opere inutili e li usi per fare i parcheggi\u00bb<\/i>. Nel 2011 in un incontro pubblico nella sala consiliare della Badia, alla presenza degli amministratori e dei tecnici comunali, fu preso l\u2019impegno di inserire un nuovo parcheggio lungo via Mazzini nel piano triennale delle opere pubbliche. Si presero contatti coi proprietari dei terreni ma la trattativa \u00e8 stata complessa e si \u00e8 arrivati ad un accordo solo alla fine del 2016.\u00a0<\/span><\/p>\n<p><span class=\"s1\">Nel novembre dell\u2019anno scorso il consiglio comunale ha deliberato, all\u2019unanimit\u00e0, l\u2019acquisto del terreno di 400 metri quadrati al prezzo di 9mila euro circa ai quali vanno aggiunti 2mila e 500 euro di spese notarili. Il prezzo di acquisto \u00e8 stato dichiarato congruo anche dall\u2019Agenzia del Demanio. <i>\u00abQuesto \u00e8 il primo atto\u00bb <\/i>ha dichiarato il sindaco Ferdinando Betti <i>\u00abper poi andare alla progettazione e realizzazione. Nel Piano Operativo Comunale definiremo le dimensioni del parcheggio\u00bb<\/i>.<\/span><\/p>\n<p>&nbsp;<\/p>","protected":false},"excerpt":{"rendered":"<p>di\u00a0Giacomo Bini marzo 2017 La cronica mancanza di parcheggi a Tobbiana \u00e8 un problema irrisolto da anni, oggetto di proteste, petizioni, denunce alla magistratura, discussioni e previsioni urbanistiche mai realizzate. Ora sembra di intravedere uno spiraglio per la realizzazione di un parcheggio a sud del paese, lungo via Mazzini, perch\u00e9 il Comune ha deliberato [&hellip;]<\/p>","protected":false},"author":12,"featured_media":0,"comment_status":"open","ping_status":"open","sticky":false,"template":"","format":"standard","meta":{"footnotes":""},"categories":[7,18],"tags":[931,995,933,155,932,362],"class_list":["post-4622","post","type-post","status-publish","format-standard","hentry","category-mt","category-territorio-qt","tag-mancanza-di-parcheggi","tag-mt","tag-piazza-di-vittorio","tag-tobbiana","tag-via-mazzini","tag-villa-smilea"],"yoast_head":"<!-- This site is optimized with the Yoast SEO plugin v25.5 - https:\/\/yoast.com\/wordpress\/plugins\/seo\/ -->\n<title>Parcheggio a Tobbiana - forse ci siamo... - Noi di Qua Testata giornalistica e di attualit\u00e0 di Agliana, Montale e Quarrata.<\/title>\n<meta name=\"robots\" content=\"index, follow, max-snippet:-1, max-image-preview:large, max-video-preview:-1\" \/>\n<link rel=\"canonical\" href=\"https:\/\/www.noidiqua.it\/Montale\/parcheggio-tobbiana-forse-ci\/\" \/>\n<meta property=\"og:locale\" content=\"it_IT\" \/>\n<meta property=\"og:type\" content=\"article\" \/>\n<meta property=\"og:title\" content=\"Parcheggio a Tobbiana - forse ci siamo... - Noi di Qua Testata giornalistica e di attualit\u00e0 di Agliana, Montale e Quarrata.\" \/>\n<meta property=\"og:description\" content=\"di\u00a0Giacomo Bini marzo 2017 La cronica mancanza di parcheggi a Tobbiana \u00e8 un problema irrisolto da anni, oggetto di proteste, petizioni, denunce alla magistratura, discussioni e previsioni urbanistiche mai realizzate. Ora sembra di intravedere uno spiraglio per la realizzazione di un parcheggio a sud del paese, lungo via Mazzini, perch\u00e9 il Comune ha deliberato [&hellip;]\" \/>\n<meta property=\"og:url\" content=\"https:\/\/www.noidiqua.it\/Montale\/parcheggio-tobbiana-forse-ci\/\" \/>\n<meta property=\"og:site_name\" content=\"Noi di Qua Testata giornalistica e di attualit\u00e0 di Agliana, Montale e Quarrata.\" \/>\n<meta property=\"article:publisher\" content=\"https:\/\/www.facebook.com\/noidiqua.trimestrale\/\" \/>\n<meta property=\"article:published_time\" content=\"2017-03-13T15:24:29+00:00\" \/>\n<meta property=\"article:modified_time\" content=\"2022-02-11T08:38:40+00:00\" \/>\n<meta property=\"og:image\" content=\"https:\/\/www.noidiqua.it\/Montale\/wp-content\/uploads\/2017\/03\/PARCHEGGIO-TOBBIANA.png\" \/>\n<meta name=\"author\" content=\"Giacomo Bini\" \/>\n<meta name=\"twitter:label1\" content=\"Scritto da\" \/>\n\t<meta name=\"twitter:data1\" content=\"Giacomo Bini\" \/>\n\t<meta name=\"twitter:label2\" content=\"Tempo di lettura stimato\" \/>\n\t<meta name=\"twitter:data2\" content=\"2 minuti\" \/>\n<script type=\"application\/ld+json\" class=\"yoast-schema-graph\">{\"@context\":\"https:\/\/schema.org\",\"@graph\":[{\"@type\":\"WebPage\",\"@id\":\"https:\/\/www.noidiqua.it\/Montale\/parcheggio-tobbiana-forse-ci\/\",\"url\":\"https:\/\/www.noidiqua.it\/Montale\/parcheggio-tobbiana-forse-ci\/\",\"name\":\"Parcheggio a Tobbiana - forse ci siamo... - Noi di Qua Testata giornalistica e di attualit\u00e0 di Agliana, Montale e Quarrata.\",\"isPartOf\":{\"@id\":\"https:\/\/www.noidiqua.it\/Montale\/#website\"},\"primaryImageOfPage\":{\"@id\":\"https:\/\/www.noidiqua.it\/Montale\/parcheggio-tobbiana-forse-ci\/#primaryimage\"},\"image\":{\"@id\":\"https:\/\/www.noidiqua.it\/Montale\/parcheggio-tobbiana-forse-ci\/#primaryimage\"},\"thumbnailUrl\":\"https:\/\/www.noidiqua.it\/Montale\/wp-content\/uploads\/2017\/03\/PARCHEGGIO-TOBBIANA.png\",\"datePublished\":\"2017-03-13T15:24:29+00:00\",\"dateModified\":\"2022-02-11T08:38:40+00:00\",\"author\":{\"@id\":\"https:\/\/www.noidiqua.it\/Montale\/#\/schema\/person\/e2e6f44da50af0dae9c90ad168e471a4\"},\"breadcrumb\":{\"@id\":\"https:\/\/www.noidiqua.it\/Montale\/parcheggio-tobbiana-forse-ci\/#breadcrumb\"},\"inLanguage\":\"it-IT\",\"potentialAction\":[{\"@type\":\"ReadAction\",\"target\":[\"https:\/\/www.noidiqua.it\/Montale\/parcheggio-tobbiana-forse-ci\/\"]}]},{\"@type\":\"ImageObject\",\"inLanguage\":\"it-IT\",\"@id\":\"https:\/\/www.noidiqua.it\/Montale\/parcheggio-tobbiana-forse-ci\/#primaryimage\",\"url\":\"https:\/\/www.noidiqua.it\/Montale\/wp-content\/uploads\/2017\/03\/PARCHEGGIO-TOBBIANA.png\",\"contentUrl\":\"https:\/\/www.noidiqua.it\/Montale\/wp-content\/uploads\/2017\/03\/PARCHEGGIO-TOBBIANA.png\",\"width\":450,\"height\":337},{\"@type\":\"BreadcrumbList\",\"@id\":\"https:\/\/www.noidiqua.it\/Montale\/parcheggio-tobbiana-forse-ci\/#breadcrumb\",\"itemListElement\":[{\"@type\":\"ListItem\",\"position\":1,\"name\":\"Home\",\"item\":\"https:\/\/www.noidiqua.it\/Montale\/\"},{\"@type\":\"ListItem\",\"position\":2,\"name\":\"Parcheggio a Tobbiana &#8211; forse ci siamo&#8230;\"}]},{\"@type\":\"WebSite\",\"@id\":\"https:\/\/www.noidiqua.it\/Montale\/#website\",\"url\":\"https:\/\/www.noidiqua.it\/Montale\/\",\"name\":\"Noi di Qua Testata giornalistica e di attualit\u00e0 di Agliana, Montale e Quarrata.\",\"description\":\"Testata Giornalistica Quarrata Montale Agliana\",\"potentialAction\":[{\"@type\":\"SearchAction\",\"target\":{\"@type\":\"EntryPoint\",\"urlTemplate\":\"https:\/\/www.noidiqua.it\/Montale\/?s={search_term_string}\"},\"query-input\":{\"@type\":\"PropertyValueSpecification\",\"valueRequired\":true,\"valueName\":\"search_term_string\"}}],\"inLanguage\":\"it-IT\"},{\"@type\":\"Person\",\"@id\":\"https:\/\/www.noidiqua.it\/Montale\/#\/schema\/person\/e2e6f44da50af0dae9c90ad168e471a4\",\"name\":\"Giacomo Bini\",\"image\":{\"@type\":\"ImageObject\",\"inLanguage\":\"it-IT\",\"@id\":\"https:\/\/www.noidiqua.it\/Montale\/#\/schema\/person\/image\/\",\"url\":\"https:\/\/secure.gravatar.com\/avatar\/e5c18ae41df5ae37397358f2c6046696187d51a120c5d0b8f0c49f7b606f46f4?s=96&d=mm&r=g\",\"contentUrl\":\"https:\/\/secure.gravatar.com\/avatar\/e5c18ae41df5ae37397358f2c6046696187d51a120c5d0b8f0c49f7b606f46f4?s=96&d=mm&r=g\",\"caption\":\"Giacomo Bini\"},\"url\":\"https:\/\/www.noidiqua.it\/Montale\/author\/giacomo-bini\/\"}]}<\/script>\n<!-- \/ Yoast SEO plugin. -->","yoast_head_json":{"title":"Parcheggio a Tobbiana - forse ci siamo... - Noi di Qua Testata giornalistica e di attualit\u00e0 di Agliana, Montale e Quarrata.","robots":{"index":"index","follow":"follow","max-snippet":"max-snippet:-1","max-image-preview":"max-image-preview:large","max-video-preview":"max-video-preview:-1"},"canonical":"https:\/\/www.noidiqua.it\/Montale\/parcheggio-tobbiana-forse-ci\/","og_locale":"it_IT","og_type":"article","og_title":"Parcheggio a Tobbiana - forse ci siamo... - Noi di Qua Testata giornalistica e di attualit\u00e0 di Agliana, Montale e Quarrata.","og_description":"di\u00a0Giacomo Bini marzo 2017 La cronica mancanza di parcheggi a Tobbiana \u00e8 un problema irrisolto da anni, oggetto di proteste, petizioni, denunce alla magistratura, discussioni e previsioni urbanistiche mai realizzate. Ora sembra di intravedere uno spiraglio per la realizzazione di un parcheggio a sud del paese, lungo via Mazzini, perch\u00e9 il Comune ha deliberato [&hellip;]","og_url":"https:\/\/www.noidiqua.it\/Montale\/parcheggio-tobbiana-forse-ci\/","og_site_name":"Noi di Qua Testata giornalistica e di attualit\u00e0 di Agliana, Montale e Quarrata.","article_publisher":"https:\/\/www.facebook.com\/noidiqua.trimestrale\/","article_published_time":"2017-03-13T15:24:29+00:00","article_modified_time":"2022-02-11T08:38:40+00:00","og_image":[{"url":"https:\/\/www.noidiqua.it\/Montale\/wp-content\/uploads\/2017\/03\/PARCHEGGIO-TOBBIANA.png","type":"","width":"","height":""}],"author":"Giacomo Bini","twitter_misc":{"Scritto da":"Giacomo Bini","Tempo di lettura stimato":"2 minuti"},"schema":{"@context":"https:\/\/schema.org","@graph":[{"@type":"WebPage","@id":"https:\/\/www.noidiqua.it\/Montale\/parcheggio-tobbiana-forse-ci\/","url":"https:\/\/www.noidiqua.it\/Montale\/parcheggio-tobbiana-forse-ci\/","name":"Parcheggio a Tobbiana - forse ci siamo... - Noi di Qua Testata giornalistica e di attualit\u00e0 di Agliana, Montale e Quarrata.","isPartOf":{"@id":"https:\/\/www.noidiqua.it\/Montale\/#website"},"primaryImageOfPage":{"@id":"https:\/\/www.noidiqua.it\/Montale\/parcheggio-tobbiana-forse-ci\/#primaryimage"},"image":{"@id":"https:\/\/www.noidiqua.it\/Montale\/parcheggio-tobbiana-forse-ci\/#primaryimage"},"thumbnailUrl":"https:\/\/www.noidiqua.it\/Montale\/wp-content\/uploads\/2017\/03\/PARCHEGGIO-TOBBIANA.png","datePublished":"2017-03-13T15:24:29+00:00","dateModified":"2022-02-11T08:38:40+00:00","author":{"@id":"https:\/\/www.noidiqua.it\/Montale\/#\/schema\/person\/e2e6f44da50af0dae9c90ad168e471a4"},"breadcrumb":{"@id":"https:\/\/www.noidiqua.it\/Montale\/parcheggio-tobbiana-forse-ci\/#breadcrumb"},"inLanguage":"it-IT","potentialAction":[{"@type":"ReadAction","target":["https:\/\/www.noidiqua.it\/Montale\/parcheggio-tobbiana-forse-ci\/"]}]},{"@type":"ImageObject","inLanguage":"it-IT","@id":"https:\/\/www.noidiqua.it\/Montale\/parcheggio-tobbiana-forse-ci\/#primaryimage","url":"https:\/\/www.noidiqua.it\/Montale\/wp-content\/uploads\/2017\/03\/PARCHEGGIO-TOBBIANA.png","contentUrl":"https:\/\/www.noidiqua.it\/Montale\/wp-content\/uploads\/2017\/03\/PARCHEGGIO-TOBBIANA.png","width":450,"height":337},{"@type":"BreadcrumbList","@id":"https:\/\/www.noidiqua.it\/Montale\/parcheggio-tobbiana-forse-ci\/#breadcrumb","itemListElement":[{"@type":"ListItem","position":1,"name":"Home","item":"https:\/\/www.noidiqua.it\/Montale\/"},{"@type":"ListItem","position":2,"name":"Parcheggio a Tobbiana &#8211; forse ci siamo&#8230;"}]},{"@type":"WebSite","@id":"https:\/\/www.noidiqua.it\/Montale\/#website","url":"https:\/\/www.noidiqua.it\/Montale\/","name":"Noi di Qua Testata giornalistica e di attualit\u00e0 di Agliana, Montale e Quarrata.","description":"Testata Giornalistica Quarrata Montale Agliana","potentialAction":[{"@type":"SearchAction","target":{"@type":"EntryPoint","urlTemplate":"https:\/\/www.noidiqua.it\/Montale\/?s={search_term_string}"},"query-input":{"@type":"PropertyValueSpecification","valueRequired":true,"valueName":"search_term_string"}}],"inLanguage":"it-IT"},{"@type":"Person","@id":"https:\/\/www.noidiqua.it\/Montale\/#\/schema\/person\/e2e6f44da50af0dae9c90ad168e471a4","name":"Giacomo Bini","image":{"@type":"ImageObject","inLanguage":"it-IT","@id":"https:\/\/www.noidiqua.it\/Montale\/#\/schema\/person\/image\/","url":"https:\/\/secure.gravatar.com\/avatar\/e5c18ae41df5ae37397358f2c6046696187d51a120c5d0b8f0c49f7b606f46f4?s=96&d=mm&r=g","contentUrl":"https:\/\/secure.gravatar.com\/avatar\/e5c18ae41df5ae37397358f2c6046696187d51a120c5d0b8f0c49f7b606f46f4?s=96&d=mm&r=g","caption":"Giacomo Bini"},"url":"https:\/\/www.noidiqua.it\/Montale\/author\/giacomo-bini\/"}]}},"_links":{"self":[{"href":"https:\/\/www.noidiqua.it\/Montale\/wp-json\/wp\/v2\/posts\/4622","targetHints":{"allow":["GET"]}}],"collection":[{"href":"https:\/\/www.noidiqua.it\/Montale\/wp-json\/wp\/v2\/posts"}],"about":[{"href":"https:\/\/www.noidiqua.it\/Montale\/wp-json\/wp\/v2\/types\/post"}],"author":[{"embeddable":true,"href":"https:\/\/www.noidiqua.it\/Montale\/wp-json\/wp\/v2\/users\/12"}],"replies":[{"embeddable":true,"href":"https:\/\/www.noidiqua.it\/Montale\/wp-json\/wp\/v2\/comments?post=4622"}],"version-history":[{"count":3,"href":"https:\/\/www.noidiqua.it\/Montale\/wp-json\/wp\/v2\/posts\/4622\/revisions"}],"predecessor-version":[{"id":6729,"href":"https:\/\/www.noidiqua.it\/Montale\/wp-json\/wp\/v2\/posts\/4622\/revisions\/6729"}],"wp:attachment":[{"href":"https:\/\/www.noidiqua.it\/Montale\/wp-json\/wp\/v2\/media?parent=4622"}],"wp:term":[{"taxonomy":"category","embeddable":true,"href":"https:\/\/www.noidiqua.it\/Montale\/wp-json\/wp\/v2\/categories?post=4622"},{"taxonomy":"post_tag","embeddable":true,"href":"https:\/\/www.noidiqua.it\/Montale\/wp-json\/wp\/v2\/tags?post=4622"}],"curies":[{"name":"wp","href":"https:\/\/api.w.org\/{rel}","templated":true}]}}