{"id":4630,"date":"2017-03-13T17:06:43","date_gmt":"2017-03-13T16:06:43","guid":{"rendered":"https:\/\/www.noidiqua.it\/Montale\/?p=4630"},"modified":"2022-02-11T09:59:04","modified_gmt":"2022-02-11T08:59:04","slug":"gli-etruschi-montale-alto","status":"publish","type":"post","link":"https:\/\/www.noidiqua.it\/Montale\/gli-etruschi-montale-alto\/","title":{"rendered":"Gli Etruschi a Montale Alto"},"content":{"rendered":"<p><em>di\u00a0Giacomo Bini<\/em><\/p>\n<p>marzo 2017<\/p>\n<p><a href=\"https:\/\/www.noidiqua.it\/Montale\/wp-content\/uploads\/2017\/03\/ETRUSCHI-MONTALE-2.png\" rel=\"wp-prettyPhoto[4630]\"><img loading=\"lazy\" decoding=\"async\" class=\"aligncenter size-full wp-image-6734\" src=\"https:\/\/www.noidiqua.it\/Montale\/wp-content\/uploads\/2017\/03\/ETRUSCHI-MONTALE-2.png\" alt=\"\" width=\"450\" height=\"308\" srcset=\"https:\/\/www.noidiqua.it\/Montale\/wp-content\/uploads\/2017\/03\/ETRUSCHI-MONTALE-2.png 450w, https:\/\/www.noidiqua.it\/Montale\/wp-content\/uploads\/2017\/03\/ETRUSCHI-MONTALE-2-300x205.png 300w\" sizes=\"auto, (max-width: 450px) 100vw, 450px\" \/><\/a><\/p>\n<p><span class=\"s1\">Iniziamo in questo numero un viaggio nelle <strong>antichit\u00e0<\/strong> di <strong>Montale<\/strong> che ci auguriamo possa essere affascinante per i lettori come lo \u00e8 stato per noi. Ci far\u00e0 da guida <a href=\"https:\/\/www.noidiqua.it\/Montale\/bruno-tempestini-ispettore-onorario-per-i-beni-archeologici\/\"><strong>Bruno Tempestini<\/strong><\/a>, l\u2019ispettore onorario della <strong>Soprintendenza Archeologica della Toscana<\/strong>, a cui si devono moltissimi ritrovamenti avvenuti nelle zone di Montale, Agliana e Montemurlo.\u00a0<\/span><\/p>\n<p><span class=\"s1\">Il nostro percorso parte da Montale Alto, la collina sovrastante il paese di Montale, dove sono stati rinvenuti resti di un insediamento abitativo <strong>etrusco<\/strong> risalente alla fine del VI secolo e all\u2019inizio del V secolo Avanti Cristo. Durante la ristrutturazione di un\u2019abitazione privata tra il 2000 e il 2001, \u00e8 emerso dal terreno un tratto di muro di origine etrusca, una struttura muraria in bozze e scaglie di pietra sbozzate grossolanamente e connesse a secco. Nello scavo, condotto per la Soprintendenza Archeologica Toscana da Paola Perazzi, Anna Wentrowska e Bruno Tempestini, sono stati rinvenuti anche 23 pezzi di <strong>ceramica<\/strong> che appartenevano a <strong>ciotole<\/strong>, olle, piatti, bacili, fruttiere nonch\u00e9 ad una fuseruola di impasto. Oggetti della vita quotidiana, che testimoniano con evidenza l\u2019esistenza di un sito abitativo. Le ceramiche presenti a Montale Alto, sono dello stesso tipo di quelle ritrovate abbondantemente nel centro urbano etrusco di<strong> Gonfienti<\/strong>, nei pressi di Prato, e derivano da un centro produttivo etrusco che si trovava in localit\u00e0 <strong>\u201cI Monti\u201d<\/strong> presso San Piero a Sieve.<\/span><\/p>\n<p><a href=\"https:\/\/www.noidiqua.it\/Montale\/wp-content\/uploads\/2017\/03\/ETRUSCHI-MONTALE-.png\" rel=\"wp-prettyPhoto[4630]\"><img loading=\"lazy\" decoding=\"async\" class=\"aligncenter size-full wp-image-6735\" src=\"https:\/\/www.noidiqua.it\/Montale\/wp-content\/uploads\/2017\/03\/ETRUSCHI-MONTALE-.png\" alt=\"\" width=\"450\" height=\"398\" srcset=\"https:\/\/www.noidiqua.it\/Montale\/wp-content\/uploads\/2017\/03\/ETRUSCHI-MONTALE-.png 450w, https:\/\/www.noidiqua.it\/Montale\/wp-content\/uploads\/2017\/03\/ETRUSCHI-MONTALE--300x265.png 300w\" sizes=\"auto, (max-width: 450px) 100vw, 450px\" \/><\/a><\/p>\n<p><span class=\"s1\">Il <strong>sito etrusco<\/strong> di Montale ha una notevole importanza per gli studiosi in quanto contribuisce a ricostruire una rete di contatti commerciali tra la zona etrusca di Fiesole e Gonfienti, con la cosiddetta <strong>Etruria Padana<\/strong> a nord e l\u2019<strong>Etruria meridionale<\/strong>.\u00a0 Poich\u00e9 nei secoli successivi la collina di Montale Alto ospit\u00f2 un castello fortificato medievale, l\u2019<strong>archeologo<\/strong> <strong>Giovanni Mellemaci<\/strong> propone la suggestiva ipotesi che l\u2019insediamento di Montale, facesse parte di un sistema di abitati fortificati a protezione del grande centro urbano etrusco di Gonfienti, sviluppatosi all\u2019intersezione tra i fiumi <strong>Bisenzio<\/strong> e Marina. La presenza a Montale Alto di una <em><strong>lekythos attica<\/strong> <\/em>databile tra la fine del VI secolo e il primo quarto del V secolo fa pensare che il sito etrusco montalese si inserisse nelle rete di distribuzione di tali oggetti nel proprio interland, magari con il tramite di Montemurlo dove \u00e8 documentata la presenza di ceramica attica nella zona della Rocca. Il contesto storico in cui nasce l\u2019insediamento di Montale Alto, \u00e8 caratterizzato da un incremento demografico notevole che porta alla fondazione di veri e propri centri urbani a Fiesole, a Gonfienti e ad <strong>Artimino<\/strong>. Tale crescita demografica ed economica \u00e8 documentata anche al di l\u00e0 degli <strong>Appennini<\/strong>, nell\u2019<strong>Etruria Padana<\/strong> con la quale c\u2019erano assi di collegamento dei quali faceva parte anche il nostro insediamento.\u00a0<\/span><\/p>\n<p><span class=\"s1\">I risultati dello scavo di Montale Alto sono pubblicati nella <em><strong>Carta Archeologica della Provincia di Pistoia<\/strong><\/em>, edita nel 2010 a cura della Soprintendenza Archeologica della Toscana, dell\u2019Istituto Geografico Militare e con il contributo della Fondazione Cassa di Risparmio di Pistoia.\u00a0<\/span><\/p>\n<p>&nbsp;<\/p>","protected":false},"excerpt":{"rendered":"<p>di\u00a0Giacomo Bini marzo 2017 Iniziamo in questo numero un viaggio nelle antichit\u00e0 di Montale che ci auguriamo possa essere affascinante per i lettori come lo \u00e8 stato per noi. Ci far\u00e0 da guida Bruno Tempestini, l\u2019ispettore onorario della Soprintendenza Archeologica della Toscana, a cui si devono moltissimi ritrovamenti avvenuti nelle zone di Montale, Agliana [&hellip;]<\/p>","protected":false},"author":12,"featured_media":0,"comment_status":"open","ping_status":"open","sticky":false,"template":"","format":"standard","meta":{"footnotes":""},"categories":[7,26],"tags":[950,966,961,965,963,774,967,953,954,960,959,955,952,962,956,964,995,108,958,951,957],"class_list":["post-4630","post","type-post","status-publish","format-standard","hentry","category-mt","category-notizie-dal-passato","tag-antichita","tag-appennini","tag-archeologo","tag-artimino","tag-bisenzio","tag-bruno-tempestini","tag-carta-archeologica-della-provincia-di-pistoia","tag-ceramica","tag-ciotole","tag-etruria-meridionale","tag-etruria-padana","tag-etruschi","tag-etrusco","tag-giovanni-mellemaci","tag-gonfienti","tag-lekythos-attica","tag-mt","tag-montale-alto","tag-sito-etrusco","tag-soprintendenza-archeologica-della-toscana","tag-i-monti"],"yoast_head":"<!-- This site is optimized with the Yoast SEO plugin v25.5 - https:\/\/yoast.com\/wordpress\/plugins\/seo\/ -->\n<title>Gli Etruschi a Montale Alto - Noi di Qua Testata giornalistica e di attualit\u00e0 di Agliana, Montale e Quarrata.<\/title>\n<meta name=\"robots\" content=\"index, follow, max-snippet:-1, max-image-preview:large, max-video-preview:-1\" \/>\n<link rel=\"canonical\" href=\"https:\/\/www.noidiqua.it\/Montale\/gli-etruschi-montale-alto\/\" \/>\n<meta property=\"og:locale\" content=\"it_IT\" \/>\n<meta property=\"og:type\" content=\"article\" \/>\n<meta property=\"og:title\" content=\"Gli Etruschi a Montale Alto - Noi di Qua Testata giornalistica e di attualit\u00e0 di Agliana, Montale e Quarrata.\" \/>\n<meta property=\"og:description\" content=\"di\u00a0Giacomo Bini marzo 2017 Iniziamo in questo numero un viaggio nelle antichit\u00e0 di Montale che ci auguriamo possa essere affascinante per i lettori come lo \u00e8 stato per noi. Ci far\u00e0 da guida Bruno Tempestini, l\u2019ispettore onorario della Soprintendenza Archeologica della Toscana, a cui si devono moltissimi ritrovamenti avvenuti nelle zone di Montale, Agliana [&hellip;]\" \/>\n<meta property=\"og:url\" content=\"https:\/\/www.noidiqua.it\/Montale\/gli-etruschi-montale-alto\/\" \/>\n<meta property=\"og:site_name\" content=\"Noi di Qua Testata giornalistica e di attualit\u00e0 di Agliana, Montale e Quarrata.\" \/>\n<meta property=\"article:publisher\" content=\"https:\/\/www.facebook.com\/noidiqua.trimestrale\/\" \/>\n<meta property=\"article:published_time\" content=\"2017-03-13T16:06:43+00:00\" \/>\n<meta property=\"article:modified_time\" content=\"2022-02-11T08:59:04+00:00\" \/>\n<meta property=\"og:image\" content=\"https:\/\/www.noidiqua.it\/Montale\/wp-content\/uploads\/2017\/03\/ETRUSCHI-MONTALE-2.png\" \/>\n<meta name=\"author\" content=\"Giacomo Bini\" \/>\n<meta name=\"twitter:label1\" content=\"Scritto da\" \/>\n\t<meta name=\"twitter:data1\" content=\"Giacomo Bini\" \/>\n\t<meta name=\"twitter:label2\" content=\"Tempo di lettura stimato\" \/>\n\t<meta name=\"twitter:data2\" content=\"2 minuti\" \/>\n<script type=\"application\/ld+json\" class=\"yoast-schema-graph\">{\"@context\":\"https:\/\/schema.org\",\"@graph\":[{\"@type\":\"WebPage\",\"@id\":\"https:\/\/www.noidiqua.it\/Montale\/gli-etruschi-montale-alto\/\",\"url\":\"https:\/\/www.noidiqua.it\/Montale\/gli-etruschi-montale-alto\/\",\"name\":\"Gli Etruschi a Montale Alto - Noi di Qua Testata giornalistica e di attualit\u00e0 di Agliana, Montale e Quarrata.\",\"isPartOf\":{\"@id\":\"https:\/\/www.noidiqua.it\/Montale\/#website\"},\"primaryImageOfPage\":{\"@id\":\"https:\/\/www.noidiqua.it\/Montale\/gli-etruschi-montale-alto\/#primaryimage\"},\"image\":{\"@id\":\"https:\/\/www.noidiqua.it\/Montale\/gli-etruschi-montale-alto\/#primaryimage\"},\"thumbnailUrl\":\"https:\/\/www.noidiqua.it\/Montale\/wp-content\/uploads\/2017\/03\/ETRUSCHI-MONTALE-2.png\",\"datePublished\":\"2017-03-13T16:06:43+00:00\",\"dateModified\":\"2022-02-11T08:59:04+00:00\",\"author\":{\"@id\":\"https:\/\/www.noidiqua.it\/Montale\/#\/schema\/person\/e2e6f44da50af0dae9c90ad168e471a4\"},\"breadcrumb\":{\"@id\":\"https:\/\/www.noidiqua.it\/Montale\/gli-etruschi-montale-alto\/#breadcrumb\"},\"inLanguage\":\"it-IT\",\"potentialAction\":[{\"@type\":\"ReadAction\",\"target\":[\"https:\/\/www.noidiqua.it\/Montale\/gli-etruschi-montale-alto\/\"]}]},{\"@type\":\"ImageObject\",\"inLanguage\":\"it-IT\",\"@id\":\"https:\/\/www.noidiqua.it\/Montale\/gli-etruschi-montale-alto\/#primaryimage\",\"url\":\"https:\/\/www.noidiqua.it\/Montale\/wp-content\/uploads\/2017\/03\/ETRUSCHI-MONTALE-2.png\",\"contentUrl\":\"https:\/\/www.noidiqua.it\/Montale\/wp-content\/uploads\/2017\/03\/ETRUSCHI-MONTALE-2.png\",\"width\":450,\"height\":308},{\"@type\":\"BreadcrumbList\",\"@id\":\"https:\/\/www.noidiqua.it\/Montale\/gli-etruschi-montale-alto\/#breadcrumb\",\"itemListElement\":[{\"@type\":\"ListItem\",\"position\":1,\"name\":\"Home\",\"item\":\"https:\/\/www.noidiqua.it\/Montale\/\"},{\"@type\":\"ListItem\",\"position\":2,\"name\":\"Gli Etruschi a Montale Alto\"}]},{\"@type\":\"WebSite\",\"@id\":\"https:\/\/www.noidiqua.it\/Montale\/#website\",\"url\":\"https:\/\/www.noidiqua.it\/Montale\/\",\"name\":\"Noi di Qua Testata giornalistica e di attualit\u00e0 di Agliana, Montale e Quarrata.\",\"description\":\"Testata Giornalistica Quarrata Montale Agliana\",\"potentialAction\":[{\"@type\":\"SearchAction\",\"target\":{\"@type\":\"EntryPoint\",\"urlTemplate\":\"https:\/\/www.noidiqua.it\/Montale\/?s={search_term_string}\"},\"query-input\":{\"@type\":\"PropertyValueSpecification\",\"valueRequired\":true,\"valueName\":\"search_term_string\"}}],\"inLanguage\":\"it-IT\"},{\"@type\":\"Person\",\"@id\":\"https:\/\/www.noidiqua.it\/Montale\/#\/schema\/person\/e2e6f44da50af0dae9c90ad168e471a4\",\"name\":\"Giacomo Bini\",\"image\":{\"@type\":\"ImageObject\",\"inLanguage\":\"it-IT\",\"@id\":\"https:\/\/www.noidiqua.it\/Montale\/#\/schema\/person\/image\/\",\"url\":\"https:\/\/secure.gravatar.com\/avatar\/e5c18ae41df5ae37397358f2c6046696187d51a120c5d0b8f0c49f7b606f46f4?s=96&d=mm&r=g\",\"contentUrl\":\"https:\/\/secure.gravatar.com\/avatar\/e5c18ae41df5ae37397358f2c6046696187d51a120c5d0b8f0c49f7b606f46f4?s=96&d=mm&r=g\",\"caption\":\"Giacomo Bini\"},\"url\":\"https:\/\/www.noidiqua.it\/Montale\/author\/giacomo-bini\/\"}]}<\/script>\n<!-- \/ Yoast SEO plugin. -->","yoast_head_json":{"title":"Gli Etruschi a Montale Alto - Noi di Qua Testata giornalistica e di attualit\u00e0 di Agliana, Montale e Quarrata.","robots":{"index":"index","follow":"follow","max-snippet":"max-snippet:-1","max-image-preview":"max-image-preview:large","max-video-preview":"max-video-preview:-1"},"canonical":"https:\/\/www.noidiqua.it\/Montale\/gli-etruschi-montale-alto\/","og_locale":"it_IT","og_type":"article","og_title":"Gli Etruschi a Montale Alto - Noi di Qua Testata giornalistica e di attualit\u00e0 di Agliana, Montale e Quarrata.","og_description":"di\u00a0Giacomo Bini marzo 2017 Iniziamo in questo numero un viaggio nelle antichit\u00e0 di Montale che ci auguriamo possa essere affascinante per i lettori come lo \u00e8 stato per noi. Ci far\u00e0 da guida Bruno Tempestini, l\u2019ispettore onorario della Soprintendenza Archeologica della Toscana, a cui si devono moltissimi ritrovamenti avvenuti nelle zone di Montale, Agliana [&hellip;]","og_url":"https:\/\/www.noidiqua.it\/Montale\/gli-etruschi-montale-alto\/","og_site_name":"Noi di Qua Testata giornalistica e di attualit\u00e0 di Agliana, Montale e Quarrata.","article_publisher":"https:\/\/www.facebook.com\/noidiqua.trimestrale\/","article_published_time":"2017-03-13T16:06:43+00:00","article_modified_time":"2022-02-11T08:59:04+00:00","og_image":[{"url":"https:\/\/www.noidiqua.it\/Montale\/wp-content\/uploads\/2017\/03\/ETRUSCHI-MONTALE-2.png","type":"","width":"","height":""}],"author":"Giacomo Bini","twitter_misc":{"Scritto da":"Giacomo Bini","Tempo di lettura stimato":"2 minuti"},"schema":{"@context":"https:\/\/schema.org","@graph":[{"@type":"WebPage","@id":"https:\/\/www.noidiqua.it\/Montale\/gli-etruschi-montale-alto\/","url":"https:\/\/www.noidiqua.it\/Montale\/gli-etruschi-montale-alto\/","name":"Gli Etruschi a Montale Alto - Noi di Qua Testata giornalistica e di attualit\u00e0 di Agliana, Montale e Quarrata.","isPartOf":{"@id":"https:\/\/www.noidiqua.it\/Montale\/#website"},"primaryImageOfPage":{"@id":"https:\/\/www.noidiqua.it\/Montale\/gli-etruschi-montale-alto\/#primaryimage"},"image":{"@id":"https:\/\/www.noidiqua.it\/Montale\/gli-etruschi-montale-alto\/#primaryimage"},"thumbnailUrl":"https:\/\/www.noidiqua.it\/Montale\/wp-content\/uploads\/2017\/03\/ETRUSCHI-MONTALE-2.png","datePublished":"2017-03-13T16:06:43+00:00","dateModified":"2022-02-11T08:59:04+00:00","author":{"@id":"https:\/\/www.noidiqua.it\/Montale\/#\/schema\/person\/e2e6f44da50af0dae9c90ad168e471a4"},"breadcrumb":{"@id":"https:\/\/www.noidiqua.it\/Montale\/gli-etruschi-montale-alto\/#breadcrumb"},"inLanguage":"it-IT","potentialAction":[{"@type":"ReadAction","target":["https:\/\/www.noidiqua.it\/Montale\/gli-etruschi-montale-alto\/"]}]},{"@type":"ImageObject","inLanguage":"it-IT","@id":"https:\/\/www.noidiqua.it\/Montale\/gli-etruschi-montale-alto\/#primaryimage","url":"https:\/\/www.noidiqua.it\/Montale\/wp-content\/uploads\/2017\/03\/ETRUSCHI-MONTALE-2.png","contentUrl":"https:\/\/www.noidiqua.it\/Montale\/wp-content\/uploads\/2017\/03\/ETRUSCHI-MONTALE-2.png","width":450,"height":308},{"@type":"BreadcrumbList","@id":"https:\/\/www.noidiqua.it\/Montale\/gli-etruschi-montale-alto\/#breadcrumb","itemListElement":[{"@type":"ListItem","position":1,"name":"Home","item":"https:\/\/www.noidiqua.it\/Montale\/"},{"@type":"ListItem","position":2,"name":"Gli Etruschi a Montale Alto"}]},{"@type":"WebSite","@id":"https:\/\/www.noidiqua.it\/Montale\/#website","url":"https:\/\/www.noidiqua.it\/Montale\/","name":"Noi di Qua Testata giornalistica e di attualit\u00e0 di Agliana, Montale e Quarrata.","description":"Testata Giornalistica Quarrata Montale Agliana","potentialAction":[{"@type":"SearchAction","target":{"@type":"EntryPoint","urlTemplate":"https:\/\/www.noidiqua.it\/Montale\/?s={search_term_string}"},"query-input":{"@type":"PropertyValueSpecification","valueRequired":true,"valueName":"search_term_string"}}],"inLanguage":"it-IT"},{"@type":"Person","@id":"https:\/\/www.noidiqua.it\/Montale\/#\/schema\/person\/e2e6f44da50af0dae9c90ad168e471a4","name":"Giacomo Bini","image":{"@type":"ImageObject","inLanguage":"it-IT","@id":"https:\/\/www.noidiqua.it\/Montale\/#\/schema\/person\/image\/","url":"https:\/\/secure.gravatar.com\/avatar\/e5c18ae41df5ae37397358f2c6046696187d51a120c5d0b8f0c49f7b606f46f4?s=96&d=mm&r=g","contentUrl":"https:\/\/secure.gravatar.com\/avatar\/e5c18ae41df5ae37397358f2c6046696187d51a120c5d0b8f0c49f7b606f46f4?s=96&d=mm&r=g","caption":"Giacomo Bini"},"url":"https:\/\/www.noidiqua.it\/Montale\/author\/giacomo-bini\/"}]}},"_links":{"self":[{"href":"https:\/\/www.noidiqua.it\/Montale\/wp-json\/wp\/v2\/posts\/4630","targetHints":{"allow":["GET"]}}],"collection":[{"href":"https:\/\/www.noidiqua.it\/Montale\/wp-json\/wp\/v2\/posts"}],"about":[{"href":"https:\/\/www.noidiqua.it\/Montale\/wp-json\/wp\/v2\/types\/post"}],"author":[{"embeddable":true,"href":"https:\/\/www.noidiqua.it\/Montale\/wp-json\/wp\/v2\/users\/12"}],"replies":[{"embeddable":true,"href":"https:\/\/www.noidiqua.it\/Montale\/wp-json\/wp\/v2\/comments?post=4630"}],"version-history":[{"count":4,"href":"https:\/\/www.noidiqua.it\/Montale\/wp-json\/wp\/v2\/posts\/4630\/revisions"}],"predecessor-version":[{"id":6736,"href":"https:\/\/www.noidiqua.it\/Montale\/wp-json\/wp\/v2\/posts\/4630\/revisions\/6736"}],"wp:attachment":[{"href":"https:\/\/www.noidiqua.it\/Montale\/wp-json\/wp\/v2\/media?parent=4630"}],"wp:term":[{"taxonomy":"category","embeddable":true,"href":"https:\/\/www.noidiqua.it\/Montale\/wp-json\/wp\/v2\/categories?post=4630"},{"taxonomy":"post_tag","embeddable":true,"href":"https:\/\/www.noidiqua.it\/Montale\/wp-json\/wp\/v2\/tags?post=4630"}],"curies":[{"name":"wp","href":"https:\/\/api.w.org\/{rel}","templated":true}]}}