{"id":4635,"date":"2017-03-13T17:36:20","date_gmt":"2017-03-13T16:36:20","guid":{"rendered":"https:\/\/www.noidiqua.it\/Montale\/?p=4635"},"modified":"2022-02-10T16:04:40","modified_gmt":"2022-02-10T15:04:40","slug":"carnevale-montale","status":"publish","type":"post","link":"https:\/\/www.noidiqua.it\/Montale\/carnevale-montale\/","title":{"rendered":"il Carnevale a Montale"},"content":{"rendered":"<p style=\"text-align: justify;\"><em>di Giacomo Bini<\/em><\/p>\n<p style=\"text-align: justify;\">marzo 2017<\/p>\n<p><a href=\"https:\/\/www.noidiqua.it\/Montale\/wp-content\/uploads\/2017\/03\/CARNEVALE-MONTALE-6.png\" rel=\"wp-prettyPhoto[4635]\"><img loading=\"lazy\" decoding=\"async\" class=\"aligncenter size-full wp-image-6711\" src=\"https:\/\/www.noidiqua.it\/Montale\/wp-content\/uploads\/2017\/03\/CARNEVALE-MONTALE-6.png\" alt=\"\" width=\"450\" height=\"337\" srcset=\"https:\/\/www.noidiqua.it\/Montale\/wp-content\/uploads\/2017\/03\/CARNEVALE-MONTALE-6.png 450w, https:\/\/www.noidiqua.it\/Montale\/wp-content\/uploads\/2017\/03\/CARNEVALE-MONTALE-6-300x225.png 300w\" sizes=\"auto, (max-width: 450px) 100vw, 450px\" \/><\/a><\/p>\n<p style=\"text-align: justify;\">Il <strong>Carnevale<\/strong> promosso dal <strong>rione Dore<\/strong> \u00e8 giunto alla sua terza edizione ottenendo anche quest\u2019anno una notevole partecipazione di pubblico. Quando il Dore lo propose per la prima volta, sembrava una scommessa; ora invece \u00e8 ormai un appuntamento atteso e si candida a diventare una tradizione.<\/p>\n<p><a href=\"https:\/\/www.noidiqua.it\/Montale\/wp-content\/uploads\/2017\/03\/CARNEVALE-MONTALE-.png\" rel=\"wp-prettyPhoto[4635]\"><img loading=\"lazy\" decoding=\"async\" class=\"aligncenter size-full wp-image-6712\" src=\"https:\/\/www.noidiqua.it\/Montale\/wp-content\/uploads\/2017\/03\/CARNEVALE-MONTALE-.png\" alt=\"\" width=\"450\" height=\"253\" srcset=\"https:\/\/www.noidiqua.it\/Montale\/wp-content\/uploads\/2017\/03\/CARNEVALE-MONTALE-.png 450w, https:\/\/www.noidiqua.it\/Montale\/wp-content\/uploads\/2017\/03\/CARNEVALE-MONTALE--300x169.png 300w\" sizes=\"auto, (max-width: 450px) 100vw, 450px\" \/><\/a><\/p>\n<p class=\"p1\" style=\"text-align: justify;\">Il rione Dore \u00e8 un\u2019associazione culturale che ha saputo andare oltre la partecipazione al torneo di calcio estivo dando vita ad una serie di iniziative anche in altre stagioni dell\u2019anno allo scopo di offrire occasioni di aggregazione alla popolazione del quartiere ma pi\u00f9 in generale a tutta la <strong>comunit\u00e0 montalese<\/strong>. I destinatari privilegiati delle iniziative sono i bambini, dalla Befana al Carnevale. Quest\u2019anno il Carnevale si \u00e8 svolto con una stretta collaborazione tra il rione col simbolo della ruota, l\u2019Amministrazione Comunale, la Parrocchia di San Giovanni Evangelista e l\u2019associazione Croce d\u2019Oro. Il Carnevale del Dore aveva come tema il Medioevo e in particolare il mondo dei cavalieri di <strong>Re Art\u00f9<\/strong>\u00a0e della sua corte. I volontari del rione hanno lavorato con impegno ed entusiasmo per allestire il carro allegorico e per confezionare i variopinti costumi. I bambini hanno preso posto sul carro, trainato da un trattore imbandierato con i colori bianco-rossi del rione, mentre i figuranti hanno sfoggiato i loro magnifici costumi. Insieme al carro del Dore hanno partecipato altri carri portati a Montale dal <strong>Carnevale di Montemurlo<\/strong>.<\/p>\n<p><a href=\"https:\/\/www.noidiqua.it\/Montale\/wp-content\/uploads\/2017\/03\/CARNEVALE-MONTALE-3.png\" rel=\"wp-prettyPhoto[4635]\"><img loading=\"lazy\" decoding=\"async\" class=\"aligncenter size-full wp-image-6713\" src=\"https:\/\/www.noidiqua.it\/Montale\/wp-content\/uploads\/2017\/03\/CARNEVALE-MONTALE-3.png\" alt=\"\" width=\"450\" height=\"415\" srcset=\"https:\/\/www.noidiqua.it\/Montale\/wp-content\/uploads\/2017\/03\/CARNEVALE-MONTALE-3.png 450w, https:\/\/www.noidiqua.it\/Montale\/wp-content\/uploads\/2017\/03\/CARNEVALE-MONTALE-3-300x277.png 300w\" sizes=\"auto, (max-width: 450px) 100vw, 450px\" \/><\/a><\/p>\n<p class=\"p1\" style=\"text-align: justify;\">La sfilata \u00e8 partita dalla piazza ed ha compiuto il giro pi\u00f9 classico e prestigioso di ogni corteo, quello attraverso via <strong>Fratelli Masini<\/strong>, via Gramsci, al fianco del municipio, e via Martiri della Libert\u00e0 prima del ritorno in piazza. Intorno ai carri molti gli spettatori e i curiosi che hanno seguito il corteo o si sono fermati per assistere al suo passaggio. I colori e il frastuono del carnevale hanno contagiato molti montalesi che non hanno mancato di esprimere il loro consenso con sorrisi e applausi. Una festa per le famiglie e specialmente per i pi\u00f9 piccoli che ha animato il centro del paese. Grazie al rione Dore, anche il paese di Montale ha un suo carnevale. La felicit\u00e0 dei bambini, che di questo corteo si ricorderanno anche da adulti, \u00e8 il premio pi\u00f9 importante per gli organizzatori, che dal successo di quest\u2019anno, potranno trarre la motivazione per ripartire con una nuova edizione l\u2019anno prossimo.<\/p>\n<p><a href=\"https:\/\/www.noidiqua.it\/Montale\/wp-content\/uploads\/2017\/03\/CARNEVALE-MONTALE-7.png\" rel=\"wp-prettyPhoto[4635]\"><img loading=\"lazy\" decoding=\"async\" class=\"aligncenter size-full wp-image-6714\" src=\"https:\/\/www.noidiqua.it\/Montale\/wp-content\/uploads\/2017\/03\/CARNEVALE-MONTALE-7.png\" alt=\"\" width=\"450\" height=\"312\" srcset=\"https:\/\/www.noidiqua.it\/Montale\/wp-content\/uploads\/2017\/03\/CARNEVALE-MONTALE-7.png 450w, https:\/\/www.noidiqua.it\/Montale\/wp-content\/uploads\/2017\/03\/CARNEVALE-MONTALE-7-300x208.png 300w\" sizes=\"auto, (max-width: 450px) 100vw, 450px\" \/><\/a><\/p>\n<p class=\"p1\" style=\"text-align: justify;\">","protected":false},"excerpt":{"rendered":"<p>di Giacomo Bini marzo 2017 Il Carnevale promosso dal rione Dore \u00e8 giunto alla sua terza edizione ottenendo anche quest\u2019anno una notevole partecipazione di pubblico. Quando il Dore lo propose per la prima volta, sembrava una scommessa; ora invece \u00e8 ormai un appuntamento atteso e si candida a diventare una tradizione. Il rione Dore [&hellip;]<\/p>","protected":false},"author":12,"featured_media":0,"comment_status":"open","ping_status":"open","sticky":false,"template":"","format":"standard","meta":{"footnotes":""},"categories":[27,7],"tags":[968,972,970,973,971,969],"class_list":["post-4635","post","type-post","status-publish","format-standard","hentry","category-fotonotizie-qt","category-mt","tag-carnevale","tag-carnevale-di-montemurlo","tag-comunita-montalese","tag-fratelli-masini","tag-re-artu","tag-rione-dore"],"yoast_head":"<!-- This site is optimized with the Yoast SEO plugin v25.5 - https:\/\/yoast.com\/wordpress\/plugins\/seo\/ -->\n<title>il Carnevale a Montale - Noi di Qua Testata giornalistica e di attualit\u00e0 di Agliana, Montale e Quarrata.<\/title>\n<meta name=\"robots\" content=\"index, follow, max-snippet:-1, max-image-preview:large, max-video-preview:-1\" \/>\n<link rel=\"canonical\" href=\"https:\/\/www.noidiqua.it\/Montale\/carnevale-montale\/\" \/>\n<meta property=\"og:locale\" content=\"it_IT\" \/>\n<meta property=\"og:type\" content=\"article\" \/>\n<meta property=\"og:title\" content=\"il Carnevale a Montale - Noi di Qua Testata giornalistica e di attualit\u00e0 di Agliana, Montale e Quarrata.\" \/>\n<meta property=\"og:description\" content=\"di Giacomo Bini marzo 2017 Il Carnevale promosso dal rione Dore \u00e8 giunto alla sua terza edizione ottenendo anche quest\u2019anno una notevole partecipazione di pubblico. Quando il Dore lo propose per la prima volta, sembrava una scommessa; ora invece \u00e8 ormai un appuntamento atteso e si candida a diventare una tradizione. Il rione Dore [&hellip;]\" \/>\n<meta property=\"og:url\" content=\"https:\/\/www.noidiqua.it\/Montale\/carnevale-montale\/\" \/>\n<meta property=\"og:site_name\" content=\"Noi di Qua Testata giornalistica e di attualit\u00e0 di Agliana, Montale e Quarrata.\" \/>\n<meta property=\"article:publisher\" content=\"https:\/\/www.facebook.com\/noidiqua.trimestrale\/\" \/>\n<meta property=\"article:published_time\" content=\"2017-03-13T16:36:20+00:00\" \/>\n<meta property=\"article:modified_time\" content=\"2022-02-10T15:04:40+00:00\" \/>\n<meta property=\"og:image\" content=\"https:\/\/www.noidiqua.it\/Montale\/wp-content\/uploads\/2017\/03\/CARNEVALE-MONTALE-6.png\" \/>\n<meta name=\"author\" content=\"Giacomo Bini\" \/>\n<meta name=\"twitter:label1\" content=\"Scritto da\" \/>\n\t<meta name=\"twitter:data1\" content=\"Giacomo Bini\" \/>\n\t<meta name=\"twitter:label2\" content=\"Tempo di lettura stimato\" \/>\n\t<meta name=\"twitter:data2\" content=\"2 minuti\" \/>\n<script type=\"application\/ld+json\" class=\"yoast-schema-graph\">{\"@context\":\"https:\/\/schema.org\",\"@graph\":[{\"@type\":\"WebPage\",\"@id\":\"https:\/\/www.noidiqua.it\/Montale\/carnevale-montale\/\",\"url\":\"https:\/\/www.noidiqua.it\/Montale\/carnevale-montale\/\",\"name\":\"il Carnevale a Montale - Noi di Qua Testata giornalistica e di attualit\u00e0 di Agliana, Montale e Quarrata.\",\"isPartOf\":{\"@id\":\"https:\/\/www.noidiqua.it\/Montale\/#website\"},\"primaryImageOfPage\":{\"@id\":\"https:\/\/www.noidiqua.it\/Montale\/carnevale-montale\/#primaryimage\"},\"image\":{\"@id\":\"https:\/\/www.noidiqua.it\/Montale\/carnevale-montale\/#primaryimage\"},\"thumbnailUrl\":\"https:\/\/www.noidiqua.it\/Montale\/wp-content\/uploads\/2017\/03\/CARNEVALE-MONTALE-6.png\",\"datePublished\":\"2017-03-13T16:36:20+00:00\",\"dateModified\":\"2022-02-10T15:04:40+00:00\",\"author\":{\"@id\":\"https:\/\/www.noidiqua.it\/Montale\/#\/schema\/person\/e2e6f44da50af0dae9c90ad168e471a4\"},\"breadcrumb\":{\"@id\":\"https:\/\/www.noidiqua.it\/Montale\/carnevale-montale\/#breadcrumb\"},\"inLanguage\":\"it-IT\",\"potentialAction\":[{\"@type\":\"ReadAction\",\"target\":[\"https:\/\/www.noidiqua.it\/Montale\/carnevale-montale\/\"]}]},{\"@type\":\"ImageObject\",\"inLanguage\":\"it-IT\",\"@id\":\"https:\/\/www.noidiqua.it\/Montale\/carnevale-montale\/#primaryimage\",\"url\":\"https:\/\/www.noidiqua.it\/Montale\/wp-content\/uploads\/2017\/03\/CARNEVALE-MONTALE-6.png\",\"contentUrl\":\"https:\/\/www.noidiqua.it\/Montale\/wp-content\/uploads\/2017\/03\/CARNEVALE-MONTALE-6.png\",\"width\":450,\"height\":337},{\"@type\":\"BreadcrumbList\",\"@id\":\"https:\/\/www.noidiqua.it\/Montale\/carnevale-montale\/#breadcrumb\",\"itemListElement\":[{\"@type\":\"ListItem\",\"position\":1,\"name\":\"Home\",\"item\":\"https:\/\/www.noidiqua.it\/Montale\/\"},{\"@type\":\"ListItem\",\"position\":2,\"name\":\"il Carnevale a Montale\"}]},{\"@type\":\"WebSite\",\"@id\":\"https:\/\/www.noidiqua.it\/Montale\/#website\",\"url\":\"https:\/\/www.noidiqua.it\/Montale\/\",\"name\":\"Noi di Qua Testata giornalistica e di attualit\u00e0 di Agliana, Montale e Quarrata.\",\"description\":\"Testata Giornalistica Quarrata Montale Agliana\",\"potentialAction\":[{\"@type\":\"SearchAction\",\"target\":{\"@type\":\"EntryPoint\",\"urlTemplate\":\"https:\/\/www.noidiqua.it\/Montale\/?s={search_term_string}\"},\"query-input\":{\"@type\":\"PropertyValueSpecification\",\"valueRequired\":true,\"valueName\":\"search_term_string\"}}],\"inLanguage\":\"it-IT\"},{\"@type\":\"Person\",\"@id\":\"https:\/\/www.noidiqua.it\/Montale\/#\/schema\/person\/e2e6f44da50af0dae9c90ad168e471a4\",\"name\":\"Giacomo Bini\",\"image\":{\"@type\":\"ImageObject\",\"inLanguage\":\"it-IT\",\"@id\":\"https:\/\/www.noidiqua.it\/Montale\/#\/schema\/person\/image\/\",\"url\":\"https:\/\/secure.gravatar.com\/avatar\/e5c18ae41df5ae37397358f2c6046696187d51a120c5d0b8f0c49f7b606f46f4?s=96&d=mm&r=g\",\"contentUrl\":\"https:\/\/secure.gravatar.com\/avatar\/e5c18ae41df5ae37397358f2c6046696187d51a120c5d0b8f0c49f7b606f46f4?s=96&d=mm&r=g\",\"caption\":\"Giacomo Bini\"},\"url\":\"https:\/\/www.noidiqua.it\/Montale\/author\/giacomo-bini\/\"}]}<\/script>\n<!-- \/ Yoast SEO plugin. -->","yoast_head_json":{"title":"il Carnevale a Montale - Noi di Qua Testata giornalistica e di attualit\u00e0 di Agliana, Montale e Quarrata.","robots":{"index":"index","follow":"follow","max-snippet":"max-snippet:-1","max-image-preview":"max-image-preview:large","max-video-preview":"max-video-preview:-1"},"canonical":"https:\/\/www.noidiqua.it\/Montale\/carnevale-montale\/","og_locale":"it_IT","og_type":"article","og_title":"il Carnevale a Montale - Noi di Qua Testata giornalistica e di attualit\u00e0 di Agliana, Montale e Quarrata.","og_description":"di Giacomo Bini marzo 2017 Il Carnevale promosso dal rione Dore \u00e8 giunto alla sua terza edizione ottenendo anche quest\u2019anno una notevole partecipazione di pubblico. Quando il Dore lo propose per la prima volta, sembrava una scommessa; ora invece \u00e8 ormai un appuntamento atteso e si candida a diventare una tradizione. Il rione Dore [&hellip;]","og_url":"https:\/\/www.noidiqua.it\/Montale\/carnevale-montale\/","og_site_name":"Noi di Qua Testata giornalistica e di attualit\u00e0 di Agliana, Montale e Quarrata.","article_publisher":"https:\/\/www.facebook.com\/noidiqua.trimestrale\/","article_published_time":"2017-03-13T16:36:20+00:00","article_modified_time":"2022-02-10T15:04:40+00:00","og_image":[{"url":"https:\/\/www.noidiqua.it\/Montale\/wp-content\/uploads\/2017\/03\/CARNEVALE-MONTALE-6.png","type":"","width":"","height":""}],"author":"Giacomo Bini","twitter_misc":{"Scritto da":"Giacomo Bini","Tempo di lettura stimato":"2 minuti"},"schema":{"@context":"https:\/\/schema.org","@graph":[{"@type":"WebPage","@id":"https:\/\/www.noidiqua.it\/Montale\/carnevale-montale\/","url":"https:\/\/www.noidiqua.it\/Montale\/carnevale-montale\/","name":"il Carnevale a Montale - Noi di Qua Testata giornalistica e di attualit\u00e0 di Agliana, Montale e Quarrata.","isPartOf":{"@id":"https:\/\/www.noidiqua.it\/Montale\/#website"},"primaryImageOfPage":{"@id":"https:\/\/www.noidiqua.it\/Montale\/carnevale-montale\/#primaryimage"},"image":{"@id":"https:\/\/www.noidiqua.it\/Montale\/carnevale-montale\/#primaryimage"},"thumbnailUrl":"https:\/\/www.noidiqua.it\/Montale\/wp-content\/uploads\/2017\/03\/CARNEVALE-MONTALE-6.png","datePublished":"2017-03-13T16:36:20+00:00","dateModified":"2022-02-10T15:04:40+00:00","author":{"@id":"https:\/\/www.noidiqua.it\/Montale\/#\/schema\/person\/e2e6f44da50af0dae9c90ad168e471a4"},"breadcrumb":{"@id":"https:\/\/www.noidiqua.it\/Montale\/carnevale-montale\/#breadcrumb"},"inLanguage":"it-IT","potentialAction":[{"@type":"ReadAction","target":["https:\/\/www.noidiqua.it\/Montale\/carnevale-montale\/"]}]},{"@type":"ImageObject","inLanguage":"it-IT","@id":"https:\/\/www.noidiqua.it\/Montale\/carnevale-montale\/#primaryimage","url":"https:\/\/www.noidiqua.it\/Montale\/wp-content\/uploads\/2017\/03\/CARNEVALE-MONTALE-6.png","contentUrl":"https:\/\/www.noidiqua.it\/Montale\/wp-content\/uploads\/2017\/03\/CARNEVALE-MONTALE-6.png","width":450,"height":337},{"@type":"BreadcrumbList","@id":"https:\/\/www.noidiqua.it\/Montale\/carnevale-montale\/#breadcrumb","itemListElement":[{"@type":"ListItem","position":1,"name":"Home","item":"https:\/\/www.noidiqua.it\/Montale\/"},{"@type":"ListItem","position":2,"name":"il Carnevale a Montale"}]},{"@type":"WebSite","@id":"https:\/\/www.noidiqua.it\/Montale\/#website","url":"https:\/\/www.noidiqua.it\/Montale\/","name":"Noi di Qua Testata giornalistica e di attualit\u00e0 di Agliana, Montale e Quarrata.","description":"Testata Giornalistica Quarrata Montale Agliana","potentialAction":[{"@type":"SearchAction","target":{"@type":"EntryPoint","urlTemplate":"https:\/\/www.noidiqua.it\/Montale\/?s={search_term_string}"},"query-input":{"@type":"PropertyValueSpecification","valueRequired":true,"valueName":"search_term_string"}}],"inLanguage":"it-IT"},{"@type":"Person","@id":"https:\/\/www.noidiqua.it\/Montale\/#\/schema\/person\/e2e6f44da50af0dae9c90ad168e471a4","name":"Giacomo Bini","image":{"@type":"ImageObject","inLanguage":"it-IT","@id":"https:\/\/www.noidiqua.it\/Montale\/#\/schema\/person\/image\/","url":"https:\/\/secure.gravatar.com\/avatar\/e5c18ae41df5ae37397358f2c6046696187d51a120c5d0b8f0c49f7b606f46f4?s=96&d=mm&r=g","contentUrl":"https:\/\/secure.gravatar.com\/avatar\/e5c18ae41df5ae37397358f2c6046696187d51a120c5d0b8f0c49f7b606f46f4?s=96&d=mm&r=g","caption":"Giacomo Bini"},"url":"https:\/\/www.noidiqua.it\/Montale\/author\/giacomo-bini\/"}]}},"_links":{"self":[{"href":"https:\/\/www.noidiqua.it\/Montale\/wp-json\/wp\/v2\/posts\/4635","targetHints":{"allow":["GET"]}}],"collection":[{"href":"https:\/\/www.noidiqua.it\/Montale\/wp-json\/wp\/v2\/posts"}],"about":[{"href":"https:\/\/www.noidiqua.it\/Montale\/wp-json\/wp\/v2\/types\/post"}],"author":[{"embeddable":true,"href":"https:\/\/www.noidiqua.it\/Montale\/wp-json\/wp\/v2\/users\/12"}],"replies":[{"embeddable":true,"href":"https:\/\/www.noidiqua.it\/Montale\/wp-json\/wp\/v2\/comments?post=4635"}],"version-history":[{"count":6,"href":"https:\/\/www.noidiqua.it\/Montale\/wp-json\/wp\/v2\/posts\/4635\/revisions"}],"predecessor-version":[{"id":6716,"href":"https:\/\/www.noidiqua.it\/Montale\/wp-json\/wp\/v2\/posts\/4635\/revisions\/6716"}],"wp:attachment":[{"href":"https:\/\/www.noidiqua.it\/Montale\/wp-json\/wp\/v2\/media?parent=4635"}],"wp:term":[{"taxonomy":"category","embeddable":true,"href":"https:\/\/www.noidiqua.it\/Montale\/wp-json\/wp\/v2\/categories?post=4635"},{"taxonomy":"post_tag","embeddable":true,"href":"https:\/\/www.noidiqua.it\/Montale\/wp-json\/wp\/v2\/tags?post=4635"}],"curies":[{"name":"wp","href":"https:\/\/api.w.org\/{rel}","templated":true}]}}