{"id":4687,"date":"2017-06-12T11:40:05","date_gmt":"2017-06-12T09:40:05","guid":{"rendered":"https:\/\/www.noidiqua.it\/Montale\/?p=4687"},"modified":"2022-02-08T12:46:24","modified_gmt":"2022-02-08T11:46:24","slug":"vaccinazione-tutela-la-salute","status":"publish","type":"post","link":"https:\/\/www.noidiqua.it\/Montale\/vaccinazione-tutela-la-salute\/","title":{"rendered":"Vaccinazione: tutela per la salute"},"content":{"rendered":"<p><em>di Ferdinando Santini<\/em><\/p>\n<p>giugno 2017<\/p>\n<p><a href=\"https:\/\/www.noidiqua.it\/Montale\/wp-content\/uploads\/2021\/05\/una-mela-al-giorno.png\" rel=\"wp-prettyPhoto[4687]\"><img loading=\"lazy\" decoding=\"async\" class=\"aligncenter size-full wp-image-5662\" src=\"https:\/\/www.noidiqua.it\/Montale\/wp-content\/uploads\/2021\/05\/una-mela-al-giorno.png\" alt=\"\" width=\"485\" height=\"315\" srcset=\"https:\/\/www.noidiqua.it\/Montale\/wp-content\/uploads\/2021\/05\/una-mela-al-giorno.png 485w, https:\/\/www.noidiqua.it\/Montale\/wp-content\/uploads\/2021\/05\/una-mela-al-giorno-300x195.png 300w\" sizes=\"auto, (max-width: 485px) 100vw, 485px\" \/><\/a><\/p>\n<p>&nbsp;<\/p>\n<p class=\"p1\" style=\"text-align: justify;\"><span class=\"s1\">Nei primi giorni di maggio organi di stampa nazionali, locali ed internazionali hanno riportato questi titoli allarmanti:<b> <i>\u201cMorbillo: C.N.R., ritorno virus inevitabile, ora obbligo vaccini\u201d, \u201cMorbillo, casi in aumento. Molti tra gli operatori sanitari\u201d, \u201cGli Ordini dei Medici richiamano le Istituzioni all\u2019assunzione di responsabilit\u00e0\u201d<\/i><\/b>. <\/span><\/p>\n<p class=\"p1\" style=\"text-align: justify;\"><span class=\"s1\">I numeri dei casi, contenuti nell\u2019ultimo bollettino di sorveglianza sul morbillo del ministero della Salute e dell\u2019Istituto Superiore di Sanit\u00e0 (ISS),\u00a0ed il concomitante calo delle vaccinazioni, hanno destato l\u2019attenzione e la preoccupazione delle autorit\u00e0 preposte. <b>Il dato allarmante \u00e8 che dall\u2019inizio dell\u2019anno si contano gi\u00e0 1.920 malati, mentre nel 2016 se ne contarono circa 800 in tutto l\u2019anno<\/b>: di questi, 1160 (88%) erano persone non vaccinate. Un terzo (34%) dei colpiti dalla malattia ha avuto almeno una complicanza (diarrea, polmonite, otite, epatite, insufficienza respiratoria, calo di piastrine; rari invece i casi di encefalite e convulsioni). Sono stati 550 (39%) i pazienti ricoverati, mentre il 15% ha fatto ricorso al pronto soccorso. <\/span><\/p>\n<p class=\"p1\" style=\"text-align: justify;\"><span class=\"s1\"><b>Ma ci\u00f2 che lascia sconcertanti \u00e8 che ben 152 sono stati i casi tra gli operatori sanitari. <\/b>Quest&#8217;ultimi, \u00e8 chiaro, sono pi\u00f9 a rischio se non vaccinati (o se non gi\u00e0 immuni), ma sono spesso anche i pi\u00f9 restii a praticare su s\u00e9 stessi la vaccinazione. Quindi partendo dai medici, passando agli operatori sanitari, alle istituzioni competenti, ai responsabili della salute, fino ai cittadini (specie se genitori) devono tutti fare una profonda riflessione. <\/span><\/p>\n<p class=\"p1\" style=\"text-align: justify;\"><span class=\"s1\">Invertiamo la rotta, riflettendo su questi dati:<\/span><\/p>\n<p class=\"p1\" style=\"text-align: justify;\"><span class=\"s1\">1) Negli anni antecedenti alla vaccinazione il morbillo era la prima causa di morte nell\u2019infanzia, mentre la poliomielite, con la vaccinazione, \u00e8 ora vicina all\u2019eradicazione.<span class=\"Apple-converted-space\">\u00a0 \u00a0<\/span><\/span><\/p>\n<p class=\"p1\" style=\"text-align: justify;\"><span class=\"s1\">2) L\u2019OMS (Organizzazione mondiale della sanit\u00e0) stima che ogni anno circa 3 milioni di persone, tra cui moltissimi bambini, siano salvati grazie ai vaccini. Tuttavia, ancora oggi, circa un milione e mezzo di persone perdono la vita per malattie prevenibili dai vaccini: un bambino ogni 5, a livello globale, non viene vaccinato. Deprimente assistere, nei paesi pi\u00f9 avanzati, ad un calo dell\u2019adesione ai programmi vaccinali. <\/span><\/p>\n<p class=\"p1\" style=\"text-align: justify;\"><span class=\"s1\">3) Solo una copertura vaccinale del 95%, per tutte le vaccinazioni, garantisce un&#8217;adeguata protezione di comunit\u00e0 (immunit\u00e0 di gregge): si riduce la circolazione dei patogeni e si protegge quella parte di popolazione che, per reali controindicazioni mediche, non pu\u00f2 effettuare le vaccinazioni. <\/span><\/p>\n<p class=\"p3\" style=\"text-align: justify;\"><span class=\"s2\">In assenza dell\u2019anagrafe vaccinale nazionale e di una banca dati nazionale delle vaccinazioni, che ci eviterebbero di ritrovarsi in situazioni di allarme, <b>l\u2019Ordine dei medici di Pistoia si \u00e8 fatto tramite, su richiesta del Dipartimento della Prevenzione, verso tutti gli iscritti per partecipare attivamente alla risoluzione del problema, attivandosi verso i propri pazienti non aderenti alle vaccinazioni<\/b>.<\/span><\/p>","protected":false},"excerpt":{"rendered":"<p>di Ferdinando Santini giugno 2017 &nbsp; Nei primi giorni di maggio organi di stampa nazionali, locali ed internazionali hanno riportato questi titoli allarmanti: \u201cMorbillo: C.N.R., ritorno virus inevitabile, ora obbligo vaccini\u201d, \u201cMorbillo, casi in aumento. Molti tra gli operatori sanitari\u201d, \u201cGli Ordini dei Medici richiamano le Istituzioni all\u2019assunzione di responsabilit\u00e0\u201d. I numeri dei casi, [&hellip;]<\/p>","protected":false},"author":101012,"featured_media":0,"comment_status":"open","ping_status":"open","sticky":false,"template":"","format":"standard","meta":{"footnotes":""},"categories":[7,20],"tags":[1013,1014,1015,1016,1017,1018,1019,1020,459],"class_list":["post-4687","post","type-post","status-publish","format-standard","hentry","category-mt","category-una-mela-al-giorno-qt","tag-copertura-vaccinale","tag-istituto-superiore-di-sanita","tag-ministero-della-salute","tag-morbillo","tag-oms","tag-operatori-sanitari","tag-ordine-dei-medici-di-pistoia","tag-organizzazione-mondiale-della-sanita","tag-vaccinazione"],"yoast_head":"<!-- This site is optimized with the Yoast SEO plugin v25.5 - https:\/\/yoast.com\/wordpress\/plugins\/seo\/ -->\n<title>Vaccinazione: tutela per la salute - Noi di Qua Testata giornalistica e di attualit\u00e0 di Agliana, Montale e Quarrata.<\/title>\n<meta name=\"robots\" content=\"index, follow, max-snippet:-1, max-image-preview:large, max-video-preview:-1\" \/>\n<link rel=\"canonical\" href=\"https:\/\/www.noidiqua.it\/Montale\/vaccinazione-tutela-la-salute\/\" \/>\n<meta property=\"og:locale\" content=\"it_IT\" \/>\n<meta property=\"og:type\" content=\"article\" \/>\n<meta property=\"og:title\" content=\"Vaccinazione: tutela per la salute - Noi di Qua Testata giornalistica e di attualit\u00e0 di Agliana, Montale e Quarrata.\" \/>\n<meta property=\"og:description\" content=\"di Ferdinando Santini giugno 2017 &nbsp; Nei primi giorni di maggio organi di stampa nazionali, locali ed internazionali hanno riportato questi titoli allarmanti: \u201cMorbillo: C.N.R., ritorno virus inevitabile, ora obbligo vaccini\u201d, \u201cMorbillo, casi in aumento. Molti tra gli operatori sanitari\u201d, \u201cGli Ordini dei Medici richiamano le Istituzioni all\u2019assunzione di responsabilit\u00e0\u201d. I numeri dei casi, [&hellip;]\" \/>\n<meta property=\"og:url\" content=\"https:\/\/www.noidiqua.it\/Montale\/vaccinazione-tutela-la-salute\/\" \/>\n<meta property=\"og:site_name\" content=\"Noi di Qua Testata giornalistica e di attualit\u00e0 di Agliana, Montale e Quarrata.\" \/>\n<meta property=\"article:publisher\" content=\"https:\/\/www.facebook.com\/noidiqua.trimestrale\/\" \/>\n<meta property=\"article:published_time\" content=\"2017-06-12T09:40:05+00:00\" \/>\n<meta property=\"article:modified_time\" content=\"2022-02-08T11:46:24+00:00\" \/>\n<meta property=\"og:image\" content=\"https:\/\/www.noidiqua.it\/Montale\/wp-content\/uploads\/2021\/05\/una-mela-al-giorno.png\" \/>\n<meta name=\"author\" content=\"Ferdinando Santini\" \/>\n<meta name=\"twitter:label1\" content=\"Scritto da\" \/>\n\t<meta name=\"twitter:data1\" content=\"Ferdinando Santini\" \/>\n\t<meta name=\"twitter:label2\" content=\"Tempo di lettura stimato\" \/>\n\t<meta name=\"twitter:data2\" content=\"2 minuti\" \/>\n<script type=\"application\/ld+json\" class=\"yoast-schema-graph\">{\"@context\":\"https:\/\/schema.org\",\"@graph\":[{\"@type\":\"WebPage\",\"@id\":\"https:\/\/www.noidiqua.it\/Montale\/vaccinazione-tutela-la-salute\/\",\"url\":\"https:\/\/www.noidiqua.it\/Montale\/vaccinazione-tutela-la-salute\/\",\"name\":\"Vaccinazione: tutela per la salute - Noi di Qua Testata giornalistica e di attualit\u00e0 di Agliana, Montale e Quarrata.\",\"isPartOf\":{\"@id\":\"https:\/\/www.noidiqua.it\/Montale\/#website\"},\"primaryImageOfPage\":{\"@id\":\"https:\/\/www.noidiqua.it\/Montale\/vaccinazione-tutela-la-salute\/#primaryimage\"},\"image\":{\"@id\":\"https:\/\/www.noidiqua.it\/Montale\/vaccinazione-tutela-la-salute\/#primaryimage\"},\"thumbnailUrl\":\"https:\/\/www.noidiqua.it\/Montale\/wp-content\/uploads\/2021\/05\/una-mela-al-giorno.png\",\"datePublished\":\"2017-06-12T09:40:05+00:00\",\"dateModified\":\"2022-02-08T11:46:24+00:00\",\"author\":{\"@id\":\"https:\/\/www.noidiqua.it\/Montale\/#\/schema\/person\/262adc8f70023d9ad2d704ba02b72429\"},\"breadcrumb\":{\"@id\":\"https:\/\/www.noidiqua.it\/Montale\/vaccinazione-tutela-la-salute\/#breadcrumb\"},\"inLanguage\":\"it-IT\",\"potentialAction\":[{\"@type\":\"ReadAction\",\"target\":[\"https:\/\/www.noidiqua.it\/Montale\/vaccinazione-tutela-la-salute\/\"]}]},{\"@type\":\"ImageObject\",\"inLanguage\":\"it-IT\",\"@id\":\"https:\/\/www.noidiqua.it\/Montale\/vaccinazione-tutela-la-salute\/#primaryimage\",\"url\":\"https:\/\/www.noidiqua.it\/Montale\/wp-content\/uploads\/2021\/05\/una-mela-al-giorno.png\",\"contentUrl\":\"https:\/\/www.noidiqua.it\/Montale\/wp-content\/uploads\/2021\/05\/una-mela-al-giorno.png\",\"width\":485,\"height\":315},{\"@type\":\"BreadcrumbList\",\"@id\":\"https:\/\/www.noidiqua.it\/Montale\/vaccinazione-tutela-la-salute\/#breadcrumb\",\"itemListElement\":[{\"@type\":\"ListItem\",\"position\":1,\"name\":\"Home\",\"item\":\"https:\/\/www.noidiqua.it\/Montale\/\"},{\"@type\":\"ListItem\",\"position\":2,\"name\":\"Vaccinazione: tutela per la salute\"}]},{\"@type\":\"WebSite\",\"@id\":\"https:\/\/www.noidiqua.it\/Montale\/#website\",\"url\":\"https:\/\/www.noidiqua.it\/Montale\/\",\"name\":\"Noi di Qua Testata giornalistica e di attualit\u00e0 di Agliana, Montale e Quarrata.\",\"description\":\"Testata Giornalistica Quarrata Montale Agliana\",\"potentialAction\":[{\"@type\":\"SearchAction\",\"target\":{\"@type\":\"EntryPoint\",\"urlTemplate\":\"https:\/\/www.noidiqua.it\/Montale\/?s={search_term_string}\"},\"query-input\":{\"@type\":\"PropertyValueSpecification\",\"valueRequired\":true,\"valueName\":\"search_term_string\"}}],\"inLanguage\":\"it-IT\"},{\"@type\":\"Person\",\"@id\":\"https:\/\/www.noidiqua.it\/Montale\/#\/schema\/person\/262adc8f70023d9ad2d704ba02b72429\",\"name\":\"Ferdinando Santini\",\"image\":{\"@type\":\"ImageObject\",\"inLanguage\":\"it-IT\",\"@id\":\"https:\/\/www.noidiqua.it\/Montale\/#\/schema\/person\/image\/\",\"url\":\"https:\/\/secure.gravatar.com\/avatar\/fe173a81a563736baaa4f4ed6241ba2aa9597b2e0b72bbe52d305de68cd5ef57?s=96&d=mm&r=g\",\"contentUrl\":\"https:\/\/secure.gravatar.com\/avatar\/fe173a81a563736baaa4f4ed6241ba2aa9597b2e0b72bbe52d305de68cd5ef57?s=96&d=mm&r=g\",\"caption\":\"Ferdinando Santini\"},\"url\":\"https:\/\/www.noidiqua.it\/Montale\/author\/ferdinando-santini\/\"}]}<\/script>\n<!-- \/ Yoast SEO plugin. -->","yoast_head_json":{"title":"Vaccinazione: tutela per la salute - Noi di Qua Testata giornalistica e di attualit\u00e0 di Agliana, Montale e Quarrata.","robots":{"index":"index","follow":"follow","max-snippet":"max-snippet:-1","max-image-preview":"max-image-preview:large","max-video-preview":"max-video-preview:-1"},"canonical":"https:\/\/www.noidiqua.it\/Montale\/vaccinazione-tutela-la-salute\/","og_locale":"it_IT","og_type":"article","og_title":"Vaccinazione: tutela per la salute - Noi di Qua Testata giornalistica e di attualit\u00e0 di Agliana, Montale e Quarrata.","og_description":"di Ferdinando Santini giugno 2017 &nbsp; Nei primi giorni di maggio organi di stampa nazionali, locali ed internazionali hanno riportato questi titoli allarmanti: \u201cMorbillo: C.N.R., ritorno virus inevitabile, ora obbligo vaccini\u201d, \u201cMorbillo, casi in aumento. Molti tra gli operatori sanitari\u201d, \u201cGli Ordini dei Medici richiamano le Istituzioni all\u2019assunzione di responsabilit\u00e0\u201d. I numeri dei casi, [&hellip;]","og_url":"https:\/\/www.noidiqua.it\/Montale\/vaccinazione-tutela-la-salute\/","og_site_name":"Noi di Qua Testata giornalistica e di attualit\u00e0 di Agliana, Montale e Quarrata.","article_publisher":"https:\/\/www.facebook.com\/noidiqua.trimestrale\/","article_published_time":"2017-06-12T09:40:05+00:00","article_modified_time":"2022-02-08T11:46:24+00:00","og_image":[{"url":"https:\/\/www.noidiqua.it\/Montale\/wp-content\/uploads\/2021\/05\/una-mela-al-giorno.png","type":"","width":"","height":""}],"author":"Ferdinando Santini","twitter_misc":{"Scritto da":"Ferdinando Santini","Tempo di lettura stimato":"2 minuti"},"schema":{"@context":"https:\/\/schema.org","@graph":[{"@type":"WebPage","@id":"https:\/\/www.noidiqua.it\/Montale\/vaccinazione-tutela-la-salute\/","url":"https:\/\/www.noidiqua.it\/Montale\/vaccinazione-tutela-la-salute\/","name":"Vaccinazione: tutela per la salute - Noi di Qua Testata giornalistica e di attualit\u00e0 di Agliana, Montale e Quarrata.","isPartOf":{"@id":"https:\/\/www.noidiqua.it\/Montale\/#website"},"primaryImageOfPage":{"@id":"https:\/\/www.noidiqua.it\/Montale\/vaccinazione-tutela-la-salute\/#primaryimage"},"image":{"@id":"https:\/\/www.noidiqua.it\/Montale\/vaccinazione-tutela-la-salute\/#primaryimage"},"thumbnailUrl":"https:\/\/www.noidiqua.it\/Montale\/wp-content\/uploads\/2021\/05\/una-mela-al-giorno.png","datePublished":"2017-06-12T09:40:05+00:00","dateModified":"2022-02-08T11:46:24+00:00","author":{"@id":"https:\/\/www.noidiqua.it\/Montale\/#\/schema\/person\/262adc8f70023d9ad2d704ba02b72429"},"breadcrumb":{"@id":"https:\/\/www.noidiqua.it\/Montale\/vaccinazione-tutela-la-salute\/#breadcrumb"},"inLanguage":"it-IT","potentialAction":[{"@type":"ReadAction","target":["https:\/\/www.noidiqua.it\/Montale\/vaccinazione-tutela-la-salute\/"]}]},{"@type":"ImageObject","inLanguage":"it-IT","@id":"https:\/\/www.noidiqua.it\/Montale\/vaccinazione-tutela-la-salute\/#primaryimage","url":"https:\/\/www.noidiqua.it\/Montale\/wp-content\/uploads\/2021\/05\/una-mela-al-giorno.png","contentUrl":"https:\/\/www.noidiqua.it\/Montale\/wp-content\/uploads\/2021\/05\/una-mela-al-giorno.png","width":485,"height":315},{"@type":"BreadcrumbList","@id":"https:\/\/www.noidiqua.it\/Montale\/vaccinazione-tutela-la-salute\/#breadcrumb","itemListElement":[{"@type":"ListItem","position":1,"name":"Home","item":"https:\/\/www.noidiqua.it\/Montale\/"},{"@type":"ListItem","position":2,"name":"Vaccinazione: tutela per la salute"}]},{"@type":"WebSite","@id":"https:\/\/www.noidiqua.it\/Montale\/#website","url":"https:\/\/www.noidiqua.it\/Montale\/","name":"Noi di Qua Testata giornalistica e di attualit\u00e0 di Agliana, Montale e Quarrata.","description":"Testata Giornalistica Quarrata Montale Agliana","potentialAction":[{"@type":"SearchAction","target":{"@type":"EntryPoint","urlTemplate":"https:\/\/www.noidiqua.it\/Montale\/?s={search_term_string}"},"query-input":{"@type":"PropertyValueSpecification","valueRequired":true,"valueName":"search_term_string"}}],"inLanguage":"it-IT"},{"@type":"Person","@id":"https:\/\/www.noidiqua.it\/Montale\/#\/schema\/person\/262adc8f70023d9ad2d704ba02b72429","name":"Ferdinando Santini","image":{"@type":"ImageObject","inLanguage":"it-IT","@id":"https:\/\/www.noidiqua.it\/Montale\/#\/schema\/person\/image\/","url":"https:\/\/secure.gravatar.com\/avatar\/fe173a81a563736baaa4f4ed6241ba2aa9597b2e0b72bbe52d305de68cd5ef57?s=96&d=mm&r=g","contentUrl":"https:\/\/secure.gravatar.com\/avatar\/fe173a81a563736baaa4f4ed6241ba2aa9597b2e0b72bbe52d305de68cd5ef57?s=96&d=mm&r=g","caption":"Ferdinando Santini"},"url":"https:\/\/www.noidiqua.it\/Montale\/author\/ferdinando-santini\/"}]}},"_links":{"self":[{"href":"https:\/\/www.noidiqua.it\/Montale\/wp-json\/wp\/v2\/posts\/4687","targetHints":{"allow":["GET"]}}],"collection":[{"href":"https:\/\/www.noidiqua.it\/Montale\/wp-json\/wp\/v2\/posts"}],"about":[{"href":"https:\/\/www.noidiqua.it\/Montale\/wp-json\/wp\/v2\/types\/post"}],"author":[{"embeddable":true,"href":"https:\/\/www.noidiqua.it\/Montale\/wp-json\/wp\/v2\/users\/101012"}],"replies":[{"embeddable":true,"href":"https:\/\/www.noidiqua.it\/Montale\/wp-json\/wp\/v2\/comments?post=4687"}],"version-history":[{"count":3,"href":"https:\/\/www.noidiqua.it\/Montale\/wp-json\/wp\/v2\/posts\/4687\/revisions"}],"predecessor-version":[{"id":6664,"href":"https:\/\/www.noidiqua.it\/Montale\/wp-json\/wp\/v2\/posts\/4687\/revisions\/6664"}],"wp:attachment":[{"href":"https:\/\/www.noidiqua.it\/Montale\/wp-json\/wp\/v2\/media?parent=4687"}],"wp:term":[{"taxonomy":"category","embeddable":true,"href":"https:\/\/www.noidiqua.it\/Montale\/wp-json\/wp\/v2\/categories?post=4687"},{"taxonomy":"post_tag","embeddable":true,"href":"https:\/\/www.noidiqua.it\/Montale\/wp-json\/wp\/v2\/tags?post=4687"}],"curies":[{"name":"wp","href":"https:\/\/api.w.org\/{rel}","templated":true}]}}