{"id":4689,"date":"2017-06-12T11:45:08","date_gmt":"2017-06-12T09:45:08","guid":{"rendered":"https:\/\/www.noidiqua.it\/Montale\/?p=4689"},"modified":"2022-02-08T15:38:52","modified_gmt":"2022-02-08T14:38:52","slug":"linsostenibile-leggerezza-del-benessere","status":"publish","type":"post","link":"https:\/\/www.noidiqua.it\/Montale\/linsostenibile-leggerezza-del-benessere\/","title":{"rendered":"L&#8217;insostenibile leggerezza del benessere"},"content":{"rendered":"<p><em>di Massimo Cappelli<\/em><\/p>\n<p><em>giugno 2017<\/em><\/p>\n<p><a href=\"https:\/\/www.noidiqua.it\/Montale\/wp-content\/uploads\/2017\/06\/CONCLUDENDO.png\" rel=\"wp-prettyPhoto[4689]\"><img loading=\"lazy\" decoding=\"async\" class=\"aligncenter wp-image-6691\" src=\"https:\/\/www.noidiqua.it\/Montale\/wp-content\/uploads\/2017\/06\/CONCLUDENDO.png\" alt=\"\" width=\"497\" height=\"331\" srcset=\"https:\/\/www.noidiqua.it\/Montale\/wp-content\/uploads\/2017\/06\/CONCLUDENDO.png 450w, https:\/\/www.noidiqua.it\/Montale\/wp-content\/uploads\/2017\/06\/CONCLUDENDO-300x200.png 300w\" sizes=\"auto, (max-width: 497px) 100vw, 497px\" \/><\/a><\/p>\n<p class=\"p1\" style=\"text-align: justify;\"><span class=\"s1\">Mi viene in mente uno spettacolo di <strong>Roberto Benigni<\/strong> degli anni Ottanta che ho visto in una delle sue prime tourn\u00e9e, quando impostava tutto sulla politica, la storia e la religione, stravolgendone ed esasperandone i contenuti. Quasi all&#8217;inizio del <strong>monologo<\/strong>, citando i sette vizi capitali: superbia, accidia, lussuria, ira, gola, invidia e avarizia, trovava il modo, anche se in maniera del tutto bonaria come suo stile, di attribuirli tutti e sette, nientemeno che al Padre Eterno. Iniziando dalla superbia, diceva: <i>\u00abSuperbia? Non si \u00e8 mai visto nessuno pi\u00f9 superbo di Lui! Intanto si fa chiamare&#8230; <strong>Dio<\/strong>&#8230; \u201cIo sono Dio, essere perfettissimo, evvia evvia\u201d. Oppure : \u201cGloria a Dio nell&#8217;alto dei cieli&#8230;\u201d Si fosse fatto chiamare, che so, Guido, per esempio, sarebbe stato un nome pi\u00f9 tranquillo, no? Invece no! Dio! Se si chiamava Guido, invece: \u201cNon avrai altro Guido all&#8217;infuori di me\u201d, suonava meglio, no? \u201cMacch\u00e9 alto dei cieli, sono qui a sette o otto metri. Sui ponti dell&#8217;autostrada: <strong>GUIDO C&#8217;\u00c8<\/strong>\u201d.<\/i> (Per i pi\u00f9 giovani, a quell\u2019epoca su molti ponti, o edifici che davano su strade ad alta fruizione si poteva proprio leggere la scritta \u201cDio c&#8217;\u00e8\u201d)<i>. Eh Guido? Si fa pe&#8217; scherzare eh? Metti un giorno, quando morir\u00f2 mi dir\u00e0: \u201cBenigni ti sembrava di essere simpatico in quello spettacolo? Vai all&#8217;inferno, cammina!\u201d\u00bb<\/i><\/span><\/p>\n<p class=\"p1\" style=\"text-align: justify;\"><span class=\"s1\">Questo \u00e8 ci\u00f2 che raccontava Benigni una trentina di anni fa, forse qualcuno della mia et\u00e0 se lo ricorder\u00e0. Proseguendo nel monologo, faceva poi riferimento alle invenzioni, prima di tutto a<strong> Isaac Newton<\/strong>, con la scoperta della gravit\u00e0 terrestre e l&#8217;aneddoto della mela in testa che, secondo il suo racconto stravolto, il giovane Newton confida l&#8217;accaduto al suo babbo in questa maniera: <i>\u00ab\u201cBabbo, ero nell&#8217;orto e mi \u00e8 cascata una mela in testa\u201d. \u201cAh si? Ti sei fatto male?\u201d \u201cNo, no, ma&#8230; vedi babbo&#8230; La\u2026 la gravit\u00e0!\u201d \u201cCio\u00e8?\u201d \u201cBabbo ho fatto una scoperta eccezionale: ho scoperto che se una mela cade&#8230; Cade in terra! Che ne pensi?\u201d \u201cIsacco, sono venti anni che ti pago gli studi, dove l&#8217;hai passato tutto questo tempo imbecille, eh? Se questa mano cade&#8230; Dove cade? In testa no?\u201d E gi\u00f9 botte! Al giovane Newton non and\u00f2 tanto bene\u00bb<\/i>.<\/span><\/p>\n<p><a href=\"https:\/\/www.noidiqua.it\/Montale\/wp-content\/uploads\/2017\/06\/tuttobenigni.png\" rel=\"wp-prettyPhoto[4689]\"><img loading=\"lazy\" decoding=\"async\" class=\"aligncenter size-full wp-image-6692\" src=\"https:\/\/www.noidiqua.it\/Montale\/wp-content\/uploads\/2017\/06\/tuttobenigni.png\" alt=\"\" width=\"516\" height=\"290\" srcset=\"https:\/\/www.noidiqua.it\/Montale\/wp-content\/uploads\/2017\/06\/tuttobenigni.png 516w, https:\/\/www.noidiqua.it\/Montale\/wp-content\/uploads\/2017\/06\/tuttobenigni-300x169.png 300w\" sizes=\"auto, (max-width: 516px) 100vw, 516px\" \/><\/a><\/p>\n<p class=\"p1\" style=\"text-align: justify;\"><span class=\"s1\">Ma c&#8217;era un altro punto dove Roberto di <strong>Vergaio<\/strong> raccontava sempre di invenzioni facendo riferimento a <strong>Fleming<\/strong>, quello che scopr\u00ec la <strong>penicillina<\/strong>. Benigni si immagina che \u201cGuido\u201d durante la Creazione avesse s\u00ec pensato a tutto, ma che si fosse divertito, come in una caccia al tesoro, a nascondere molte cose importanti volendole fare scoprire all\u2019uomo, attraverso i secoli. <i>\u00abPer esempio, la penicillina, senza la quale moltissime persone nel mondo sono morte a causa di malattie, non la poteva mettere a Adamo sul comodino? \u201cAdamo, guarda se ti venisse la febbre le pasticche sono qui\u201d. E invece no! \u00c8 dovuto nascere Alexander Fleming che fin da piccino comincia a cercare: \u201cO dove sono gli antibiotici, eh Guido? Dove li hai messi? eh? Dimmelo!\u201d Cerca cerca, un giorno mette una mano su una pera marcia e&#8230; \u201cMa guarda che lavoro Guido, o che si mette la penicillina nella muffa?\u201d Uno lo deve fare proprio apposta \u00e8? Mah!\u00bb<\/i><\/span><\/p>\n<p class=\"p1\" style=\"text-align: justify;\"><span class=\"s1\">Sono voluto partire con questa esilarante introduzione tratta da quel bellissimo \u201cTuttoBenigni\u201d degli anni Ottanta che parla di scoperte, per collegarmi ad un tema molto serio che oggi riempie le pagine di tutti i giornali: le <strong>vaccinazioni<\/strong>. Come afferma il dottor Santini nella <a href=\"https:\/\/www.noidiqua.it\/vaccinazione-tutela-la-salute\/\">sua rubrica<\/a>, apprendere che nel 2017 ci sono genitori che non vaccinano i loro figli \u00e8 alquanto sconfortante. Ci sono stati scienziati che hanno dedicato la loro esistenza alla ricerca, e grazie a loro nell&#8217;ultimo secolo ci siamo tutti vaccinati per isolare i virus infettivi, che in molti casi portavano all\u2019infermit\u00e0 o alla morte. Adesso qualcuno pensa che il problema non esista pi\u00f9, e che il fatto per cui ci obbligano a vaccinarci, sia dovuto solo alla cupidigia e al cinismo delle multinazionali <strong>farmaceutiche<\/strong>, le quali, in accordo con istituzioni a livello mondiale, inseguono solamente il business. Questo pu\u00f2 essere vero quanto inevitabile, fino a che ci saranno i marpioni, ovvero chi, attraverso la manipolazione, sfrutta l\u2019operato di persone speciali. Gestire la profilassi per miliardi di individui nel mondo, pu\u00f2 darsi sicuramente che faccia arricchire a dismisura qualcuno, cos\u00ec come l&#8217;arrivo in massa di profughi che fuggono dalla guerra; questa \u00e8 l&#8217;eterna partita fra il bene e il male. Scegliere per\u00f2 di non vaccinare i propri bambini, non solo mette a repentaglio la loro di immunit\u00e0, ma l&#8217;incolumit\u00e0 di altri individui e conseguentemente dell&#8217;intera comunit\u00e0. <\/span><\/p>\n<p class=\"p1\" style=\"text-align: justify;\"><span class=\"s1\">Non ci dimentichiamo che la sicurezza \u00e8 un diritto di tutti. Forse, restando nell&#8217;ambito della sanit\u00e0, sarebbe giusto mettere in sicurezza anche i bambini da certi genitori che li nutrono solo con cibi vegani o li curano solo con terapie omeopatiche provocando l&#8217;irreparabile. E poi, restando in tema di scoperte, ci vorrebbe qualche cervello, che, a breve, scoprisse la cura contro la leggerezza, l&#8217;incoscienza e la stupidit\u00e0. Ma anche quella contro l&#8217;avidit\u00e0 e la smania di potere. <\/span><\/p>\n<p class=\"p1\" style=\"text-align: justify;\"><span class=\"s1\">Concludendo credo che, soffermandoci sul precetto biblico sull&#8217;arbitrio personale concesso a tutta l&#8217;umanit\u00e0, bisognerebbe che \u201cGuido\u201d tornasse sui suoi passi rivedendo la sua antica decisione.<\/span><\/p>\n<p class=\"p1\"><span class=\"s1\">Si fa per scherzare Guido, eh?<\/span><\/p>","protected":false},"excerpt":{"rendered":"<p>di Massimo Cappelli giugno 2017 Mi viene in mente uno spettacolo di Roberto Benigni degli anni Ottanta che ho visto in una delle sue prime tourn\u00e9e, quando impostava tutto sulla politica, la storia e la religione, stravolgendone ed esasperandone i contenuti. Quasi all&#8217;inizio del monologo, citando i sette vizi capitali: superbia, accidia, lussuria, ira, [&hellip;]<\/p>","protected":false},"author":7,"featured_media":0,"comment_status":"open","ping_status":"open","sticky":false,"template":"","format":"standard","meta":{"footnotes":""},"categories":[24,7],"tags":[1026,1021,1022,1023,1024,1025,1027,1028,1029,479,1030,459,1031,1032],"class_list":["post-4689","post","type-post","status-publish","format-standard","hentry","category-concludendo-qt","category-mt","tag-ce","tag-cupidigia","tag-dio","tag-farmaceutiche","tag-fleming","tag-guido","tag-isaac-newton","tag-monologo","tag-penicillina","tag-roberto-benigni","tag-vaccinano","tag-vaccinazione","tag-vaccino","tag-vergaio"],"yoast_head":"<!-- This site is optimized with the Yoast SEO plugin v25.5 - https:\/\/yoast.com\/wordpress\/plugins\/seo\/ -->\n<title>L&#039;insostenibile leggerezza del benessere - Noi di Qua Testata giornalistica e di attualit\u00e0 di Agliana, Montale e Quarrata.<\/title>\n<meta name=\"robots\" content=\"index, follow, max-snippet:-1, max-image-preview:large, max-video-preview:-1\" \/>\n<link rel=\"canonical\" href=\"https:\/\/www.noidiqua.it\/Montale\/linsostenibile-leggerezza-del-benessere\/\" \/>\n<meta property=\"og:locale\" content=\"it_IT\" \/>\n<meta property=\"og:type\" content=\"article\" \/>\n<meta property=\"og:title\" content=\"L&#039;insostenibile leggerezza del benessere - Noi di Qua Testata giornalistica e di attualit\u00e0 di Agliana, Montale e Quarrata.\" \/>\n<meta property=\"og:description\" content=\"di Massimo Cappelli giugno 2017 Mi viene in mente uno spettacolo di Roberto Benigni degli anni Ottanta che ho visto in una delle sue prime tourn\u00e9e, quando impostava tutto sulla politica, la storia e la religione, stravolgendone ed esasperandone i contenuti. Quasi all&#8217;inizio del monologo, citando i sette vizi capitali: superbia, accidia, lussuria, ira, [&hellip;]\" \/>\n<meta property=\"og:url\" content=\"https:\/\/www.noidiqua.it\/Montale\/linsostenibile-leggerezza-del-benessere\/\" \/>\n<meta property=\"og:site_name\" content=\"Noi di Qua Testata giornalistica e di attualit\u00e0 di Agliana, Montale e Quarrata.\" \/>\n<meta property=\"article:publisher\" content=\"https:\/\/www.facebook.com\/noidiqua.trimestrale\/\" \/>\n<meta property=\"article:published_time\" content=\"2017-06-12T09:45:08+00:00\" \/>\n<meta property=\"article:modified_time\" content=\"2022-02-08T14:38:52+00:00\" \/>\n<meta property=\"og:image\" content=\"https:\/\/www.noidiqua.it\/Montale\/wp-content\/uploads\/2017\/06\/CONCLUDENDO.png\" \/>\n<meta name=\"author\" content=\"Massimo Cappelli\" \/>\n<meta name=\"twitter:label1\" content=\"Scritto da\" \/>\n\t<meta name=\"twitter:data1\" content=\"Massimo Cappelli\" \/>\n\t<meta name=\"twitter:label2\" content=\"Tempo di lettura stimato\" \/>\n\t<meta name=\"twitter:data2\" content=\"4 minuti\" \/>\n<script type=\"application\/ld+json\" class=\"yoast-schema-graph\">{\"@context\":\"https:\/\/schema.org\",\"@graph\":[{\"@type\":\"WebPage\",\"@id\":\"https:\/\/www.noidiqua.it\/Montale\/linsostenibile-leggerezza-del-benessere\/\",\"url\":\"https:\/\/www.noidiqua.it\/Montale\/linsostenibile-leggerezza-del-benessere\/\",\"name\":\"L'insostenibile leggerezza del benessere - Noi di Qua Testata giornalistica e di attualit\u00e0 di Agliana, Montale e Quarrata.\",\"isPartOf\":{\"@id\":\"https:\/\/www.noidiqua.it\/Montale\/#website\"},\"primaryImageOfPage\":{\"@id\":\"https:\/\/www.noidiqua.it\/Montale\/linsostenibile-leggerezza-del-benessere\/#primaryimage\"},\"image\":{\"@id\":\"https:\/\/www.noidiqua.it\/Montale\/linsostenibile-leggerezza-del-benessere\/#primaryimage\"},\"thumbnailUrl\":\"https:\/\/www.noidiqua.it\/Montale\/wp-content\/uploads\/2017\/06\/CONCLUDENDO.png\",\"datePublished\":\"2017-06-12T09:45:08+00:00\",\"dateModified\":\"2022-02-08T14:38:52+00:00\",\"author\":{\"@id\":\"https:\/\/www.noidiqua.it\/Montale\/#\/schema\/person\/858b1b9db61101126e5ded39f94daedb\"},\"breadcrumb\":{\"@id\":\"https:\/\/www.noidiqua.it\/Montale\/linsostenibile-leggerezza-del-benessere\/#breadcrumb\"},\"inLanguage\":\"it-IT\",\"potentialAction\":[{\"@type\":\"ReadAction\",\"target\":[\"https:\/\/www.noidiqua.it\/Montale\/linsostenibile-leggerezza-del-benessere\/\"]}]},{\"@type\":\"ImageObject\",\"inLanguage\":\"it-IT\",\"@id\":\"https:\/\/www.noidiqua.it\/Montale\/linsostenibile-leggerezza-del-benessere\/#primaryimage\",\"url\":\"https:\/\/www.noidiqua.it\/Montale\/wp-content\/uploads\/2017\/06\/CONCLUDENDO.png\",\"contentUrl\":\"https:\/\/www.noidiqua.it\/Montale\/wp-content\/uploads\/2017\/06\/CONCLUDENDO.png\",\"width\":450,\"height\":300},{\"@type\":\"BreadcrumbList\",\"@id\":\"https:\/\/www.noidiqua.it\/Montale\/linsostenibile-leggerezza-del-benessere\/#breadcrumb\",\"itemListElement\":[{\"@type\":\"ListItem\",\"position\":1,\"name\":\"Home\",\"item\":\"https:\/\/www.noidiqua.it\/Montale\/\"},{\"@type\":\"ListItem\",\"position\":2,\"name\":\"L&#8217;insostenibile leggerezza del benessere\"}]},{\"@type\":\"WebSite\",\"@id\":\"https:\/\/www.noidiqua.it\/Montale\/#website\",\"url\":\"https:\/\/www.noidiqua.it\/Montale\/\",\"name\":\"Noi di Qua Testata giornalistica e di attualit\u00e0 di Agliana, Montale e Quarrata.\",\"description\":\"Testata Giornalistica Quarrata Montale Agliana\",\"potentialAction\":[{\"@type\":\"SearchAction\",\"target\":{\"@type\":\"EntryPoint\",\"urlTemplate\":\"https:\/\/www.noidiqua.it\/Montale\/?s={search_term_string}\"},\"query-input\":{\"@type\":\"PropertyValueSpecification\",\"valueRequired\":true,\"valueName\":\"search_term_string\"}}],\"inLanguage\":\"it-IT\"},{\"@type\":\"Person\",\"@id\":\"https:\/\/www.noidiqua.it\/Montale\/#\/schema\/person\/858b1b9db61101126e5ded39f94daedb\",\"name\":\"Massimo Cappelli\",\"image\":{\"@type\":\"ImageObject\",\"inLanguage\":\"it-IT\",\"@id\":\"https:\/\/www.noidiqua.it\/Montale\/#\/schema\/person\/image\/\",\"url\":\"https:\/\/secure.gravatar.com\/avatar\/0e7261535228aa9bb0417ab8f42f3fadaf8ce23bdfde46c689c43410a676cfa9?s=96&d=mm&r=g\",\"contentUrl\":\"https:\/\/secure.gravatar.com\/avatar\/0e7261535228aa9bb0417ab8f42f3fadaf8ce23bdfde46c689c43410a676cfa9?s=96&d=mm&r=g\",\"caption\":\"Massimo Cappelli\"},\"url\":\"https:\/\/www.noidiqua.it\/Montale\/author\/massimo-cappelli\/\"}]}<\/script>\n<!-- \/ Yoast SEO plugin. -->","yoast_head_json":{"title":"L'insostenibile leggerezza del benessere - Noi di Qua Testata giornalistica e di attualit\u00e0 di Agliana, Montale e Quarrata.","robots":{"index":"index","follow":"follow","max-snippet":"max-snippet:-1","max-image-preview":"max-image-preview:large","max-video-preview":"max-video-preview:-1"},"canonical":"https:\/\/www.noidiqua.it\/Montale\/linsostenibile-leggerezza-del-benessere\/","og_locale":"it_IT","og_type":"article","og_title":"L'insostenibile leggerezza del benessere - Noi di Qua Testata giornalistica e di attualit\u00e0 di Agliana, Montale e Quarrata.","og_description":"di Massimo Cappelli giugno 2017 Mi viene in mente uno spettacolo di Roberto Benigni degli anni Ottanta che ho visto in una delle sue prime tourn\u00e9e, quando impostava tutto sulla politica, la storia e la religione, stravolgendone ed esasperandone i contenuti. Quasi all&#8217;inizio del monologo, citando i sette vizi capitali: superbia, accidia, lussuria, ira, [&hellip;]","og_url":"https:\/\/www.noidiqua.it\/Montale\/linsostenibile-leggerezza-del-benessere\/","og_site_name":"Noi di Qua Testata giornalistica e di attualit\u00e0 di Agliana, Montale e Quarrata.","article_publisher":"https:\/\/www.facebook.com\/noidiqua.trimestrale\/","article_published_time":"2017-06-12T09:45:08+00:00","article_modified_time":"2022-02-08T14:38:52+00:00","og_image":[{"url":"https:\/\/www.noidiqua.it\/Montale\/wp-content\/uploads\/2017\/06\/CONCLUDENDO.png","type":"","width":"","height":""}],"author":"Massimo Cappelli","twitter_misc":{"Scritto da":"Massimo Cappelli","Tempo di lettura stimato":"4 minuti"},"schema":{"@context":"https:\/\/schema.org","@graph":[{"@type":"WebPage","@id":"https:\/\/www.noidiqua.it\/Montale\/linsostenibile-leggerezza-del-benessere\/","url":"https:\/\/www.noidiqua.it\/Montale\/linsostenibile-leggerezza-del-benessere\/","name":"L'insostenibile leggerezza del benessere - Noi di Qua Testata giornalistica e di attualit\u00e0 di Agliana, Montale e Quarrata.","isPartOf":{"@id":"https:\/\/www.noidiqua.it\/Montale\/#website"},"primaryImageOfPage":{"@id":"https:\/\/www.noidiqua.it\/Montale\/linsostenibile-leggerezza-del-benessere\/#primaryimage"},"image":{"@id":"https:\/\/www.noidiqua.it\/Montale\/linsostenibile-leggerezza-del-benessere\/#primaryimage"},"thumbnailUrl":"https:\/\/www.noidiqua.it\/Montale\/wp-content\/uploads\/2017\/06\/CONCLUDENDO.png","datePublished":"2017-06-12T09:45:08+00:00","dateModified":"2022-02-08T14:38:52+00:00","author":{"@id":"https:\/\/www.noidiqua.it\/Montale\/#\/schema\/person\/858b1b9db61101126e5ded39f94daedb"},"breadcrumb":{"@id":"https:\/\/www.noidiqua.it\/Montale\/linsostenibile-leggerezza-del-benessere\/#breadcrumb"},"inLanguage":"it-IT","potentialAction":[{"@type":"ReadAction","target":["https:\/\/www.noidiqua.it\/Montale\/linsostenibile-leggerezza-del-benessere\/"]}]},{"@type":"ImageObject","inLanguage":"it-IT","@id":"https:\/\/www.noidiqua.it\/Montale\/linsostenibile-leggerezza-del-benessere\/#primaryimage","url":"https:\/\/www.noidiqua.it\/Montale\/wp-content\/uploads\/2017\/06\/CONCLUDENDO.png","contentUrl":"https:\/\/www.noidiqua.it\/Montale\/wp-content\/uploads\/2017\/06\/CONCLUDENDO.png","width":450,"height":300},{"@type":"BreadcrumbList","@id":"https:\/\/www.noidiqua.it\/Montale\/linsostenibile-leggerezza-del-benessere\/#breadcrumb","itemListElement":[{"@type":"ListItem","position":1,"name":"Home","item":"https:\/\/www.noidiqua.it\/Montale\/"},{"@type":"ListItem","position":2,"name":"L&#8217;insostenibile leggerezza del benessere"}]},{"@type":"WebSite","@id":"https:\/\/www.noidiqua.it\/Montale\/#website","url":"https:\/\/www.noidiqua.it\/Montale\/","name":"Noi di Qua Testata giornalistica e di attualit\u00e0 di Agliana, Montale e Quarrata.","description":"Testata Giornalistica Quarrata Montale Agliana","potentialAction":[{"@type":"SearchAction","target":{"@type":"EntryPoint","urlTemplate":"https:\/\/www.noidiqua.it\/Montale\/?s={search_term_string}"},"query-input":{"@type":"PropertyValueSpecification","valueRequired":true,"valueName":"search_term_string"}}],"inLanguage":"it-IT"},{"@type":"Person","@id":"https:\/\/www.noidiqua.it\/Montale\/#\/schema\/person\/858b1b9db61101126e5ded39f94daedb","name":"Massimo Cappelli","image":{"@type":"ImageObject","inLanguage":"it-IT","@id":"https:\/\/www.noidiqua.it\/Montale\/#\/schema\/person\/image\/","url":"https:\/\/secure.gravatar.com\/avatar\/0e7261535228aa9bb0417ab8f42f3fadaf8ce23bdfde46c689c43410a676cfa9?s=96&d=mm&r=g","contentUrl":"https:\/\/secure.gravatar.com\/avatar\/0e7261535228aa9bb0417ab8f42f3fadaf8ce23bdfde46c689c43410a676cfa9?s=96&d=mm&r=g","caption":"Massimo Cappelli"},"url":"https:\/\/www.noidiqua.it\/Montale\/author\/massimo-cappelli\/"}]}},"_links":{"self":[{"href":"https:\/\/www.noidiqua.it\/Montale\/wp-json\/wp\/v2\/posts\/4689","targetHints":{"allow":["GET"]}}],"collection":[{"href":"https:\/\/www.noidiqua.it\/Montale\/wp-json\/wp\/v2\/posts"}],"about":[{"href":"https:\/\/www.noidiqua.it\/Montale\/wp-json\/wp\/v2\/types\/post"}],"author":[{"embeddable":true,"href":"https:\/\/www.noidiqua.it\/Montale\/wp-json\/wp\/v2\/users\/7"}],"replies":[{"embeddable":true,"href":"https:\/\/www.noidiqua.it\/Montale\/wp-json\/wp\/v2\/comments?post=4689"}],"version-history":[{"count":4,"href":"https:\/\/www.noidiqua.it\/Montale\/wp-json\/wp\/v2\/posts\/4689\/revisions"}],"predecessor-version":[{"id":6694,"href":"https:\/\/www.noidiqua.it\/Montale\/wp-json\/wp\/v2\/posts\/4689\/revisions\/6694"}],"wp:attachment":[{"href":"https:\/\/www.noidiqua.it\/Montale\/wp-json\/wp\/v2\/media?parent=4689"}],"wp:term":[{"taxonomy":"category","embeddable":true,"href":"https:\/\/www.noidiqua.it\/Montale\/wp-json\/wp\/v2\/categories?post=4689"},{"taxonomy":"post_tag","embeddable":true,"href":"https:\/\/www.noidiqua.it\/Montale\/wp-json\/wp\/v2\/tags?post=4689"}],"curies":[{"name":"wp","href":"https:\/\/api.w.org\/{rel}","templated":true}]}}