{"id":4747,"date":"2017-06-12T12:59:38","date_gmt":"2017-06-12T10:59:38","guid":{"rendered":"https:\/\/www.noidiqua.it\/Montale\/?p=4747"},"modified":"2022-02-08T13:01:44","modified_gmt":"2022-02-08T12:01:44","slug":"piazzola-elisoccoriso-grazie-agli-alpini","status":"publish","type":"post","link":"https:\/\/www.noidiqua.it\/Montale\/piazzola-elisoccoriso-grazie-agli-alpini\/","title":{"rendered":"Piazzola per Elisoccoriso, grazie agli Alpini"},"content":{"rendered":"<p><em style=\"line-height: inherit;\">di\u00a0Giacomo Bini<\/em><\/p>\n<p>giugno 2017<\/p>\n<p><a href=\"https:\/\/www.noidiqua.it\/Montale\/wp-content\/uploads\/2017\/06\/ALPINI.png\" rel=\"wp-prettyPhoto[4747]\"><img loading=\"lazy\" decoding=\"async\" class=\"aligncenter size-full wp-image-6674\" src=\"https:\/\/www.noidiqua.it\/Montale\/wp-content\/uploads\/2017\/06\/ALPINI.png\" alt=\"\" width=\"450\" height=\"333\" srcset=\"https:\/\/www.noidiqua.it\/Montale\/wp-content\/uploads\/2017\/06\/ALPINI.png 450w, https:\/\/www.noidiqua.it\/Montale\/wp-content\/uploads\/2017\/06\/ALPINI-300x222.png 300w\" sizes=\"auto, (max-width: 450px) 100vw, 450px\" \/><\/a><\/p>\n<p><span class=\"s1\">Gli <strong>Alpini<\/strong> realizzeranno una <strong>piazzola<\/strong> di atterraggio per l\u2019<strong>elisoccorso<\/strong> in localit\u00e0 <strong>La Vigna<\/strong> (zona Polini), tra <strong>Fognano e Tobbiana<\/strong>. La piattaforma sar\u00e0 soprattutto a servizio delle frazioni collinari del paese e in generale di tutta la montagna di <strong>Montale<\/strong> e anche del versante di Montemurlo. L\u2019infrastruttura \u00e8 destinata ad aumentare la sicurezza per la popolazione e ad assicurare un servizio pi\u00f9 celere ed efficace in caso di emergenze che richiedano l\u2019intervento dell\u2019elicottero del 118. <\/span><\/p>\n<p><span class=\"s1\">Finora gli unici spazi utili per l\u2019atterraggio dell\u2019elisoccorso si trovano in pianura e quindi distanti dalle colline. Il terreno per la piattaforma \u00e8 stato concesso in comodato gratuito al Comune dai proprietari, in particolare da parte di <strong>Pierluigi Polini<\/strong>. L\u2019iniziativa della nuova <strong>elisuperficie<\/strong> \u00e8 venuta dal Gruppo Alpini di Montale che gi\u00e0 nell\u2019ottobre del 2016, ha presentato la richiesta trovando la convinta adesione e l\u2019appoggio dell\u2019Amministrazione Comunale. Essenziale naturalmente \u00e8 stata la collaborazione dei proprietari dei terreni. Sono occorsi alcuni mesi per ottenere le autorizzazioni necessarie, in particolare il nulla osta della Commissione Comunale per il Paesaggio e paesaggistica e l\u2019indispensabile parere favorevole della Soprintendenza Archeologica Belle Arti e Paesaggio. La nuova piattaforma, del diametro di 18 metri, sar\u00e0 costituita da una pavimentazione in cemento delimitata da una recinzione zincata e dotata di accesso per le ambulanze, che potranno cos\u00ec avvicinarsi all\u2019elicottero. L\u2019area \u00e8 propizia all\u2019elisoccorso perch\u00e9 \u00e8 aperta e sgombra da ostacoli come linee elettriche, pali dell\u2019illuminazione pubblica o edifici. La nuova <strong>infrastruttura<\/strong>, del costo di venti milioni circa, sar\u00e0 realizzata totalmente a carico degli Alpini con il loro lavoro volontario e con il supporto di un\u2019impresa. Il primo intervento sar\u00e0 la preparazione del terreno, che verr\u00e0 innanzitutto ripulito dell\u2019erba e poi spianato con un opportuno movimento terra. Dopo verr\u00e0 gettato il cemento e creata la piazzola. <\/span><\/p>\n<p><span class=\"s1\">La struttura sar\u00e0 completata entro i mesi estivi e verr\u00e0 inaugurata in occasione del <strong>Raduno Sezionale degli Alpini<\/strong> (Sezione di Firenze), che si terr\u00e0 a Montale nelle giornate del 9 e del 10 settembre prossimi.<i> \u00abCi \u00e8 sembrato che una piazzola per l\u2019elisoccorso fosse molto utile per tutta la collettivit\u00e0\u00bb<\/i> dice il presidente del gruppo Alpini di Montale <strong>Antonio Nincheri<\/strong> <i>\u00abpossiamo realizzarla grazie al sostegno dell\u2019Amministrazione Comunale e all\u2019adesione dei proprietari\u00bb<\/i>. Con la nuova piattaforma, gli Alpini di Montale danno un nuovo e rilevante contributo alla qualit\u00e0 della vita della comunit\u00e0 montalese, dimostrando ancora una volta spirito di iniziativa e grande generosit\u00e0. Da sempre sentinelle dei monumenti e della memoria storica, stavolta gli Alpini realizzano un\u2019infrastruttura che potr\u00e0 salvare delle vite umane. <\/span><\/p>\n<p>&nbsp;<\/p>","protected":false},"excerpt":{"rendered":"<p>di\u00a0Giacomo Bini giugno 2017 Gli Alpini realizzeranno una piazzola di atterraggio per l\u2019elisoccorso in localit\u00e0 La Vigna (zona Polini), tra Fognano e Tobbiana. La piattaforma sar\u00e0 soprattutto a servizio delle frazioni collinari del paese e in generale di tutta la montagna di Montale e anche del versante di Montemurlo. L\u2019infrastruttura \u00e8 destinata ad aumentare [&hellip;]<\/p>","protected":false},"author":12,"featured_media":0,"comment_status":"open","ping_status":"open","sticky":false,"template":"","format":"standard","meta":{"footnotes":""},"categories":[7,18],"tags":[37,1127,1123,1117,1122,1120,1125,1119,995,1118,1121,1126,1124],"class_list":["post-4747","post","type-post","status-publish","format-standard","hentry","category-mt","category-territorio-qt","tag-alpini","tag-antonio-nincheri","tag-commissione-comunale-per-il-paesaggio","tag-elisoccorso","tag-elisuperficie","tag-fognano-e-tobbiana","tag-infrastruttura","tag-la-vigna","tag-mt","tag-piazzola","tag-pierluigi-polini","tag-raduno-sezionale-degli-alpini","tag-soprintendenza-archeologica-belle-arti-e-paesaggio"],"yoast_head":"<!-- This site is optimized with the Yoast SEO plugin v25.5 - https:\/\/yoast.com\/wordpress\/plugins\/seo\/ -->\n<title>Piazzola per Elisoccoriso, grazie agli Alpini - Noi di Qua Testata giornalistica e di attualit\u00e0 di Agliana, Montale e Quarrata.<\/title>\n<meta name=\"robots\" content=\"index, follow, max-snippet:-1, max-image-preview:large, max-video-preview:-1\" \/>\n<link rel=\"canonical\" href=\"https:\/\/www.noidiqua.it\/Montale\/piazzola-elisoccoriso-grazie-agli-alpini\/\" \/>\n<meta property=\"og:locale\" content=\"it_IT\" \/>\n<meta property=\"og:type\" content=\"article\" \/>\n<meta property=\"og:title\" content=\"Piazzola per Elisoccoriso, grazie agli Alpini - Noi di Qua Testata giornalistica e di attualit\u00e0 di Agliana, Montale e Quarrata.\" \/>\n<meta property=\"og:description\" content=\"di\u00a0Giacomo Bini giugno 2017 Gli Alpini realizzeranno una piazzola di atterraggio per l\u2019elisoccorso in localit\u00e0 La Vigna (zona Polini), tra Fognano e Tobbiana. La piattaforma sar\u00e0 soprattutto a servizio delle frazioni collinari del paese e in generale di tutta la montagna di Montale e anche del versante di Montemurlo. L\u2019infrastruttura \u00e8 destinata ad aumentare [&hellip;]\" \/>\n<meta property=\"og:url\" content=\"https:\/\/www.noidiqua.it\/Montale\/piazzola-elisoccoriso-grazie-agli-alpini\/\" \/>\n<meta property=\"og:site_name\" content=\"Noi di Qua Testata giornalistica e di attualit\u00e0 di Agliana, Montale e Quarrata.\" \/>\n<meta property=\"article:publisher\" content=\"https:\/\/www.facebook.com\/noidiqua.trimestrale\/\" \/>\n<meta property=\"article:published_time\" content=\"2017-06-12T10:59:38+00:00\" \/>\n<meta property=\"article:modified_time\" content=\"2022-02-08T12:01:44+00:00\" \/>\n<meta property=\"og:image\" content=\"https:\/\/www.noidiqua.it\/Montale\/wp-content\/uploads\/2017\/06\/ALPINI.png\" \/>\n<meta name=\"author\" content=\"Giacomo Bini\" \/>\n<meta name=\"twitter:label1\" content=\"Scritto da\" \/>\n\t<meta name=\"twitter:data1\" content=\"Giacomo Bini\" \/>\n\t<meta name=\"twitter:label2\" content=\"Tempo di lettura stimato\" \/>\n\t<meta name=\"twitter:data2\" content=\"2 minuti\" \/>\n<script type=\"application\/ld+json\" class=\"yoast-schema-graph\">{\"@context\":\"https:\/\/schema.org\",\"@graph\":[{\"@type\":\"WebPage\",\"@id\":\"https:\/\/www.noidiqua.it\/Montale\/piazzola-elisoccoriso-grazie-agli-alpini\/\",\"url\":\"https:\/\/www.noidiqua.it\/Montale\/piazzola-elisoccoriso-grazie-agli-alpini\/\",\"name\":\"Piazzola per Elisoccoriso, grazie agli Alpini - Noi di Qua Testata giornalistica e di attualit\u00e0 di Agliana, Montale e Quarrata.\",\"isPartOf\":{\"@id\":\"https:\/\/www.noidiqua.it\/Montale\/#website\"},\"primaryImageOfPage\":{\"@id\":\"https:\/\/www.noidiqua.it\/Montale\/piazzola-elisoccoriso-grazie-agli-alpini\/#primaryimage\"},\"image\":{\"@id\":\"https:\/\/www.noidiqua.it\/Montale\/piazzola-elisoccoriso-grazie-agli-alpini\/#primaryimage\"},\"thumbnailUrl\":\"https:\/\/www.noidiqua.it\/Montale\/wp-content\/uploads\/2017\/06\/ALPINI.png\",\"datePublished\":\"2017-06-12T10:59:38+00:00\",\"dateModified\":\"2022-02-08T12:01:44+00:00\",\"author\":{\"@id\":\"https:\/\/www.noidiqua.it\/Montale\/#\/schema\/person\/e2e6f44da50af0dae9c90ad168e471a4\"},\"breadcrumb\":{\"@id\":\"https:\/\/www.noidiqua.it\/Montale\/piazzola-elisoccoriso-grazie-agli-alpini\/#breadcrumb\"},\"inLanguage\":\"it-IT\",\"potentialAction\":[{\"@type\":\"ReadAction\",\"target\":[\"https:\/\/www.noidiqua.it\/Montale\/piazzola-elisoccoriso-grazie-agli-alpini\/\"]}]},{\"@type\":\"ImageObject\",\"inLanguage\":\"it-IT\",\"@id\":\"https:\/\/www.noidiqua.it\/Montale\/piazzola-elisoccoriso-grazie-agli-alpini\/#primaryimage\",\"url\":\"https:\/\/www.noidiqua.it\/Montale\/wp-content\/uploads\/2017\/06\/ALPINI.png\",\"contentUrl\":\"https:\/\/www.noidiqua.it\/Montale\/wp-content\/uploads\/2017\/06\/ALPINI.png\",\"width\":450,\"height\":333},{\"@type\":\"BreadcrumbList\",\"@id\":\"https:\/\/www.noidiqua.it\/Montale\/piazzola-elisoccoriso-grazie-agli-alpini\/#breadcrumb\",\"itemListElement\":[{\"@type\":\"ListItem\",\"position\":1,\"name\":\"Home\",\"item\":\"https:\/\/www.noidiqua.it\/Montale\/\"},{\"@type\":\"ListItem\",\"position\":2,\"name\":\"Piazzola per Elisoccoriso, grazie agli Alpini\"}]},{\"@type\":\"WebSite\",\"@id\":\"https:\/\/www.noidiqua.it\/Montale\/#website\",\"url\":\"https:\/\/www.noidiqua.it\/Montale\/\",\"name\":\"Noi di Qua Testata giornalistica e di attualit\u00e0 di Agliana, Montale e Quarrata.\",\"description\":\"Testata Giornalistica Quarrata Montale Agliana\",\"potentialAction\":[{\"@type\":\"SearchAction\",\"target\":{\"@type\":\"EntryPoint\",\"urlTemplate\":\"https:\/\/www.noidiqua.it\/Montale\/?s={search_term_string}\"},\"query-input\":{\"@type\":\"PropertyValueSpecification\",\"valueRequired\":true,\"valueName\":\"search_term_string\"}}],\"inLanguage\":\"it-IT\"},{\"@type\":\"Person\",\"@id\":\"https:\/\/www.noidiqua.it\/Montale\/#\/schema\/person\/e2e6f44da50af0dae9c90ad168e471a4\",\"name\":\"Giacomo Bini\",\"image\":{\"@type\":\"ImageObject\",\"inLanguage\":\"it-IT\",\"@id\":\"https:\/\/www.noidiqua.it\/Montale\/#\/schema\/person\/image\/\",\"url\":\"https:\/\/secure.gravatar.com\/avatar\/e5c18ae41df5ae37397358f2c6046696187d51a120c5d0b8f0c49f7b606f46f4?s=96&d=mm&r=g\",\"contentUrl\":\"https:\/\/secure.gravatar.com\/avatar\/e5c18ae41df5ae37397358f2c6046696187d51a120c5d0b8f0c49f7b606f46f4?s=96&d=mm&r=g\",\"caption\":\"Giacomo Bini\"},\"url\":\"https:\/\/www.noidiqua.it\/Montale\/author\/giacomo-bini\/\"}]}<\/script>\n<!-- \/ Yoast SEO plugin. -->","yoast_head_json":{"title":"Piazzola per Elisoccoriso, grazie agli Alpini - Noi di Qua Testata giornalistica e di attualit\u00e0 di Agliana, Montale e Quarrata.","robots":{"index":"index","follow":"follow","max-snippet":"max-snippet:-1","max-image-preview":"max-image-preview:large","max-video-preview":"max-video-preview:-1"},"canonical":"https:\/\/www.noidiqua.it\/Montale\/piazzola-elisoccoriso-grazie-agli-alpini\/","og_locale":"it_IT","og_type":"article","og_title":"Piazzola per Elisoccoriso, grazie agli Alpini - Noi di Qua Testata giornalistica e di attualit\u00e0 di Agliana, Montale e Quarrata.","og_description":"di\u00a0Giacomo Bini giugno 2017 Gli Alpini realizzeranno una piazzola di atterraggio per l\u2019elisoccorso in localit\u00e0 La Vigna (zona Polini), tra Fognano e Tobbiana. La piattaforma sar\u00e0 soprattutto a servizio delle frazioni collinari del paese e in generale di tutta la montagna di Montale e anche del versante di Montemurlo. L\u2019infrastruttura \u00e8 destinata ad aumentare [&hellip;]","og_url":"https:\/\/www.noidiqua.it\/Montale\/piazzola-elisoccoriso-grazie-agli-alpini\/","og_site_name":"Noi di Qua Testata giornalistica e di attualit\u00e0 di Agliana, Montale e Quarrata.","article_publisher":"https:\/\/www.facebook.com\/noidiqua.trimestrale\/","article_published_time":"2017-06-12T10:59:38+00:00","article_modified_time":"2022-02-08T12:01:44+00:00","og_image":[{"url":"https:\/\/www.noidiqua.it\/Montale\/wp-content\/uploads\/2017\/06\/ALPINI.png","type":"","width":"","height":""}],"author":"Giacomo Bini","twitter_misc":{"Scritto da":"Giacomo Bini","Tempo di lettura stimato":"2 minuti"},"schema":{"@context":"https:\/\/schema.org","@graph":[{"@type":"WebPage","@id":"https:\/\/www.noidiqua.it\/Montale\/piazzola-elisoccoriso-grazie-agli-alpini\/","url":"https:\/\/www.noidiqua.it\/Montale\/piazzola-elisoccoriso-grazie-agli-alpini\/","name":"Piazzola per Elisoccoriso, grazie agli Alpini - Noi di Qua Testata giornalistica e di attualit\u00e0 di Agliana, Montale e Quarrata.","isPartOf":{"@id":"https:\/\/www.noidiqua.it\/Montale\/#website"},"primaryImageOfPage":{"@id":"https:\/\/www.noidiqua.it\/Montale\/piazzola-elisoccoriso-grazie-agli-alpini\/#primaryimage"},"image":{"@id":"https:\/\/www.noidiqua.it\/Montale\/piazzola-elisoccoriso-grazie-agli-alpini\/#primaryimage"},"thumbnailUrl":"https:\/\/www.noidiqua.it\/Montale\/wp-content\/uploads\/2017\/06\/ALPINI.png","datePublished":"2017-06-12T10:59:38+00:00","dateModified":"2022-02-08T12:01:44+00:00","author":{"@id":"https:\/\/www.noidiqua.it\/Montale\/#\/schema\/person\/e2e6f44da50af0dae9c90ad168e471a4"},"breadcrumb":{"@id":"https:\/\/www.noidiqua.it\/Montale\/piazzola-elisoccoriso-grazie-agli-alpini\/#breadcrumb"},"inLanguage":"it-IT","potentialAction":[{"@type":"ReadAction","target":["https:\/\/www.noidiqua.it\/Montale\/piazzola-elisoccoriso-grazie-agli-alpini\/"]}]},{"@type":"ImageObject","inLanguage":"it-IT","@id":"https:\/\/www.noidiqua.it\/Montale\/piazzola-elisoccoriso-grazie-agli-alpini\/#primaryimage","url":"https:\/\/www.noidiqua.it\/Montale\/wp-content\/uploads\/2017\/06\/ALPINI.png","contentUrl":"https:\/\/www.noidiqua.it\/Montale\/wp-content\/uploads\/2017\/06\/ALPINI.png","width":450,"height":333},{"@type":"BreadcrumbList","@id":"https:\/\/www.noidiqua.it\/Montale\/piazzola-elisoccoriso-grazie-agli-alpini\/#breadcrumb","itemListElement":[{"@type":"ListItem","position":1,"name":"Home","item":"https:\/\/www.noidiqua.it\/Montale\/"},{"@type":"ListItem","position":2,"name":"Piazzola per Elisoccoriso, grazie agli Alpini"}]},{"@type":"WebSite","@id":"https:\/\/www.noidiqua.it\/Montale\/#website","url":"https:\/\/www.noidiqua.it\/Montale\/","name":"Noi di Qua Testata giornalistica e di attualit\u00e0 di Agliana, Montale e Quarrata.","description":"Testata Giornalistica Quarrata Montale Agliana","potentialAction":[{"@type":"SearchAction","target":{"@type":"EntryPoint","urlTemplate":"https:\/\/www.noidiqua.it\/Montale\/?s={search_term_string}"},"query-input":{"@type":"PropertyValueSpecification","valueRequired":true,"valueName":"search_term_string"}}],"inLanguage":"it-IT"},{"@type":"Person","@id":"https:\/\/www.noidiqua.it\/Montale\/#\/schema\/person\/e2e6f44da50af0dae9c90ad168e471a4","name":"Giacomo Bini","image":{"@type":"ImageObject","inLanguage":"it-IT","@id":"https:\/\/www.noidiqua.it\/Montale\/#\/schema\/person\/image\/","url":"https:\/\/secure.gravatar.com\/avatar\/e5c18ae41df5ae37397358f2c6046696187d51a120c5d0b8f0c49f7b606f46f4?s=96&d=mm&r=g","contentUrl":"https:\/\/secure.gravatar.com\/avatar\/e5c18ae41df5ae37397358f2c6046696187d51a120c5d0b8f0c49f7b606f46f4?s=96&d=mm&r=g","caption":"Giacomo Bini"},"url":"https:\/\/www.noidiqua.it\/Montale\/author\/giacomo-bini\/"}]}},"_links":{"self":[{"href":"https:\/\/www.noidiqua.it\/Montale\/wp-json\/wp\/v2\/posts\/4747","targetHints":{"allow":["GET"]}}],"collection":[{"href":"https:\/\/www.noidiqua.it\/Montale\/wp-json\/wp\/v2\/posts"}],"about":[{"href":"https:\/\/www.noidiqua.it\/Montale\/wp-json\/wp\/v2\/types\/post"}],"author":[{"embeddable":true,"href":"https:\/\/www.noidiqua.it\/Montale\/wp-json\/wp\/v2\/users\/12"}],"replies":[{"embeddable":true,"href":"https:\/\/www.noidiqua.it\/Montale\/wp-json\/wp\/v2\/comments?post=4747"}],"version-history":[{"count":4,"href":"https:\/\/www.noidiqua.it\/Montale\/wp-json\/wp\/v2\/posts\/4747\/revisions"}],"predecessor-version":[{"id":6676,"href":"https:\/\/www.noidiqua.it\/Montale\/wp-json\/wp\/v2\/posts\/4747\/revisions\/6676"}],"wp:attachment":[{"href":"https:\/\/www.noidiqua.it\/Montale\/wp-json\/wp\/v2\/media?parent=4747"}],"wp:term":[{"taxonomy":"category","embeddable":true,"href":"https:\/\/www.noidiqua.it\/Montale\/wp-json\/wp\/v2\/categories?post=4747"},{"taxonomy":"post_tag","embeddable":true,"href":"https:\/\/www.noidiqua.it\/Montale\/wp-json\/wp\/v2\/tags?post=4747"}],"curies":[{"name":"wp","href":"https:\/\/api.w.org\/{rel}","templated":true}]}}