{"id":4752,"date":"2017-07-13T15:54:56","date_gmt":"2017-07-13T13:54:56","guid":{"rendered":"https:\/\/www.noidiqua.it\/Montale\/?p=4752"},"modified":"2022-02-08T14:50:49","modified_gmt":"2022-02-08T13:50:49","slug":"casa-del-popolo-fognano-fra-passato-futuro","status":"publish","type":"post","link":"https:\/\/www.noidiqua.it\/Montale\/casa-del-popolo-fognano-fra-passato-futuro\/","title":{"rendered":"Casa del Popolo di Fognano &#8211; fra passato e futuro"},"content":{"rendered":"<p><em>di David Colzi<\/em><\/p>\n<p>giugno 2017<\/p>\n<p><a href=\"https:\/\/www.noidiqua.it\/Montale\/wp-content\/uploads\/2017\/07\/CASA-DEL-POPOLO-2.png\" rel=\"wp-prettyPhoto[4752]\"><img loading=\"lazy\" decoding=\"async\" class=\"aligncenter wp-image-6677\" src=\"https:\/\/www.noidiqua.it\/Montale\/wp-content\/uploads\/2017\/07\/CASA-DEL-POPOLO-2.png\" alt=\"\" width=\"494\" height=\"329\" srcset=\"https:\/\/www.noidiqua.it\/Montale\/wp-content\/uploads\/2017\/07\/CASA-DEL-POPOLO-2.png 450w, https:\/\/www.noidiqua.it\/Montale\/wp-content\/uploads\/2017\/07\/CASA-DEL-POPOLO-2-300x200.png 300w\" sizes=\"auto, (max-width: 494px) 100vw, 494px\" \/><\/a><\/p>\n<p><span class=\"s1\">Ricostruire la storia della <strong>Casa del Popolo<\/strong> di <strong>Fognano<\/strong> non \u00e8 un\u2019impresa semplice, perch\u00e9 sono davvero poche le testimonianze scritte. Per tessere la nostra tela di ricordi, abbiamo chiesto aiuto al signor <strong>Gino Biancalani<\/strong>, uno dei protagonisti storici della fondazione, tutt\u2019oggi nel Consiglio dell<strong>\u2019Associazione Civile &#8211; Circolo ricreativo del Popolo di Fognano<\/strong>. A parte questo indispensabile aiuto, abbiamo potuto contare almeno su un documento ufficiale, conservato da <strong>Loriano Nardi<\/strong> (attuale Cassiere dell\u2019Associazione): l\u2019atto notarile che certifica la nascita del primo nucleo dell\u2019Associazione stessa,<\/span> <span class=\"s1\">cio\u00e8 di quella realt\u00e0 di sinistra che serviva per fondare una Casa del Popolo, cos\u00ec da dare una connotazione precisa allo stabile, senza per questo diventare riferimento di un solo partito. Nel documento si legge che in data 28 dicembre 1954, davanti ad un notaio di Pistoia, si presentarono: <strong>Augusto Ciampi<\/strong> (Presidente), <strong>Enzo Nardi<\/strong> (Vicepresidente), <strong>Lorenzo Nuti<\/strong> (segretario), <strong>Gino Vannucci<\/strong> (cassiere), <strong>Aroldo Ammannati<\/strong>, <strong>Gino Biancalani<\/strong>, <strong>Giovanni Barni<\/strong>, <strong>Francesco Bellucci<\/strong>, <strong>Almo Cipriani<\/strong> e <strong>Aldo Ferretti<\/strong>. <\/span><\/p>\n<p>&nbsp;<\/p>\n<p class=\"p1\" style=\"text-align: justify;\"><span class=\"s1\">Per\u00f2 la nostra storia non inizia da via Gramsci 289, indirizzo dell\u2019attuale sede, ma un po\u2019 sotto, precisamente in via Cesare Battisti, dove si trova la scuola elementare di Fognano. Qui infatti durante il Ventennio era collocata la <strong>Casa del Fascio<\/strong> e una volta finita la guerra, divenne la prima sede della Casa del Popolo di questa frazione. Purtroppo il Comune venne presto a reclamare lo stabile per collocarci, appunto, la scuola elementare. Cos\u00ec per l\u2019Associazione Civile si pose il problema di acquistare un terreno dove costruire la nuova Casa del Popolo; ma in quei lontani anni \u201850, non era un\u2019impresa da poco, perch\u00e9 si viveva in un\u2019Italia fortemente divisa fra \u201cdon Camillo e Peppone\u201d. Quelli dell\u2019associazione decisero di andare a bussare alla porta della famiglia Ceccatelli, tenutaria della fattoria di <a href=\"https:\/\/www.noidiqua.it\/Montale\/villa-colle-alberto\/\"><strong>Villa Colle Alberto<\/strong><\/a>. In un primo momento ricevettero un secco \u201cno\u201d e ci volle un po\u2019 di diplomazia per vincere le resistenze dei proprietari terrieri. La riluttanza a vendere un appezzamento di terra per la Casa del Popolo, si pu\u00f2 intuire dal fatto che i Ceccatelli offrirono uno spazio un po\u2019 fuori mano, su un cucuzzolo, raggiungibile tramite una vecchia strada (il cui percorso non esiste pi\u00f9 perch\u00e9 \u00e8 stato tagliato dal passaggio dell\u2019attuale via Gramsci). Nonostante tutti i disagi che si prospettavano, alla fine i volontari accettarono l\u2019offerta e il 13 gennaio 1955 fu acquistato il terreno. A memoria del signor Biancalani ci vollero diversi anni per tirare su la struttura, perch\u00e9 venne realizzata dai volontari nei momenti liberi dal lavoro. Sulla data d\u2019inaugurazione ci sono varie ipotesi; a riguardo ci incuriosisce una scritta incisa sul muro della veranda che d\u00e0 sulla strada, oggi irrimediabilmente corrosa dal tempo. Si legge ancora bene il giorno, 2 maggio, ma \u00e8 poco chiaro l\u2019anno, che sembrerebbe il 1964. Forse \u00e8 la data della conclusione dei lavori?<\/span><\/p>\n<p><a href=\"https:\/\/www.noidiqua.it\/Montale\/wp-content\/uploads\/2017\/07\/Gino-Bincalani.png\" rel=\"wp-prettyPhoto[4752]\"><img loading=\"lazy\" decoding=\"async\" class=\"aligncenter wp-image-6679\" src=\"https:\/\/www.noidiqua.it\/Montale\/wp-content\/uploads\/2017\/07\/Gino-Bincalani.png\" alt=\"\" width=\"408\" height=\"326\" srcset=\"https:\/\/www.noidiqua.it\/Montale\/wp-content\/uploads\/2017\/07\/Gino-Bincalani.png 499w, https:\/\/www.noidiqua.it\/Montale\/wp-content\/uploads\/2017\/07\/Gino-Bincalani-300x240.png 300w\" sizes=\"auto, (max-width: 408px) 100vw, 408px\" \/><\/a><\/p>\n<p class=\"p1\" style=\"text-align: justify;\"><span class=\"s1\">Una cosa che il signor Gino ricorda senza ombra di dubbio, \u00e8 l\u2019immensa fatica nel costruire la Casa del Popolo, eretta su un terreno molto duro e pieno di rocce che dovevano essere spaccate a picconate, dato che all\u2019epoca ci si poteva affidare alla sola forza delle braccia. L\u2019unico aiuto, quando c\u2019era, veniva da un carro trainato da buoi per il trasporto di materiali pesanti, altrimenti carriola e \u201cgambe in spalla\u201d, andando su e gi\u00f9 dal <strong>fiume Agna<\/strong> per procurarsi i sassi da usare come mattoni. Comunque sia la fatica venne premiata e la sede, fra mille difficolt\u00e0, divenne presto un punto di riferimento per Fognano anche perch\u00e9 ospitava una piccola Cooperativa per l\u2019acquisto di generi alimentari. Sempre dalle parole di Gino, apprendiamo che i primi membri dell\u2019Associazione Civile misero per scritto che chiunque, indipendentemente dall\u2019orientamento politico, avrebbe potuto usufruire dei locali facendone richiesta, previa approvazione del Consiglio. <i>\u00abNoi abbiamo realizzato quello stabile per tutto il popolo di Fognano\u00bb<\/i> dice con orgoglio il signor Biancalani <i>\u00abe bisogna ricordarselo sempre\u00bb.<\/i><\/span><\/p>\n<p class=\"p1\" style=\"text-align: justify;\"><span class=\"s1\">Ma scrivendo della Casa del Popolo, non possiamo prescindere dallo sport, sia come svago che come sede di gruppi sportivi. I meno giovani ricorderanno sicuramente la pista di pattinaggio o il pallaio, mentre i ragazzi di oggi conoscono il campetto di calcio con tanto di impianto di illuminazione, situato appena sopra la sede. Invece per i gruppi sportivi ricordiamo il <strong>Jolly Motors<\/strong> (podismo), il <strong>Fognano Club<\/strong> e la <strong>Fognanese<\/strong> (entrambi calcio). Sul versante delle manifestazioni, il pensiero va subito alla \u201cScarpinata del partigiano\u201d che per anni ha radunato tantissimi appassionati di podismo anche da fuori provincia. Una particolarit\u00e0 di questa manifestazione era il trofeo ideato dallo scultore <a href=\"https:\/\/www.noidiqua.it\/Montale\/jorio-vivarelli\/\"><strong>Jorio Vivarelli<\/strong><\/a>. Anche in questo caso non possiamo dire con certezza quanto tempo sia durata, ma sicuramente non pochi anni. A riguardo, il retro di una foto d\u2019annata ci informa che nel maggio 1991 si correva la 16\u00b0 edizione. <\/span><\/p>\n<p class=\"p1\" style=\"text-align: justify;\"><span class=\"s1\">Un passato glorioso dunque, ma anche voglia di rimettersi in gioco per il futuro. Fra le novit\u00e0, segnaliamo che da quasi un anno l\u2019Associazione Civile ha ripreso in gestione lo stabile, che da sempre era affidata al Circolo Arci. Il consiglio guidato da <strong>Claudio Nardi<\/strong>, ha dato un segnale forte, facendo togliere le slot machine dal bar, mentre ha affidato la ristorazione alla ditta <strong>\u201cLanguorino\u201d<\/strong> di Quarrata. A settembre 2016 si \u00e8 tenuta una bella manifestazione di solidariet\u00e0, con una cena che ha fruttato ben 1.420 euro per le popolazioni terremotate del Centro Italia. A riguardo l\u2019attuale presidente Claudio Nardi ringrazia i commercianti locali che hanno messo a disposizione le materie prime a prezzi agevolati, riducendo cos\u00ec i costi e permettendo di devolvere una somma maggiore. In questo giugno si terranno le elezioni per il rinnovo del Consiglio dell\u2019Associazione Civile. Dalla Casa del Popolo ci fanno infine sapere che sono sempre disponibili ad ospitare corsi o eventi proposti da altre associazioni.<\/span><\/p>","protected":false},"excerpt":{"rendered":"<p>di David Colzi giugno 2017 Ricostruire la storia della Casa del Popolo di Fognano non \u00e8 un\u2019impresa semplice, perch\u00e9 sono davvero poche le testimonianze scritte. Per tessere la nostra tela di ricordi, abbiamo chiesto aiuto al signor Gino Biancalani, uno dei protagonisti storici della fondazione, tutt\u2019oggi nel Consiglio dell\u2019Associazione Civile &#8211; Circolo ricreativo del [&hellip;]<\/p>","protected":false},"author":5,"featured_media":0,"comment_status":"open","ping_status":"open","sticky":false,"template":"","format":"standard","meta":{"footnotes":""},"categories":[7,26],"tags":[1140,1139,1136,1129,1132,1141,448,1130,1148,1133,1143,1146,75,1145,1138,1128,1135,1137,1144,1147,1134,1131,1142,1149],"class_list":["post-4752","post","type-post","status-publish","format-standard","hentry","category-mt","category-notizie-dal-passato","tag-aldo-ferretti","tag-almo-cipriani","tag-aroldo-ammannati","tag-associazione-civile","tag-augusto-ciampi","tag-casa-del-fascio","tag-casa-del-popolo","tag-circolo-ricreativo-del-popolo-di-fognano","tag-claudio-nardi","tag-enzo-nardi","tag-fiume-agna","tag-fognanese","tag-fognano","tag-fognano-club","tag-francesco-bellucci","tag-gino-biancalani","tag-gino-vannucci","tag-giovanni-barni","tag-jolly-motors","tag-jorio-vivarelli","tag-lorenzo-nuti","tag-loriano-nardi","tag-villa-colle-alberto","tag-languorino"],"yoast_head":"<!-- This site is optimized with the Yoast SEO plugin v25.5 - https:\/\/yoast.com\/wordpress\/plugins\/seo\/ -->\n<title>Casa del Popolo di Fognano - fra passato e futuro - Noi di Qua Testata giornalistica e di attualit\u00e0 di Agliana, Montale e Quarrata.<\/title>\n<meta name=\"robots\" content=\"index, follow, max-snippet:-1, max-image-preview:large, max-video-preview:-1\" \/>\n<link rel=\"canonical\" href=\"https:\/\/www.noidiqua.it\/Montale\/casa-del-popolo-fognano-fra-passato-futuro\/\" \/>\n<meta property=\"og:locale\" content=\"it_IT\" \/>\n<meta property=\"og:type\" content=\"article\" \/>\n<meta property=\"og:title\" content=\"Casa del Popolo di Fognano - fra passato e futuro - Noi di Qua Testata giornalistica e di attualit\u00e0 di Agliana, Montale e Quarrata.\" \/>\n<meta property=\"og:description\" content=\"di David Colzi giugno 2017 Ricostruire la storia della Casa del Popolo di Fognano non \u00e8 un\u2019impresa semplice, perch\u00e9 sono davvero poche le testimonianze scritte. Per tessere la nostra tela di ricordi, abbiamo chiesto aiuto al signor Gino Biancalani, uno dei protagonisti storici della fondazione, tutt\u2019oggi nel Consiglio dell\u2019Associazione Civile &#8211; Circolo ricreativo del [&hellip;]\" \/>\n<meta property=\"og:url\" content=\"https:\/\/www.noidiqua.it\/Montale\/casa-del-popolo-fognano-fra-passato-futuro\/\" \/>\n<meta property=\"og:site_name\" content=\"Noi di Qua Testata giornalistica e di attualit\u00e0 di Agliana, Montale e Quarrata.\" \/>\n<meta property=\"article:publisher\" content=\"https:\/\/www.facebook.com\/noidiqua.trimestrale\/\" \/>\n<meta property=\"article:published_time\" content=\"2017-07-13T13:54:56+00:00\" \/>\n<meta property=\"article:modified_time\" content=\"2022-02-08T13:50:49+00:00\" \/>\n<meta property=\"og:image\" content=\"https:\/\/www.noidiqua.it\/Montale\/wp-content\/uploads\/2017\/07\/CASA-DEL-POPOLO-2.png\" \/>\n<meta name=\"author\" content=\"David Colzi\" \/>\n<meta name=\"twitter:label1\" content=\"Scritto da\" \/>\n\t<meta name=\"twitter:data1\" content=\"David Colzi\" \/>\n\t<meta name=\"twitter:label2\" content=\"Tempo di lettura stimato\" \/>\n\t<meta name=\"twitter:data2\" content=\"5 minuti\" \/>\n<script type=\"application\/ld+json\" class=\"yoast-schema-graph\">{\"@context\":\"https:\/\/schema.org\",\"@graph\":[{\"@type\":\"WebPage\",\"@id\":\"https:\/\/www.noidiqua.it\/Montale\/casa-del-popolo-fognano-fra-passato-futuro\/\",\"url\":\"https:\/\/www.noidiqua.it\/Montale\/casa-del-popolo-fognano-fra-passato-futuro\/\",\"name\":\"Casa del Popolo di Fognano - fra passato e futuro - Noi di Qua Testata giornalistica e di attualit\u00e0 di Agliana, Montale e Quarrata.\",\"isPartOf\":{\"@id\":\"https:\/\/www.noidiqua.it\/Montale\/#website\"},\"primaryImageOfPage\":{\"@id\":\"https:\/\/www.noidiqua.it\/Montale\/casa-del-popolo-fognano-fra-passato-futuro\/#primaryimage\"},\"image\":{\"@id\":\"https:\/\/www.noidiqua.it\/Montale\/casa-del-popolo-fognano-fra-passato-futuro\/#primaryimage\"},\"thumbnailUrl\":\"https:\/\/www.noidiqua.it\/Montale\/wp-content\/uploads\/2017\/07\/CASA-DEL-POPOLO-2.png\",\"datePublished\":\"2017-07-13T13:54:56+00:00\",\"dateModified\":\"2022-02-08T13:50:49+00:00\",\"author\":{\"@id\":\"https:\/\/www.noidiqua.it\/Montale\/#\/schema\/person\/3b45dd21eb2367c177b6a6d35c868ccc\"},\"breadcrumb\":{\"@id\":\"https:\/\/www.noidiqua.it\/Montale\/casa-del-popolo-fognano-fra-passato-futuro\/#breadcrumb\"},\"inLanguage\":\"it-IT\",\"potentialAction\":[{\"@type\":\"ReadAction\",\"target\":[\"https:\/\/www.noidiqua.it\/Montale\/casa-del-popolo-fognano-fra-passato-futuro\/\"]}]},{\"@type\":\"ImageObject\",\"inLanguage\":\"it-IT\",\"@id\":\"https:\/\/www.noidiqua.it\/Montale\/casa-del-popolo-fognano-fra-passato-futuro\/#primaryimage\",\"url\":\"https:\/\/www.noidiqua.it\/Montale\/wp-content\/uploads\/2017\/07\/CASA-DEL-POPOLO-2.png\",\"contentUrl\":\"https:\/\/www.noidiqua.it\/Montale\/wp-content\/uploads\/2017\/07\/CASA-DEL-POPOLO-2.png\",\"width\":450,\"height\":300},{\"@type\":\"BreadcrumbList\",\"@id\":\"https:\/\/www.noidiqua.it\/Montale\/casa-del-popolo-fognano-fra-passato-futuro\/#breadcrumb\",\"itemListElement\":[{\"@type\":\"ListItem\",\"position\":1,\"name\":\"Home\",\"item\":\"https:\/\/www.noidiqua.it\/Montale\/\"},{\"@type\":\"ListItem\",\"position\":2,\"name\":\"Casa del Popolo di Fognano &#8211; fra passato e futuro\"}]},{\"@type\":\"WebSite\",\"@id\":\"https:\/\/www.noidiqua.it\/Montale\/#website\",\"url\":\"https:\/\/www.noidiqua.it\/Montale\/\",\"name\":\"Noi di Qua Testata giornalistica e di attualit\u00e0 di Agliana, Montale e Quarrata.\",\"description\":\"Testata Giornalistica Quarrata Montale Agliana\",\"potentialAction\":[{\"@type\":\"SearchAction\",\"target\":{\"@type\":\"EntryPoint\",\"urlTemplate\":\"https:\/\/www.noidiqua.it\/Montale\/?s={search_term_string}\"},\"query-input\":{\"@type\":\"PropertyValueSpecification\",\"valueRequired\":true,\"valueName\":\"search_term_string\"}}],\"inLanguage\":\"it-IT\"},{\"@type\":\"Person\",\"@id\":\"https:\/\/www.noidiqua.it\/Montale\/#\/schema\/person\/3b45dd21eb2367c177b6a6d35c868ccc\",\"name\":\"David Colzi\",\"image\":{\"@type\":\"ImageObject\",\"inLanguage\":\"it-IT\",\"@id\":\"https:\/\/www.noidiqua.it\/Montale\/#\/schema\/person\/image\/\",\"url\":\"https:\/\/secure.gravatar.com\/avatar\/515ac68c0075b78a8243a0f28e5a361c9b5c466a1d6912ac3919ddd928c4db8c?s=96&d=mm&r=g\",\"contentUrl\":\"https:\/\/secure.gravatar.com\/avatar\/515ac68c0075b78a8243a0f28e5a361c9b5c466a1d6912ac3919ddd928c4db8c?s=96&d=mm&r=g\",\"caption\":\"David Colzi\"},\"url\":\"https:\/\/www.noidiqua.it\/Montale\/author\/david-colzi\/\"}]}<\/script>\n<!-- \/ Yoast SEO plugin. -->","yoast_head_json":{"title":"Casa del Popolo di Fognano - fra passato e futuro - Noi di Qua Testata giornalistica e di attualit\u00e0 di Agliana, Montale e Quarrata.","robots":{"index":"index","follow":"follow","max-snippet":"max-snippet:-1","max-image-preview":"max-image-preview:large","max-video-preview":"max-video-preview:-1"},"canonical":"https:\/\/www.noidiqua.it\/Montale\/casa-del-popolo-fognano-fra-passato-futuro\/","og_locale":"it_IT","og_type":"article","og_title":"Casa del Popolo di Fognano - fra passato e futuro - Noi di Qua Testata giornalistica e di attualit\u00e0 di Agliana, Montale e Quarrata.","og_description":"di David Colzi giugno 2017 Ricostruire la storia della Casa del Popolo di Fognano non \u00e8 un\u2019impresa semplice, perch\u00e9 sono davvero poche le testimonianze scritte. Per tessere la nostra tela di ricordi, abbiamo chiesto aiuto al signor Gino Biancalani, uno dei protagonisti storici della fondazione, tutt\u2019oggi nel Consiglio dell\u2019Associazione Civile &#8211; Circolo ricreativo del [&hellip;]","og_url":"https:\/\/www.noidiqua.it\/Montale\/casa-del-popolo-fognano-fra-passato-futuro\/","og_site_name":"Noi di Qua Testata giornalistica e di attualit\u00e0 di Agliana, Montale e Quarrata.","article_publisher":"https:\/\/www.facebook.com\/noidiqua.trimestrale\/","article_published_time":"2017-07-13T13:54:56+00:00","article_modified_time":"2022-02-08T13:50:49+00:00","og_image":[{"url":"https:\/\/www.noidiqua.it\/Montale\/wp-content\/uploads\/2017\/07\/CASA-DEL-POPOLO-2.png","type":"","width":"","height":""}],"author":"David Colzi","twitter_misc":{"Scritto da":"David Colzi","Tempo di lettura stimato":"5 minuti"},"schema":{"@context":"https:\/\/schema.org","@graph":[{"@type":"WebPage","@id":"https:\/\/www.noidiqua.it\/Montale\/casa-del-popolo-fognano-fra-passato-futuro\/","url":"https:\/\/www.noidiqua.it\/Montale\/casa-del-popolo-fognano-fra-passato-futuro\/","name":"Casa del Popolo di Fognano - fra passato e futuro - Noi di Qua Testata giornalistica e di attualit\u00e0 di Agliana, Montale e Quarrata.","isPartOf":{"@id":"https:\/\/www.noidiqua.it\/Montale\/#website"},"primaryImageOfPage":{"@id":"https:\/\/www.noidiqua.it\/Montale\/casa-del-popolo-fognano-fra-passato-futuro\/#primaryimage"},"image":{"@id":"https:\/\/www.noidiqua.it\/Montale\/casa-del-popolo-fognano-fra-passato-futuro\/#primaryimage"},"thumbnailUrl":"https:\/\/www.noidiqua.it\/Montale\/wp-content\/uploads\/2017\/07\/CASA-DEL-POPOLO-2.png","datePublished":"2017-07-13T13:54:56+00:00","dateModified":"2022-02-08T13:50:49+00:00","author":{"@id":"https:\/\/www.noidiqua.it\/Montale\/#\/schema\/person\/3b45dd21eb2367c177b6a6d35c868ccc"},"breadcrumb":{"@id":"https:\/\/www.noidiqua.it\/Montale\/casa-del-popolo-fognano-fra-passato-futuro\/#breadcrumb"},"inLanguage":"it-IT","potentialAction":[{"@type":"ReadAction","target":["https:\/\/www.noidiqua.it\/Montale\/casa-del-popolo-fognano-fra-passato-futuro\/"]}]},{"@type":"ImageObject","inLanguage":"it-IT","@id":"https:\/\/www.noidiqua.it\/Montale\/casa-del-popolo-fognano-fra-passato-futuro\/#primaryimage","url":"https:\/\/www.noidiqua.it\/Montale\/wp-content\/uploads\/2017\/07\/CASA-DEL-POPOLO-2.png","contentUrl":"https:\/\/www.noidiqua.it\/Montale\/wp-content\/uploads\/2017\/07\/CASA-DEL-POPOLO-2.png","width":450,"height":300},{"@type":"BreadcrumbList","@id":"https:\/\/www.noidiqua.it\/Montale\/casa-del-popolo-fognano-fra-passato-futuro\/#breadcrumb","itemListElement":[{"@type":"ListItem","position":1,"name":"Home","item":"https:\/\/www.noidiqua.it\/Montale\/"},{"@type":"ListItem","position":2,"name":"Casa del Popolo di Fognano &#8211; fra passato e futuro"}]},{"@type":"WebSite","@id":"https:\/\/www.noidiqua.it\/Montale\/#website","url":"https:\/\/www.noidiqua.it\/Montale\/","name":"Noi di Qua Testata giornalistica e di attualit\u00e0 di Agliana, Montale e Quarrata.","description":"Testata Giornalistica Quarrata Montale Agliana","potentialAction":[{"@type":"SearchAction","target":{"@type":"EntryPoint","urlTemplate":"https:\/\/www.noidiqua.it\/Montale\/?s={search_term_string}"},"query-input":{"@type":"PropertyValueSpecification","valueRequired":true,"valueName":"search_term_string"}}],"inLanguage":"it-IT"},{"@type":"Person","@id":"https:\/\/www.noidiqua.it\/Montale\/#\/schema\/person\/3b45dd21eb2367c177b6a6d35c868ccc","name":"David Colzi","image":{"@type":"ImageObject","inLanguage":"it-IT","@id":"https:\/\/www.noidiqua.it\/Montale\/#\/schema\/person\/image\/","url":"https:\/\/secure.gravatar.com\/avatar\/515ac68c0075b78a8243a0f28e5a361c9b5c466a1d6912ac3919ddd928c4db8c?s=96&d=mm&r=g","contentUrl":"https:\/\/secure.gravatar.com\/avatar\/515ac68c0075b78a8243a0f28e5a361c9b5c466a1d6912ac3919ddd928c4db8c?s=96&d=mm&r=g","caption":"David Colzi"},"url":"https:\/\/www.noidiqua.it\/Montale\/author\/david-colzi\/"}]}},"_links":{"self":[{"href":"https:\/\/www.noidiqua.it\/Montale\/wp-json\/wp\/v2\/posts\/4752","targetHints":{"allow":["GET"]}}],"collection":[{"href":"https:\/\/www.noidiqua.it\/Montale\/wp-json\/wp\/v2\/posts"}],"about":[{"href":"https:\/\/www.noidiqua.it\/Montale\/wp-json\/wp\/v2\/types\/post"}],"author":[{"embeddable":true,"href":"https:\/\/www.noidiqua.it\/Montale\/wp-json\/wp\/v2\/users\/5"}],"replies":[{"embeddable":true,"href":"https:\/\/www.noidiqua.it\/Montale\/wp-json\/wp\/v2\/comments?post=4752"}],"version-history":[{"count":4,"href":"https:\/\/www.noidiqua.it\/Montale\/wp-json\/wp\/v2\/posts\/4752\/revisions"}],"predecessor-version":[{"id":6680,"href":"https:\/\/www.noidiqua.it\/Montale\/wp-json\/wp\/v2\/posts\/4752\/revisions\/6680"}],"wp:attachment":[{"href":"https:\/\/www.noidiqua.it\/Montale\/wp-json\/wp\/v2\/media?parent=4752"}],"wp:term":[{"taxonomy":"category","embeddable":true,"href":"https:\/\/www.noidiqua.it\/Montale\/wp-json\/wp\/v2\/categories?post=4752"},{"taxonomy":"post_tag","embeddable":true,"href":"https:\/\/www.noidiqua.it\/Montale\/wp-json\/wp\/v2\/tags?post=4752"}],"curies":[{"name":"wp","href":"https:\/\/api.w.org\/{rel}","templated":true}]}}