{"id":4858,"date":"2017-12-01T15:24:18","date_gmt":"2017-12-01T14:24:18","guid":{"rendered":"https:\/\/www.noidiqua.it\/Montale\/?p=4858"},"modified":"2022-02-01T15:35:55","modified_gmt":"2022-02-01T14:35:55","slug":"fognano-giovane-quercia-scuola","status":"publish","type":"post","link":"https:\/\/www.noidiqua.it\/Montale\/fognano-giovane-quercia-scuola\/","title":{"rendered":"Fognano: una giovane quercia a scuola"},"content":{"rendered":"<p><em>di\u00a0Giacomo Bini<\/em><\/p>\n<p>dicembre\u00a02017<\/p>\n<p><a href=\"https:\/\/www.noidiqua.it\/Montale\/wp-content\/uploads\/2017\/12\/QUERCIA-.png\" rel=\"wp-prettyPhoto[4858]\"><img loading=\"lazy\" decoding=\"async\" class=\"aligncenter size-full wp-image-6584\" src=\"https:\/\/www.noidiqua.it\/Montale\/wp-content\/uploads\/2017\/12\/QUERCIA-.png\" alt=\"\" width=\"450\" height=\"319\" srcset=\"https:\/\/www.noidiqua.it\/Montale\/wp-content\/uploads\/2017\/12\/QUERCIA-.png 450w, https:\/\/www.noidiqua.it\/Montale\/wp-content\/uploads\/2017\/12\/QUERCIA--300x213.png 300w\" sizes=\"auto, (max-width: 450px) 100vw, 450px\" \/><\/a><\/p>\n<p><span class=\"s1\">Un segno di speranza per la rinascita del <strong>bosco<\/strong> \u00e8 venuto dai bambini della <strong>scuola primaria di Fognano<\/strong> che hanno piantato una <strong>quercia<\/strong> nella prima giornata dei laboratori didattici pomeridiani. La giovane quercia \u00e8 stata piantata in un vaso che rester\u00e0 alcuni mesi nel giardino della scuola finch\u00e9 a primavera, quando la pianta avr\u00e0 gettato le sue radici, sar\u00e0 trasferita nel bosco delle vicine colline, in una delle <a href=\"https:\/\/www.noidiqua.it\/Montale\/incendi-estate-2017-cosa-dobbiamo-imparare-questa-brutta-esperienza\/\">zone devastate dal fuoco il 16, 17 e 18 luglio<\/a> della scorsa estate.<\/span><\/p>\n<p><a href=\"https:\/\/www.noidiqua.it\/Montale\/wp-content\/uploads\/2017\/12\/QUERCIA-2-.png\" rel=\"wp-prettyPhoto[4858]\"><img loading=\"lazy\" decoding=\"async\" class=\"aligncenter size-full wp-image-6585\" src=\"https:\/\/www.noidiqua.it\/Montale\/wp-content\/uploads\/2017\/12\/QUERCIA-2-.png\" alt=\"\" width=\"450\" height=\"337\" srcset=\"https:\/\/www.noidiqua.it\/Montale\/wp-content\/uploads\/2017\/12\/QUERCIA-2-.png 450w, https:\/\/www.noidiqua.it\/Montale\/wp-content\/uploads\/2017\/12\/QUERCIA-2--300x225.png 300w\" sizes=\"auto, (max-width: 450px) 100vw, 450px\" \/><\/a><\/p>\n<p><span class=\"s1\">L\u2019albero \u00e8 stato portato a scuola da <strong>Emanuele Pierucci<\/strong> dell\u2019azienda <strong>Pierucci Agricoltura<\/strong> di Montale che, accompagnato dal suo collaboratore <strong>Jacopo Ranuzzi<\/strong>, ha spiegato ai bambini le caratteristiche della quercia, i suoi tempi di crescita e la sua importanza per i nostri boschi. Pierucci ha portato con s\u00e9 anche una certa quantit\u00e0 di ghiande per mostrare quali sono i prodotti della quercia e i bambini ne hanno voluta tenere una per ciascuno, in ricordo di questa giornata. Il momento pi\u00f9 solenne, ma anche il pi\u00f9 divertente, \u00e8 stato quello della piantagione della quercia, quando tutti hanno potuto mettere le mani nella terra e riempire il vaso dove era stata collocata la pianta. E\u2019 stato scelto con cura il punto del giardino pi\u00f9 idoneo e i bambini hanno ascoltato tutte le raccomandazioni dei due esperti su come accudire ed assistere la quercia in attesa di <strong>trapiantarla<\/strong> nel bosco.<\/span><\/p>\n<p><a href=\"https:\/\/www.noidiqua.it\/Montale\/wp-content\/uploads\/2017\/12\/QUERCIA-3.png\" rel=\"wp-prettyPhoto[4858]\"><img loading=\"lazy\" decoding=\"async\" class=\"aligncenter size-full wp-image-6586\" src=\"https:\/\/www.noidiqua.it\/Montale\/wp-content\/uploads\/2017\/12\/QUERCIA-3.png\" alt=\"\" width=\"243\" height=\"380\" srcset=\"https:\/\/www.noidiqua.it\/Montale\/wp-content\/uploads\/2017\/12\/QUERCIA-3.png 243w, https:\/\/www.noidiqua.it\/Montale\/wp-content\/uploads\/2017\/12\/QUERCIA-3-192x300.png 192w\" sizes=\"auto, (max-width: 243px) 100vw, 243px\" \/><\/a><\/p>\n<p><span class=\"s1\">E\u2019 stata la prima attivit\u00e0 dei <strong>laboratori della <a href=\"https:\/\/www.noidiqua.it\/Montale\/scuola-aperta-fognano\/\">scuola aperta<\/a><\/strong> di Fognano, un\u2019esperienza didattica sperimentale di assoluta avanguardia, che \u00e8 stata presentata anche in un convegno del <strong>Cesvot<\/strong> sul tema <strong>\u201cStudenti alla scoperta del volontariato\u201d<\/strong>. Nel suo secondo anno la scuola aperta ha registrato un boom di iscritti con 40 adesioni di alunni provenienti non solo dalla prima e dalla seconda classe, ma anche dalle altre classi del ciclo. L\u2019esperienza, come ricorderanno i nostri lettori, \u00e8 stata promossa dalla <a href=\"https:\/\/www.noidiqua.it\/Montale\/pro-loco-fognano\/\"><strong>Pro Loco di Fognano<\/strong><\/a> ed \u00e8 stata realizzata con la collaborazione del Comune di Montale e dell\u2019Istituto Comprensivo. I laboratori si avvalgono dell\u2019opera dei volontari della Pro-Loco e dei genitori oltre che degli operatori dell\u2019associazione <strong>Cieli Aperti<\/strong>. Saranno attivati laboratori di teatro, cortometraggio, scrittura creativa, robotica, pittura, coltivazione dell\u2019orto ed <strong>educazione ambientale<\/strong>. Sar\u00e0 disponibile anche uno spazio studio per fare i compiti scolastici. La scuola di Fognano, come la quercia piantata dai bambini, vuole crescere bella e forte.<\/span><\/p>\n<p>&nbsp;<\/p>\n<p><a href=\"https:\/\/www.noidiqua.it\/Montale\/wp-content\/uploads\/2017\/12\/QUERCIA-4.png\" rel=\"wp-prettyPhoto[4858]\"><img loading=\"lazy\" decoding=\"async\" class=\"aligncenter size-full wp-image-6587\" src=\"https:\/\/www.noidiqua.it\/Montale\/wp-content\/uploads\/2017\/12\/QUERCIA-4.png\" alt=\"\" width=\"450\" height=\"337\" srcset=\"https:\/\/www.noidiqua.it\/Montale\/wp-content\/uploads\/2017\/12\/QUERCIA-4.png 450w, https:\/\/www.noidiqua.it\/Montale\/wp-content\/uploads\/2017\/12\/QUERCIA-4-300x225.png 300w\" sizes=\"auto, (max-width: 450px) 100vw, 450px\" \/><\/a><\/p>\n<p>&nbsp;<\/p>","protected":false},"excerpt":{"rendered":"<p>di\u00a0Giacomo Bini dicembre\u00a02017 Un segno di speranza per la rinascita del bosco \u00e8 venuto dai bambini della scuola primaria di Fognano che hanno piantato una quercia nella prima giornata dei laboratori didattici pomeridiani. La giovane quercia \u00e8 stata piantata in un vaso che rester\u00e0 alcuni mesi nel giardino della scuola finch\u00e9 a primavera, quando [&hellip;]<\/p>","protected":false},"author":12,"featured_media":0,"comment_status":"open","ping_status":"open","sticky":false,"template":"","format":"standard","meta":{"footnotes":""},"categories":[27,7],"tags":[1259,489,1363,1357,1359,1361,1358,1267,1356,1355,1360,1362],"class_list":["post-4858","post","type-post","status-publish","format-standard","hentry","category-fotonotizie-qt","category-mt","tag-bosco","tag-cesvot","tag-cieli-aperti","tag-emanuele-pierucci","tag-jacopo-ranuzzi","tag-laboratori-della-scuola-aperta","tag-pierucci-agricoltura","tag-pro-loco-di-fognano","tag-quercia","tag-scuola-primaria-di-fognano","tag-trapiantarla","tag-studenti-alla-scoperta-del-volontariato"],"yoast_head":"<!-- This site is optimized with the Yoast SEO plugin v25.5 - https:\/\/yoast.com\/wordpress\/plugins\/seo\/ -->\n<title>Fognano: una giovane quercia a scuola - Noi di Qua Testata giornalistica e di attualit\u00e0 di Agliana, Montale e Quarrata.<\/title>\n<meta name=\"robots\" content=\"index, follow, max-snippet:-1, max-image-preview:large, max-video-preview:-1\" \/>\n<link rel=\"canonical\" href=\"https:\/\/www.noidiqua.it\/Montale\/fognano-giovane-quercia-scuola\/\" \/>\n<meta property=\"og:locale\" content=\"it_IT\" \/>\n<meta property=\"og:type\" content=\"article\" \/>\n<meta property=\"og:title\" content=\"Fognano: una giovane quercia a scuola - Noi di Qua Testata giornalistica e di attualit\u00e0 di Agliana, Montale e Quarrata.\" \/>\n<meta property=\"og:description\" content=\"di\u00a0Giacomo Bini dicembre\u00a02017 Un segno di speranza per la rinascita del bosco \u00e8 venuto dai bambini della scuola primaria di Fognano che hanno piantato una quercia nella prima giornata dei laboratori didattici pomeridiani. La giovane quercia \u00e8 stata piantata in un vaso che rester\u00e0 alcuni mesi nel giardino della scuola finch\u00e9 a primavera, quando [&hellip;]\" \/>\n<meta property=\"og:url\" content=\"https:\/\/www.noidiqua.it\/Montale\/fognano-giovane-quercia-scuola\/\" \/>\n<meta property=\"og:site_name\" content=\"Noi di Qua Testata giornalistica e di attualit\u00e0 di Agliana, Montale e Quarrata.\" \/>\n<meta property=\"article:publisher\" content=\"https:\/\/www.facebook.com\/noidiqua.trimestrale\/\" \/>\n<meta property=\"article:published_time\" content=\"2017-12-01T14:24:18+00:00\" \/>\n<meta property=\"article:modified_time\" content=\"2022-02-01T14:35:55+00:00\" \/>\n<meta property=\"og:image\" content=\"https:\/\/www.noidiqua.it\/Montale\/wp-content\/uploads\/2017\/12\/QUERCIA-.png\" \/>\n<meta name=\"author\" content=\"Giacomo Bini\" \/>\n<meta name=\"twitter:label1\" content=\"Scritto da\" \/>\n\t<meta name=\"twitter:data1\" content=\"Giacomo Bini\" \/>\n\t<meta name=\"twitter:label2\" content=\"Tempo di lettura stimato\" \/>\n\t<meta name=\"twitter:data2\" content=\"2 minuti\" \/>\n<script type=\"application\/ld+json\" class=\"yoast-schema-graph\">{\"@context\":\"https:\/\/schema.org\",\"@graph\":[{\"@type\":\"WebPage\",\"@id\":\"https:\/\/www.noidiqua.it\/Montale\/fognano-giovane-quercia-scuola\/\",\"url\":\"https:\/\/www.noidiqua.it\/Montale\/fognano-giovane-quercia-scuola\/\",\"name\":\"Fognano: una giovane quercia a scuola - Noi di Qua Testata giornalistica e di attualit\u00e0 di Agliana, Montale e Quarrata.\",\"isPartOf\":{\"@id\":\"https:\/\/www.noidiqua.it\/Montale\/#website\"},\"primaryImageOfPage\":{\"@id\":\"https:\/\/www.noidiqua.it\/Montale\/fognano-giovane-quercia-scuola\/#primaryimage\"},\"image\":{\"@id\":\"https:\/\/www.noidiqua.it\/Montale\/fognano-giovane-quercia-scuola\/#primaryimage\"},\"thumbnailUrl\":\"https:\/\/www.noidiqua.it\/Montale\/wp-content\/uploads\/2017\/12\/QUERCIA-.png\",\"datePublished\":\"2017-12-01T14:24:18+00:00\",\"dateModified\":\"2022-02-01T14:35:55+00:00\",\"author\":{\"@id\":\"https:\/\/www.noidiqua.it\/Montale\/#\/schema\/person\/e2e6f44da50af0dae9c90ad168e471a4\"},\"breadcrumb\":{\"@id\":\"https:\/\/www.noidiqua.it\/Montale\/fognano-giovane-quercia-scuola\/#breadcrumb\"},\"inLanguage\":\"it-IT\",\"potentialAction\":[{\"@type\":\"ReadAction\",\"target\":[\"https:\/\/www.noidiqua.it\/Montale\/fognano-giovane-quercia-scuola\/\"]}]},{\"@type\":\"ImageObject\",\"inLanguage\":\"it-IT\",\"@id\":\"https:\/\/www.noidiqua.it\/Montale\/fognano-giovane-quercia-scuola\/#primaryimage\",\"url\":\"https:\/\/www.noidiqua.it\/Montale\/wp-content\/uploads\/2017\/12\/QUERCIA-.png\",\"contentUrl\":\"https:\/\/www.noidiqua.it\/Montale\/wp-content\/uploads\/2017\/12\/QUERCIA-.png\",\"width\":450,\"height\":319},{\"@type\":\"BreadcrumbList\",\"@id\":\"https:\/\/www.noidiqua.it\/Montale\/fognano-giovane-quercia-scuola\/#breadcrumb\",\"itemListElement\":[{\"@type\":\"ListItem\",\"position\":1,\"name\":\"Home\",\"item\":\"https:\/\/www.noidiqua.it\/Montale\/\"},{\"@type\":\"ListItem\",\"position\":2,\"name\":\"Fognano: una giovane quercia a scuola\"}]},{\"@type\":\"WebSite\",\"@id\":\"https:\/\/www.noidiqua.it\/Montale\/#website\",\"url\":\"https:\/\/www.noidiqua.it\/Montale\/\",\"name\":\"Noi di Qua Testata giornalistica e di attualit\u00e0 di Agliana, Montale e Quarrata.\",\"description\":\"Testata Giornalistica Quarrata Montale Agliana\",\"potentialAction\":[{\"@type\":\"SearchAction\",\"target\":{\"@type\":\"EntryPoint\",\"urlTemplate\":\"https:\/\/www.noidiqua.it\/Montale\/?s={search_term_string}\"},\"query-input\":{\"@type\":\"PropertyValueSpecification\",\"valueRequired\":true,\"valueName\":\"search_term_string\"}}],\"inLanguage\":\"it-IT\"},{\"@type\":\"Person\",\"@id\":\"https:\/\/www.noidiqua.it\/Montale\/#\/schema\/person\/e2e6f44da50af0dae9c90ad168e471a4\",\"name\":\"Giacomo Bini\",\"image\":{\"@type\":\"ImageObject\",\"inLanguage\":\"it-IT\",\"@id\":\"https:\/\/www.noidiqua.it\/Montale\/#\/schema\/person\/image\/\",\"url\":\"https:\/\/secure.gravatar.com\/avatar\/e5c18ae41df5ae37397358f2c6046696187d51a120c5d0b8f0c49f7b606f46f4?s=96&d=mm&r=g\",\"contentUrl\":\"https:\/\/secure.gravatar.com\/avatar\/e5c18ae41df5ae37397358f2c6046696187d51a120c5d0b8f0c49f7b606f46f4?s=96&d=mm&r=g\",\"caption\":\"Giacomo Bini\"},\"url\":\"https:\/\/www.noidiqua.it\/Montale\/author\/giacomo-bini\/\"}]}<\/script>\n<!-- \/ Yoast SEO plugin. -->","yoast_head_json":{"title":"Fognano: una giovane quercia a scuola - Noi di Qua Testata giornalistica e di attualit\u00e0 di Agliana, Montale e Quarrata.","robots":{"index":"index","follow":"follow","max-snippet":"max-snippet:-1","max-image-preview":"max-image-preview:large","max-video-preview":"max-video-preview:-1"},"canonical":"https:\/\/www.noidiqua.it\/Montale\/fognano-giovane-quercia-scuola\/","og_locale":"it_IT","og_type":"article","og_title":"Fognano: una giovane quercia a scuola - Noi di Qua Testata giornalistica e di attualit\u00e0 di Agliana, Montale e Quarrata.","og_description":"di\u00a0Giacomo Bini dicembre\u00a02017 Un segno di speranza per la rinascita del bosco \u00e8 venuto dai bambini della scuola primaria di Fognano che hanno piantato una quercia nella prima giornata dei laboratori didattici pomeridiani. La giovane quercia \u00e8 stata piantata in un vaso che rester\u00e0 alcuni mesi nel giardino della scuola finch\u00e9 a primavera, quando [&hellip;]","og_url":"https:\/\/www.noidiqua.it\/Montale\/fognano-giovane-quercia-scuola\/","og_site_name":"Noi di Qua Testata giornalistica e di attualit\u00e0 di Agliana, Montale e Quarrata.","article_publisher":"https:\/\/www.facebook.com\/noidiqua.trimestrale\/","article_published_time":"2017-12-01T14:24:18+00:00","article_modified_time":"2022-02-01T14:35:55+00:00","og_image":[{"url":"https:\/\/www.noidiqua.it\/Montale\/wp-content\/uploads\/2017\/12\/QUERCIA-.png","type":"","width":"","height":""}],"author":"Giacomo Bini","twitter_misc":{"Scritto da":"Giacomo Bini","Tempo di lettura stimato":"2 minuti"},"schema":{"@context":"https:\/\/schema.org","@graph":[{"@type":"WebPage","@id":"https:\/\/www.noidiqua.it\/Montale\/fognano-giovane-quercia-scuola\/","url":"https:\/\/www.noidiqua.it\/Montale\/fognano-giovane-quercia-scuola\/","name":"Fognano: una giovane quercia a scuola - Noi di Qua Testata giornalistica e di attualit\u00e0 di Agliana, Montale e Quarrata.","isPartOf":{"@id":"https:\/\/www.noidiqua.it\/Montale\/#website"},"primaryImageOfPage":{"@id":"https:\/\/www.noidiqua.it\/Montale\/fognano-giovane-quercia-scuola\/#primaryimage"},"image":{"@id":"https:\/\/www.noidiqua.it\/Montale\/fognano-giovane-quercia-scuola\/#primaryimage"},"thumbnailUrl":"https:\/\/www.noidiqua.it\/Montale\/wp-content\/uploads\/2017\/12\/QUERCIA-.png","datePublished":"2017-12-01T14:24:18+00:00","dateModified":"2022-02-01T14:35:55+00:00","author":{"@id":"https:\/\/www.noidiqua.it\/Montale\/#\/schema\/person\/e2e6f44da50af0dae9c90ad168e471a4"},"breadcrumb":{"@id":"https:\/\/www.noidiqua.it\/Montale\/fognano-giovane-quercia-scuola\/#breadcrumb"},"inLanguage":"it-IT","potentialAction":[{"@type":"ReadAction","target":["https:\/\/www.noidiqua.it\/Montale\/fognano-giovane-quercia-scuola\/"]}]},{"@type":"ImageObject","inLanguage":"it-IT","@id":"https:\/\/www.noidiqua.it\/Montale\/fognano-giovane-quercia-scuola\/#primaryimage","url":"https:\/\/www.noidiqua.it\/Montale\/wp-content\/uploads\/2017\/12\/QUERCIA-.png","contentUrl":"https:\/\/www.noidiqua.it\/Montale\/wp-content\/uploads\/2017\/12\/QUERCIA-.png","width":450,"height":319},{"@type":"BreadcrumbList","@id":"https:\/\/www.noidiqua.it\/Montale\/fognano-giovane-quercia-scuola\/#breadcrumb","itemListElement":[{"@type":"ListItem","position":1,"name":"Home","item":"https:\/\/www.noidiqua.it\/Montale\/"},{"@type":"ListItem","position":2,"name":"Fognano: una giovane quercia a scuola"}]},{"@type":"WebSite","@id":"https:\/\/www.noidiqua.it\/Montale\/#website","url":"https:\/\/www.noidiqua.it\/Montale\/","name":"Noi di Qua Testata giornalistica e di attualit\u00e0 di Agliana, Montale e Quarrata.","description":"Testata Giornalistica Quarrata Montale Agliana","potentialAction":[{"@type":"SearchAction","target":{"@type":"EntryPoint","urlTemplate":"https:\/\/www.noidiqua.it\/Montale\/?s={search_term_string}"},"query-input":{"@type":"PropertyValueSpecification","valueRequired":true,"valueName":"search_term_string"}}],"inLanguage":"it-IT"},{"@type":"Person","@id":"https:\/\/www.noidiqua.it\/Montale\/#\/schema\/person\/e2e6f44da50af0dae9c90ad168e471a4","name":"Giacomo Bini","image":{"@type":"ImageObject","inLanguage":"it-IT","@id":"https:\/\/www.noidiqua.it\/Montale\/#\/schema\/person\/image\/","url":"https:\/\/secure.gravatar.com\/avatar\/e5c18ae41df5ae37397358f2c6046696187d51a120c5d0b8f0c49f7b606f46f4?s=96&d=mm&r=g","contentUrl":"https:\/\/secure.gravatar.com\/avatar\/e5c18ae41df5ae37397358f2c6046696187d51a120c5d0b8f0c49f7b606f46f4?s=96&d=mm&r=g","caption":"Giacomo Bini"},"url":"https:\/\/www.noidiqua.it\/Montale\/author\/giacomo-bini\/"}]}},"_links":{"self":[{"href":"https:\/\/www.noidiqua.it\/Montale\/wp-json\/wp\/v2\/posts\/4858","targetHints":{"allow":["GET"]}}],"collection":[{"href":"https:\/\/www.noidiqua.it\/Montale\/wp-json\/wp\/v2\/posts"}],"about":[{"href":"https:\/\/www.noidiqua.it\/Montale\/wp-json\/wp\/v2\/types\/post"}],"author":[{"embeddable":true,"href":"https:\/\/www.noidiqua.it\/Montale\/wp-json\/wp\/v2\/users\/12"}],"replies":[{"embeddable":true,"href":"https:\/\/www.noidiqua.it\/Montale\/wp-json\/wp\/v2\/comments?post=4858"}],"version-history":[{"count":5,"href":"https:\/\/www.noidiqua.it\/Montale\/wp-json\/wp\/v2\/posts\/4858\/revisions"}],"predecessor-version":[{"id":6588,"href":"https:\/\/www.noidiqua.it\/Montale\/wp-json\/wp\/v2\/posts\/4858\/revisions\/6588"}],"wp:attachment":[{"href":"https:\/\/www.noidiqua.it\/Montale\/wp-json\/wp\/v2\/media?parent=4858"}],"wp:term":[{"taxonomy":"category","embeddable":true,"href":"https:\/\/www.noidiqua.it\/Montale\/wp-json\/wp\/v2\/categories?post=4858"},{"taxonomy":"post_tag","embeddable":true,"href":"https:\/\/www.noidiqua.it\/Montale\/wp-json\/wp\/v2\/tags?post=4858"}],"curies":[{"name":"wp","href":"https:\/\/api.w.org\/{rel}","templated":true}]}}