{"id":4959,"date":"2018-03-13T12:49:59","date_gmt":"2018-03-13T11:49:59","guid":{"rendered":"https:\/\/www.noidiqua.it\/Montale\/?p=4959"},"modified":"2021-06-18T12:07:59","modified_gmt":"2021-06-18T10:07:59","slug":"silvia-benedetta-due-donne-lant","status":"publish","type":"post","link":"https:\/\/www.noidiqua.it\/Montale\/silvia-benedetta-due-donne-lant\/","title":{"rendered":"Silvia e Benedetta &#8211; due donne per l&#8217;ANT"},"content":{"rendered":"<p><em>di Marco Bagnoli. Foto: <a href=\"http:\/\/www.bellinigabriele.it\">Gabriele Bellini<\/a><\/em><\/p>\n<p><em>marzo 2018<\/em><\/p>\n<p><a href=\"https:\/\/www.noidiqua.it\/Montale\/wp-content\/uploads\/2018\/03\/ANT-2.png\" rel=\"wp-prettyPhoto[4959]\"><img loading=\"lazy\" decoding=\"async\" class=\"aligncenter size-full wp-image-5704\" src=\"https:\/\/www.noidiqua.it\/Montale\/wp-content\/uploads\/2018\/03\/ANT-2.png\" alt=\"\" width=\"495\" height=\"334\" srcset=\"https:\/\/www.noidiqua.it\/Montale\/wp-content\/uploads\/2018\/03\/ANT-2.png 495w, https:\/\/www.noidiqua.it\/Montale\/wp-content\/uploads\/2018\/03\/ANT-2-300x202.png 300w\" sizes=\"auto, (max-width: 495px) 100vw, 495px\" \/><\/a><\/p>\n<p class=\"p1\" style=\"text-align: justify;\"><span class=\"s1\">Abbiamo incontrato Benedetta Leoni, che assieme alla sorella Silvia, fa parte dell\u2019Associazione Nazionale Tumori. A lei abbiamo rivolto qualche domanda, per saperne di pi\u00f9 su questa realt\u00e0 nazionale.<\/span><\/p>\n<p class=\"p1\" style=\"text-align: justify;\"><span class=\"s1\"><b>Che cos\u2019\u00e8 l\u2019ANT?<\/b><\/span><\/p>\n<p class=\"p1\" style=\"text-align: justify;\"><span class=\"s1\"><i>Fondazione ANT \u00e8 nata nel 1978 su iniziativa dell\u2019oncologo <strong>Franco Pannuti<\/strong> ed \u00e8 oggi la pi\u00f9 ampia realt\u00e0 no profit in Italia per l\u2019<strong>assistenza specialistica<\/strong> <strong>gratuita domiciliare<\/strong> ai malati di <strong>tumore<\/strong> e i progetti di prevenzione <strong>oncologica<\/strong>. In quarant\u2019anni ha portato gratuitamente nelle case di 125.000 malati di tumore in 10 regioni italiane un\u2019assistenza socio-sanitaria completa, continuativa e integrata. Parallelamente, dal 2004 ANT ha avviato progetti di prevenzione oncologica per la diagnosi precoce di diversi tipi di neoplasie, offrendo visite e controlli gratuiti a pi\u00f9 di 170.000 persone in 80 province italiane. <\/i><\/span><\/p>\n<p class=\"p1\" style=\"text-align: justify;\"><span class=\"s1\"><b>Come opera sul territorio?<\/b><\/span><\/p>\n<p class=\"p1\" style=\"text-align: justify;\"><span class=\"s1\"><i>Sul territorio di Firenze-Prato-Pistoia ANT \u00e8 attiva dal 1995 con un\u2019\u00e9quipe multidisciplinare composta da otto medici, un nutrizionista, sei infermieri e tre psicologi che ha portato assistenza complessivamente a oltre 6000 persone. Da due anni ha una convenzione con la <strong>Societ\u00e0 della Salute di Pistoia<\/strong> e quindi opera in stretto contatto con le strutture della <strong>Asl<\/strong> e con i medici di medicina generale per fornire assistenza domiciliare specializzata ai malati di tumore. La nostra presenza pu\u00f2 essere richiesta con una semplice telefonata allo 0555000210, fornendo i dati anagrafici ed i recapiti del proprio medico di famiglia. Un medico ANT verr\u00e0 a domicilio per fare la prima visita e la presa in carico del malato; successivamente le figure professionali necessarie (medico, infermiere, <strong>psicologo<\/strong>, nutrizionista) saranno a disposizione sempre a domicilio e sempre gratuitamente, 7 giorni su 7, 24 ore su 24. I malati possono essere inseriti in un percorso di cura (<strong>chemio<\/strong> e <strong>radioterapia<\/strong>) e aver necessit\u00e0 di prestazioni di supporto (prelievi, flebo, trasfusioni), oppure in un percorso di cure palliative dove \u00e8 invece necessaria la <strong>terapia del dolore<\/strong> e le terapie di accompagnamento al <strong>fine vita<\/strong>. Su tutto il territorio toscano l\u2019impegno di Fondazione ANT si traduce anche in visite di prevenzione oncologica gratuite aperte alla cittadinanza: quasi 2.500 i controlli offerti dagli specialisti ANT, ogni anno, per la diagnosi precoce del melanoma, delle neoplasie tiroidee e mammarie.<\/i><\/span><\/p>\n<p class=\"p1\" style=\"text-align: justify;\"><span class=\"s1\"><b>Le persone sono sensibili a queste tematiche?<\/b><\/span><\/p>\n<p class=\"p1\" style=\"text-align: justify;\"><span class=\"s1\"><i>Tutto il lavoro di ANT \u00e8 supportato dalla solidariet\u00e0 di tanti donatori e volontari, i nostri eroi: senza di loro la <strong>Fondazione<\/strong> non potrebbe esistere. L\u2019attivit\u00e0 dei nostri medici \u00e8 sostenuta da proventi derivanti da erogazioni di privati cittadini, aziende, banche e fondazioni, ogni donazione per noi ha il medesimo valore e si pu\u00f2 dare un contributo importante anche donando poco. Le persone sono sensibili alle tematiche di prevenzione, per cui abbiamo molto riscontro quando organizziamo <strong>incontri pubblici<\/strong> o nelle scuole o visite di prevenzione gratuite. Per quanto riguarda la nostra attivit\u00e0 di assistenza al malato e di cure palliative, sono certamente pi\u00f9 sensibili quelle persone e quelle famiglie personalmente colpite dal tumore: l\u2019esperienza di malattia porta le persone ad aiutare chi poi si trova nella stessa condizione di sofferenza e spesso di solitudine. Abbiamo per\u00f2 anche tanti sostenitori privati ed aziende sensibili alla solidariet\u00e0 e che hanno scelto ANT per il <strong>progetto eubiosia<\/strong> e per i tanti risultati ottenuti.<\/i><\/span><\/p>\n<p><a href=\"https:\/\/www.noidiqua.it\/Montale\/wp-content\/uploads\/2018\/03\/ANT-1.png\" rel=\"wp-prettyPhoto[4959]\"><img loading=\"lazy\" decoding=\"async\" class=\"aligncenter size-full wp-image-5705\" src=\"https:\/\/www.noidiqua.it\/Montale\/wp-content\/uploads\/2018\/03\/ANT-1.png\" alt=\"\" width=\"488\" height=\"356\" srcset=\"https:\/\/www.noidiqua.it\/Montale\/wp-content\/uploads\/2018\/03\/ANT-1.png 488w, https:\/\/www.noidiqua.it\/Montale\/wp-content\/uploads\/2018\/03\/ANT-1-300x219.png 300w\" sizes=\"auto, (max-width: 488px) 100vw, 488px\" \/><\/a><\/p>\n<p class=\"p1\" style=\"text-align: justify;\"><span class=\"s1\"><b>Come siete entrate tu e tua sorella Silvia nel progetto ANT e di cosa vi occupate?<\/b><\/span><\/p>\n<p class=\"p1\" style=\"text-align: justify;\"><span class=\"s1\"><i>Silvia \u00e8 entrata in ANT nel 2005, avendo prima lavorato in ospedale e in ambulatorio come <strong>infettivologa<\/strong>: ha iniziato come semplice medico, acquisendo grazie ad ANT una formazione specifica in cure palliative; nel 2010 \u00e8 divenuta referente sanitaria per la Toscana. Adesso si occupa quindi non solo dei malati assistiti a Firenze Prato e <strong>Pistoia<\/strong> ma anche dei progetti di assistenza e di prevenzione nelle varie province toscane. Io ho una formazione come consulente d\u2019immagine alle aziende e una laurea in gestione e amministrazione di eventi culturali. All\u2019et\u00e0 di 36 anni una lunga malattia mi aveva fatto perdere il mio precedente lavoro e quando mi \u00e8 stata offerta questa opportunit\u00e0 lavorativa, ho pensato che poteva essere una grande occasione per confrontarmi con situazioni pi\u00f9 difficili che potevano darmi la possibilit\u00e0 di crescere come professionista, ma soprattutto come persona. Da 5 anni sono responsabile dello sviluppo e promozione della Fondazione ANT nelle province di Pistoia e Prato. Mi occupo di comunicazione, relazione con le istituzioni, <strong>fundraising<\/strong> e organizzazione eventi. <\/i><\/span><\/p>\n<p class=\"p1\" style=\"text-align: justify;\"><span class=\"s1\"><b>Siete di Montale?<\/b><\/span><\/p>\n<p class=\"p1\" style=\"text-align: justify;\"><span class=\"s1\"><i>Non siamo di <strong>Montale<\/strong>, ma qui siamo cresciute ed abbiamo passato i nostri anni formativi (scuola media e superiore, periodo universitario), qui abitano i nostri genitori e conosciamo bene molte persone. <\/i><\/span><\/p>\n<p class=\"p1\" style=\"text-align: justify;\"><span class=\"s1\"><b>Ci parli di qualche vostro evento recente&#8230;<\/b><\/span><\/p>\n<p class=\"p1\" style=\"text-align: justify;\"><span class=\"s1\"><i>Nello sviluppare un territorio, le manifestazioni devono abbracciare tutto il tessuto sociale. Per questo organizziamo iniziative molto diverse tra loro, ma unite dal forte collante che \u00e8 la solidariet\u00e0. Emblematico \u00e8 l\u2019esempio di due eventi recenti. Si \u00e8 conclusa, domenica 18 febbraio, l\u2019ospitalit\u00e0 della Fondazione ANT alla VII\u00b0 giornata di ritorno del Campionato di Serie C Girone A: l\u2019U.S. Pistoiese 1921 contro l\u2019Olbia Calcio allo Stadio M. Melani di Pistoia, dove i nostri volontari erano presenti con gli agrumi della solidariet\u00e0. Mentre venerd\u00ec 9 marzo, si \u00e8 tenuta la magnifica serata <strong>\u201cMeravigliosamente Donne in ANT\u201d<\/strong>, organizzata per celebrare la femminilit\u00e0 e l\u2019impegno sociale, giunta alla sua seconda edizione; nell\u2019occasione sono state premiate 6 donne pratesi che hanno dato lustro alla citt\u00e0, ma che sono anche attive sostenitrici di ANT. L\u2019evento, patrocinato dal Comune di Prato, ha avuto luogo al Museo del tessuto di Prato. <\/i><\/span><\/p>","protected":false},"excerpt":{"rendered":"<p>di Marco Bagnoli. Foto: Gabriele Bellini marzo 2018 Abbiamo incontrato Benedetta Leoni, che assieme alla sorella Silvia, fa parte dell\u2019Associazione Nazionale Tumori. A lei abbiamo rivolto qualche domanda, per saperne di pi\u00f9 su questa realt\u00e0 nazionale. Che cos\u2019\u00e8 l\u2019ANT? Fondazione ANT \u00e8 nata nel 1978 su iniziativa dell\u2019oncologo Franco Pannuti ed \u00e8 oggi la [&hellip;]<\/p>","protected":false},"author":3,"featured_media":0,"comment_status":"open","ping_status":"open","sticky":false,"template":"","format":"standard","meta":{"footnotes":""},"categories":[7,12],"tags":[1512,1442,1514,1531,1520,1523,1524,1513,1528,1515,1525,1527,995,1517,258,1526,1519,1521,1530,1518,1522,1516,1529],"class_list":["post-4959","post","type-post","status-publish","format-standard","hentry","category-mt","category-solidarieta-qt","tag-ant","tag-asl","tag-assistenza-specialistica","tag-benedetta-leoni","tag-chemio","tag-fine-vita","tag-fondazione","tag-franco-pannuti","tag-fundraising","tag-gratuita-domiciliare","tag-incontri-pubblici","tag-infettivologa","tag-mt","tag-oncologica","tag-pistoia","tag-progetto-eubiosia","tag-psicologo","tag-radioterapia","tag-silvia-leoni","tag-societa-della-salute-di-pistoia","tag-terapia-del-dolore","tag-tumore","tag-meravigliosamente-donne-in-ant"],"yoast_head":"<!-- This site is optimized with the Yoast SEO plugin v25.5 - https:\/\/yoast.com\/wordpress\/plugins\/seo\/ -->\n<title>Silvia e Benedetta - due donne per l&#039;ANT - Noi di Qua Testata giornalistica e di attualit\u00e0 di Agliana, Montale e Quarrata.<\/title>\n<meta name=\"robots\" content=\"index, follow, max-snippet:-1, max-image-preview:large, max-video-preview:-1\" \/>\n<link rel=\"canonical\" href=\"https:\/\/www.noidiqua.it\/Montale\/silvia-benedetta-due-donne-lant\/\" \/>\n<meta property=\"og:locale\" content=\"it_IT\" \/>\n<meta property=\"og:type\" content=\"article\" \/>\n<meta property=\"og:title\" content=\"Silvia e Benedetta - due donne per l&#039;ANT - Noi di Qua Testata giornalistica e di attualit\u00e0 di Agliana, Montale e Quarrata.\" \/>\n<meta property=\"og:description\" content=\"di Marco Bagnoli. Foto: Gabriele Bellini marzo 2018 Abbiamo incontrato Benedetta Leoni, che assieme alla sorella Silvia, fa parte dell\u2019Associazione Nazionale Tumori. A lei abbiamo rivolto qualche domanda, per saperne di pi\u00f9 su questa realt\u00e0 nazionale. Che cos\u2019\u00e8 l\u2019ANT? Fondazione ANT \u00e8 nata nel 1978 su iniziativa dell\u2019oncologo Franco Pannuti ed \u00e8 oggi la [&hellip;]\" \/>\n<meta property=\"og:url\" content=\"https:\/\/www.noidiqua.it\/Montale\/silvia-benedetta-due-donne-lant\/\" \/>\n<meta property=\"og:site_name\" content=\"Noi di Qua Testata giornalistica e di attualit\u00e0 di Agliana, Montale e Quarrata.\" \/>\n<meta property=\"article:publisher\" content=\"https:\/\/www.facebook.com\/noidiqua.trimestrale\/\" \/>\n<meta property=\"article:published_time\" content=\"2018-03-13T11:49:59+00:00\" \/>\n<meta property=\"article:modified_time\" content=\"2021-06-18T10:07:59+00:00\" \/>\n<meta property=\"og:image\" content=\"https:\/\/www.noidiqua.it\/Montale\/wp-content\/uploads\/2018\/03\/ANT-2.png\" \/>\n<meta name=\"author\" content=\"Marco Bagnoli\" \/>\n<meta name=\"twitter:label1\" content=\"Scritto da\" \/>\n\t<meta name=\"twitter:data1\" content=\"Marco Bagnoli\" \/>\n\t<meta name=\"twitter:label2\" content=\"Tempo di lettura stimato\" \/>\n\t<meta name=\"twitter:data2\" content=\"4 minuti\" \/>\n<script type=\"application\/ld+json\" class=\"yoast-schema-graph\">{\"@context\":\"https:\/\/schema.org\",\"@graph\":[{\"@type\":\"WebPage\",\"@id\":\"https:\/\/www.noidiqua.it\/Montale\/silvia-benedetta-due-donne-lant\/\",\"url\":\"https:\/\/www.noidiqua.it\/Montale\/silvia-benedetta-due-donne-lant\/\",\"name\":\"Silvia e Benedetta - due donne per l'ANT - Noi di Qua Testata giornalistica e di attualit\u00e0 di Agliana, Montale e Quarrata.\",\"isPartOf\":{\"@id\":\"https:\/\/www.noidiqua.it\/Montale\/#website\"},\"primaryImageOfPage\":{\"@id\":\"https:\/\/www.noidiqua.it\/Montale\/silvia-benedetta-due-donne-lant\/#primaryimage\"},\"image\":{\"@id\":\"https:\/\/www.noidiqua.it\/Montale\/silvia-benedetta-due-donne-lant\/#primaryimage\"},\"thumbnailUrl\":\"https:\/\/www.noidiqua.it\/Montale\/wp-content\/uploads\/2018\/03\/ANT-2.png\",\"datePublished\":\"2018-03-13T11:49:59+00:00\",\"dateModified\":\"2021-06-18T10:07:59+00:00\",\"author\":{\"@id\":\"https:\/\/www.noidiqua.it\/Montale\/#\/schema\/person\/4e183cb0c6d7951e716a876aa702e1a2\"},\"breadcrumb\":{\"@id\":\"https:\/\/www.noidiqua.it\/Montale\/silvia-benedetta-due-donne-lant\/#breadcrumb\"},\"inLanguage\":\"it-IT\",\"potentialAction\":[{\"@type\":\"ReadAction\",\"target\":[\"https:\/\/www.noidiqua.it\/Montale\/silvia-benedetta-due-donne-lant\/\"]}]},{\"@type\":\"ImageObject\",\"inLanguage\":\"it-IT\",\"@id\":\"https:\/\/www.noidiqua.it\/Montale\/silvia-benedetta-due-donne-lant\/#primaryimage\",\"url\":\"https:\/\/www.noidiqua.it\/Montale\/wp-content\/uploads\/2018\/03\/ANT-2.png\",\"contentUrl\":\"https:\/\/www.noidiqua.it\/Montale\/wp-content\/uploads\/2018\/03\/ANT-2.png\",\"width\":495,\"height\":334},{\"@type\":\"BreadcrumbList\",\"@id\":\"https:\/\/www.noidiqua.it\/Montale\/silvia-benedetta-due-donne-lant\/#breadcrumb\",\"itemListElement\":[{\"@type\":\"ListItem\",\"position\":1,\"name\":\"Home\",\"item\":\"https:\/\/www.noidiqua.it\/Montale\/\"},{\"@type\":\"ListItem\",\"position\":2,\"name\":\"Silvia e Benedetta &#8211; due donne per l&#8217;ANT\"}]},{\"@type\":\"WebSite\",\"@id\":\"https:\/\/www.noidiqua.it\/Montale\/#website\",\"url\":\"https:\/\/www.noidiqua.it\/Montale\/\",\"name\":\"Noi di Qua Testata giornalistica e di attualit\u00e0 di Agliana, Montale e Quarrata.\",\"description\":\"Testata Giornalistica Quarrata Montale Agliana\",\"potentialAction\":[{\"@type\":\"SearchAction\",\"target\":{\"@type\":\"EntryPoint\",\"urlTemplate\":\"https:\/\/www.noidiqua.it\/Montale\/?s={search_term_string}\"},\"query-input\":{\"@type\":\"PropertyValueSpecification\",\"valueRequired\":true,\"valueName\":\"search_term_string\"}}],\"inLanguage\":\"it-IT\"},{\"@type\":\"Person\",\"@id\":\"https:\/\/www.noidiqua.it\/Montale\/#\/schema\/person\/4e183cb0c6d7951e716a876aa702e1a2\",\"name\":\"Marco Bagnoli\",\"image\":{\"@type\":\"ImageObject\",\"inLanguage\":\"it-IT\",\"@id\":\"https:\/\/www.noidiqua.it\/Montale\/#\/schema\/person\/image\/\",\"url\":\"https:\/\/secure.gravatar.com\/avatar\/73ace53724c50db9c48af54756f17b7cdb015a9d8d2c08c7e04e480539a94eee?s=96&d=mm&r=g\",\"contentUrl\":\"https:\/\/secure.gravatar.com\/avatar\/73ace53724c50db9c48af54756f17b7cdb015a9d8d2c08c7e04e480539a94eee?s=96&d=mm&r=g\",\"caption\":\"Marco Bagnoli\"},\"url\":\"https:\/\/www.noidiqua.it\/Montale\/author\/marco-bagnoli\/\"}]}<\/script>\n<!-- \/ Yoast SEO plugin. -->","yoast_head_json":{"title":"Silvia e Benedetta - due donne per l'ANT - Noi di Qua Testata giornalistica e di attualit\u00e0 di Agliana, Montale e Quarrata.","robots":{"index":"index","follow":"follow","max-snippet":"max-snippet:-1","max-image-preview":"max-image-preview:large","max-video-preview":"max-video-preview:-1"},"canonical":"https:\/\/www.noidiqua.it\/Montale\/silvia-benedetta-due-donne-lant\/","og_locale":"it_IT","og_type":"article","og_title":"Silvia e Benedetta - due donne per l'ANT - Noi di Qua Testata giornalistica e di attualit\u00e0 di Agliana, Montale e Quarrata.","og_description":"di Marco Bagnoli. Foto: Gabriele Bellini marzo 2018 Abbiamo incontrato Benedetta Leoni, che assieme alla sorella Silvia, fa parte dell\u2019Associazione Nazionale Tumori. A lei abbiamo rivolto qualche domanda, per saperne di pi\u00f9 su questa realt\u00e0 nazionale. Che cos\u2019\u00e8 l\u2019ANT? Fondazione ANT \u00e8 nata nel 1978 su iniziativa dell\u2019oncologo Franco Pannuti ed \u00e8 oggi la [&hellip;]","og_url":"https:\/\/www.noidiqua.it\/Montale\/silvia-benedetta-due-donne-lant\/","og_site_name":"Noi di Qua Testata giornalistica e di attualit\u00e0 di Agliana, Montale e Quarrata.","article_publisher":"https:\/\/www.facebook.com\/noidiqua.trimestrale\/","article_published_time":"2018-03-13T11:49:59+00:00","article_modified_time":"2021-06-18T10:07:59+00:00","og_image":[{"url":"https:\/\/www.noidiqua.it\/Montale\/wp-content\/uploads\/2018\/03\/ANT-2.png","type":"","width":"","height":""}],"author":"Marco Bagnoli","twitter_misc":{"Scritto da":"Marco Bagnoli","Tempo di lettura stimato":"4 minuti"},"schema":{"@context":"https:\/\/schema.org","@graph":[{"@type":"WebPage","@id":"https:\/\/www.noidiqua.it\/Montale\/silvia-benedetta-due-donne-lant\/","url":"https:\/\/www.noidiqua.it\/Montale\/silvia-benedetta-due-donne-lant\/","name":"Silvia e Benedetta - due donne per l'ANT - Noi di Qua Testata giornalistica e di attualit\u00e0 di Agliana, Montale e Quarrata.","isPartOf":{"@id":"https:\/\/www.noidiqua.it\/Montale\/#website"},"primaryImageOfPage":{"@id":"https:\/\/www.noidiqua.it\/Montale\/silvia-benedetta-due-donne-lant\/#primaryimage"},"image":{"@id":"https:\/\/www.noidiqua.it\/Montale\/silvia-benedetta-due-donne-lant\/#primaryimage"},"thumbnailUrl":"https:\/\/www.noidiqua.it\/Montale\/wp-content\/uploads\/2018\/03\/ANT-2.png","datePublished":"2018-03-13T11:49:59+00:00","dateModified":"2021-06-18T10:07:59+00:00","author":{"@id":"https:\/\/www.noidiqua.it\/Montale\/#\/schema\/person\/4e183cb0c6d7951e716a876aa702e1a2"},"breadcrumb":{"@id":"https:\/\/www.noidiqua.it\/Montale\/silvia-benedetta-due-donne-lant\/#breadcrumb"},"inLanguage":"it-IT","potentialAction":[{"@type":"ReadAction","target":["https:\/\/www.noidiqua.it\/Montale\/silvia-benedetta-due-donne-lant\/"]}]},{"@type":"ImageObject","inLanguage":"it-IT","@id":"https:\/\/www.noidiqua.it\/Montale\/silvia-benedetta-due-donne-lant\/#primaryimage","url":"https:\/\/www.noidiqua.it\/Montale\/wp-content\/uploads\/2018\/03\/ANT-2.png","contentUrl":"https:\/\/www.noidiqua.it\/Montale\/wp-content\/uploads\/2018\/03\/ANT-2.png","width":495,"height":334},{"@type":"BreadcrumbList","@id":"https:\/\/www.noidiqua.it\/Montale\/silvia-benedetta-due-donne-lant\/#breadcrumb","itemListElement":[{"@type":"ListItem","position":1,"name":"Home","item":"https:\/\/www.noidiqua.it\/Montale\/"},{"@type":"ListItem","position":2,"name":"Silvia e Benedetta &#8211; due donne per l&#8217;ANT"}]},{"@type":"WebSite","@id":"https:\/\/www.noidiqua.it\/Montale\/#website","url":"https:\/\/www.noidiqua.it\/Montale\/","name":"Noi di Qua Testata giornalistica e di attualit\u00e0 di Agliana, Montale e Quarrata.","description":"Testata Giornalistica Quarrata Montale Agliana","potentialAction":[{"@type":"SearchAction","target":{"@type":"EntryPoint","urlTemplate":"https:\/\/www.noidiqua.it\/Montale\/?s={search_term_string}"},"query-input":{"@type":"PropertyValueSpecification","valueRequired":true,"valueName":"search_term_string"}}],"inLanguage":"it-IT"},{"@type":"Person","@id":"https:\/\/www.noidiqua.it\/Montale\/#\/schema\/person\/4e183cb0c6d7951e716a876aa702e1a2","name":"Marco Bagnoli","image":{"@type":"ImageObject","inLanguage":"it-IT","@id":"https:\/\/www.noidiqua.it\/Montale\/#\/schema\/person\/image\/","url":"https:\/\/secure.gravatar.com\/avatar\/73ace53724c50db9c48af54756f17b7cdb015a9d8d2c08c7e04e480539a94eee?s=96&d=mm&r=g","contentUrl":"https:\/\/secure.gravatar.com\/avatar\/73ace53724c50db9c48af54756f17b7cdb015a9d8d2c08c7e04e480539a94eee?s=96&d=mm&r=g","caption":"Marco Bagnoli"},"url":"https:\/\/www.noidiqua.it\/Montale\/author\/marco-bagnoli\/"}]}},"_links":{"self":[{"href":"https:\/\/www.noidiqua.it\/Montale\/wp-json\/wp\/v2\/posts\/4959","targetHints":{"allow":["GET"]}}],"collection":[{"href":"https:\/\/www.noidiqua.it\/Montale\/wp-json\/wp\/v2\/posts"}],"about":[{"href":"https:\/\/www.noidiqua.it\/Montale\/wp-json\/wp\/v2\/types\/post"}],"author":[{"embeddable":true,"href":"https:\/\/www.noidiqua.it\/Montale\/wp-json\/wp\/v2\/users\/3"}],"replies":[{"embeddable":true,"href":"https:\/\/www.noidiqua.it\/Montale\/wp-json\/wp\/v2\/comments?post=4959"}],"version-history":[{"count":6,"href":"https:\/\/www.noidiqua.it\/Montale\/wp-json\/wp\/v2\/posts\/4959\/revisions"}],"predecessor-version":[{"id":5707,"href":"https:\/\/www.noidiqua.it\/Montale\/wp-json\/wp\/v2\/posts\/4959\/revisions\/5707"}],"wp:attachment":[{"href":"https:\/\/www.noidiqua.it\/Montale\/wp-json\/wp\/v2\/media?parent=4959"}],"wp:term":[{"taxonomy":"category","embeddable":true,"href":"https:\/\/www.noidiqua.it\/Montale\/wp-json\/wp\/v2\/categories?post=4959"},{"taxonomy":"post_tag","embeddable":true,"href":"https:\/\/www.noidiqua.it\/Montale\/wp-json\/wp\/v2\/tags?post=4959"}],"curies":[{"name":"wp","href":"https:\/\/api.w.org\/{rel}","templated":true}]}}