{"id":4992,"date":"2018-03-13T16:27:24","date_gmt":"2018-03-13T15:27:24","guid":{"rendered":"https:\/\/www.noidiqua.it\/Montale\/?p=4992"},"modified":"2023-11-24T09:03:52","modified_gmt":"2023-11-24T08:03:52","slug":"montale-nella-storia-della-lingua-italiana","status":"publish","type":"post","link":"https:\/\/www.noidiqua.it\/Montale\/montale-nella-storia-della-lingua-italiana\/","title":{"rendered":"Montale nella storia della lingua italiana"},"content":{"rendered":"<p><em>di Giacomo Bini<\/em><\/p>\n<p>marzo 2018<\/p>\n<p><a href=\"https:\/\/www.noidiqua.it\/Montale\/wp-content\/uploads\/2018\/03\/MONTALE-LINGUA-ITALIANA-2.png\" rel=\"wp-prettyPhoto[4992]\"><img loading=\"lazy\" decoding=\"async\" class=\"aligncenter size-full wp-image-6523\" src=\"https:\/\/www.noidiqua.it\/Montale\/wp-content\/uploads\/2018\/03\/MONTALE-LINGUA-ITALIANA-2.png\" alt=\"\" width=\"450\" height=\"300\" srcset=\"https:\/\/www.noidiqua.it\/Montale\/wp-content\/uploads\/2018\/03\/MONTALE-LINGUA-ITALIANA-2.png 450w, https:\/\/www.noidiqua.it\/Montale\/wp-content\/uploads\/2018\/03\/MONTALE-LINGUA-ITALIANA-2-300x200.png 300w\" sizes=\"auto, (max-width: 450px) 100vw, 450px\" \/><\/a><\/p>\n<p class=\"p1\" style=\"text-align: justify;\"><span class=\"s1\">Il nome di <strong>Montale<\/strong> occupa un posto importante nella storia della <strong>lingua italiana<\/strong>. Sono infatti montalesi alcuni <strong>lessicografi<\/strong>, cio\u00e8 studiosi della lingua e autori di <strong>vocabolari<\/strong>, che nell\u2019ottocento hanno lasciato una traccia profonda nella definizione e nello sviluppo della lingua nazionale. Si tratta di Lorenzo Nesi e Atto Vannucci, entrambi originari di <strong>Tobbiana<\/strong>, Pietro Fanfani, nato a <strong>Colle Alberto<\/strong> e Gherardo Nerucci, autore delle <i>Sessanta novelle popolari montalesi<\/i>. Non \u00e8 azzardato dunque affermare che se il Manzoni, per raffinare il suo italiano, risciacqu\u00f2 i panni nelle acque dell\u2019Arno, forse anche una risciacquatina nella <strong>Settola<\/strong> di Montale non \u00e8 affatto inutile per capire l\u2019evoluzione della nostra lingua. <\/span><\/p>\n<p class=\"p1\" style=\"text-align: justify;\"><span class=\"s1\">E\u2019 ci\u00f2 che si \u00e8 fatto in un convegno su <strong>\u201cPistoia e la lingua dell\u2019Italia Unita\u201d<\/strong>, tenutosi recentemente alla biblioteca Forteguerriana, in cui l\u2019opera dei quattro scrittori e lessicografi montalesi, \u00e8 stata oggetto di analisi e di studio, insieme a quella degli altrettanto illustri pistoiesi Policarpo Petrocchi e Giuseppe Arcangeli. <\/span><\/p>\n<p class=\"p1\" style=\"text-align: justify;\"><span class=\"s1\">L\u2019abate<a href=\"https:\/\/www.noidiqua.it\/Montale\/abate-lorenzo-nesi-studioso-di-fama-nazionale\/\"><b> Lorenzo Nesi<\/b><\/a>, nato a Tobbiana nel 1781 e morto a Firenze nel 1848, \u00e8 autore del <i>Dizionario ortologico-pratico della lingua italiana<\/i>, \u00e8 il primo in assoluto a riportare anche la pronunzia esatta delle parole e ad offrire indicazioni di ortografia, presentando oltretutto un prezioso <i>Saggio sull\u2019uso dei sinonimi<\/i>. Pubblicato per la prima volta a Pavia nel 1824, il dizionario ebbe varie edizioni a Milano e a Napoli e l\u2019autore continu\u00f2 a lavorarci e a perfezionarlo per tutto il resto della sua vita tanto che la quarta edizione vide la luce nel 1847, aumentata di <i>\u00abaggiunte e correzioni\u00bb<\/i> e dopo la morte dell\u2019abate Nesi ne usc\u00ec un\u2019altra ristampa nel 1851 e una nuova edizione nel 1857. Lorenzo Nesi concep\u00ec il suo dizionario come uno strumento per insegnare la lingua italiana nelle scuole elementari, perch\u00e9 l\u2019istruzione primaria fu il suo principale interesse da insegnante e direttore di istituzioni scolastiche.<i> <\/i><\/span><\/p>\n<p><a href=\"https:\/\/www.noidiqua.it\/Montale\/wp-content\/uploads\/2018\/03\/MONTALE-LINGUA-ITALIANA-.png\" rel=\"wp-prettyPhoto[4992]\"><img loading=\"lazy\" decoding=\"async\" class=\"aligncenter size-full wp-image-6522\" src=\"https:\/\/www.noidiqua.it\/Montale\/wp-content\/uploads\/2018\/03\/MONTALE-LINGUA-ITALIANA-.png\" alt=\"\" width=\"450\" height=\"137\" srcset=\"https:\/\/www.noidiqua.it\/Montale\/wp-content\/uploads\/2018\/03\/MONTALE-LINGUA-ITALIANA-.png 450w, https:\/\/www.noidiqua.it\/Montale\/wp-content\/uploads\/2018\/03\/MONTALE-LINGUA-ITALIANA--300x91.png 300w\" sizes=\"auto, (max-width: 450px) 100vw, 450px\" \/><\/a><\/p>\n<p class=\"p1\" style=\"text-align: justify;\"><span class=\"s1\">Anche <a href=\"https:\/\/www.noidiqua.it\/Montale\/pietro-fanfani-scrittore-e-filologo\/\"><b>Pietro Fanfani<\/b><\/a> (Montale 1815 \u2013 Firenze 1879) \u00e8 autore di importanti vocabolari, dal<i> Vocabolario della lingua italiana<\/i> (1855), al <i>Vocabolario dell\u2019uso toscano<\/i> (1863) fino allo straordinario <i>Vocabolario della lingua parlata (1875) <\/i>scritto insieme a Giuseppe Rigutini e fonte inestimabile di lemmi e modi di dire della nostra tradizione popolare e anche colta. Va subito precisato che per lungo tempo (e tutt\u2019ora in molte biografie del Fanfani) si \u00e8 sostenuto che egli sia nato a Collesalvetti in provincia di Livorno, una citt\u00e0 che ancora oggi si vanta di aver dato i natali al famoso linguista, ma uno studio condotto da Vasco Gaiffi nel 2001 (<i>Pietro Fanfani di Pistoia. Lessicografo poligrafo, Patriota<\/i>, edizione della Brigata del Leoncino di Pistoia, 2001) dimostra inequivocabilmente, riportando in appendice l\u2019atto di battesimo, che Pietro Fanfani fu battezzato in una chiesa pistoiese perch\u00e9 suo padre era fattore nella tenuta di Colle Alberto di Montale. Ed \u00e8 proprio a Colle che Fanfani \u00e8 nato anche se vi \u00e8 rimasto, con la famiglia, solo un paio d\u2019anni. <\/span><\/p>\n<p class=\"p1\" style=\"text-align: justify;\"><span class=\"s1\"><a href=\"https:\/\/www.noidiqua.it\/Montale\/atto-vannucci\/\"><b>Atto Vannucci<\/b><\/a>, storico, letterato e uomo politico nato a Tobbiana nel 1810 e morto a Firenze nel 1883, ha contribuito alla lingua italiana come accademico della Crusca, nominato nel 1848, dove si dedic\u00f2 ad un\u2019opera lessicografica che \u00e8 stata oggetto di studio proprio in occasione del convegno pistoiese. <\/span><\/p>\n<p class=\"p1\" style=\"text-align: justify;\"><span class=\"s1\">Il pi\u00f9 giovane dei quattro linguisti montalesi, <a href=\"https:\/\/www.noidiqua.it\/Montale\/gherardo-nerucci\/\"><b>Gherardo Nerucci<\/b><\/a> (Pistoia 1828 \u2013 Montale 1906) ci ha lasciato, oltre allo scritto pi\u00f9 famoso (<i>Le sessanta novelle popolari montalesi<\/i>) anche un magnifico <i>Dizionarietto di voci toscane vive <\/i>all\u2019interno del suo <i>Saggio di uno studio sopra i parlari vernacoli della Toscana <\/i>(1865) e un preziosissimo <i>Vocabolario del vernacolo montalese<\/i> in appendice alle <i>Cincelle da Bambini<\/i> del 1880.<\/span><\/p>","protected":false},"excerpt":{"rendered":"<p>di Giacomo Bini marzo 2018 Il nome di Montale occupa un posto importante nella storia della lingua italiana. Sono infatti montalesi alcuni lessicografi, cio\u00e8 studiosi della lingua e autori di vocabolari, che nell\u2019ottocento hanno lasciato una traccia profonda nella definizione e nello sviluppo della lingua nazionale. Si tratta di Lorenzo Nesi e Atto Vannucci, [&hellip;]<\/p>","protected":false},"author":12,"featured_media":0,"comment_status":"open","ping_status":"open","sticky":false,"template":"","format":"standard","meta":{"footnotes":""},"categories":[31,7],"tags":[43,1598,1602,83,1010,97,1596,1595,1600,995,1601,769,155,1597,1599],"class_list":["post-4992","post","type-post","status-publish","format-standard","hentry","category-storia-qt","category-mt","tag-atto-vannucci","tag-colle-alberto","tag-dizionarietto-di-voci-toscane","tag-gherardo-nerucci","tag-giacomo-bini","tag-la-storia","tag-lessicografi","tag-lingua-italiana","tag-lorenzo-nesi","tag-mt","tag-pietro-fanfani","tag-settola","tag-tobbiana","tag-vocabolari","tag-pistoia-e-la-lingua-dellitalia-unita"],"yoast_head":"<!-- This site is optimized with the Yoast SEO plugin v25.5 - https:\/\/yoast.com\/wordpress\/plugins\/seo\/ -->\n<title>Montale nella storia della lingua italiana - Noi di Qua Testata giornalistica e di attualit\u00e0 di Agliana, Montale e Quarrata.<\/title>\n<meta name=\"robots\" content=\"index, follow, max-snippet:-1, max-image-preview:large, max-video-preview:-1\" \/>\n<link rel=\"canonical\" href=\"https:\/\/www.noidiqua.it\/Montale\/montale-nella-storia-della-lingua-italiana\/\" \/>\n<meta property=\"og:locale\" content=\"it_IT\" \/>\n<meta property=\"og:type\" content=\"article\" \/>\n<meta property=\"og:title\" content=\"Montale nella storia della lingua italiana - Noi di Qua Testata giornalistica e di attualit\u00e0 di Agliana, Montale e Quarrata.\" \/>\n<meta property=\"og:description\" content=\"di Giacomo Bini marzo 2018 Il nome di Montale occupa un posto importante nella storia della lingua italiana. Sono infatti montalesi alcuni lessicografi, cio\u00e8 studiosi della lingua e autori di vocabolari, che nell\u2019ottocento hanno lasciato una traccia profonda nella definizione e nello sviluppo della lingua nazionale. Si tratta di Lorenzo Nesi e Atto Vannucci, [&hellip;]\" \/>\n<meta property=\"og:url\" content=\"https:\/\/www.noidiqua.it\/Montale\/montale-nella-storia-della-lingua-italiana\/\" \/>\n<meta property=\"og:site_name\" content=\"Noi di Qua Testata giornalistica e di attualit\u00e0 di Agliana, Montale e Quarrata.\" \/>\n<meta property=\"article:publisher\" content=\"https:\/\/www.facebook.com\/noidiqua.trimestrale\/\" \/>\n<meta property=\"article:published_time\" content=\"2018-03-13T15:27:24+00:00\" \/>\n<meta property=\"article:modified_time\" content=\"2023-11-24T08:03:52+00:00\" \/>\n<meta property=\"og:image\" content=\"https:\/\/www.noidiqua.it\/Montale\/wp-content\/uploads\/2018\/03\/MONTALE-LINGUA-ITALIANA-2.png\" \/>\n<meta name=\"author\" content=\"Giacomo Bini\" \/>\n<meta name=\"twitter:label1\" content=\"Scritto da\" \/>\n\t<meta name=\"twitter:data1\" content=\"Giacomo Bini\" \/>\n\t<meta name=\"twitter:label2\" content=\"Tempo di lettura stimato\" \/>\n\t<meta name=\"twitter:data2\" content=\"3 minuti\" \/>\n<script type=\"application\/ld+json\" class=\"yoast-schema-graph\">{\"@context\":\"https:\/\/schema.org\",\"@graph\":[{\"@type\":\"WebPage\",\"@id\":\"https:\/\/www.noidiqua.it\/Montale\/montale-nella-storia-della-lingua-italiana\/\",\"url\":\"https:\/\/www.noidiqua.it\/Montale\/montale-nella-storia-della-lingua-italiana\/\",\"name\":\"Montale nella storia della lingua italiana - Noi di Qua Testata giornalistica e di attualit\u00e0 di Agliana, Montale e Quarrata.\",\"isPartOf\":{\"@id\":\"https:\/\/www.noidiqua.it\/Montale\/#website\"},\"primaryImageOfPage\":{\"@id\":\"https:\/\/www.noidiqua.it\/Montale\/montale-nella-storia-della-lingua-italiana\/#primaryimage\"},\"image\":{\"@id\":\"https:\/\/www.noidiqua.it\/Montale\/montale-nella-storia-della-lingua-italiana\/#primaryimage\"},\"thumbnailUrl\":\"https:\/\/www.noidiqua.it\/Montale\/wp-content\/uploads\/2018\/03\/MONTALE-LINGUA-ITALIANA-2.png\",\"datePublished\":\"2018-03-13T15:27:24+00:00\",\"dateModified\":\"2023-11-24T08:03:52+00:00\",\"author\":{\"@id\":\"https:\/\/www.noidiqua.it\/Montale\/#\/schema\/person\/e2e6f44da50af0dae9c90ad168e471a4\"},\"breadcrumb\":{\"@id\":\"https:\/\/www.noidiqua.it\/Montale\/montale-nella-storia-della-lingua-italiana\/#breadcrumb\"},\"inLanguage\":\"it-IT\",\"potentialAction\":[{\"@type\":\"ReadAction\",\"target\":[\"https:\/\/www.noidiqua.it\/Montale\/montale-nella-storia-della-lingua-italiana\/\"]}]},{\"@type\":\"ImageObject\",\"inLanguage\":\"it-IT\",\"@id\":\"https:\/\/www.noidiqua.it\/Montale\/montale-nella-storia-della-lingua-italiana\/#primaryimage\",\"url\":\"https:\/\/www.noidiqua.it\/Montale\/wp-content\/uploads\/2018\/03\/MONTALE-LINGUA-ITALIANA-2.png\",\"contentUrl\":\"https:\/\/www.noidiqua.it\/Montale\/wp-content\/uploads\/2018\/03\/MONTALE-LINGUA-ITALIANA-2.png\",\"width\":450,\"height\":300},{\"@type\":\"BreadcrumbList\",\"@id\":\"https:\/\/www.noidiqua.it\/Montale\/montale-nella-storia-della-lingua-italiana\/#breadcrumb\",\"itemListElement\":[{\"@type\":\"ListItem\",\"position\":1,\"name\":\"Home\",\"item\":\"https:\/\/www.noidiqua.it\/Montale\/\"},{\"@type\":\"ListItem\",\"position\":2,\"name\":\"Montale nella storia della lingua italiana\"}]},{\"@type\":\"WebSite\",\"@id\":\"https:\/\/www.noidiqua.it\/Montale\/#website\",\"url\":\"https:\/\/www.noidiqua.it\/Montale\/\",\"name\":\"Noi di Qua Testata giornalistica e di attualit\u00e0 di Agliana, Montale e Quarrata.\",\"description\":\"Testata Giornalistica Quarrata Montale Agliana\",\"potentialAction\":[{\"@type\":\"SearchAction\",\"target\":{\"@type\":\"EntryPoint\",\"urlTemplate\":\"https:\/\/www.noidiqua.it\/Montale\/?s={search_term_string}\"},\"query-input\":{\"@type\":\"PropertyValueSpecification\",\"valueRequired\":true,\"valueName\":\"search_term_string\"}}],\"inLanguage\":\"it-IT\"},{\"@type\":\"Person\",\"@id\":\"https:\/\/www.noidiqua.it\/Montale\/#\/schema\/person\/e2e6f44da50af0dae9c90ad168e471a4\",\"name\":\"Giacomo Bini\",\"image\":{\"@type\":\"ImageObject\",\"inLanguage\":\"it-IT\",\"@id\":\"https:\/\/www.noidiqua.it\/Montale\/#\/schema\/person\/image\/\",\"url\":\"https:\/\/secure.gravatar.com\/avatar\/e5c18ae41df5ae37397358f2c6046696187d51a120c5d0b8f0c49f7b606f46f4?s=96&d=mm&r=g\",\"contentUrl\":\"https:\/\/secure.gravatar.com\/avatar\/e5c18ae41df5ae37397358f2c6046696187d51a120c5d0b8f0c49f7b606f46f4?s=96&d=mm&r=g\",\"caption\":\"Giacomo Bini\"},\"url\":\"https:\/\/www.noidiqua.it\/Montale\/author\/giacomo-bini\/\"}]}<\/script>\n<!-- \/ Yoast SEO plugin. -->","yoast_head_json":{"title":"Montale nella storia della lingua italiana - Noi di Qua Testata giornalistica e di attualit\u00e0 di Agliana, Montale e Quarrata.","robots":{"index":"index","follow":"follow","max-snippet":"max-snippet:-1","max-image-preview":"max-image-preview:large","max-video-preview":"max-video-preview:-1"},"canonical":"https:\/\/www.noidiqua.it\/Montale\/montale-nella-storia-della-lingua-italiana\/","og_locale":"it_IT","og_type":"article","og_title":"Montale nella storia della lingua italiana - Noi di Qua Testata giornalistica e di attualit\u00e0 di Agliana, Montale e Quarrata.","og_description":"di Giacomo Bini marzo 2018 Il nome di Montale occupa un posto importante nella storia della lingua italiana. Sono infatti montalesi alcuni lessicografi, cio\u00e8 studiosi della lingua e autori di vocabolari, che nell\u2019ottocento hanno lasciato una traccia profonda nella definizione e nello sviluppo della lingua nazionale. Si tratta di Lorenzo Nesi e Atto Vannucci, [&hellip;]","og_url":"https:\/\/www.noidiqua.it\/Montale\/montale-nella-storia-della-lingua-italiana\/","og_site_name":"Noi di Qua Testata giornalistica e di attualit\u00e0 di Agliana, Montale e Quarrata.","article_publisher":"https:\/\/www.facebook.com\/noidiqua.trimestrale\/","article_published_time":"2018-03-13T15:27:24+00:00","article_modified_time":"2023-11-24T08:03:52+00:00","og_image":[{"url":"https:\/\/www.noidiqua.it\/Montale\/wp-content\/uploads\/2018\/03\/MONTALE-LINGUA-ITALIANA-2.png","type":"","width":"","height":""}],"author":"Giacomo Bini","twitter_misc":{"Scritto da":"Giacomo Bini","Tempo di lettura stimato":"3 minuti"},"schema":{"@context":"https:\/\/schema.org","@graph":[{"@type":"WebPage","@id":"https:\/\/www.noidiqua.it\/Montale\/montale-nella-storia-della-lingua-italiana\/","url":"https:\/\/www.noidiqua.it\/Montale\/montale-nella-storia-della-lingua-italiana\/","name":"Montale nella storia della lingua italiana - Noi di Qua Testata giornalistica e di attualit\u00e0 di Agliana, Montale e Quarrata.","isPartOf":{"@id":"https:\/\/www.noidiqua.it\/Montale\/#website"},"primaryImageOfPage":{"@id":"https:\/\/www.noidiqua.it\/Montale\/montale-nella-storia-della-lingua-italiana\/#primaryimage"},"image":{"@id":"https:\/\/www.noidiqua.it\/Montale\/montale-nella-storia-della-lingua-italiana\/#primaryimage"},"thumbnailUrl":"https:\/\/www.noidiqua.it\/Montale\/wp-content\/uploads\/2018\/03\/MONTALE-LINGUA-ITALIANA-2.png","datePublished":"2018-03-13T15:27:24+00:00","dateModified":"2023-11-24T08:03:52+00:00","author":{"@id":"https:\/\/www.noidiqua.it\/Montale\/#\/schema\/person\/e2e6f44da50af0dae9c90ad168e471a4"},"breadcrumb":{"@id":"https:\/\/www.noidiqua.it\/Montale\/montale-nella-storia-della-lingua-italiana\/#breadcrumb"},"inLanguage":"it-IT","potentialAction":[{"@type":"ReadAction","target":["https:\/\/www.noidiqua.it\/Montale\/montale-nella-storia-della-lingua-italiana\/"]}]},{"@type":"ImageObject","inLanguage":"it-IT","@id":"https:\/\/www.noidiqua.it\/Montale\/montale-nella-storia-della-lingua-italiana\/#primaryimage","url":"https:\/\/www.noidiqua.it\/Montale\/wp-content\/uploads\/2018\/03\/MONTALE-LINGUA-ITALIANA-2.png","contentUrl":"https:\/\/www.noidiqua.it\/Montale\/wp-content\/uploads\/2018\/03\/MONTALE-LINGUA-ITALIANA-2.png","width":450,"height":300},{"@type":"BreadcrumbList","@id":"https:\/\/www.noidiqua.it\/Montale\/montale-nella-storia-della-lingua-italiana\/#breadcrumb","itemListElement":[{"@type":"ListItem","position":1,"name":"Home","item":"https:\/\/www.noidiqua.it\/Montale\/"},{"@type":"ListItem","position":2,"name":"Montale nella storia della lingua italiana"}]},{"@type":"WebSite","@id":"https:\/\/www.noidiqua.it\/Montale\/#website","url":"https:\/\/www.noidiqua.it\/Montale\/","name":"Noi di Qua Testata giornalistica e di attualit\u00e0 di Agliana, Montale e Quarrata.","description":"Testata Giornalistica Quarrata Montale Agliana","potentialAction":[{"@type":"SearchAction","target":{"@type":"EntryPoint","urlTemplate":"https:\/\/www.noidiqua.it\/Montale\/?s={search_term_string}"},"query-input":{"@type":"PropertyValueSpecification","valueRequired":true,"valueName":"search_term_string"}}],"inLanguage":"it-IT"},{"@type":"Person","@id":"https:\/\/www.noidiqua.it\/Montale\/#\/schema\/person\/e2e6f44da50af0dae9c90ad168e471a4","name":"Giacomo Bini","image":{"@type":"ImageObject","inLanguage":"it-IT","@id":"https:\/\/www.noidiqua.it\/Montale\/#\/schema\/person\/image\/","url":"https:\/\/secure.gravatar.com\/avatar\/e5c18ae41df5ae37397358f2c6046696187d51a120c5d0b8f0c49f7b606f46f4?s=96&d=mm&r=g","contentUrl":"https:\/\/secure.gravatar.com\/avatar\/e5c18ae41df5ae37397358f2c6046696187d51a120c5d0b8f0c49f7b606f46f4?s=96&d=mm&r=g","caption":"Giacomo Bini"},"url":"https:\/\/www.noidiqua.it\/Montale\/author\/giacomo-bini\/"}]}},"_links":{"self":[{"href":"https:\/\/www.noidiqua.it\/Montale\/wp-json\/wp\/v2\/posts\/4992","targetHints":{"allow":["GET"]}}],"collection":[{"href":"https:\/\/www.noidiqua.it\/Montale\/wp-json\/wp\/v2\/posts"}],"about":[{"href":"https:\/\/www.noidiqua.it\/Montale\/wp-json\/wp\/v2\/types\/post"}],"author":[{"embeddable":true,"href":"https:\/\/www.noidiqua.it\/Montale\/wp-json\/wp\/v2\/users\/12"}],"replies":[{"embeddable":true,"href":"https:\/\/www.noidiqua.it\/Montale\/wp-json\/wp\/v2\/comments?post=4992"}],"version-history":[{"count":11,"href":"https:\/\/www.noidiqua.it\/Montale\/wp-json\/wp\/v2\/posts\/4992\/revisions"}],"predecessor-version":[{"id":8399,"href":"https:\/\/www.noidiqua.it\/Montale\/wp-json\/wp\/v2\/posts\/4992\/revisions\/8399"}],"wp:attachment":[{"href":"https:\/\/www.noidiqua.it\/Montale\/wp-json\/wp\/v2\/media?parent=4992"}],"wp:term":[{"taxonomy":"category","embeddable":true,"href":"https:\/\/www.noidiqua.it\/Montale\/wp-json\/wp\/v2\/categories?post=4992"},{"taxonomy":"post_tag","embeddable":true,"href":"https:\/\/www.noidiqua.it\/Montale\/wp-json\/wp\/v2\/tags?post=4992"}],"curies":[{"name":"wp","href":"https:\/\/api.w.org\/{rel}","templated":true}]}}