{"id":5005,"date":"2018-03-13T11:29:18","date_gmt":"2018-03-13T10:29:18","guid":{"rendered":"https:\/\/www.noidiqua.it\/Montale\/?p=5005"},"modified":"2022-01-28T11:21:19","modified_gmt":"2022-01-28T10:21:19","slug":"edil-nardiello-costruttori-dalla-alla-z","status":"publish","type":"post","link":"https:\/\/www.noidiqua.it\/Montale\/edil-nardiello-costruttori-dalla-alla-z\/","title":{"rendered":"Edil Nardiello &#8211; costruttori dalla A alla Z"},"content":{"rendered":"<p><em style=\"line-height: inherit;\">di David Colzi<\/em><\/p>\n<p>marzo 2018<\/p>\n<p><a href=\"https:\/\/www.noidiqua.it\/Montale\/wp-content\/uploads\/2018\/03\/nardiallo-1.png\" rel=\"wp-prettyPhoto[5005]\"><img loading=\"lazy\" decoding=\"async\" class=\"aligncenter size-full wp-image-6526\" src=\"https:\/\/www.noidiqua.it\/Montale\/wp-content\/uploads\/2018\/03\/nardiallo-1.png\" alt=\"\" width=\"513\" height=\"340\" srcset=\"https:\/\/www.noidiqua.it\/Montale\/wp-content\/uploads\/2018\/03\/nardiallo-1.png 513w, https:\/\/www.noidiqua.it\/Montale\/wp-content\/uploads\/2018\/03\/nardiallo-1-300x199.png 300w\" sizes=\"auto, (max-width: 513px) 100vw, 513px\" \/><\/a><\/p>\n<p><span class=\"s1\">Con un pizzico di amara ironia, potremmo dire che dedicare un articolo ad un\u2019impresa edile nata nel 1965 e tutt\u2019ora in attivit\u00e0&#8230; \u00e8 di per s\u00e9 una notizia! D\u2019altronde la crisi economica che ormai ci trasciniamo dietro da anni, ha picchiato duro anche nel settore \u201cdel mattone\u201d; a riprova di questo, basta guardarsi intorno per vedere nella nostra piana diversi cantieri abbandonati.<\/span><\/p>\n<p>&nbsp;<\/p>\n<p class=\"p1\" style=\"text-align: justify;\"><span class=\"s1\">Ma lasciamo i foschi pensieri ed entriamo negli uffici di <strong>Edil Nardiello<\/strong>, a due passi dalla <strong>Smilea<\/strong>, per scoprire questa realt\u00e0 produttiva a carattere famigliare. L\u2019avventura \u00e8 iniziata con <strong>Gerardo Nardiello<\/strong> (venuto a mancare nel 2017 all\u2019et\u00e0 di 85 anni), originario della provincia di Potenza. Dopo essere stato emigrante in Svizzera ed aver appreso l\u00ec i rudimenti del mestiere, Gerardo arriv\u00f2 nel nostro territorio forte della vicinanza di alcuni parenti. Prima lavor\u00f2 in una ditta edile di Prato, poi apr\u00ec la sua Edil Nardiello a <strong>Montemurlo<\/strong>, proprio sul confine di Montale. Inizialmente era solo al timone, ma poi venne affiancato dai fratelli Pasquale e Vito, i quali dopo una ventina d\u2019anni andarono in pensione per lasciare il posto ai figli di Gerardo. La ditta si trasfer\u00ec a Montale nella sua attuale sede, circa 14 anni fa.<\/span><\/p>\n<p class=\"p1\" style=\"text-align: justify;\"><span class=\"s1\"> La prima cosa che ci incuriosisce \u00e8 che Gerardo ha avuto ben cinque figli: Armando, <strong>Elena<\/strong>, <strong>Vincenzo<\/strong>, <strong>Silvio<\/strong> e <strong>Giorgio<\/strong>, e tutti hanno deciso di intraprendere il mestiere del babbo. <i>\u00abIn effetti la nostra \u00e8 una famiglia molto unita\u00bb<\/i> esordisce sorridendo <strong>Armando<\/strong>. <i>\u00abPoi sar\u00e0 che l\u2019odore del calcinaccio lo abbiamo sempre avuto dentro al naso! A parte le battute, non c\u2019\u00e8 una ragione precisa per cui siamo tutti in azienda; forse \u00e8 stato bravo il babbo a tirarci dentro senza farsene accorgere\u00bb. <\/i><\/span><span class=\"s1\">Attualmente i ruoli sono cos\u00ec divisi: Armando si occupa in particolare della parte commerciale, invece Elena, diplomata in ragioneria, si occupa dell\u2019amministrazione, mentre gli altri fratelli seguono direttamente i cantieri, interfacciandosi con i tecnici, anche perch\u00e9 Silvio e Giorgio, sono geometri. <i>\u00abStare tutti i giorni nei nostri cantieri infangandoci le scarpe, ci permette<\/i> <i>di conoscere ogni singolo particolare costruttivo, dal mattone a vista, fino alla pi\u00f9 piccola vite nascosta;\u00bb<\/i> aggiunge Armando <i>\u00abquesto consente un servizio pi\u00f9 efficace in post-vendita. D\u2019altronde pu\u00f2 capitare che ci sia qualcosa da rivedere anche quando il cliente ha gi\u00e0 comprato, e noi ci siamo\u00bb.<\/i><\/span><\/p>\n<p><a href=\"https:\/\/www.noidiqua.it\/Montale\/wp-content\/uploads\/2018\/03\/nardiello-2.png\" rel=\"wp-prettyPhoto[5005]\"><img loading=\"lazy\" decoding=\"async\" class=\"aligncenter size-full wp-image-6527\" src=\"https:\/\/www.noidiqua.it\/Montale\/wp-content\/uploads\/2018\/03\/nardiello-2.png\" alt=\"\" width=\"483\" height=\"387\" srcset=\"https:\/\/www.noidiqua.it\/Montale\/wp-content\/uploads\/2018\/03\/nardiello-2.png 483w, https:\/\/www.noidiqua.it\/Montale\/wp-content\/uploads\/2018\/03\/nardiello-2-300x240.png 300w\" sizes=\"auto, (max-width: 483px) 100vw, 483px\" \/><\/a><\/p>\n<p class=\"p1\" style=\"text-align: justify;\">\n<p class=\"p1\" style=\"text-align: justify;\"><span class=\"s1\">Fondamentale \u00e8 quindi l\u2019ascolto di coloro che nelle case ci vivono, al fine di migliorarsi sempre, senza la presunzione di aver raggiunto livelli di qualit\u00e0 insuperabili: le potremmo definire \u201ccritiche costruttive\u201d. <\/span><\/p>\n<p class=\"p1\" style=\"text-align: justify;\"><span class=\"s1\">Oltre ai fratelli, in ditta lavorano altri 6 operai specializzati, affiancati da vari professionisti assunti di volta in volta per completare la forza lavoro. I Nardiello continuano cos\u00ec una tradizione imprenditoriale fatta da tre capisaldi: dinamicit\u00e0, intraprendenza e seriet\u00e0. Ma ad onor del vero, la seriet\u00e0 pu\u00f2 sembrare un requisito scontato&#8230; <i>\u00abTenga presente che il nostro lavoro non inizia e finisce con noi\u00bb<\/i>, ci spiega Armando <i>\u00abma coinvolge altre realt\u00e0 produttive per la conclusione dell\u2019immobile, quindi se non si \u00e8 seri e rispettosi del lavoro degli altri, e naturalmente del cliente finale, presto o tardi ci si fa terra bruciata intorno\u00bb. <\/i>In effetti, se ci pensiamo bene, il settore degli immobili fa girare oltre l\u201980% dei servizi merceologici: basta guardarsi in casa per vedere quanti oggetti abbiamo oltre le 4 mura. Da questo punto di vista Edil Nardiello offre un ulteriore servizio, perch\u00e9 a richiesta pu\u00f2 curare tutti gli aspetti di un <strong>immobile<\/strong>, dall\u2019<strong>impiantistica<\/strong>, agli <strong>arredi interni<\/strong>, anche su misura: <i>\u00abNoi siamo costruttori dalla A alla Z\u00bb <\/i>sottolinea Armando. La ditta lavora sia direttamente con il <strong>cliente finale<\/strong> (vendita o affitto) sia per conto terzi, partecipando a gare d\u2019appalto. Interessante \u00e8 poi il fatto che Edil Nardiello ha una sorta di marchio di fabbrica, nel senso che i loro edifici prediligono il mattone a faccia vista, i paramenti in pietra e le cornici, quindi tutto all\u2019insegna dell\u2019utilizzo di materiali non pre assemblati e ben visibili. Insomma eleganza e stabilit\u00e0 sono la loro firma. Edifici riconoscibilissimi si trovano ad esempio Montale in <strong>via del Sorbo<\/strong> e <strong>via Maone<\/strong> e <strong>Casello<\/strong>, oppure a Quarrata in via Asiago e via della Robbia. Oltre a questo Armando ricorda con piacere la ristrutturazione della parte rappresentativa della sede pistoiese della <strong>Banca D\u2019Italia<\/strong>, dove hanno curato persino l\u2019impiantistica e gli arredamenti.<\/span><\/p>\n<p class=\"p1\" style=\"text-align: justify;\"><span class=\"s1\">Questa ditta ruota tutta intorno alla famiglia: per il futuro \u00e8 pronta la terza generazione? <i>\u00abAlcuni dei nostri ragazzi stanno studiano in questa direzione;\u00bb<\/i> conclude Armando Nardiello <i>\u00abnoi ci speriamo, come speriamo nella ripresa del settore che attualmente sta lanciando qualche segnale positivo\u00bb.<\/i><\/span><\/p>","protected":false},"excerpt":{"rendered":"<p>di David Colzi marzo 2018 Con un pizzico di amara ironia, potremmo dire che dedicare un articolo ad un\u2019impresa edile nata nel 1965 e tutt\u2019ora in attivit\u00e0&#8230; \u00e8 di per s\u00e9 una notizia! D\u2019altronde la crisi economica che ormai ci trasciniamo dietro da anni, ha picchiato duro anche nel settore \u201cdel mattone\u201d; a riprova [&hellip;]<\/p>","protected":false},"author":5,"featured_media":0,"comment_status":"open","ping_status":"open","sticky":false,"template":"","format":"standard","meta":{"footnotes":""},"categories":[7,887],"tags":[1614,1617,1622,1621,1618,1612,1623,1613,1626,1615,1616,238,1625,147,1619,1620,1624],"class_list":["post-5005","post","type-post","status-publish","format-standard","hentry","category-mt","category-una-bella-impresa","tag-armando","tag-arredi-interni","tag-banca-ditalia","tag-casello","tag-cliente-finale","tag-edil-nardiello","tag-elena","tag-gerardo-nardiello","tag-giorgio","tag-immobile","tag-impiantistica","tag-montemurlo","tag-silvio","tag-smilea","tag-via-del-sorbo","tag-via-maone","tag-vincenzo"],"yoast_head":"<!-- This site is optimized with the Yoast SEO plugin v25.5 - https:\/\/yoast.com\/wordpress\/plugins\/seo\/ -->\n<title>Edil Nardiello - costruttori dalla A alla Z - Noi di Qua Testata giornalistica e di attualit\u00e0 di Agliana, Montale e Quarrata.<\/title>\n<meta name=\"robots\" content=\"index, follow, max-snippet:-1, max-image-preview:large, max-video-preview:-1\" \/>\n<link rel=\"canonical\" href=\"https:\/\/www.noidiqua.it\/Montale\/edil-nardiello-costruttori-dalla-alla-z\/\" \/>\n<meta property=\"og:locale\" content=\"it_IT\" \/>\n<meta property=\"og:type\" content=\"article\" \/>\n<meta property=\"og:title\" content=\"Edil Nardiello - costruttori dalla A alla Z - Noi di Qua Testata giornalistica e di attualit\u00e0 di Agliana, Montale e Quarrata.\" \/>\n<meta property=\"og:description\" content=\"di David Colzi marzo 2018 Con un pizzico di amara ironia, potremmo dire che dedicare un articolo ad un\u2019impresa edile nata nel 1965 e tutt\u2019ora in attivit\u00e0&#8230; \u00e8 di per s\u00e9 una notizia! D\u2019altronde la crisi economica che ormai ci trasciniamo dietro da anni, ha picchiato duro anche nel settore \u201cdel mattone\u201d; a riprova [&hellip;]\" \/>\n<meta property=\"og:url\" content=\"https:\/\/www.noidiqua.it\/Montale\/edil-nardiello-costruttori-dalla-alla-z\/\" \/>\n<meta property=\"og:site_name\" content=\"Noi di Qua Testata giornalistica e di attualit\u00e0 di Agliana, Montale e Quarrata.\" \/>\n<meta property=\"article:publisher\" content=\"https:\/\/www.facebook.com\/noidiqua.trimestrale\/\" \/>\n<meta property=\"article:published_time\" content=\"2018-03-13T10:29:18+00:00\" \/>\n<meta property=\"article:modified_time\" content=\"2022-01-28T10:21:19+00:00\" \/>\n<meta property=\"og:image\" content=\"https:\/\/www.noidiqua.it\/Montale\/wp-content\/uploads\/2018\/03\/nardiallo-1.png\" \/>\n<meta name=\"author\" content=\"David Colzi\" \/>\n<meta name=\"twitter:label1\" content=\"Scritto da\" \/>\n\t<meta name=\"twitter:data1\" content=\"David Colzi\" \/>\n\t<meta name=\"twitter:label2\" content=\"Tempo di lettura stimato\" \/>\n\t<meta name=\"twitter:data2\" content=\"4 minuti\" \/>\n<script type=\"application\/ld+json\" class=\"yoast-schema-graph\">{\"@context\":\"https:\/\/schema.org\",\"@graph\":[{\"@type\":\"WebPage\",\"@id\":\"https:\/\/www.noidiqua.it\/Montale\/edil-nardiello-costruttori-dalla-alla-z\/\",\"url\":\"https:\/\/www.noidiqua.it\/Montale\/edil-nardiello-costruttori-dalla-alla-z\/\",\"name\":\"Edil Nardiello - costruttori dalla A alla Z - Noi di Qua Testata giornalistica e di attualit\u00e0 di Agliana, Montale e Quarrata.\",\"isPartOf\":{\"@id\":\"https:\/\/www.noidiqua.it\/Montale\/#website\"},\"primaryImageOfPage\":{\"@id\":\"https:\/\/www.noidiqua.it\/Montale\/edil-nardiello-costruttori-dalla-alla-z\/#primaryimage\"},\"image\":{\"@id\":\"https:\/\/www.noidiqua.it\/Montale\/edil-nardiello-costruttori-dalla-alla-z\/#primaryimage\"},\"thumbnailUrl\":\"https:\/\/www.noidiqua.it\/Montale\/wp-content\/uploads\/2018\/03\/nardiallo-1.png\",\"datePublished\":\"2018-03-13T10:29:18+00:00\",\"dateModified\":\"2022-01-28T10:21:19+00:00\",\"author\":{\"@id\":\"https:\/\/www.noidiqua.it\/Montale\/#\/schema\/person\/3b45dd21eb2367c177b6a6d35c868ccc\"},\"breadcrumb\":{\"@id\":\"https:\/\/www.noidiqua.it\/Montale\/edil-nardiello-costruttori-dalla-alla-z\/#breadcrumb\"},\"inLanguage\":\"it-IT\",\"potentialAction\":[{\"@type\":\"ReadAction\",\"target\":[\"https:\/\/www.noidiqua.it\/Montale\/edil-nardiello-costruttori-dalla-alla-z\/\"]}]},{\"@type\":\"ImageObject\",\"inLanguage\":\"it-IT\",\"@id\":\"https:\/\/www.noidiqua.it\/Montale\/edil-nardiello-costruttori-dalla-alla-z\/#primaryimage\",\"url\":\"https:\/\/www.noidiqua.it\/Montale\/wp-content\/uploads\/2018\/03\/nardiallo-1.png\",\"contentUrl\":\"https:\/\/www.noidiqua.it\/Montale\/wp-content\/uploads\/2018\/03\/nardiallo-1.png\",\"width\":513,\"height\":340},{\"@type\":\"BreadcrumbList\",\"@id\":\"https:\/\/www.noidiqua.it\/Montale\/edil-nardiello-costruttori-dalla-alla-z\/#breadcrumb\",\"itemListElement\":[{\"@type\":\"ListItem\",\"position\":1,\"name\":\"Home\",\"item\":\"https:\/\/www.noidiqua.it\/Montale\/\"},{\"@type\":\"ListItem\",\"position\":2,\"name\":\"Edil Nardiello &#8211; costruttori dalla A alla Z\"}]},{\"@type\":\"WebSite\",\"@id\":\"https:\/\/www.noidiqua.it\/Montale\/#website\",\"url\":\"https:\/\/www.noidiqua.it\/Montale\/\",\"name\":\"Noi di Qua Testata giornalistica e di attualit\u00e0 di Agliana, Montale e Quarrata.\",\"description\":\"Testata Giornalistica Quarrata Montale Agliana\",\"potentialAction\":[{\"@type\":\"SearchAction\",\"target\":{\"@type\":\"EntryPoint\",\"urlTemplate\":\"https:\/\/www.noidiqua.it\/Montale\/?s={search_term_string}\"},\"query-input\":{\"@type\":\"PropertyValueSpecification\",\"valueRequired\":true,\"valueName\":\"search_term_string\"}}],\"inLanguage\":\"it-IT\"},{\"@type\":\"Person\",\"@id\":\"https:\/\/www.noidiqua.it\/Montale\/#\/schema\/person\/3b45dd21eb2367c177b6a6d35c868ccc\",\"name\":\"David Colzi\",\"image\":{\"@type\":\"ImageObject\",\"inLanguage\":\"it-IT\",\"@id\":\"https:\/\/www.noidiqua.it\/Montale\/#\/schema\/person\/image\/\",\"url\":\"https:\/\/secure.gravatar.com\/avatar\/515ac68c0075b78a8243a0f28e5a361c9b5c466a1d6912ac3919ddd928c4db8c?s=96&d=mm&r=g\",\"contentUrl\":\"https:\/\/secure.gravatar.com\/avatar\/515ac68c0075b78a8243a0f28e5a361c9b5c466a1d6912ac3919ddd928c4db8c?s=96&d=mm&r=g\",\"caption\":\"David Colzi\"},\"url\":\"https:\/\/www.noidiqua.it\/Montale\/author\/david-colzi\/\"}]}<\/script>\n<!-- \/ Yoast SEO plugin. -->","yoast_head_json":{"title":"Edil Nardiello - costruttori dalla A alla Z - Noi di Qua Testata giornalistica e di attualit\u00e0 di Agliana, Montale e Quarrata.","robots":{"index":"index","follow":"follow","max-snippet":"max-snippet:-1","max-image-preview":"max-image-preview:large","max-video-preview":"max-video-preview:-1"},"canonical":"https:\/\/www.noidiqua.it\/Montale\/edil-nardiello-costruttori-dalla-alla-z\/","og_locale":"it_IT","og_type":"article","og_title":"Edil Nardiello - costruttori dalla A alla Z - Noi di Qua Testata giornalistica e di attualit\u00e0 di Agliana, Montale e Quarrata.","og_description":"di David Colzi marzo 2018 Con un pizzico di amara ironia, potremmo dire che dedicare un articolo ad un\u2019impresa edile nata nel 1965 e tutt\u2019ora in attivit\u00e0&#8230; \u00e8 di per s\u00e9 una notizia! D\u2019altronde la crisi economica che ormai ci trasciniamo dietro da anni, ha picchiato duro anche nel settore \u201cdel mattone\u201d; a riprova [&hellip;]","og_url":"https:\/\/www.noidiqua.it\/Montale\/edil-nardiello-costruttori-dalla-alla-z\/","og_site_name":"Noi di Qua Testata giornalistica e di attualit\u00e0 di Agliana, Montale e Quarrata.","article_publisher":"https:\/\/www.facebook.com\/noidiqua.trimestrale\/","article_published_time":"2018-03-13T10:29:18+00:00","article_modified_time":"2022-01-28T10:21:19+00:00","og_image":[{"url":"https:\/\/www.noidiqua.it\/Montale\/wp-content\/uploads\/2018\/03\/nardiallo-1.png","type":"","width":"","height":""}],"author":"David Colzi","twitter_misc":{"Scritto da":"David Colzi","Tempo di lettura stimato":"4 minuti"},"schema":{"@context":"https:\/\/schema.org","@graph":[{"@type":"WebPage","@id":"https:\/\/www.noidiqua.it\/Montale\/edil-nardiello-costruttori-dalla-alla-z\/","url":"https:\/\/www.noidiqua.it\/Montale\/edil-nardiello-costruttori-dalla-alla-z\/","name":"Edil Nardiello - costruttori dalla A alla Z - Noi di Qua Testata giornalistica e di attualit\u00e0 di Agliana, Montale e Quarrata.","isPartOf":{"@id":"https:\/\/www.noidiqua.it\/Montale\/#website"},"primaryImageOfPage":{"@id":"https:\/\/www.noidiqua.it\/Montale\/edil-nardiello-costruttori-dalla-alla-z\/#primaryimage"},"image":{"@id":"https:\/\/www.noidiqua.it\/Montale\/edil-nardiello-costruttori-dalla-alla-z\/#primaryimage"},"thumbnailUrl":"https:\/\/www.noidiqua.it\/Montale\/wp-content\/uploads\/2018\/03\/nardiallo-1.png","datePublished":"2018-03-13T10:29:18+00:00","dateModified":"2022-01-28T10:21:19+00:00","author":{"@id":"https:\/\/www.noidiqua.it\/Montale\/#\/schema\/person\/3b45dd21eb2367c177b6a6d35c868ccc"},"breadcrumb":{"@id":"https:\/\/www.noidiqua.it\/Montale\/edil-nardiello-costruttori-dalla-alla-z\/#breadcrumb"},"inLanguage":"it-IT","potentialAction":[{"@type":"ReadAction","target":["https:\/\/www.noidiqua.it\/Montale\/edil-nardiello-costruttori-dalla-alla-z\/"]}]},{"@type":"ImageObject","inLanguage":"it-IT","@id":"https:\/\/www.noidiqua.it\/Montale\/edil-nardiello-costruttori-dalla-alla-z\/#primaryimage","url":"https:\/\/www.noidiqua.it\/Montale\/wp-content\/uploads\/2018\/03\/nardiallo-1.png","contentUrl":"https:\/\/www.noidiqua.it\/Montale\/wp-content\/uploads\/2018\/03\/nardiallo-1.png","width":513,"height":340},{"@type":"BreadcrumbList","@id":"https:\/\/www.noidiqua.it\/Montale\/edil-nardiello-costruttori-dalla-alla-z\/#breadcrumb","itemListElement":[{"@type":"ListItem","position":1,"name":"Home","item":"https:\/\/www.noidiqua.it\/Montale\/"},{"@type":"ListItem","position":2,"name":"Edil Nardiello &#8211; costruttori dalla A alla Z"}]},{"@type":"WebSite","@id":"https:\/\/www.noidiqua.it\/Montale\/#website","url":"https:\/\/www.noidiqua.it\/Montale\/","name":"Noi di Qua Testata giornalistica e di attualit\u00e0 di Agliana, Montale e Quarrata.","description":"Testata Giornalistica Quarrata Montale Agliana","potentialAction":[{"@type":"SearchAction","target":{"@type":"EntryPoint","urlTemplate":"https:\/\/www.noidiqua.it\/Montale\/?s={search_term_string}"},"query-input":{"@type":"PropertyValueSpecification","valueRequired":true,"valueName":"search_term_string"}}],"inLanguage":"it-IT"},{"@type":"Person","@id":"https:\/\/www.noidiqua.it\/Montale\/#\/schema\/person\/3b45dd21eb2367c177b6a6d35c868ccc","name":"David Colzi","image":{"@type":"ImageObject","inLanguage":"it-IT","@id":"https:\/\/www.noidiqua.it\/Montale\/#\/schema\/person\/image\/","url":"https:\/\/secure.gravatar.com\/avatar\/515ac68c0075b78a8243a0f28e5a361c9b5c466a1d6912ac3919ddd928c4db8c?s=96&d=mm&r=g","contentUrl":"https:\/\/secure.gravatar.com\/avatar\/515ac68c0075b78a8243a0f28e5a361c9b5c466a1d6912ac3919ddd928c4db8c?s=96&d=mm&r=g","caption":"David Colzi"},"url":"https:\/\/www.noidiqua.it\/Montale\/author\/david-colzi\/"}]}},"_links":{"self":[{"href":"https:\/\/www.noidiqua.it\/Montale\/wp-json\/wp\/v2\/posts\/5005","targetHints":{"allow":["GET"]}}],"collection":[{"href":"https:\/\/www.noidiqua.it\/Montale\/wp-json\/wp\/v2\/posts"}],"about":[{"href":"https:\/\/www.noidiqua.it\/Montale\/wp-json\/wp\/v2\/types\/post"}],"author":[{"embeddable":true,"href":"https:\/\/www.noidiqua.it\/Montale\/wp-json\/wp\/v2\/users\/5"}],"replies":[{"embeddable":true,"href":"https:\/\/www.noidiqua.it\/Montale\/wp-json\/wp\/v2\/comments?post=5005"}],"version-history":[{"count":7,"href":"https:\/\/www.noidiqua.it\/Montale\/wp-json\/wp\/v2\/posts\/5005\/revisions"}],"predecessor-version":[{"id":6528,"href":"https:\/\/www.noidiqua.it\/Montale\/wp-json\/wp\/v2\/posts\/5005\/revisions\/6528"}],"wp:attachment":[{"href":"https:\/\/www.noidiqua.it\/Montale\/wp-json\/wp\/v2\/media?parent=5005"}],"wp:term":[{"taxonomy":"category","embeddable":true,"href":"https:\/\/www.noidiqua.it\/Montale\/wp-json\/wp\/v2\/categories?post=5005"},{"taxonomy":"post_tag","embeddable":true,"href":"https:\/\/www.noidiqua.it\/Montale\/wp-json\/wp\/v2\/tags?post=5005"}],"curies":[{"name":"wp","href":"https:\/\/api.w.org\/{rel}","templated":true}]}}