{"id":5011,"date":"2018-03-13T16:23:59","date_gmt":"2018-03-13T15:23:59","guid":{"rendered":"https:\/\/www.noidiqua.it\/Montale\/?p=5011"},"modified":"2022-01-28T11:28:50","modified_gmt":"2022-01-28T10:28:50","slug":"auto-moto-carrozzeria-patrizio-srl-storia-iniziata-nel-1987","status":"publish","type":"post","link":"https:\/\/www.noidiqua.it\/Montale\/auto-moto-carrozzeria-patrizio-srl-storia-iniziata-nel-1987\/","title":{"rendered":"Auto moto carrozzeria Patrizio srl &#8211; una storia iniziata nel 1987"},"content":{"rendered":"<p><em>di David Colzi<\/em><\/p>\n<p>marzo 2018<\/p>\n<p><a href=\"https:\/\/www.noidiqua.it\/Montale\/wp-content\/uploads\/2018\/03\/PATRIZIO-1.png\" rel=\"wp-prettyPhoto[5011]\"><img loading=\"lazy\" decoding=\"async\" class=\"aligncenter size-full wp-image-6529\" src=\"https:\/\/www.noidiqua.it\/Montale\/wp-content\/uploads\/2018\/03\/PATRIZIO-1.png\" alt=\"\" width=\"450\" height=\"371\" srcset=\"https:\/\/www.noidiqua.it\/Montale\/wp-content\/uploads\/2018\/03\/PATRIZIO-1.png 450w, https:\/\/www.noidiqua.it\/Montale\/wp-content\/uploads\/2018\/03\/PATRIZIO-1-300x247.png 300w\" sizes=\"auto, (max-width: 450px) 100vw, 450px\" \/><\/a><\/p>\n<p><span class=\"s1\">Ancora una volta ci spostiamo sul limite di <strong>Montale<\/strong>, andando appena al di l\u00e0 del cartello che ci informa di essere entrati in <strong>Santomato<\/strong>; qui si trova la <strong>Carrozzeria Patrizio<\/strong>, un\u2019interessante realt\u00e0 imprenditoriale che proviamo a conoscere un po\u2019 meglio. Fondata 31 anni fa a Pistoia e trasferita sul confine di Montale fra il 2005 e il 2006, questa carrozzeria prende il nome del suo storico fondatore, <strong>Patrizio Bonacci<\/strong>, il quale nel 2015 ha passato il timone a <strong>Carlo Loreti<\/strong>, attuale proprietario. Carlo ha frequentato la carrozzeria di Patrizio perch\u00e9 per oltre dieci anni \u00e8 stato <strong>perito assicurativo<\/strong>. <\/span><\/p>\n<p><span class=\"s1\">Partendo da qui, gli chiediamo: Sicuramente la sua esperienza lavorativa precedente, le dar\u00e0 una marcia in pi\u00f9 per quanto riguarda le <strong>auto incidentate<\/strong>, giusto? <i>\u00abCredo che il mio sia semplicemente un supporto aggiuntivo, dato che so districarmi bene fra leggi e cavilli legali\u00bb <\/i>ci dice sorridendo Carlo.<i> \u00abD\u2019altronde oggi non \u00e8 cos\u00ec facile avere un risarcimento e per arrivare alla riscossione ci sono tanti passaggi da fare e chi non \u201cmastica\u201d la materia, pu\u00f2 correre il rischio di rimanere incastrato negli ingranaggi burocratici, per quanto le compagnie assicurative facciano un ottimo lavoro e snelliscano le pratiche\u00bb<\/i>.<\/span><\/p>\n<p>&nbsp;<\/p>\n<p><a href=\"https:\/\/www.noidiqua.it\/Montale\/wp-content\/uploads\/2018\/03\/PATRIZIO-3.png\" rel=\"wp-prettyPhoto[5011]\"><img loading=\"lazy\" decoding=\"async\" class=\"aligncenter size-full wp-image-6530\" src=\"https:\/\/www.noidiqua.it\/Montale\/wp-content\/uploads\/2018\/03\/PATRIZIO-3.png\" alt=\"\" width=\"450\" height=\"336\" srcset=\"https:\/\/www.noidiqua.it\/Montale\/wp-content\/uploads\/2018\/03\/PATRIZIO-3.png 450w, https:\/\/www.noidiqua.it\/Montale\/wp-content\/uploads\/2018\/03\/PATRIZIO-3-300x224.png 300w\" sizes=\"auto, (max-width: 450px) 100vw, 450px\" \/><\/a><\/p>\n<p class=\"p1\" style=\"text-align: justify;\"><span class=\"s1\">Lo stabile della carrozzeria \u00e8 davvero grande, circa 1000 metri quadri, ed entrando dentro si vede un gran via vai di maglie rosse. Infatti lo staff, oltre Carlo, comprende altre 11 persone, divise in due stabilimenti adiacenti. Nella carrozzeria troviamo: 2 smontatori\/montatori su altrettante postazioni, 1 battitore (per raddrizzare le parti metalliche piegate, fare misurazioni, tiraggio preliminare ecc), 2 verniciatori e 1 finitore (per il lavaggio, il ripristino e il controllo finale con rilascio di scheda tecnica riepilogativa). Nell\u2019<strong>officina<\/strong> invece si trovano 2 <strong>meccanici<\/strong>. Oltre ai collaboratori \u201ccon le mani sporche\u201d, ci sono altre 2 persone in amministrazione. In extra, resta in organico in maniera saltuaria, lo storico fondatore Patrizio, <i>\u00abIn qualit\u00e0 di jolly\u00bb<\/i> come dice sorridendo Carlo. <i>\u00abE i suoi consigli sono sempre preziosi\u00bb<\/i>. E il signor Bonacci come vede questa sua attivit\u00e0 che prosegue? <i>\u00ab\u00e8 sicuramente contento, anche perch\u00e9 lui \u00e8 uno di quelli che si \u00e8 fatto da solo, e partendo da un piccolo garage a Pistoia, \u00e8 riuscito a creare una bella impresa\u00bb.<\/i><\/span><\/p>\n<p><a href=\"https:\/\/www.noidiqua.it\/Montale\/wp-content\/uploads\/2018\/03\/PATRIZIO-2.png\" rel=\"wp-prettyPhoto[5011]\"><img loading=\"lazy\" decoding=\"async\" class=\"aligncenter size-full wp-image-6531\" src=\"https:\/\/www.noidiqua.it\/Montale\/wp-content\/uploads\/2018\/03\/PATRIZIO-2.png\" alt=\"\" width=\"450\" height=\"338\" srcset=\"https:\/\/www.noidiqua.it\/Montale\/wp-content\/uploads\/2018\/03\/PATRIZIO-2.png 450w, https:\/\/www.noidiqua.it\/Montale\/wp-content\/uploads\/2018\/03\/PATRIZIO-2-300x225.png 300w\" sizes=\"auto, (max-width: 450px) 100vw, 450px\" \/><\/a><\/p>\n<p class=\"p1\" style=\"text-align: justify;\">\n<p class=\"p1\" style=\"text-align: justify;\"><span class=\"s1\">Ma oggi giorno \u00e8 utile tutta questa mano d\u2019opera, calcolando che i pezzi spesso si cambiano, anzich\u00e9 aggiustarli? <i>\u00abS\u00ec\u00bb<\/i> prosegue Carlo, <i>\u00abperch\u00e9 tutti andiamo di fretta e tutti abbiamo bisogno dell\u2019auto.Un organico cos\u00ec ampio, organizzato e preparato, permette riparazioni rapide senza rinunciare alla qualit\u00e0\u00bb<\/i>. Quindi il proverbio, \u201cpresto e bene non stanno insieme\u201d, per Carlo e i suoi collaboratori non vale! <i>\u00abIn pi\u00f9\u00bb<\/i> aggiunge <i>\u00abquesta suddivisione delle strutture serve a garantire che agenti esterni tipo polveri di lavorazione, non vadano a depositarsi sui motori smontati\u00bb<\/i>. Una particolare attenzione viene poi rivolta alla lavorazione dell\u2019alluminio, di cui oggi giorno sono fatte diverse parti dell\u2019auto: dei pezzi fatti con questo metallo, Carrozzeria Patrizio offre sia riparazione che sostituzione, disponendo di tutti i macchinari necessari. Insomma, pare proprio che sia molto faticoso restare al passo con i tempi&#8230; <i>\u00ab\u00e8 un investimento continuo\u00bb<\/i> dice sorridendo Carlo,<i> \u00absia in termini di aggiornamento del personale che degli strumenti; basti pensare al nuovo gas per l\u2019aria condizionata che viene installato ultimamente: questo richiede un apposito apparecchio per la ricarica e noi lo abbiamo acquistato\u00bb<\/i>.<\/span><\/p>\n<p class=\"p1\" style=\"text-align: justify;\"><span class=\"s1\">Ma fra tanta <strong>tecnologia<\/strong> c\u2019\u00e8 anche spazio per il vecchio mestiere del carrozziere, quello che prevede che i pezzi siano aggiustati manualmente, anche \u201ca martellate\u201d: da Patrizio \u00e8 infatti possibile portare a riaccomodare le <strong>auto d\u2019epoca<\/strong>. Passato e presente che si incontrano dunque&#8230; <\/span><span class=\"s1\"><i>\u00abE\u2019 sicuramente un mondo di nicchia\u00bb<\/i> precisa Carlo <i>\u00abche per\u00f2 ci d\u00e0 molte soddisfazioni, anche perch\u00e9 spesso i clienti arrivano tramite il passaparola di chi \u00e8 gi\u00e0 stato da noi e si \u00e8 trovato bene. Va considerato poi che gli appassionati di auto d\u2019epoca sono particolarmente esigenti, quindi \u00e8 bello vedere che riconoscono la qualit\u00e0 del nostro operato\u00bb.<\/i><\/span><\/p>\n<p>&nbsp;<\/p>\n<p>&nbsp;<\/p>","protected":false},"excerpt":{"rendered":"<p>di David Colzi marzo 2018 Ancora una volta ci spostiamo sul limite di Montale, andando appena al di l\u00e0 del cartello che ci informa di essere entrati in Santomato; qui si trova la Carrozzeria Patrizio, un\u2019interessante realt\u00e0 imprenditoriale che proviamo a conoscere un po\u2019 meglio. Fondata 31 anni fa a Pistoia e trasferita sul [&hellip;]<\/p>","protected":false},"author":5,"featured_media":0,"comment_status":"open","ping_status":"open","sticky":false,"template":"","format":"standard","meta":{"footnotes":""},"categories":[7,887],"tags":[1633,1635,1630,1629,1627,1632,995,1634,181,1628,1631,141,1636],"class_list":["post-5011","post","type-post","status-publish","format-standard","hentry","category-mt","category-una-bella-impresa","tag-auto","tag-auto-depoca","tag-auto-incidentate","tag-carlo-loreti","tag-carrozzeria-patrizio","tag-meccanici","tag-mt","tag-moto","tag-officina","tag-patrizio-bonacci","tag-perito-assicurativo","tag-santomato","tag-tecnologia"],"yoast_head":"<!-- This site is optimized with the Yoast SEO plugin v25.5 - https:\/\/yoast.com\/wordpress\/plugins\/seo\/ -->\n<title>Auto moto carrozzeria Patrizio srl - una storia iniziata nel 1987 - Noi di Qua Testata giornalistica e di attualit\u00e0 di Agliana, Montale e Quarrata.<\/title>\n<meta name=\"robots\" content=\"index, follow, max-snippet:-1, max-image-preview:large, max-video-preview:-1\" \/>\n<link rel=\"canonical\" href=\"https:\/\/www.noidiqua.it\/Montale\/auto-moto-carrozzeria-patrizio-srl-storia-iniziata-nel-1987\/\" \/>\n<meta property=\"og:locale\" content=\"it_IT\" \/>\n<meta property=\"og:type\" content=\"article\" \/>\n<meta property=\"og:title\" content=\"Auto moto carrozzeria Patrizio srl - una storia iniziata nel 1987 - Noi di Qua Testata giornalistica e di attualit\u00e0 di Agliana, Montale e Quarrata.\" \/>\n<meta property=\"og:description\" content=\"di David Colzi marzo 2018 Ancora una volta ci spostiamo sul limite di Montale, andando appena al di l\u00e0 del cartello che ci informa di essere entrati in Santomato; qui si trova la Carrozzeria Patrizio, un\u2019interessante realt\u00e0 imprenditoriale che proviamo a conoscere un po\u2019 meglio. Fondata 31 anni fa a Pistoia e trasferita sul [&hellip;]\" \/>\n<meta property=\"og:url\" content=\"https:\/\/www.noidiqua.it\/Montale\/auto-moto-carrozzeria-patrizio-srl-storia-iniziata-nel-1987\/\" \/>\n<meta property=\"og:site_name\" content=\"Noi di Qua Testata giornalistica e di attualit\u00e0 di Agliana, Montale e Quarrata.\" \/>\n<meta property=\"article:publisher\" content=\"https:\/\/www.facebook.com\/noidiqua.trimestrale\/\" \/>\n<meta property=\"article:published_time\" content=\"2018-03-13T15:23:59+00:00\" \/>\n<meta property=\"article:modified_time\" content=\"2022-01-28T10:28:50+00:00\" \/>\n<meta property=\"og:image\" content=\"https:\/\/www.noidiqua.it\/Montale\/wp-content\/uploads\/2018\/03\/PATRIZIO-1.png\" \/>\n<meta name=\"author\" content=\"David Colzi\" \/>\n<meta name=\"twitter:label1\" content=\"Scritto da\" \/>\n\t<meta name=\"twitter:data1\" content=\"David Colzi\" \/>\n\t<meta name=\"twitter:label2\" content=\"Tempo di lettura stimato\" \/>\n\t<meta name=\"twitter:data2\" content=\"3 minuti\" \/>\n<script type=\"application\/ld+json\" class=\"yoast-schema-graph\">{\"@context\":\"https:\/\/schema.org\",\"@graph\":[{\"@type\":\"WebPage\",\"@id\":\"https:\/\/www.noidiqua.it\/Montale\/auto-moto-carrozzeria-patrizio-srl-storia-iniziata-nel-1987\/\",\"url\":\"https:\/\/www.noidiqua.it\/Montale\/auto-moto-carrozzeria-patrizio-srl-storia-iniziata-nel-1987\/\",\"name\":\"Auto moto carrozzeria Patrizio srl - una storia iniziata nel 1987 - Noi di Qua Testata giornalistica e di attualit\u00e0 di Agliana, Montale e Quarrata.\",\"isPartOf\":{\"@id\":\"https:\/\/www.noidiqua.it\/Montale\/#website\"},\"primaryImageOfPage\":{\"@id\":\"https:\/\/www.noidiqua.it\/Montale\/auto-moto-carrozzeria-patrizio-srl-storia-iniziata-nel-1987\/#primaryimage\"},\"image\":{\"@id\":\"https:\/\/www.noidiqua.it\/Montale\/auto-moto-carrozzeria-patrizio-srl-storia-iniziata-nel-1987\/#primaryimage\"},\"thumbnailUrl\":\"https:\/\/www.noidiqua.it\/Montale\/wp-content\/uploads\/2018\/03\/PATRIZIO-1.png\",\"datePublished\":\"2018-03-13T15:23:59+00:00\",\"dateModified\":\"2022-01-28T10:28:50+00:00\",\"author\":{\"@id\":\"https:\/\/www.noidiqua.it\/Montale\/#\/schema\/person\/3b45dd21eb2367c177b6a6d35c868ccc\"},\"breadcrumb\":{\"@id\":\"https:\/\/www.noidiqua.it\/Montale\/auto-moto-carrozzeria-patrizio-srl-storia-iniziata-nel-1987\/#breadcrumb\"},\"inLanguage\":\"it-IT\",\"potentialAction\":[{\"@type\":\"ReadAction\",\"target\":[\"https:\/\/www.noidiqua.it\/Montale\/auto-moto-carrozzeria-patrizio-srl-storia-iniziata-nel-1987\/\"]}]},{\"@type\":\"ImageObject\",\"inLanguage\":\"it-IT\",\"@id\":\"https:\/\/www.noidiqua.it\/Montale\/auto-moto-carrozzeria-patrizio-srl-storia-iniziata-nel-1987\/#primaryimage\",\"url\":\"https:\/\/www.noidiqua.it\/Montale\/wp-content\/uploads\/2018\/03\/PATRIZIO-1.png\",\"contentUrl\":\"https:\/\/www.noidiqua.it\/Montale\/wp-content\/uploads\/2018\/03\/PATRIZIO-1.png\",\"width\":450,\"height\":371},{\"@type\":\"BreadcrumbList\",\"@id\":\"https:\/\/www.noidiqua.it\/Montale\/auto-moto-carrozzeria-patrizio-srl-storia-iniziata-nel-1987\/#breadcrumb\",\"itemListElement\":[{\"@type\":\"ListItem\",\"position\":1,\"name\":\"Home\",\"item\":\"https:\/\/www.noidiqua.it\/Montale\/\"},{\"@type\":\"ListItem\",\"position\":2,\"name\":\"Auto moto carrozzeria Patrizio srl &#8211; una storia iniziata nel 1987\"}]},{\"@type\":\"WebSite\",\"@id\":\"https:\/\/www.noidiqua.it\/Montale\/#website\",\"url\":\"https:\/\/www.noidiqua.it\/Montale\/\",\"name\":\"Noi di Qua Testata giornalistica e di attualit\u00e0 di Agliana, Montale e Quarrata.\",\"description\":\"Testata Giornalistica Quarrata Montale Agliana\",\"potentialAction\":[{\"@type\":\"SearchAction\",\"target\":{\"@type\":\"EntryPoint\",\"urlTemplate\":\"https:\/\/www.noidiqua.it\/Montale\/?s={search_term_string}\"},\"query-input\":{\"@type\":\"PropertyValueSpecification\",\"valueRequired\":true,\"valueName\":\"search_term_string\"}}],\"inLanguage\":\"it-IT\"},{\"@type\":\"Person\",\"@id\":\"https:\/\/www.noidiqua.it\/Montale\/#\/schema\/person\/3b45dd21eb2367c177b6a6d35c868ccc\",\"name\":\"David Colzi\",\"image\":{\"@type\":\"ImageObject\",\"inLanguage\":\"it-IT\",\"@id\":\"https:\/\/www.noidiqua.it\/Montale\/#\/schema\/person\/image\/\",\"url\":\"https:\/\/secure.gravatar.com\/avatar\/515ac68c0075b78a8243a0f28e5a361c9b5c466a1d6912ac3919ddd928c4db8c?s=96&d=mm&r=g\",\"contentUrl\":\"https:\/\/secure.gravatar.com\/avatar\/515ac68c0075b78a8243a0f28e5a361c9b5c466a1d6912ac3919ddd928c4db8c?s=96&d=mm&r=g\",\"caption\":\"David Colzi\"},\"url\":\"https:\/\/www.noidiqua.it\/Montale\/author\/david-colzi\/\"}]}<\/script>\n<!-- \/ Yoast SEO plugin. -->","yoast_head_json":{"title":"Auto moto carrozzeria Patrizio srl - una storia iniziata nel 1987 - Noi di Qua Testata giornalistica e di attualit\u00e0 di Agliana, Montale e Quarrata.","robots":{"index":"index","follow":"follow","max-snippet":"max-snippet:-1","max-image-preview":"max-image-preview:large","max-video-preview":"max-video-preview:-1"},"canonical":"https:\/\/www.noidiqua.it\/Montale\/auto-moto-carrozzeria-patrizio-srl-storia-iniziata-nel-1987\/","og_locale":"it_IT","og_type":"article","og_title":"Auto moto carrozzeria Patrizio srl - una storia iniziata nel 1987 - Noi di Qua Testata giornalistica e di attualit\u00e0 di Agliana, Montale e Quarrata.","og_description":"di David Colzi marzo 2018 Ancora una volta ci spostiamo sul limite di Montale, andando appena al di l\u00e0 del cartello che ci informa di essere entrati in Santomato; qui si trova la Carrozzeria Patrizio, un\u2019interessante realt\u00e0 imprenditoriale che proviamo a conoscere un po\u2019 meglio. Fondata 31 anni fa a Pistoia e trasferita sul [&hellip;]","og_url":"https:\/\/www.noidiqua.it\/Montale\/auto-moto-carrozzeria-patrizio-srl-storia-iniziata-nel-1987\/","og_site_name":"Noi di Qua Testata giornalistica e di attualit\u00e0 di Agliana, Montale e Quarrata.","article_publisher":"https:\/\/www.facebook.com\/noidiqua.trimestrale\/","article_published_time":"2018-03-13T15:23:59+00:00","article_modified_time":"2022-01-28T10:28:50+00:00","og_image":[{"url":"https:\/\/www.noidiqua.it\/Montale\/wp-content\/uploads\/2018\/03\/PATRIZIO-1.png","type":"","width":"","height":""}],"author":"David Colzi","twitter_misc":{"Scritto da":"David Colzi","Tempo di lettura stimato":"3 minuti"},"schema":{"@context":"https:\/\/schema.org","@graph":[{"@type":"WebPage","@id":"https:\/\/www.noidiqua.it\/Montale\/auto-moto-carrozzeria-patrizio-srl-storia-iniziata-nel-1987\/","url":"https:\/\/www.noidiqua.it\/Montale\/auto-moto-carrozzeria-patrizio-srl-storia-iniziata-nel-1987\/","name":"Auto moto carrozzeria Patrizio srl - una storia iniziata nel 1987 - Noi di Qua Testata giornalistica e di attualit\u00e0 di Agliana, Montale e Quarrata.","isPartOf":{"@id":"https:\/\/www.noidiqua.it\/Montale\/#website"},"primaryImageOfPage":{"@id":"https:\/\/www.noidiqua.it\/Montale\/auto-moto-carrozzeria-patrizio-srl-storia-iniziata-nel-1987\/#primaryimage"},"image":{"@id":"https:\/\/www.noidiqua.it\/Montale\/auto-moto-carrozzeria-patrizio-srl-storia-iniziata-nel-1987\/#primaryimage"},"thumbnailUrl":"https:\/\/www.noidiqua.it\/Montale\/wp-content\/uploads\/2018\/03\/PATRIZIO-1.png","datePublished":"2018-03-13T15:23:59+00:00","dateModified":"2022-01-28T10:28:50+00:00","author":{"@id":"https:\/\/www.noidiqua.it\/Montale\/#\/schema\/person\/3b45dd21eb2367c177b6a6d35c868ccc"},"breadcrumb":{"@id":"https:\/\/www.noidiqua.it\/Montale\/auto-moto-carrozzeria-patrizio-srl-storia-iniziata-nel-1987\/#breadcrumb"},"inLanguage":"it-IT","potentialAction":[{"@type":"ReadAction","target":["https:\/\/www.noidiqua.it\/Montale\/auto-moto-carrozzeria-patrizio-srl-storia-iniziata-nel-1987\/"]}]},{"@type":"ImageObject","inLanguage":"it-IT","@id":"https:\/\/www.noidiqua.it\/Montale\/auto-moto-carrozzeria-patrizio-srl-storia-iniziata-nel-1987\/#primaryimage","url":"https:\/\/www.noidiqua.it\/Montale\/wp-content\/uploads\/2018\/03\/PATRIZIO-1.png","contentUrl":"https:\/\/www.noidiqua.it\/Montale\/wp-content\/uploads\/2018\/03\/PATRIZIO-1.png","width":450,"height":371},{"@type":"BreadcrumbList","@id":"https:\/\/www.noidiqua.it\/Montale\/auto-moto-carrozzeria-patrizio-srl-storia-iniziata-nel-1987\/#breadcrumb","itemListElement":[{"@type":"ListItem","position":1,"name":"Home","item":"https:\/\/www.noidiqua.it\/Montale\/"},{"@type":"ListItem","position":2,"name":"Auto moto carrozzeria Patrizio srl &#8211; una storia iniziata nel 1987"}]},{"@type":"WebSite","@id":"https:\/\/www.noidiqua.it\/Montale\/#website","url":"https:\/\/www.noidiqua.it\/Montale\/","name":"Noi di Qua Testata giornalistica e di attualit\u00e0 di Agliana, Montale e Quarrata.","description":"Testata Giornalistica Quarrata Montale Agliana","potentialAction":[{"@type":"SearchAction","target":{"@type":"EntryPoint","urlTemplate":"https:\/\/www.noidiqua.it\/Montale\/?s={search_term_string}"},"query-input":{"@type":"PropertyValueSpecification","valueRequired":true,"valueName":"search_term_string"}}],"inLanguage":"it-IT"},{"@type":"Person","@id":"https:\/\/www.noidiqua.it\/Montale\/#\/schema\/person\/3b45dd21eb2367c177b6a6d35c868ccc","name":"David Colzi","image":{"@type":"ImageObject","inLanguage":"it-IT","@id":"https:\/\/www.noidiqua.it\/Montale\/#\/schema\/person\/image\/","url":"https:\/\/secure.gravatar.com\/avatar\/515ac68c0075b78a8243a0f28e5a361c9b5c466a1d6912ac3919ddd928c4db8c?s=96&d=mm&r=g","contentUrl":"https:\/\/secure.gravatar.com\/avatar\/515ac68c0075b78a8243a0f28e5a361c9b5c466a1d6912ac3919ddd928c4db8c?s=96&d=mm&r=g","caption":"David Colzi"},"url":"https:\/\/www.noidiqua.it\/Montale\/author\/david-colzi\/"}]}},"_links":{"self":[{"href":"https:\/\/www.noidiqua.it\/Montale\/wp-json\/wp\/v2\/posts\/5011","targetHints":{"allow":["GET"]}}],"collection":[{"href":"https:\/\/www.noidiqua.it\/Montale\/wp-json\/wp\/v2\/posts"}],"about":[{"href":"https:\/\/www.noidiqua.it\/Montale\/wp-json\/wp\/v2\/types\/post"}],"author":[{"embeddable":true,"href":"https:\/\/www.noidiqua.it\/Montale\/wp-json\/wp\/v2\/users\/5"}],"replies":[{"embeddable":true,"href":"https:\/\/www.noidiqua.it\/Montale\/wp-json\/wp\/v2\/comments?post=5011"}],"version-history":[{"count":12,"href":"https:\/\/www.noidiqua.it\/Montale\/wp-json\/wp\/v2\/posts\/5011\/revisions"}],"predecessor-version":[{"id":6532,"href":"https:\/\/www.noidiqua.it\/Montale\/wp-json\/wp\/v2\/posts\/5011\/revisions\/6532"}],"wp:attachment":[{"href":"https:\/\/www.noidiqua.it\/Montale\/wp-json\/wp\/v2\/media?parent=5011"}],"wp:term":[{"taxonomy":"category","embeddable":true,"href":"https:\/\/www.noidiqua.it\/Montale\/wp-json\/wp\/v2\/categories?post=5011"},{"taxonomy":"post_tag","embeddable":true,"href":"https:\/\/www.noidiqua.it\/Montale\/wp-json\/wp\/v2\/tags?post=5011"}],"curies":[{"name":"wp","href":"https:\/\/api.w.org\/{rel}","templated":true}]}}