{"id":5027,"date":"2018-03-13T16:48:21","date_gmt":"2018-03-13T15:48:21","guid":{"rendered":"https:\/\/www.noidiqua.it\/Montale\/?p=5027"},"modified":"2022-01-28T11:38:07","modified_gmt":"2022-01-28T10:38:07","slug":"un-libro-50-anni-della-casa-del-popolo","status":"publish","type":"post","link":"https:\/\/www.noidiqua.it\/Montale\/un-libro-50-anni-della-casa-del-popolo\/","title":{"rendered":"Un libro per i 50 anni della Casa del Popolo"},"content":{"rendered":"<p><em>di\u00a0Giacomo Bini<\/em><\/p>\n<p>marzo 2018<\/p>\n<p><a href=\"https:\/\/www.noidiqua.it\/Montale\/wp-content\/uploads\/2018\/03\/CASA-DEL-POPOLO-.png\" rel=\"wp-prettyPhoto[5027]\"><img loading=\"lazy\" decoding=\"async\" class=\"aligncenter size-full wp-image-6533\" src=\"https:\/\/www.noidiqua.it\/Montale\/wp-content\/uploads\/2018\/03\/CASA-DEL-POPOLO-.png\" alt=\"\" width=\"450\" height=\"325\" srcset=\"https:\/\/www.noidiqua.it\/Montale\/wp-content\/uploads\/2018\/03\/CASA-DEL-POPOLO-.png 450w, https:\/\/www.noidiqua.it\/Montale\/wp-content\/uploads\/2018\/03\/CASA-DEL-POPOLO--300x217.png 300w\" sizes=\"auto, (max-width: 450px) 100vw, 450px\" \/><\/a><\/p>\n<p>&nbsp;<\/p>\n<p class=\"p1\" style=\"text-align: justify;\">La <strong>Casa del Popolo<\/strong> di <strong>Montale<\/strong> ha celebrato il <a href=\"https:\/\/www.noidiqua.it\/Montale\/circolo-arci-montale-50-anni-storia\/\">cinquantesimo anniversario<\/a> della sua sede di via <strong>Martiri della Libert\u00e0<\/strong> con una cerimonia, alla presenza delle autorit\u00e0 e di moltissime associazioni, e con un prezioso libretto in cui \u00e8 ricostruita, con documenti e foto, la storia di 50 anni di vita di un centro di aggregazione in cui \u00e8 passata la storia civile e politica del paese.\u00a0L\u2019elemento che pi\u00f9 colpisce nella nascita della Casa del Popolo, \u00e8 il fatto che la costruzione dell\u2019edificio \u00e8 stata il frutto del contributo concreto di un centinaio di soci che hanno versato una quota ciascuno, sottraendo quei soldi a se stessi e alle loro famiglie. Erano <strong>operai<\/strong>, <strong>artigiani<\/strong> e <strong>contadini<\/strong> che hanno pagato di tasca propria per fedelt\u00e0 ad un\u2019ideale e per soddisfare il bisogno di uno spazio di confronto e di discussione. Ha certamente avuto un peso notevole la motivazione ideologica, a quell\u2019epoca molto potente, ma \u00e8 stata molto forte anche la capacit\u00e0 di anteporre il bene comune a quello individuale.<\/p>\n<p class=\"p1\" style=\"text-align: justify;\">E\u2019 stato giusto quindi ricordare i fondatori, nel 1955, della <strong>Societ\u00e0 Civile<\/strong> che ha dato il via alla costruzione della Casa del Popolo: Bruno Cati (operaio), Santi Lombardi (impiegato), Brunetto Fiesoli (tessitore), Isoro Lucchesi (tessitore), Remo Risaliti (meccanico), Banilo Bessi (operaio), Martino Bartolozzi (maniscalco), Francesco Bartoletti (tessitore) e Amelio Berti (tessitore). Un riconoscimento \u00e8 stato consegnato agli eredi e discendenti di ciascuno dei soci fondatori. Ma vengono ricordati anche i 64 soci che ogni mese hanno versato una quota per comprare il terreno e costruire l\u2019edificio e i 34 sottoscrittori che versarono un contributo una-tantum. La societ\u00e0 civile \u00e8 stata presieduta negli anni da Amelio Berti, Brunetto Fiesoli, Giuseppe Becciani, Francesco Bartoletti, Athos Breschi, Aldo Piantini e Goretto Goretti. Attualmente il presidente \u00e8 Gaetano Algozzino, che \u00e8 stato il principale promotore della cerimonia del cinquantesimo e della pubblicazione del libro, insieme al presidente del <strong>Circolo Arci<\/strong> <strong>Goretto Goretti<\/strong>.<\/p>\n<p><a href=\"https:\/\/www.noidiqua.it\/Montale\/wp-content\/uploads\/2018\/03\/CASA-DEL-POPOLO-1.png\" rel=\"wp-prettyPhoto[5027]\"><img loading=\"lazy\" decoding=\"async\" class=\"aligncenter size-full wp-image-6534\" src=\"https:\/\/www.noidiqua.it\/Montale\/wp-content\/uploads\/2018\/03\/CASA-DEL-POPOLO-1.png\" alt=\"\" width=\"450\" height=\"282\" srcset=\"https:\/\/www.noidiqua.it\/Montale\/wp-content\/uploads\/2018\/03\/CASA-DEL-POPOLO-1.png 450w, https:\/\/www.noidiqua.it\/Montale\/wp-content\/uploads\/2018\/03\/CASA-DEL-POPOLO-1-300x188.png 300w\" sizes=\"auto, (max-width: 450px) 100vw, 450px\" \/><\/a><\/p>\n<p class=\"p1\" style=\"text-align: justify;\">Si volle costruire la sede della Casa del Popolo proprio in quel punto dove si trova attualmente perch\u00e9 era di fronte al luogo dell\u2019eccidio nazi-fascista di via Roma avvenuto nel 1944 e perch\u00e9 era nei pressi della precedente sede della <strong>Casa del Fascio<\/strong>. Il posto aveva un valore simbolico e per questo nel 1960 i fondatori furono disposti a pagare il terreno anche ad un prezzo superiore a quello di mercato: tre milioni di vecchie lire, per poco pi\u00f9 di mille metri di superficie. L\u2019attivit\u00e0 della Casa del Popolo \u00e8 iniziata nel 1967 ed \u00e8 stata vivacissima sia sotto l\u2019<strong>aspetto culturale<\/strong> che sotto il profilo politico. Sindaci e amministratori sono passati tutti dall\u2019attivit\u00e0 politica in quelle stanze. Ma anche tantissimi montalesi vi hanno trovato momenti di divertimento e di svago. La cerimonia del 50esimo \u00e8 avvenuta nel ricordo vivissimo di <strong>Alpo Pieraccioli<\/strong>, uno dei sottoscrittori originari, venuto a mancare pochi giorni prima e da tutti ricordato con affetto.<\/p>","protected":false},"excerpt":{"rendered":"<p>di\u00a0Giacomo Bini marzo 2018 &nbsp; La Casa del Popolo di Montale ha celebrato il cinquantesimo anniversario della sua sede di via Martiri della Libert\u00e0 con una cerimonia, alla presenza delle autorit\u00e0 e di moltissime associazioni, e con un prezioso libretto in cui \u00e8 ricostruita, con documenti e foto, la storia di 50 anni di [&hellip;]<\/p>","protected":false},"author":12,"featured_media":0,"comment_status":"open","ping_status":"open","sticky":false,"template":"","format":"standard","meta":{"footnotes":""},"categories":[7,26],"tags":[1641,1639,1642,1141,448,271,1640,449,1637,995,1638,450],"class_list":["post-5027","post","type-post","status-publish","format-standard","hentry","category-mt","category-notizie-dal-passato","tag-alpo-pieraccioli","tag-artigiani","tag-aspetto-culturale","tag-casa-del-fascio","tag-casa-del-popolo","tag-circolo-arci","tag-contadini","tag-goretto-goretti","tag-martiri-della-liberta","tag-mt","tag-operai","tag-societa-civile"],"yoast_head":"<!-- This site is optimized with the Yoast SEO plugin v25.5 - https:\/\/yoast.com\/wordpress\/plugins\/seo\/ -->\n<title>Un libro per i 50 anni della Casa del Popolo - Noi di Qua Testata giornalistica e di attualit\u00e0 di Agliana, Montale e Quarrata.<\/title>\n<meta name=\"robots\" content=\"index, follow, max-snippet:-1, max-image-preview:large, max-video-preview:-1\" \/>\n<link rel=\"canonical\" href=\"https:\/\/www.noidiqua.it\/Montale\/un-libro-50-anni-della-casa-del-popolo\/\" \/>\n<meta property=\"og:locale\" content=\"it_IT\" \/>\n<meta property=\"og:type\" content=\"article\" \/>\n<meta property=\"og:title\" content=\"Un libro per i 50 anni della Casa del Popolo - Noi di Qua Testata giornalistica e di attualit\u00e0 di Agliana, Montale e Quarrata.\" \/>\n<meta property=\"og:description\" content=\"di\u00a0Giacomo Bini marzo 2018 &nbsp; La Casa del Popolo di Montale ha celebrato il cinquantesimo anniversario della sua sede di via Martiri della Libert\u00e0 con una cerimonia, alla presenza delle autorit\u00e0 e di moltissime associazioni, e con un prezioso libretto in cui \u00e8 ricostruita, con documenti e foto, la storia di 50 anni di [&hellip;]\" \/>\n<meta property=\"og:url\" content=\"https:\/\/www.noidiqua.it\/Montale\/un-libro-50-anni-della-casa-del-popolo\/\" \/>\n<meta property=\"og:site_name\" content=\"Noi di Qua Testata giornalistica e di attualit\u00e0 di Agliana, Montale e Quarrata.\" \/>\n<meta property=\"article:publisher\" content=\"https:\/\/www.facebook.com\/noidiqua.trimestrale\/\" \/>\n<meta property=\"article:published_time\" content=\"2018-03-13T15:48:21+00:00\" \/>\n<meta property=\"article:modified_time\" content=\"2022-01-28T10:38:07+00:00\" \/>\n<meta property=\"og:image\" content=\"https:\/\/www.noidiqua.it\/Montale\/wp-content\/uploads\/2018\/03\/CASA-DEL-POPOLO-.png\" \/>\n<meta name=\"author\" content=\"Giacomo Bini\" \/>\n<meta name=\"twitter:label1\" content=\"Scritto da\" \/>\n\t<meta name=\"twitter:data1\" content=\"Giacomo Bini\" \/>\n\t<meta name=\"twitter:label2\" content=\"Tempo di lettura stimato\" \/>\n\t<meta name=\"twitter:data2\" content=\"2 minuti\" \/>\n<script type=\"application\/ld+json\" class=\"yoast-schema-graph\">{\"@context\":\"https:\/\/schema.org\",\"@graph\":[{\"@type\":\"WebPage\",\"@id\":\"https:\/\/www.noidiqua.it\/Montale\/un-libro-50-anni-della-casa-del-popolo\/\",\"url\":\"https:\/\/www.noidiqua.it\/Montale\/un-libro-50-anni-della-casa-del-popolo\/\",\"name\":\"Un libro per i 50 anni della Casa del Popolo - Noi di Qua Testata giornalistica e di attualit\u00e0 di Agliana, Montale e Quarrata.\",\"isPartOf\":{\"@id\":\"https:\/\/www.noidiqua.it\/Montale\/#website\"},\"primaryImageOfPage\":{\"@id\":\"https:\/\/www.noidiqua.it\/Montale\/un-libro-50-anni-della-casa-del-popolo\/#primaryimage\"},\"image\":{\"@id\":\"https:\/\/www.noidiqua.it\/Montale\/un-libro-50-anni-della-casa-del-popolo\/#primaryimage\"},\"thumbnailUrl\":\"https:\/\/www.noidiqua.it\/Montale\/wp-content\/uploads\/2018\/03\/CASA-DEL-POPOLO-.png\",\"datePublished\":\"2018-03-13T15:48:21+00:00\",\"dateModified\":\"2022-01-28T10:38:07+00:00\",\"author\":{\"@id\":\"https:\/\/www.noidiqua.it\/Montale\/#\/schema\/person\/e2e6f44da50af0dae9c90ad168e471a4\"},\"breadcrumb\":{\"@id\":\"https:\/\/www.noidiqua.it\/Montale\/un-libro-50-anni-della-casa-del-popolo\/#breadcrumb\"},\"inLanguage\":\"it-IT\",\"potentialAction\":[{\"@type\":\"ReadAction\",\"target\":[\"https:\/\/www.noidiqua.it\/Montale\/un-libro-50-anni-della-casa-del-popolo\/\"]}]},{\"@type\":\"ImageObject\",\"inLanguage\":\"it-IT\",\"@id\":\"https:\/\/www.noidiqua.it\/Montale\/un-libro-50-anni-della-casa-del-popolo\/#primaryimage\",\"url\":\"https:\/\/www.noidiqua.it\/Montale\/wp-content\/uploads\/2018\/03\/CASA-DEL-POPOLO-.png\",\"contentUrl\":\"https:\/\/www.noidiqua.it\/Montale\/wp-content\/uploads\/2018\/03\/CASA-DEL-POPOLO-.png\",\"width\":450,\"height\":325},{\"@type\":\"BreadcrumbList\",\"@id\":\"https:\/\/www.noidiqua.it\/Montale\/un-libro-50-anni-della-casa-del-popolo\/#breadcrumb\",\"itemListElement\":[{\"@type\":\"ListItem\",\"position\":1,\"name\":\"Home\",\"item\":\"https:\/\/www.noidiqua.it\/Montale\/\"},{\"@type\":\"ListItem\",\"position\":2,\"name\":\"Un libro per i 50 anni della Casa del Popolo\"}]},{\"@type\":\"WebSite\",\"@id\":\"https:\/\/www.noidiqua.it\/Montale\/#website\",\"url\":\"https:\/\/www.noidiqua.it\/Montale\/\",\"name\":\"Noi di Qua Testata giornalistica e di attualit\u00e0 di Agliana, Montale e Quarrata.\",\"description\":\"Testata Giornalistica Quarrata Montale Agliana\",\"potentialAction\":[{\"@type\":\"SearchAction\",\"target\":{\"@type\":\"EntryPoint\",\"urlTemplate\":\"https:\/\/www.noidiqua.it\/Montale\/?s={search_term_string}\"},\"query-input\":{\"@type\":\"PropertyValueSpecification\",\"valueRequired\":true,\"valueName\":\"search_term_string\"}}],\"inLanguage\":\"it-IT\"},{\"@type\":\"Person\",\"@id\":\"https:\/\/www.noidiqua.it\/Montale\/#\/schema\/person\/e2e6f44da50af0dae9c90ad168e471a4\",\"name\":\"Giacomo Bini\",\"image\":{\"@type\":\"ImageObject\",\"inLanguage\":\"it-IT\",\"@id\":\"https:\/\/www.noidiqua.it\/Montale\/#\/schema\/person\/image\/\",\"url\":\"https:\/\/secure.gravatar.com\/avatar\/e5c18ae41df5ae37397358f2c6046696187d51a120c5d0b8f0c49f7b606f46f4?s=96&d=mm&r=g\",\"contentUrl\":\"https:\/\/secure.gravatar.com\/avatar\/e5c18ae41df5ae37397358f2c6046696187d51a120c5d0b8f0c49f7b606f46f4?s=96&d=mm&r=g\",\"caption\":\"Giacomo Bini\"},\"url\":\"https:\/\/www.noidiqua.it\/Montale\/author\/giacomo-bini\/\"}]}<\/script>\n<!-- \/ Yoast SEO plugin. -->","yoast_head_json":{"title":"Un libro per i 50 anni della Casa del Popolo - Noi di Qua Testata giornalistica e di attualit\u00e0 di Agliana, Montale e Quarrata.","robots":{"index":"index","follow":"follow","max-snippet":"max-snippet:-1","max-image-preview":"max-image-preview:large","max-video-preview":"max-video-preview:-1"},"canonical":"https:\/\/www.noidiqua.it\/Montale\/un-libro-50-anni-della-casa-del-popolo\/","og_locale":"it_IT","og_type":"article","og_title":"Un libro per i 50 anni della Casa del Popolo - Noi di Qua Testata giornalistica e di attualit\u00e0 di Agliana, Montale e Quarrata.","og_description":"di\u00a0Giacomo Bini marzo 2018 &nbsp; La Casa del Popolo di Montale ha celebrato il cinquantesimo anniversario della sua sede di via Martiri della Libert\u00e0 con una cerimonia, alla presenza delle autorit\u00e0 e di moltissime associazioni, e con un prezioso libretto in cui \u00e8 ricostruita, con documenti e foto, la storia di 50 anni di [&hellip;]","og_url":"https:\/\/www.noidiqua.it\/Montale\/un-libro-50-anni-della-casa-del-popolo\/","og_site_name":"Noi di Qua Testata giornalistica e di attualit\u00e0 di Agliana, Montale e Quarrata.","article_publisher":"https:\/\/www.facebook.com\/noidiqua.trimestrale\/","article_published_time":"2018-03-13T15:48:21+00:00","article_modified_time":"2022-01-28T10:38:07+00:00","og_image":[{"url":"https:\/\/www.noidiqua.it\/Montale\/wp-content\/uploads\/2018\/03\/CASA-DEL-POPOLO-.png","type":"","width":"","height":""}],"author":"Giacomo Bini","twitter_misc":{"Scritto da":"Giacomo Bini","Tempo di lettura stimato":"2 minuti"},"schema":{"@context":"https:\/\/schema.org","@graph":[{"@type":"WebPage","@id":"https:\/\/www.noidiqua.it\/Montale\/un-libro-50-anni-della-casa-del-popolo\/","url":"https:\/\/www.noidiqua.it\/Montale\/un-libro-50-anni-della-casa-del-popolo\/","name":"Un libro per i 50 anni della Casa del Popolo - Noi di Qua Testata giornalistica e di attualit\u00e0 di Agliana, Montale e Quarrata.","isPartOf":{"@id":"https:\/\/www.noidiqua.it\/Montale\/#website"},"primaryImageOfPage":{"@id":"https:\/\/www.noidiqua.it\/Montale\/un-libro-50-anni-della-casa-del-popolo\/#primaryimage"},"image":{"@id":"https:\/\/www.noidiqua.it\/Montale\/un-libro-50-anni-della-casa-del-popolo\/#primaryimage"},"thumbnailUrl":"https:\/\/www.noidiqua.it\/Montale\/wp-content\/uploads\/2018\/03\/CASA-DEL-POPOLO-.png","datePublished":"2018-03-13T15:48:21+00:00","dateModified":"2022-01-28T10:38:07+00:00","author":{"@id":"https:\/\/www.noidiqua.it\/Montale\/#\/schema\/person\/e2e6f44da50af0dae9c90ad168e471a4"},"breadcrumb":{"@id":"https:\/\/www.noidiqua.it\/Montale\/un-libro-50-anni-della-casa-del-popolo\/#breadcrumb"},"inLanguage":"it-IT","potentialAction":[{"@type":"ReadAction","target":["https:\/\/www.noidiqua.it\/Montale\/un-libro-50-anni-della-casa-del-popolo\/"]}]},{"@type":"ImageObject","inLanguage":"it-IT","@id":"https:\/\/www.noidiqua.it\/Montale\/un-libro-50-anni-della-casa-del-popolo\/#primaryimage","url":"https:\/\/www.noidiqua.it\/Montale\/wp-content\/uploads\/2018\/03\/CASA-DEL-POPOLO-.png","contentUrl":"https:\/\/www.noidiqua.it\/Montale\/wp-content\/uploads\/2018\/03\/CASA-DEL-POPOLO-.png","width":450,"height":325},{"@type":"BreadcrumbList","@id":"https:\/\/www.noidiqua.it\/Montale\/un-libro-50-anni-della-casa-del-popolo\/#breadcrumb","itemListElement":[{"@type":"ListItem","position":1,"name":"Home","item":"https:\/\/www.noidiqua.it\/Montale\/"},{"@type":"ListItem","position":2,"name":"Un libro per i 50 anni della Casa del Popolo"}]},{"@type":"WebSite","@id":"https:\/\/www.noidiqua.it\/Montale\/#website","url":"https:\/\/www.noidiqua.it\/Montale\/","name":"Noi di Qua Testata giornalistica e di attualit\u00e0 di Agliana, Montale e Quarrata.","description":"Testata Giornalistica Quarrata Montale Agliana","potentialAction":[{"@type":"SearchAction","target":{"@type":"EntryPoint","urlTemplate":"https:\/\/www.noidiqua.it\/Montale\/?s={search_term_string}"},"query-input":{"@type":"PropertyValueSpecification","valueRequired":true,"valueName":"search_term_string"}}],"inLanguage":"it-IT"},{"@type":"Person","@id":"https:\/\/www.noidiqua.it\/Montale\/#\/schema\/person\/e2e6f44da50af0dae9c90ad168e471a4","name":"Giacomo Bini","image":{"@type":"ImageObject","inLanguage":"it-IT","@id":"https:\/\/www.noidiqua.it\/Montale\/#\/schema\/person\/image\/","url":"https:\/\/secure.gravatar.com\/avatar\/e5c18ae41df5ae37397358f2c6046696187d51a120c5d0b8f0c49f7b606f46f4?s=96&d=mm&r=g","contentUrl":"https:\/\/secure.gravatar.com\/avatar\/e5c18ae41df5ae37397358f2c6046696187d51a120c5d0b8f0c49f7b606f46f4?s=96&d=mm&r=g","caption":"Giacomo Bini"},"url":"https:\/\/www.noidiqua.it\/Montale\/author\/giacomo-bini\/"}]}},"_links":{"self":[{"href":"https:\/\/www.noidiqua.it\/Montale\/wp-json\/wp\/v2\/posts\/5027","targetHints":{"allow":["GET"]}}],"collection":[{"href":"https:\/\/www.noidiqua.it\/Montale\/wp-json\/wp\/v2\/posts"}],"about":[{"href":"https:\/\/www.noidiqua.it\/Montale\/wp-json\/wp\/v2\/types\/post"}],"author":[{"embeddable":true,"href":"https:\/\/www.noidiqua.it\/Montale\/wp-json\/wp\/v2\/users\/12"}],"replies":[{"embeddable":true,"href":"https:\/\/www.noidiqua.it\/Montale\/wp-json\/wp\/v2\/comments?post=5027"}],"version-history":[{"count":5,"href":"https:\/\/www.noidiqua.it\/Montale\/wp-json\/wp\/v2\/posts\/5027\/revisions"}],"predecessor-version":[{"id":6535,"href":"https:\/\/www.noidiqua.it\/Montale\/wp-json\/wp\/v2\/posts\/5027\/revisions\/6535"}],"wp:attachment":[{"href":"https:\/\/www.noidiqua.it\/Montale\/wp-json\/wp\/v2\/media?parent=5027"}],"wp:term":[{"taxonomy":"category","embeddable":true,"href":"https:\/\/www.noidiqua.it\/Montale\/wp-json\/wp\/v2\/categories?post=5027"},{"taxonomy":"post_tag","embeddable":true,"href":"https:\/\/www.noidiqua.it\/Montale\/wp-json\/wp\/v2\/tags?post=5027"}],"curies":[{"name":"wp","href":"https:\/\/api.w.org\/{rel}","templated":true}]}}