{"id":5036,"date":"2018-03-13T18:02:09","date_gmt":"2018-03-13T17:02:09","guid":{"rendered":"https:\/\/www.noidiqua.it\/Montale\/?p=5036"},"modified":"2024-01-22T11:39:17","modified_gmt":"2024-01-22T10:39:17","slug":"il-68-cinquantanni-dopo","status":"publish","type":"post","link":"https:\/\/www.noidiqua.it\/Montale\/il-68-cinquantanni-dopo\/","title":{"rendered":"Il &#8217;68 cinquant&#8217;anni dopo"},"content":{"rendered":"<p>&nbsp;<\/p>\n<p><em>di Massimo Cappelli<\/em><\/p>\n<p>marzo 2018<\/p>\n<p><a href=\"https:\/\/www.noidiqua.it\/Montale\/wp-content\/uploads\/2018\/03\/CONCLUDENDO-2-2.png\" rel=\"wp-prettyPhoto[5036]\"><img loading=\"lazy\" decoding=\"async\" class=\"aligncenter size-full wp-image-8553\" src=\"https:\/\/www.noidiqua.it\/Montale\/wp-content\/uploads\/2018\/03\/CONCLUDENDO-2-2.png\" alt=\"\" width=\"450\" height=\"304\" srcset=\"https:\/\/www.noidiqua.it\/Montale\/wp-content\/uploads\/2018\/03\/CONCLUDENDO-2-2.png 450w, https:\/\/www.noidiqua.it\/Montale\/wp-content\/uploads\/2018\/03\/CONCLUDENDO-2-2-300x203.png 300w\" sizes=\"auto, (max-width: 450px) 100vw, 450px\" \/><\/a><\/p>\n<p><span class=\"s1\">Nel 1967 <strong>Francesco Guccini<\/strong> e I Nomadi portarono al successo la canzone <i>\u201cDio \u00e8 morto\u201d<\/i> che fu prima censurata e poi addirittura riammessa da <strong>papa Paolo VI<\/strong>. Il Pontefice spieg\u00f2 che in essa non c\u2019era alcun vilipendio alla religione, poich\u00e9 un verso della canzone recitava: <i>\u201c\u2026se Dio muore \u00e8 per tre giorni e poi risorge\u201d<\/i>, confermando ci\u00f2 che afferma proprio la <strong>dottrina Cristiana<\/strong>. Nel testo di questa canzone, scritta a oltre vent\u2019anni dalla fine della seconda guerra mondiale ed in pieno <strong>boom economico<\/strong>, c\u2019era invece tutto il disorientamento dei <strong>giovani<\/strong>, il conflitto fra generazioni ed il rifiuto ad una societ\u00e0 ipocrita, qualunquista e opportunista, allineata al sistema borghese solo per abitudine o per convenienza. Con questa canzone si esortava alla lotta. E la lotta inizi\u00f2! Si fece sentire con tutta la sua forza l\u2019anno dopo, proprio nel 1968.<\/span><\/p>\n<p><span class=\"s1\">Le parole pi\u00f9 usate in quegli anni erano: <strong>contestazione<\/strong>, <strong>insurrezione<\/strong>, <strong>analisi<\/strong>, <strong>lotta di classe<\/strong>. Era come se i giovani di tutto il mondo occidentale \u2013 studenti e operai, di ceti ed estrazioni sociali diverse \u2013 si fossero dati appuntamento per muovere una protesta generale contro il sistema, contro i professori, contro i titolari nelle fabbriche, contro i genitori in casa: insomma&#8230; contro tutto e tutti!<\/span><\/p>\n<p><span class=\"s1\">Il <strong>Sessantotto<\/strong> fu un fenomeno sociale unico, ma il tempo delle barricate in piazza non dur\u00f2 molto. Fu per\u00f2 grazie a questo breve periodo che si raggiunsero <strong>conquiste sociali<\/strong> anche importanti come l\u2019<strong>emancipazione femminile<\/strong>, i diritti sul posto di lavoro, i diritti civili, il rispetto per le minoranze e via discorrendo. Fu invece enorme (e forse un po\u2019 banale) l\u2019effetto che questo fenomeno lasci\u00f2 per un decennio e oltre nella moda, nella musica, nella letteratura, nel cinema e nella comunicazione. L\u2019abbigliamento, per esempio, era diventato un vero e proprio clich\u00e9: i pantaloni a zampa di elefante, il maglione pesante di lana, la lunga sciarpa rossa (o verde), l\u2019<strong>Eskimo<\/strong> e le <strong>Clark<\/strong> ai piedi. C\u2019\u00e8 da dire per\u00f2 che la moda, allora impostata e obbligata, fu resa molto pi\u00f9 libera e fu da l\u00ec che nacque l\u2019<strong>unisex<\/strong>. Tuttavia, oggi, molti dei sessantottini e filo-sessantottini di allora sono diventati proprio quei borghesi da loro contestati in giovent\u00f9: politici, professori, magistrati, baroni della medicina e <strong>capitani d\u2019industria<\/strong>. Ma anche persone semplici, donne e uomini \u201cinseriti\u201d, insegnanti e piccoli industriali. Poi c\u2019\u00e8 anche chi, come cantava <strong>Giorgio Gaber<\/strong> <i>\u201c\u2026non ne pu\u00f2 pi\u00f9 di fare l\u2019operaio\u201d<\/i> e che grazie alle ultime leggi, vede il raggiungimento della sospirata pensione ancora lontano.<\/span><\/p>\n<p><a href=\"https:\/\/www.noidiqua.it\/Montale\/wp-content\/uploads\/2018\/03\/CONCLUDENDO-1-2.png\" rel=\"wp-prettyPhoto[5036]\"><img loading=\"lazy\" decoding=\"async\" class=\"aligncenter size-full wp-image-8555\" src=\"https:\/\/www.noidiqua.it\/Montale\/wp-content\/uploads\/2018\/03\/CONCLUDENDO-1-2.png\" alt=\"\" width=\"450\" height=\"254\" srcset=\"https:\/\/www.noidiqua.it\/Montale\/wp-content\/uploads\/2018\/03\/CONCLUDENDO-1-2.png 450w, https:\/\/www.noidiqua.it\/Montale\/wp-content\/uploads\/2018\/03\/CONCLUDENDO-1-2-300x169.png 300w\" sizes=\"auto, (max-width: 450px) 100vw, 450px\" \/><\/a><\/p>\n<p><span class=\"s1\">Quindi, a cinquant\u2019anni esatti da questa famosa rivoluzione socio-culturale, come ce la passiamo oggi? In fatto di diritti, intendo, di avanzamento sociale e di dignit\u00e0 personale. E\u2019 notizia di qualche giorno fa (siamo a met\u00e0 febbraio) che un colosso statunitense di commercio elettronico vuole mettere un braccialetto al polso di tutti i suoi dipendenti per monitorare la loro giornata. E tutti zitti! Che dignit\u00e0 \u00e8 questa? E a proposito di pensioni o di occupazione giovanile; se noi, giovani dell\u2019epoca, possiamo ancora godere o sperare in una pensione, i nostri ragazzi, probabilmente se la sognano: la disoccupazione giovanile \u00e8 oltre il 35% e coloro che hanno un posto di lavoro lo hanno in maniera instabile e precaria. Per cui, dovrebbero essere proprio i nostri <strong><i>\u201cDiciottini\u201d<\/i><\/strong>, oggi, a pensare al loro domani, a riempire le piazze, con i megafoni, gli slogan, gli striscioni e tutto il resto. E invece cosa fanno? Se ne stanno curvi a <strong>chattare<\/strong> sugli <strong>smartphone<\/strong>, in un mondo virtuale, non considerando che ne esiste uno reale con tanti problemi. Si fa politica con i sondaggi e con il marketing, in quasi totale assenza di ideali, e questo porta ad un grande disinteresse per la materia. Queste sono forse le conseguenze degli ultimi anni del millennio, dove ha prevalso soltanto l\u2019esteriorit\u00e0, l\u2019immagine, la <strong><i>\u201cMilano da bere\u201d<\/i><\/strong>, gli<strong><i> \u201cyuppies\u201d<\/i><\/strong>. Fino ad arrivare alla recessione e al paradosso dell\u2019ultimo ventennio: condurre una vita da ricchi, pagando, per\u00f2, tutto in comode rate mensili. Come ci racconta <strong>Rosita Testai<\/strong>, ex Sindaco di Quarrata: <i>\u00abSono lontani i tempi dei cineforum, di quando ci si riuniva e si discuteva il film appena visto. Di quando si ripudiava la guerra del Vietnam ed il sogno comune era un futuro migliore. Si andava a fare le vacanze a Milano o in Francia, nei Campi di Lavoro Emmaus. Oggi regna l\u2019individualismo, si pensa solo al presente, prevale \u201cl\u2019io\u201d non il \u201cnoi\u201d\u00bb<\/i>. <\/span><\/p>\n<p><span class=\"s1\">Forse mi ripeto affermando che il termine <strong><i>\u201clibert\u00e0\u201d<\/i><\/strong> \u00e8 oggi abusato in politica, nella comunicazione pubblicitaria e in molte discussioni, ma forse ne abbiamo travisato il significato, perch\u00e9 la vera libert\u00e0 dovrebbe essere quella che rende liberi tutti; s\u00ec, un po\u2019 come a nascondino: adoperarsi per gli altri e liberare anche chi \u00e8 stato preso in trappola.<\/span><\/p>\n<p><span class=\"s1\">Concludendo: a cinquanta anni dal \u201968, Dio, \u00e8 morto, o in questo mezzo secolo stiamo vivendo ancora nei tre giorni, in attesa della sua Resurrezione? Per Lui che \u00e8 Eterno, cinquant\u2019anni, tre giorni, mille anni o un secondo sono la stessa cosa. Ma per noi no! Allora, cosa dobbiamo fare? invocare la Provvidenza, pazientando, sperando e restando in attesa? O prendere per buono il detto Aiutati che Dio ti aiuta?<\/span><\/p>\n<p><a href=\"https:\/\/www.noidiqua.it\/Montale\/wp-content\/uploads\/2018\/03\/CONCLUDENDO-1-3.png\" rel=\"wp-prettyPhoto[5036]\"><img loading=\"lazy\" decoding=\"async\" class=\"aligncenter size-full wp-image-8556\" src=\"https:\/\/www.noidiqua.it\/Montale\/wp-content\/uploads\/2018\/03\/CONCLUDENDO-1-3.png\" alt=\"\" width=\"450\" height=\"358\" srcset=\"https:\/\/www.noidiqua.it\/Montale\/wp-content\/uploads\/2018\/03\/CONCLUDENDO-1-3.png 450w, https:\/\/www.noidiqua.it\/Montale\/wp-content\/uploads\/2018\/03\/CONCLUDENDO-1-3-300x239.png 300w\" sizes=\"auto, (max-width: 450px) 100vw, 450px\" \/><\/a><\/p>\n<p>&nbsp;<\/p>\n<p>&nbsp;<\/p>","protected":false},"excerpt":{"rendered":"<p>&nbsp; di Massimo Cappelli marzo 2018 Nel 1967 Francesco Guccini e I Nomadi portarono al successo la canzone \u201cDio \u00e8 morto\u201d che fu prima censurata e poi addirittura riammessa da papa Paolo VI. Il Pontefice spieg\u00f2 che in essa non c\u2019era alcun vilipendio alla religione, poich\u00e9 un verso della canzone recitava: \u201c\u2026se Dio muore [&hellip;]<\/p>","protected":false},"author":7,"featured_media":0,"comment_status":"open","ping_status":"open","sticky":false,"template":"","format":"standard","meta":{"footnotes":""},"categories":[24,7],"tags":[1649,1646,1657,1659,1655,1652,1647,1645,1653,1654,1643,852,86,1648,1650,1644,1662,1651,696,1656,1658,1663,1660,1661],"class_list":["post-5036","post","type-post","status-publish","format-standard","hentry","category-concludendo-qt","category-mt","tag-analisi","tag-boom-economico","tag-capitani-dindustria","tag-chattare","tag-clark","tag-conquiste-sociali","tag-contestazione","tag-dottrina-cristiana","tag-emancipazione-femminile","tag-eskimo","tag-francesco-guccini","tag-giorgio-gaber","tag-giovani","tag-insurrezione","tag-lotta-di-classe","tag-papa-paolo-vi","tag-rosita-testai","tag-sessantotto","tag-smartphone","tag-unisex","tag-diciottini","tag-liberta","tag-milano-da-bere","tag-yuppies"],"yoast_head":"<!-- This site is optimized with the Yoast SEO plugin v25.5 - https:\/\/yoast.com\/wordpress\/plugins\/seo\/ -->\n<title>Il &#039;68 cinquant&#039;anni dopo - Noi di Qua Testata giornalistica e di attualit\u00e0 di Agliana, Montale e Quarrata.<\/title>\n<meta name=\"robots\" content=\"index, follow, max-snippet:-1, max-image-preview:large, max-video-preview:-1\" \/>\n<link rel=\"canonical\" href=\"https:\/\/www.noidiqua.it\/Montale\/il-68-cinquantanni-dopo\/\" \/>\n<meta property=\"og:locale\" content=\"it_IT\" \/>\n<meta property=\"og:type\" content=\"article\" \/>\n<meta property=\"og:title\" content=\"Il &#039;68 cinquant&#039;anni dopo - Noi di Qua Testata giornalistica e di attualit\u00e0 di Agliana, Montale e Quarrata.\" \/>\n<meta property=\"og:description\" content=\"&nbsp; di Massimo Cappelli marzo 2018 Nel 1967 Francesco Guccini e I Nomadi portarono al successo la canzone \u201cDio \u00e8 morto\u201d che fu prima censurata e poi addirittura riammessa da papa Paolo VI. Il Pontefice spieg\u00f2 che in essa non c\u2019era alcun vilipendio alla religione, poich\u00e9 un verso della canzone recitava: \u201c\u2026se Dio muore [&hellip;]\" \/>\n<meta property=\"og:url\" content=\"https:\/\/www.noidiqua.it\/Montale\/il-68-cinquantanni-dopo\/\" \/>\n<meta property=\"og:site_name\" content=\"Noi di Qua Testata giornalistica e di attualit\u00e0 di Agliana, Montale e Quarrata.\" \/>\n<meta property=\"article:publisher\" content=\"https:\/\/www.facebook.com\/noidiqua.trimestrale\/\" \/>\n<meta property=\"article:published_time\" content=\"2018-03-13T17:02:09+00:00\" \/>\n<meta property=\"article:modified_time\" content=\"2024-01-22T10:39:17+00:00\" \/>\n<meta property=\"og:image\" content=\"https:\/\/www.noidiqua.it\/Montale\/wp-content\/uploads\/2018\/03\/CONCLUDENDO-2-2.png\" \/>\n<meta name=\"author\" content=\"Massimo Cappelli\" \/>\n<meta name=\"twitter:label1\" content=\"Scritto da\" \/>\n\t<meta name=\"twitter:data1\" content=\"Massimo Cappelli\" \/>\n\t<meta name=\"twitter:label2\" content=\"Tempo di lettura stimato\" \/>\n\t<meta name=\"twitter:data2\" content=\"5 minuti\" \/>\n<script type=\"application\/ld+json\" class=\"yoast-schema-graph\">{\"@context\":\"https:\/\/schema.org\",\"@graph\":[{\"@type\":\"WebPage\",\"@id\":\"https:\/\/www.noidiqua.it\/Montale\/il-68-cinquantanni-dopo\/\",\"url\":\"https:\/\/www.noidiqua.it\/Montale\/il-68-cinquantanni-dopo\/\",\"name\":\"Il '68 cinquant'anni dopo - Noi di Qua Testata giornalistica e di attualit\u00e0 di Agliana, Montale e Quarrata.\",\"isPartOf\":{\"@id\":\"https:\/\/www.noidiqua.it\/Montale\/#website\"},\"primaryImageOfPage\":{\"@id\":\"https:\/\/www.noidiqua.it\/Montale\/il-68-cinquantanni-dopo\/#primaryimage\"},\"image\":{\"@id\":\"https:\/\/www.noidiqua.it\/Montale\/il-68-cinquantanni-dopo\/#primaryimage\"},\"thumbnailUrl\":\"https:\/\/www.noidiqua.it\/Montale\/wp-content\/uploads\/2018\/03\/CONCLUDENDO-2-2.png\",\"datePublished\":\"2018-03-13T17:02:09+00:00\",\"dateModified\":\"2024-01-22T10:39:17+00:00\",\"author\":{\"@id\":\"https:\/\/www.noidiqua.it\/Montale\/#\/schema\/person\/858b1b9db61101126e5ded39f94daedb\"},\"breadcrumb\":{\"@id\":\"https:\/\/www.noidiqua.it\/Montale\/il-68-cinquantanni-dopo\/#breadcrumb\"},\"inLanguage\":\"it-IT\",\"potentialAction\":[{\"@type\":\"ReadAction\",\"target\":[\"https:\/\/www.noidiqua.it\/Montale\/il-68-cinquantanni-dopo\/\"]}]},{\"@type\":\"ImageObject\",\"inLanguage\":\"it-IT\",\"@id\":\"https:\/\/www.noidiqua.it\/Montale\/il-68-cinquantanni-dopo\/#primaryimage\",\"url\":\"https:\/\/www.noidiqua.it\/Montale\/wp-content\/uploads\/2018\/03\/CONCLUDENDO-2-2.png\",\"contentUrl\":\"https:\/\/www.noidiqua.it\/Montale\/wp-content\/uploads\/2018\/03\/CONCLUDENDO-2-2.png\",\"width\":450,\"height\":304},{\"@type\":\"BreadcrumbList\",\"@id\":\"https:\/\/www.noidiqua.it\/Montale\/il-68-cinquantanni-dopo\/#breadcrumb\",\"itemListElement\":[{\"@type\":\"ListItem\",\"position\":1,\"name\":\"Home\",\"item\":\"https:\/\/www.noidiqua.it\/Montale\/\"},{\"@type\":\"ListItem\",\"position\":2,\"name\":\"Il &#8217;68 cinquant&#8217;anni dopo\"}]},{\"@type\":\"WebSite\",\"@id\":\"https:\/\/www.noidiqua.it\/Montale\/#website\",\"url\":\"https:\/\/www.noidiqua.it\/Montale\/\",\"name\":\"Noi di Qua Testata giornalistica e di attualit\u00e0 di Agliana, Montale e Quarrata.\",\"description\":\"Testata Giornalistica Quarrata Montale Agliana\",\"potentialAction\":[{\"@type\":\"SearchAction\",\"target\":{\"@type\":\"EntryPoint\",\"urlTemplate\":\"https:\/\/www.noidiqua.it\/Montale\/?s={search_term_string}\"},\"query-input\":{\"@type\":\"PropertyValueSpecification\",\"valueRequired\":true,\"valueName\":\"search_term_string\"}}],\"inLanguage\":\"it-IT\"},{\"@type\":\"Person\",\"@id\":\"https:\/\/www.noidiqua.it\/Montale\/#\/schema\/person\/858b1b9db61101126e5ded39f94daedb\",\"name\":\"Massimo Cappelli\",\"image\":{\"@type\":\"ImageObject\",\"inLanguage\":\"it-IT\",\"@id\":\"https:\/\/www.noidiqua.it\/Montale\/#\/schema\/person\/image\/\",\"url\":\"https:\/\/secure.gravatar.com\/avatar\/0e7261535228aa9bb0417ab8f42f3fadaf8ce23bdfde46c689c43410a676cfa9?s=96&d=mm&r=g\",\"contentUrl\":\"https:\/\/secure.gravatar.com\/avatar\/0e7261535228aa9bb0417ab8f42f3fadaf8ce23bdfde46c689c43410a676cfa9?s=96&d=mm&r=g\",\"caption\":\"Massimo Cappelli\"},\"url\":\"https:\/\/www.noidiqua.it\/Montale\/author\/massimo-cappelli\/\"}]}<\/script>\n<!-- \/ Yoast SEO plugin. -->","yoast_head_json":{"title":"Il '68 cinquant'anni dopo - Noi di Qua Testata giornalistica e di attualit\u00e0 di Agliana, Montale e Quarrata.","robots":{"index":"index","follow":"follow","max-snippet":"max-snippet:-1","max-image-preview":"max-image-preview:large","max-video-preview":"max-video-preview:-1"},"canonical":"https:\/\/www.noidiqua.it\/Montale\/il-68-cinquantanni-dopo\/","og_locale":"it_IT","og_type":"article","og_title":"Il '68 cinquant'anni dopo - Noi di Qua Testata giornalistica e di attualit\u00e0 di Agliana, Montale e Quarrata.","og_description":"&nbsp; di Massimo Cappelli marzo 2018 Nel 1967 Francesco Guccini e I Nomadi portarono al successo la canzone \u201cDio \u00e8 morto\u201d che fu prima censurata e poi addirittura riammessa da papa Paolo VI. Il Pontefice spieg\u00f2 che in essa non c\u2019era alcun vilipendio alla religione, poich\u00e9 un verso della canzone recitava: \u201c\u2026se Dio muore [&hellip;]","og_url":"https:\/\/www.noidiqua.it\/Montale\/il-68-cinquantanni-dopo\/","og_site_name":"Noi di Qua Testata giornalistica e di attualit\u00e0 di Agliana, Montale e Quarrata.","article_publisher":"https:\/\/www.facebook.com\/noidiqua.trimestrale\/","article_published_time":"2018-03-13T17:02:09+00:00","article_modified_time":"2024-01-22T10:39:17+00:00","og_image":[{"url":"https:\/\/www.noidiqua.it\/Montale\/wp-content\/uploads\/2018\/03\/CONCLUDENDO-2-2.png","type":"","width":"","height":""}],"author":"Massimo Cappelli","twitter_misc":{"Scritto da":"Massimo Cappelli","Tempo di lettura stimato":"5 minuti"},"schema":{"@context":"https:\/\/schema.org","@graph":[{"@type":"WebPage","@id":"https:\/\/www.noidiqua.it\/Montale\/il-68-cinquantanni-dopo\/","url":"https:\/\/www.noidiqua.it\/Montale\/il-68-cinquantanni-dopo\/","name":"Il '68 cinquant'anni dopo - Noi di Qua Testata giornalistica e di attualit\u00e0 di Agliana, Montale e Quarrata.","isPartOf":{"@id":"https:\/\/www.noidiqua.it\/Montale\/#website"},"primaryImageOfPage":{"@id":"https:\/\/www.noidiqua.it\/Montale\/il-68-cinquantanni-dopo\/#primaryimage"},"image":{"@id":"https:\/\/www.noidiqua.it\/Montale\/il-68-cinquantanni-dopo\/#primaryimage"},"thumbnailUrl":"https:\/\/www.noidiqua.it\/Montale\/wp-content\/uploads\/2018\/03\/CONCLUDENDO-2-2.png","datePublished":"2018-03-13T17:02:09+00:00","dateModified":"2024-01-22T10:39:17+00:00","author":{"@id":"https:\/\/www.noidiqua.it\/Montale\/#\/schema\/person\/858b1b9db61101126e5ded39f94daedb"},"breadcrumb":{"@id":"https:\/\/www.noidiqua.it\/Montale\/il-68-cinquantanni-dopo\/#breadcrumb"},"inLanguage":"it-IT","potentialAction":[{"@type":"ReadAction","target":["https:\/\/www.noidiqua.it\/Montale\/il-68-cinquantanni-dopo\/"]}]},{"@type":"ImageObject","inLanguage":"it-IT","@id":"https:\/\/www.noidiqua.it\/Montale\/il-68-cinquantanni-dopo\/#primaryimage","url":"https:\/\/www.noidiqua.it\/Montale\/wp-content\/uploads\/2018\/03\/CONCLUDENDO-2-2.png","contentUrl":"https:\/\/www.noidiqua.it\/Montale\/wp-content\/uploads\/2018\/03\/CONCLUDENDO-2-2.png","width":450,"height":304},{"@type":"BreadcrumbList","@id":"https:\/\/www.noidiqua.it\/Montale\/il-68-cinquantanni-dopo\/#breadcrumb","itemListElement":[{"@type":"ListItem","position":1,"name":"Home","item":"https:\/\/www.noidiqua.it\/Montale\/"},{"@type":"ListItem","position":2,"name":"Il &#8217;68 cinquant&#8217;anni dopo"}]},{"@type":"WebSite","@id":"https:\/\/www.noidiqua.it\/Montale\/#website","url":"https:\/\/www.noidiqua.it\/Montale\/","name":"Noi di Qua Testata giornalistica e di attualit\u00e0 di Agliana, Montale e Quarrata.","description":"Testata Giornalistica Quarrata Montale Agliana","potentialAction":[{"@type":"SearchAction","target":{"@type":"EntryPoint","urlTemplate":"https:\/\/www.noidiqua.it\/Montale\/?s={search_term_string}"},"query-input":{"@type":"PropertyValueSpecification","valueRequired":true,"valueName":"search_term_string"}}],"inLanguage":"it-IT"},{"@type":"Person","@id":"https:\/\/www.noidiqua.it\/Montale\/#\/schema\/person\/858b1b9db61101126e5ded39f94daedb","name":"Massimo Cappelli","image":{"@type":"ImageObject","inLanguage":"it-IT","@id":"https:\/\/www.noidiqua.it\/Montale\/#\/schema\/person\/image\/","url":"https:\/\/secure.gravatar.com\/avatar\/0e7261535228aa9bb0417ab8f42f3fadaf8ce23bdfde46c689c43410a676cfa9?s=96&d=mm&r=g","contentUrl":"https:\/\/secure.gravatar.com\/avatar\/0e7261535228aa9bb0417ab8f42f3fadaf8ce23bdfde46c689c43410a676cfa9?s=96&d=mm&r=g","caption":"Massimo Cappelli"},"url":"https:\/\/www.noidiqua.it\/Montale\/author\/massimo-cappelli\/"}]}},"_links":{"self":[{"href":"https:\/\/www.noidiqua.it\/Montale\/wp-json\/wp\/v2\/posts\/5036","targetHints":{"allow":["GET"]}}],"collection":[{"href":"https:\/\/www.noidiqua.it\/Montale\/wp-json\/wp\/v2\/posts"}],"about":[{"href":"https:\/\/www.noidiqua.it\/Montale\/wp-json\/wp\/v2\/types\/post"}],"author":[{"embeddable":true,"href":"https:\/\/www.noidiqua.it\/Montale\/wp-json\/wp\/v2\/users\/7"}],"replies":[{"embeddable":true,"href":"https:\/\/www.noidiqua.it\/Montale\/wp-json\/wp\/v2\/comments?post=5036"}],"version-history":[{"count":7,"href":"https:\/\/www.noidiqua.it\/Montale\/wp-json\/wp\/v2\/posts\/5036\/revisions"}],"predecessor-version":[{"id":8557,"href":"https:\/\/www.noidiqua.it\/Montale\/wp-json\/wp\/v2\/posts\/5036\/revisions\/8557"}],"wp:attachment":[{"href":"https:\/\/www.noidiqua.it\/Montale\/wp-json\/wp\/v2\/media?parent=5036"}],"wp:term":[{"taxonomy":"category","embeddable":true,"href":"https:\/\/www.noidiqua.it\/Montale\/wp-json\/wp\/v2\/categories?post=5036"},{"taxonomy":"post_tag","embeddable":true,"href":"https:\/\/www.noidiqua.it\/Montale\/wp-json\/wp\/v2\/tags?post=5036"}],"curies":[{"name":"wp","href":"https:\/\/api.w.org\/{rel}","templated":true}]}}