{"id":5107,"date":"2018-07-19T11:28:48","date_gmt":"2018-07-19T09:28:48","guid":{"rendered":"https:\/\/www.noidiqua.it\/Montale\/?p=5107"},"modified":"2022-01-25T14:18:56","modified_gmt":"2022-01-25T13:18:56","slug":"emanuele-atrei-giovane-promessa-del-canto","status":"publish","type":"post","link":"https:\/\/www.noidiqua.it\/Montale\/emanuele-atrei-giovane-promessa-del-canto\/","title":{"rendered":"Emanuele Atrei &#8211; giovane promessa del canto"},"content":{"rendered":"<p><em>di Serena Michelozzi<\/em><\/p>\n<p>giugno 2018<\/p>\n<p><a href=\"https:\/\/www.noidiqua.it\/Montale\/wp-content\/uploads\/2018\/07\/EMANUELE-ATREI-.png\" rel=\"wp-prettyPhoto[5107]\"><img loading=\"lazy\" decoding=\"async\" class=\"aligncenter size-full wp-image-6471\" src=\"https:\/\/www.noidiqua.it\/Montale\/wp-content\/uploads\/2018\/07\/EMANUELE-ATREI-.png\" alt=\"\" width=\"450\" height=\"302\" srcset=\"https:\/\/www.noidiqua.it\/Montale\/wp-content\/uploads\/2018\/07\/EMANUELE-ATREI-.png 450w, https:\/\/www.noidiqua.it\/Montale\/wp-content\/uploads\/2018\/07\/EMANUELE-ATREI--300x201.png 300w\" sizes=\"auto, (max-width: 450px) 100vw, 450px\" \/><\/a><strong>Emanuele<\/strong>, 17 anni e mezzo, studente del liceo linguistico a Pistoia, ha iniziato a studiare <strong>canto<\/strong> all\u2019et\u00e0 di 13\/14 anni e ancora adesso continua a seguire questa sua grande <strong>passione<\/strong> sognando un domani di diventare una grande star della <strong>musica<\/strong>, in particolare del genere <strong>musical<\/strong>. Frequenta la scuola di canto SOM \u201c<strong>Studio Obiettivo Musica<\/strong>\u201d, dove, grazie ai suoi insegnanti, <strong>Nicola Votino<\/strong> e <strong>Daniela Agrumi<\/strong>, impara canto ed esercita la propria voce con il metodo \u201cEstil\u201d c.d. \u201cdel cantar naturale\u201d, utilizzato anche dalla scuola di Alejandro Saorin Martinez. L\u2019\u201cEstil\u201d \u00e8 una tecnica vocale inventata dalla ricercatrice cantante e insegnante americana <strong>Jo Estil<\/strong>: una tecnica che prescinde da qualsiasi valutazione estetica o imposizione stilistica, una conoscenza della fisiologia per giungere ad un controllo cosciente del lavoro muscolare connesso all\u2019emissione sonora ed ad un controllo indipendente delle parti fondamentali del meccanismo vocale.<a href=\"https:\/\/www.noidiqua.it\/Montale\/wp-content\/uploads\/2018\/07\/EMANUELE-ATREI-2.png\" rel=\"wp-prettyPhoto[5107]\"><img loading=\"lazy\" decoding=\"async\" class=\"aligncenter size-full wp-image-6473\" src=\"https:\/\/www.noidiqua.it\/Montale\/wp-content\/uploads\/2018\/07\/EMANUELE-ATREI-2.png\" alt=\"\" width=\"262\" height=\"380\" srcset=\"https:\/\/www.noidiqua.it\/Montale\/wp-content\/uploads\/2018\/07\/EMANUELE-ATREI-2.png 262w, https:\/\/www.noidiqua.it\/Montale\/wp-content\/uploads\/2018\/07\/EMANUELE-ATREI-2-207x300.png 207w\" sizes=\"auto, (max-width: 262px) 100vw, 262px\" \/><\/a>Emanuele, nonostante la sua giovane et\u00e0, ha iniziato sin da subito, grazie ai suoi insegnanti e all\u2019\u201cacchiappatalenti\u201d <strong>Elisabetta Branchetti<\/strong>, a partecipare a spettacoli e concorsi che gli hanno permesso di superare l\u2019iniziale timidezza. Ha partecipato al <strong>Talent Busters<\/strong> al <strong>Santomato Live<\/strong> ed a vari spettacoli tenutisi presso il Teatro Bolognini a Pistoia. Ha collaborato anche con il musicista <strong>Michele del Vicario<\/strong> del Maggio Musicale Fiorentino, che gli propose di cantare un inedito sul testo del poeta <strong>Giuseppe Mezzatesta<\/strong>, ed \u00e8 cos\u00ec che \u00e8 nato il pezzo <strong>\u201cLa Mia Aquila\u201d<\/strong>. Successivamente il brano \u00e8 arrivato in finale al concorso Millevoci di Roma, organizzato dal famoso produttore discografico <strong>Dino Vitola<\/strong>. Insomma, Emanuele, nonostante gli innumerevoli impegni scolastici, dedica il massimo impegno al canto e per il futuro ha un grande sogno, quello di fare musical e diventare una grande star di Broadway! Una volta conclusi gli studi al liceo linguistico, il suo obiettivo sarebbe infatti quello di frequentare a Bologna la <strong>Bernstein School of Musical Theater<\/strong>, una delle migliori scuole di musical in Italia.<\/p>\n<p>&nbsp;<\/p>\n<p>&nbsp;<\/p>\n<p><a href=\"https:\/\/www.noidiqua.it\/Montale\/wp-content\/uploads\/2018\/07\/EMANUELE-ATREI-1.png\" rel=\"wp-prettyPhoto[5107]\"><img loading=\"lazy\" decoding=\"async\" class=\"aligncenter size-full wp-image-6474\" src=\"https:\/\/www.noidiqua.it\/Montale\/wp-content\/uploads\/2018\/07\/EMANUELE-ATREI-1.png\" alt=\"\" width=\"323\" height=\"380\" srcset=\"https:\/\/www.noidiqua.it\/Montale\/wp-content\/uploads\/2018\/07\/EMANUELE-ATREI-1.png 323w, https:\/\/www.noidiqua.it\/Montale\/wp-content\/uploads\/2018\/07\/EMANUELE-ATREI-1-255x300.png 255w\" sizes=\"auto, (max-width: 323px) 100vw, 323px\" \/><\/a><\/p>\n<p class=\"p1\" style=\"text-align: justify;\">Attualmente segue il corso di musical all\u2019<strong>Art Music Academy<\/strong> di Sesto Fiorentino con l\u2019insegnante Graziano Galatone, che \u00e8 colui che ha interpretato Febo nel musical \u201cNotre Dame de Paris\u201d di Cocciante e sta interpretando il padre di Giulietta in \u201cAma e cambia il mondo\u201d. Prossimamente Emanuele e il team dell\u2019Art Music Academy terranno lo spettacolo \u201cIt\u2019s a musical\u201d, che affronter\u00e0 la storia del cinema. Lo vedremo inoltre impegnato con la scuola di canto in uno spettacolo a Oste e in \u201cIl meglio di Ciak in Musica\u201d. Emanuele adora star come Aretha Franklin, Etta James, Christina Aguilera, Frank Sinatra e Barry White\u2026 da lui soprannominati Dei dell\u2019Olimpo. Quando trova l\u2019ispirazione scrive anche di suo pugno dei testi musicali. <i>\u00abQuando canto penso solo a divertirmi ed a dare il meglio di me stesso. Il mio futuro vorrei che fosse nella musica, e perci\u00f2, come esclama la Ventura: \u201cCrederci sempre, arrendersi mai!\u00bb<\/i> conclude Emanuele.<\/p>","protected":false},"excerpt":{"rendered":"<p>di Serena Michelozzi giugno 2018 Emanuele, 17 anni e mezzo, studente del liceo linguistico a Pistoia, ha iniziato a studiare canto all\u2019et\u00e0 di 13\/14 anni e ancora adesso continua a seguire questa sua grande passione sognando un domani di diventare una grande star della musica, in particolare del genere musical. Frequenta la scuola di [&hellip;]<\/p>","protected":false},"author":101011,"featured_media":0,"comment_status":"open","ping_status":"open","sticky":false,"template":"","format":"standard","meta":{"footnotes":""},"categories":[172,7],"tags":[1727,1726,1559,1718,1725,1720,1715,1723,1719,1722,111,1716,1717,1558,1721,1562,1568,1724],"class_list":["post-5107","post","type-post","status-publish","format-standard","hentry","category-che-spettacolo","category-mt","tag-art-music-academy","tag-bernstein-school-of-musical-theater","tag-canto","tag-daniela-agrumi","tag-dino-vitola","tag-elisabetta-branchetti","tag-emanuele-atrei","tag-giuseppe-mezzatesta","tag-jo-estil","tag-michele-del-vicario","tag-musica","tag-musical","tag-nicola-votino","tag-passione","tag-santomato-live","tag-studio-obiettivo-musica","tag-talent-busters","tag-la-mia-aquila"],"yoast_head":"<!-- This site is optimized with the Yoast SEO plugin v25.5 - https:\/\/yoast.com\/wordpress\/plugins\/seo\/ -->\n<title>Emanuele Atrei - giovane promessa del canto - Noi di Qua Testata giornalistica e di attualit\u00e0 di Agliana, Montale e Quarrata.<\/title>\n<meta name=\"robots\" content=\"index, follow, max-snippet:-1, max-image-preview:large, max-video-preview:-1\" \/>\n<link rel=\"canonical\" href=\"https:\/\/www.noidiqua.it\/Montale\/emanuele-atrei-giovane-promessa-del-canto\/\" \/>\n<meta property=\"og:locale\" content=\"it_IT\" \/>\n<meta property=\"og:type\" content=\"article\" \/>\n<meta property=\"og:title\" content=\"Emanuele Atrei - giovane promessa del canto - Noi di Qua Testata giornalistica e di attualit\u00e0 di Agliana, Montale e Quarrata.\" \/>\n<meta property=\"og:description\" content=\"di Serena Michelozzi giugno 2018 Emanuele, 17 anni e mezzo, studente del liceo linguistico a Pistoia, ha iniziato a studiare canto all\u2019et\u00e0 di 13\/14 anni e ancora adesso continua a seguire questa sua grande passione sognando un domani di diventare una grande star della musica, in particolare del genere musical. Frequenta la scuola di [&hellip;]\" \/>\n<meta property=\"og:url\" content=\"https:\/\/www.noidiqua.it\/Montale\/emanuele-atrei-giovane-promessa-del-canto\/\" \/>\n<meta property=\"og:site_name\" content=\"Noi di Qua Testata giornalistica e di attualit\u00e0 di Agliana, Montale e Quarrata.\" \/>\n<meta property=\"article:publisher\" content=\"https:\/\/www.facebook.com\/noidiqua.trimestrale\/\" \/>\n<meta property=\"article:published_time\" content=\"2018-07-19T09:28:48+00:00\" \/>\n<meta property=\"article:modified_time\" content=\"2022-01-25T13:18:56+00:00\" \/>\n<meta property=\"og:image\" content=\"https:\/\/www.noidiqua.it\/Montale\/wp-content\/uploads\/2018\/07\/EMANUELE-ATREI-.png\" \/>\n<meta name=\"author\" content=\"Serena Michelozzi\" \/>\n<meta name=\"twitter:label1\" content=\"Scritto da\" \/>\n\t<meta name=\"twitter:data1\" content=\"Serena Michelozzi\" \/>\n\t<meta name=\"twitter:label2\" content=\"Tempo di lettura stimato\" \/>\n\t<meta name=\"twitter:data2\" content=\"2 minuti\" \/>\n<script type=\"application\/ld+json\" class=\"yoast-schema-graph\">{\"@context\":\"https:\/\/schema.org\",\"@graph\":[{\"@type\":\"WebPage\",\"@id\":\"https:\/\/www.noidiqua.it\/Montale\/emanuele-atrei-giovane-promessa-del-canto\/\",\"url\":\"https:\/\/www.noidiqua.it\/Montale\/emanuele-atrei-giovane-promessa-del-canto\/\",\"name\":\"Emanuele Atrei - giovane promessa del canto - Noi di Qua Testata giornalistica e di attualit\u00e0 di Agliana, Montale e Quarrata.\",\"isPartOf\":{\"@id\":\"https:\/\/www.noidiqua.it\/Montale\/#website\"},\"primaryImageOfPage\":{\"@id\":\"https:\/\/www.noidiqua.it\/Montale\/emanuele-atrei-giovane-promessa-del-canto\/#primaryimage\"},\"image\":{\"@id\":\"https:\/\/www.noidiqua.it\/Montale\/emanuele-atrei-giovane-promessa-del-canto\/#primaryimage\"},\"thumbnailUrl\":\"https:\/\/www.noidiqua.it\/Montale\/wp-content\/uploads\/2018\/07\/EMANUELE-ATREI-.png\",\"datePublished\":\"2018-07-19T09:28:48+00:00\",\"dateModified\":\"2022-01-25T13:18:56+00:00\",\"author\":{\"@id\":\"https:\/\/www.noidiqua.it\/Montale\/#\/schema\/person\/4763a96f0bdf332cc8a55478dbeba163\"},\"breadcrumb\":{\"@id\":\"https:\/\/www.noidiqua.it\/Montale\/emanuele-atrei-giovane-promessa-del-canto\/#breadcrumb\"},\"inLanguage\":\"it-IT\",\"potentialAction\":[{\"@type\":\"ReadAction\",\"target\":[\"https:\/\/www.noidiqua.it\/Montale\/emanuele-atrei-giovane-promessa-del-canto\/\"]}]},{\"@type\":\"ImageObject\",\"inLanguage\":\"it-IT\",\"@id\":\"https:\/\/www.noidiqua.it\/Montale\/emanuele-atrei-giovane-promessa-del-canto\/#primaryimage\",\"url\":\"https:\/\/www.noidiqua.it\/Montale\/wp-content\/uploads\/2018\/07\/EMANUELE-ATREI-.png\",\"contentUrl\":\"https:\/\/www.noidiqua.it\/Montale\/wp-content\/uploads\/2018\/07\/EMANUELE-ATREI-.png\",\"width\":450,\"height\":302},{\"@type\":\"BreadcrumbList\",\"@id\":\"https:\/\/www.noidiqua.it\/Montale\/emanuele-atrei-giovane-promessa-del-canto\/#breadcrumb\",\"itemListElement\":[{\"@type\":\"ListItem\",\"position\":1,\"name\":\"Home\",\"item\":\"https:\/\/www.noidiqua.it\/Montale\/\"},{\"@type\":\"ListItem\",\"position\":2,\"name\":\"Emanuele Atrei &#8211; giovane promessa del canto\"}]},{\"@type\":\"WebSite\",\"@id\":\"https:\/\/www.noidiqua.it\/Montale\/#website\",\"url\":\"https:\/\/www.noidiqua.it\/Montale\/\",\"name\":\"Noi di Qua Testata giornalistica e di attualit\u00e0 di Agliana, Montale e Quarrata.\",\"description\":\"Testata Giornalistica Quarrata Montale Agliana\",\"potentialAction\":[{\"@type\":\"SearchAction\",\"target\":{\"@type\":\"EntryPoint\",\"urlTemplate\":\"https:\/\/www.noidiqua.it\/Montale\/?s={search_term_string}\"},\"query-input\":{\"@type\":\"PropertyValueSpecification\",\"valueRequired\":true,\"valueName\":\"search_term_string\"}}],\"inLanguage\":\"it-IT\"},{\"@type\":\"Person\",\"@id\":\"https:\/\/www.noidiqua.it\/Montale\/#\/schema\/person\/4763a96f0bdf332cc8a55478dbeba163\",\"name\":\"Serena Michelozzi\",\"image\":{\"@type\":\"ImageObject\",\"inLanguage\":\"it-IT\",\"@id\":\"https:\/\/www.noidiqua.it\/Montale\/#\/schema\/person\/image\/\",\"url\":\"https:\/\/secure.gravatar.com\/avatar\/a8efaab8953a1edb4943a89dbca993e803bf8bcf5221a8ff937a96a5b9914aab?s=96&d=mm&r=g\",\"contentUrl\":\"https:\/\/secure.gravatar.com\/avatar\/a8efaab8953a1edb4943a89dbca993e803bf8bcf5221a8ff937a96a5b9914aab?s=96&d=mm&r=g\",\"caption\":\"Serena Michelozzi\"},\"url\":\"https:\/\/www.noidiqua.it\/Montale\/author\/serena-michelozzi\/\"}]}<\/script>\n<!-- \/ Yoast SEO plugin. -->","yoast_head_json":{"title":"Emanuele Atrei - giovane promessa del canto - Noi di Qua Testata giornalistica e di attualit\u00e0 di Agliana, Montale e Quarrata.","robots":{"index":"index","follow":"follow","max-snippet":"max-snippet:-1","max-image-preview":"max-image-preview:large","max-video-preview":"max-video-preview:-1"},"canonical":"https:\/\/www.noidiqua.it\/Montale\/emanuele-atrei-giovane-promessa-del-canto\/","og_locale":"it_IT","og_type":"article","og_title":"Emanuele Atrei - giovane promessa del canto - Noi di Qua Testata giornalistica e di attualit\u00e0 di Agliana, Montale e Quarrata.","og_description":"di Serena Michelozzi giugno 2018 Emanuele, 17 anni e mezzo, studente del liceo linguistico a Pistoia, ha iniziato a studiare canto all\u2019et\u00e0 di 13\/14 anni e ancora adesso continua a seguire questa sua grande passione sognando un domani di diventare una grande star della musica, in particolare del genere musical. Frequenta la scuola di [&hellip;]","og_url":"https:\/\/www.noidiqua.it\/Montale\/emanuele-atrei-giovane-promessa-del-canto\/","og_site_name":"Noi di Qua Testata giornalistica e di attualit\u00e0 di Agliana, Montale e Quarrata.","article_publisher":"https:\/\/www.facebook.com\/noidiqua.trimestrale\/","article_published_time":"2018-07-19T09:28:48+00:00","article_modified_time":"2022-01-25T13:18:56+00:00","og_image":[{"url":"https:\/\/www.noidiqua.it\/Montale\/wp-content\/uploads\/2018\/07\/EMANUELE-ATREI-.png","type":"","width":"","height":""}],"author":"Serena Michelozzi","twitter_misc":{"Scritto da":"Serena Michelozzi","Tempo di lettura stimato":"2 minuti"},"schema":{"@context":"https:\/\/schema.org","@graph":[{"@type":"WebPage","@id":"https:\/\/www.noidiqua.it\/Montale\/emanuele-atrei-giovane-promessa-del-canto\/","url":"https:\/\/www.noidiqua.it\/Montale\/emanuele-atrei-giovane-promessa-del-canto\/","name":"Emanuele Atrei - giovane promessa del canto - Noi di Qua Testata giornalistica e di attualit\u00e0 di Agliana, Montale e Quarrata.","isPartOf":{"@id":"https:\/\/www.noidiqua.it\/Montale\/#website"},"primaryImageOfPage":{"@id":"https:\/\/www.noidiqua.it\/Montale\/emanuele-atrei-giovane-promessa-del-canto\/#primaryimage"},"image":{"@id":"https:\/\/www.noidiqua.it\/Montale\/emanuele-atrei-giovane-promessa-del-canto\/#primaryimage"},"thumbnailUrl":"https:\/\/www.noidiqua.it\/Montale\/wp-content\/uploads\/2018\/07\/EMANUELE-ATREI-.png","datePublished":"2018-07-19T09:28:48+00:00","dateModified":"2022-01-25T13:18:56+00:00","author":{"@id":"https:\/\/www.noidiqua.it\/Montale\/#\/schema\/person\/4763a96f0bdf332cc8a55478dbeba163"},"breadcrumb":{"@id":"https:\/\/www.noidiqua.it\/Montale\/emanuele-atrei-giovane-promessa-del-canto\/#breadcrumb"},"inLanguage":"it-IT","potentialAction":[{"@type":"ReadAction","target":["https:\/\/www.noidiqua.it\/Montale\/emanuele-atrei-giovane-promessa-del-canto\/"]}]},{"@type":"ImageObject","inLanguage":"it-IT","@id":"https:\/\/www.noidiqua.it\/Montale\/emanuele-atrei-giovane-promessa-del-canto\/#primaryimage","url":"https:\/\/www.noidiqua.it\/Montale\/wp-content\/uploads\/2018\/07\/EMANUELE-ATREI-.png","contentUrl":"https:\/\/www.noidiqua.it\/Montale\/wp-content\/uploads\/2018\/07\/EMANUELE-ATREI-.png","width":450,"height":302},{"@type":"BreadcrumbList","@id":"https:\/\/www.noidiqua.it\/Montale\/emanuele-atrei-giovane-promessa-del-canto\/#breadcrumb","itemListElement":[{"@type":"ListItem","position":1,"name":"Home","item":"https:\/\/www.noidiqua.it\/Montale\/"},{"@type":"ListItem","position":2,"name":"Emanuele Atrei &#8211; giovane promessa del canto"}]},{"@type":"WebSite","@id":"https:\/\/www.noidiqua.it\/Montale\/#website","url":"https:\/\/www.noidiqua.it\/Montale\/","name":"Noi di Qua Testata giornalistica e di attualit\u00e0 di Agliana, Montale e Quarrata.","description":"Testata Giornalistica Quarrata Montale Agliana","potentialAction":[{"@type":"SearchAction","target":{"@type":"EntryPoint","urlTemplate":"https:\/\/www.noidiqua.it\/Montale\/?s={search_term_string}"},"query-input":{"@type":"PropertyValueSpecification","valueRequired":true,"valueName":"search_term_string"}}],"inLanguage":"it-IT"},{"@type":"Person","@id":"https:\/\/www.noidiqua.it\/Montale\/#\/schema\/person\/4763a96f0bdf332cc8a55478dbeba163","name":"Serena Michelozzi","image":{"@type":"ImageObject","inLanguage":"it-IT","@id":"https:\/\/www.noidiqua.it\/Montale\/#\/schema\/person\/image\/","url":"https:\/\/secure.gravatar.com\/avatar\/a8efaab8953a1edb4943a89dbca993e803bf8bcf5221a8ff937a96a5b9914aab?s=96&d=mm&r=g","contentUrl":"https:\/\/secure.gravatar.com\/avatar\/a8efaab8953a1edb4943a89dbca993e803bf8bcf5221a8ff937a96a5b9914aab?s=96&d=mm&r=g","caption":"Serena Michelozzi"},"url":"https:\/\/www.noidiqua.it\/Montale\/author\/serena-michelozzi\/"}]}},"_links":{"self":[{"href":"https:\/\/www.noidiqua.it\/Montale\/wp-json\/wp\/v2\/posts\/5107","targetHints":{"allow":["GET"]}}],"collection":[{"href":"https:\/\/www.noidiqua.it\/Montale\/wp-json\/wp\/v2\/posts"}],"about":[{"href":"https:\/\/www.noidiqua.it\/Montale\/wp-json\/wp\/v2\/types\/post"}],"author":[{"embeddable":true,"href":"https:\/\/www.noidiqua.it\/Montale\/wp-json\/wp\/v2\/users\/101011"}],"replies":[{"embeddable":true,"href":"https:\/\/www.noidiqua.it\/Montale\/wp-json\/wp\/v2\/comments?post=5107"}],"version-history":[{"count":5,"href":"https:\/\/www.noidiqua.it\/Montale\/wp-json\/wp\/v2\/posts\/5107\/revisions"}],"predecessor-version":[{"id":6475,"href":"https:\/\/www.noidiqua.it\/Montale\/wp-json\/wp\/v2\/posts\/5107\/revisions\/6475"}],"wp:attachment":[{"href":"https:\/\/www.noidiqua.it\/Montale\/wp-json\/wp\/v2\/media?parent=5107"}],"wp:term":[{"taxonomy":"category","embeddable":true,"href":"https:\/\/www.noidiqua.it\/Montale\/wp-json\/wp\/v2\/categories?post=5107"},{"taxonomy":"post_tag","embeddable":true,"href":"https:\/\/www.noidiqua.it\/Montale\/wp-json\/wp\/v2\/tags?post=5107"}],"curies":[{"name":"wp","href":"https:\/\/api.w.org\/{rel}","templated":true}]}}