{"id":5114,"date":"2018-07-19T15:45:48","date_gmt":"2018-07-19T13:45:48","guid":{"rendered":"https:\/\/www.noidiqua.it\/Montale\/?p=5114"},"modified":"2022-01-25T14:27:15","modified_gmt":"2022-01-25T13:27:15","slug":"alessio-paganelli-terra-dartista","status":"publish","type":"post","link":"https:\/\/www.noidiqua.it\/Montale\/alessio-paganelli-terra-dartista\/","title":{"rendered":"Alessio Paganelli &#8211; terra d&#8217;artista"},"content":{"rendered":"<p><em>di Marco Bagnoli<\/em><\/p>\n<p>giugno 2018<\/p>\n<p><a href=\"https:\/\/www.noidiqua.it\/Montale\/wp-content\/uploads\/2018\/07\/Paganelli.png\" rel=\"wp-prettyPhoto[5114]\"><img loading=\"lazy\" decoding=\"async\" class=\"aligncenter size-full wp-image-6477\" src=\"https:\/\/www.noidiqua.it\/Montale\/wp-content\/uploads\/2018\/07\/Paganelli.png\" alt=\"\" width=\"491\" height=\"367\" srcset=\"https:\/\/www.noidiqua.it\/Montale\/wp-content\/uploads\/2018\/07\/Paganelli.png 491w, https:\/\/www.noidiqua.it\/Montale\/wp-content\/uploads\/2018\/07\/Paganelli-300x224.png 300w\" sizes=\"auto, (max-width: 491px) 100vw, 491px\" \/><\/a><span class=\"s1\">I lettori di Noi di Qua hanno ormai imparato a conoscere Montale come una terra di personaggi davvero particolari \u2013 sono infatti molti gli artisti e quand\u2019anche ne mancassero di autoctoni ecco che subito \u00e8 disposta ad accoglierne da fuori. \u00c8 questo il caso di <strong>Alessio Paganelli<\/strong>, pratese di nascita ma <strong>montalese d\u2019adozione<\/strong> da ben undici anni, domiciliato presso uno degli ultimi avamposti abitati l\u00e0 sulla collina, in mezzo agli ulivi \u2013 una casa della quale si \u00e8 innamorato, forse rammaricato della situazione urbana del centro di Prato.<\/span><a href=\"https:\/\/www.noidiqua.it\/Montale\/wp-content\/uploads\/2018\/07\/PAGANELLI-ALESSIO-1.png\" rel=\"wp-prettyPhoto[5114]\"><img loading=\"lazy\" decoding=\"async\" class=\"aligncenter size-full wp-image-6478\" src=\"https:\/\/www.noidiqua.it\/Montale\/wp-content\/uploads\/2018\/07\/PAGANELLI-ALESSIO-1.png\" alt=\"\" width=\"253\" height=\"380\" srcset=\"https:\/\/www.noidiqua.it\/Montale\/wp-content\/uploads\/2018\/07\/PAGANELLI-ALESSIO-1.png 253w, https:\/\/www.noidiqua.it\/Montale\/wp-content\/uploads\/2018\/07\/PAGANELLI-ALESSIO-1-200x300.png 200w\" sizes=\"auto, (max-width: 253px) 100vw, 253px\" \/><\/a><span class=\"s1\">Alessio \u00e8 un <strong>artista autodidatta<\/strong>, e si pu\u00f2 dire che in questo lo \u00e8 da una vita, dall\u2019et\u00e0 di sei-sette anni, da quando cio\u00e8 poteva reggere in mano il pennello con una qualche cognizione di causa. Come molti ha iniziato copiando l\u2019opera dei grandi che ci hanno preceduto, vuoi Van Gogh, Carr\u00e0, De Chirico e Modigliani, il suo primo grande amore. L\u2019altra sua grande infatuazione la sperimenta col gotico del Due-Trecento, quello per intendersi di Duccio da Boninsegna, Taddeo Gaddi e Filippino Lippi. Trascorre l\u2019adolescenza affrontando l\u2019usuale percorso che lo separa da Firenze, sede di molte meraviglie artistiche e degli<strong> Uffizi<\/strong> in particolare, visitati alacremente con cadenza settimanale. Giunto alla soglia dei vent\u2019anni l\u2019arte, fino ad allora vissuta come un\u2019urgenza, un vero e proprio bisogno, ecco che scivola via dalle sue priorit\u00e0 e per altri vent\u2019anni almeno cesser\u00e0 di farsi sentire con la sua necessit\u00e0.<\/span><a href=\"https:\/\/www.noidiqua.it\/Montale\/wp-content\/uploads\/2018\/07\/PAGANELLI-ALESSIO-3.png\" rel=\"wp-prettyPhoto[5114]\"><img loading=\"lazy\" decoding=\"async\" class=\"aligncenter size-full wp-image-6479\" src=\"https:\/\/www.noidiqua.it\/Montale\/wp-content\/uploads\/2018\/07\/PAGANELLI-ALESSIO-3.png\" alt=\"\" width=\"450\" height=\"336\" srcset=\"https:\/\/www.noidiqua.it\/Montale\/wp-content\/uploads\/2018\/07\/PAGANELLI-ALESSIO-3.png 450w, https:\/\/www.noidiqua.it\/Montale\/wp-content\/uploads\/2018\/07\/PAGANELLI-ALESSIO-3-300x224.png 300w\" sizes=\"auto, (max-width: 450px) 100vw, 450px\" \/><\/a><span class=\"s1\">Lo sblocco, se cos\u00ec vogliamo dire, non giunger\u00e0 che intorno ai quarant\u2019anni, come effetto di un percorso psicologico dagli esiti tutto sommato prevedibili: Alessio ricomincia a dipingere nel \u201894 senza pi\u00f9 interrompersi. A volerla dire tutta qualche interruzione c\u2019\u00e8 stata, perch\u00e9 Alessio non \u00e8 un artista dalla produzione costante e ininterrotta, ma procede piuttosto concentrato, con poche opere intervallate da ripetute <strong>attese creative<\/strong>. La produzione della sua rinascita artistica, in quel primo scorcio degli anni Novanta, torna con la memoria ai fondi oro del gotico del Due-Trecento, ricreato anche con l\u2019utilizzo della foglia di oro zecchino, per impreziosire al meglio quei paesaggi da cui prendeva ispirazione, in particolare la Tebaide di Gherardo Starnina.<\/span><\/p>\n<p><span class=\"s1\">Negli anni inoperosi Alessio non \u00e8 rimasto con le mani in mano, ma ha continuato a studiare l\u2019arte per conto suo, ispirato da quella curiosit\u00e0 per la conoscenza che si riconosce fin da bambino. \u00c8 in questa sua ricerca che fa la conoscenza di una nuova folgorazione, quella del pittore francese Ives Klein, ideatore tra l\u2019altro del Blu Klein, una tonalit\u00e0 di blu da lui individuata, trattata nelle sue creazioni con una tecnica che lo rendeva visivamente simile al velluto. Klein stimola in Alessio una ricerca sulla materia, passata per tre esaltanti mostre nelle quali era il cacao ad essere l\u2019ingrediente principale delle sue realizzazioni, e poi approdata alla sua ultima produzione, quella che utilizza la terra.<\/span><a href=\"https:\/\/www.noidiqua.it\/Montale\/wp-content\/uploads\/2018\/07\/PAGANELLI-ALESSIO-2.png\" rel=\"wp-prettyPhoto[5114]\"><img loading=\"lazy\" decoding=\"async\" class=\"aligncenter size-full wp-image-6480\" src=\"https:\/\/www.noidiqua.it\/Montale\/wp-content\/uploads\/2018\/07\/PAGANELLI-ALESSIO-2.png\" alt=\"\" width=\"265\" height=\"380\" srcset=\"https:\/\/www.noidiqua.it\/Montale\/wp-content\/uploads\/2018\/07\/PAGANELLI-ALESSIO-2.png 265w, https:\/\/www.noidiqua.it\/Montale\/wp-content\/uploads\/2018\/07\/PAGANELLI-ALESSIO-2-209x300.png 209w\" sizes=\"auto, (max-width: 265px) 100vw, 265px\" \/><\/a><span class=\"s1\">La terra, scelta per le sue valenze cromatiche o volutamente addizionata di pigmenti colorati, viene associata ad un supporto portante gelosamente custodito nel pi\u00f9 assoluto segreto. Tema dei lavori sono delle mappe di territori immaginari, che \u00e8 possibile disporre liberamente e curvare come delle vere e proprie carte geografiche. In tutto questo la sua prima collettiva \u00e8 del 2000, presso l\u2019Officina giovani di Prato. Espone ancora a Prato, e anche a Firenze, Arezzo, Lucca e ovviamente Montale. Auguriamo ad Alessio di poter fare della sua passione, del suo \u201cbisogno\u201d, il suo lavoro.<\/span><\/p>\n<p>&nbsp;<\/p>\n<p>&nbsp;<\/p>","protected":false},"excerpt":{"rendered":"<p>di Marco Bagnoli giugno 2018 I lettori di Noi di Qua hanno ormai imparato a conoscere Montale come una terra di personaggi davvero particolari \u2013 sono infatti molti gli artisti e quand\u2019anche ne mancassero di autoctoni ecco che subito \u00e8 disposta ad accoglierne da fuori. \u00c8 questo il caso di Alessio Paganelli, pratese di [&hellip;]<\/p>","protected":false},"author":3,"featured_media":0,"comment_status":"open","ping_status":"open","sticky":false,"template":"","format":"standard","meta":{"footnotes":""},"categories":[23,7],"tags":[1728,1730,1732,1733,1729,1731],"class_list":["post-5114","post","type-post","status-publish","format-standard","hentry","category-arte-artigianato-qt","category-mt","tag-alessio-paganelli","tag-artista-autodidatta","tag-attese-creative","tag-la-terra","tag-montalese-dadozione","tag-uffizi"],"yoast_head":"<!-- This site is optimized with the Yoast SEO plugin v25.5 - https:\/\/yoast.com\/wordpress\/plugins\/seo\/ -->\n<title>Alessio Paganelli - terra d&#039;artista - Noi di Qua Testata giornalistica e di attualit\u00e0 di Agliana, Montale e Quarrata.<\/title>\n<meta name=\"robots\" content=\"index, follow, max-snippet:-1, max-image-preview:large, max-video-preview:-1\" \/>\n<link rel=\"canonical\" href=\"https:\/\/www.noidiqua.it\/Montale\/alessio-paganelli-terra-dartista\/\" \/>\n<meta property=\"og:locale\" content=\"it_IT\" \/>\n<meta property=\"og:type\" content=\"article\" \/>\n<meta property=\"og:title\" content=\"Alessio Paganelli - terra d&#039;artista - Noi di Qua Testata giornalistica e di attualit\u00e0 di Agliana, Montale e Quarrata.\" \/>\n<meta property=\"og:description\" content=\"di Marco Bagnoli giugno 2018 I lettori di Noi di Qua hanno ormai imparato a conoscere Montale come una terra di personaggi davvero particolari \u2013 sono infatti molti gli artisti e quand\u2019anche ne mancassero di autoctoni ecco che subito \u00e8 disposta ad accoglierne da fuori. \u00c8 questo il caso di Alessio Paganelli, pratese di [&hellip;]\" \/>\n<meta property=\"og:url\" content=\"https:\/\/www.noidiqua.it\/Montale\/alessio-paganelli-terra-dartista\/\" \/>\n<meta property=\"og:site_name\" content=\"Noi di Qua Testata giornalistica e di attualit\u00e0 di Agliana, Montale e Quarrata.\" \/>\n<meta property=\"article:publisher\" content=\"https:\/\/www.facebook.com\/noidiqua.trimestrale\/\" \/>\n<meta property=\"article:published_time\" content=\"2018-07-19T13:45:48+00:00\" \/>\n<meta property=\"article:modified_time\" content=\"2022-01-25T13:27:15+00:00\" \/>\n<meta property=\"og:image\" content=\"https:\/\/www.noidiqua.it\/Montale\/wp-content\/uploads\/2018\/07\/Paganelli.png\" \/>\n<meta name=\"author\" content=\"Marco Bagnoli\" \/>\n<meta name=\"twitter:label1\" content=\"Scritto da\" \/>\n\t<meta name=\"twitter:data1\" content=\"Marco Bagnoli\" \/>\n\t<meta name=\"twitter:label2\" content=\"Tempo di lettura stimato\" \/>\n\t<meta name=\"twitter:data2\" content=\"3 minuti\" \/>\n<script type=\"application\/ld+json\" class=\"yoast-schema-graph\">{\"@context\":\"https:\/\/schema.org\",\"@graph\":[{\"@type\":\"WebPage\",\"@id\":\"https:\/\/www.noidiqua.it\/Montale\/alessio-paganelli-terra-dartista\/\",\"url\":\"https:\/\/www.noidiqua.it\/Montale\/alessio-paganelli-terra-dartista\/\",\"name\":\"Alessio Paganelli - terra d'artista - Noi di Qua Testata giornalistica e di attualit\u00e0 di Agliana, Montale e Quarrata.\",\"isPartOf\":{\"@id\":\"https:\/\/www.noidiqua.it\/Montale\/#website\"},\"primaryImageOfPage\":{\"@id\":\"https:\/\/www.noidiqua.it\/Montale\/alessio-paganelli-terra-dartista\/#primaryimage\"},\"image\":{\"@id\":\"https:\/\/www.noidiqua.it\/Montale\/alessio-paganelli-terra-dartista\/#primaryimage\"},\"thumbnailUrl\":\"https:\/\/www.noidiqua.it\/Montale\/wp-content\/uploads\/2018\/07\/Paganelli.png\",\"datePublished\":\"2018-07-19T13:45:48+00:00\",\"dateModified\":\"2022-01-25T13:27:15+00:00\",\"author\":{\"@id\":\"https:\/\/www.noidiqua.it\/Montale\/#\/schema\/person\/4e183cb0c6d7951e716a876aa702e1a2\"},\"breadcrumb\":{\"@id\":\"https:\/\/www.noidiqua.it\/Montale\/alessio-paganelli-terra-dartista\/#breadcrumb\"},\"inLanguage\":\"it-IT\",\"potentialAction\":[{\"@type\":\"ReadAction\",\"target\":[\"https:\/\/www.noidiqua.it\/Montale\/alessio-paganelli-terra-dartista\/\"]}]},{\"@type\":\"ImageObject\",\"inLanguage\":\"it-IT\",\"@id\":\"https:\/\/www.noidiqua.it\/Montale\/alessio-paganelli-terra-dartista\/#primaryimage\",\"url\":\"https:\/\/www.noidiqua.it\/Montale\/wp-content\/uploads\/2018\/07\/Paganelli.png\",\"contentUrl\":\"https:\/\/www.noidiqua.it\/Montale\/wp-content\/uploads\/2018\/07\/Paganelli.png\",\"width\":491,\"height\":367},{\"@type\":\"BreadcrumbList\",\"@id\":\"https:\/\/www.noidiqua.it\/Montale\/alessio-paganelli-terra-dartista\/#breadcrumb\",\"itemListElement\":[{\"@type\":\"ListItem\",\"position\":1,\"name\":\"Home\",\"item\":\"https:\/\/www.noidiqua.it\/Montale\/\"},{\"@type\":\"ListItem\",\"position\":2,\"name\":\"Alessio Paganelli &#8211; terra d&#8217;artista\"}]},{\"@type\":\"WebSite\",\"@id\":\"https:\/\/www.noidiqua.it\/Montale\/#website\",\"url\":\"https:\/\/www.noidiqua.it\/Montale\/\",\"name\":\"Noi di Qua Testata giornalistica e di attualit\u00e0 di Agliana, Montale e Quarrata.\",\"description\":\"Testata Giornalistica Quarrata Montale Agliana\",\"potentialAction\":[{\"@type\":\"SearchAction\",\"target\":{\"@type\":\"EntryPoint\",\"urlTemplate\":\"https:\/\/www.noidiqua.it\/Montale\/?s={search_term_string}\"},\"query-input\":{\"@type\":\"PropertyValueSpecification\",\"valueRequired\":true,\"valueName\":\"search_term_string\"}}],\"inLanguage\":\"it-IT\"},{\"@type\":\"Person\",\"@id\":\"https:\/\/www.noidiqua.it\/Montale\/#\/schema\/person\/4e183cb0c6d7951e716a876aa702e1a2\",\"name\":\"Marco Bagnoli\",\"image\":{\"@type\":\"ImageObject\",\"inLanguage\":\"it-IT\",\"@id\":\"https:\/\/www.noidiqua.it\/Montale\/#\/schema\/person\/image\/\",\"url\":\"https:\/\/secure.gravatar.com\/avatar\/73ace53724c50db9c48af54756f17b7cdb015a9d8d2c08c7e04e480539a94eee?s=96&d=mm&r=g\",\"contentUrl\":\"https:\/\/secure.gravatar.com\/avatar\/73ace53724c50db9c48af54756f17b7cdb015a9d8d2c08c7e04e480539a94eee?s=96&d=mm&r=g\",\"caption\":\"Marco Bagnoli\"},\"url\":\"https:\/\/www.noidiqua.it\/Montale\/author\/marco-bagnoli\/\"}]}<\/script>\n<!-- \/ Yoast SEO plugin. -->","yoast_head_json":{"title":"Alessio Paganelli - terra d'artista - Noi di Qua Testata giornalistica e di attualit\u00e0 di Agliana, Montale e Quarrata.","robots":{"index":"index","follow":"follow","max-snippet":"max-snippet:-1","max-image-preview":"max-image-preview:large","max-video-preview":"max-video-preview:-1"},"canonical":"https:\/\/www.noidiqua.it\/Montale\/alessio-paganelli-terra-dartista\/","og_locale":"it_IT","og_type":"article","og_title":"Alessio Paganelli - terra d'artista - Noi di Qua Testata giornalistica e di attualit\u00e0 di Agliana, Montale e Quarrata.","og_description":"di Marco Bagnoli giugno 2018 I lettori di Noi di Qua hanno ormai imparato a conoscere Montale come una terra di personaggi davvero particolari \u2013 sono infatti molti gli artisti e quand\u2019anche ne mancassero di autoctoni ecco che subito \u00e8 disposta ad accoglierne da fuori. \u00c8 questo il caso di Alessio Paganelli, pratese di [&hellip;]","og_url":"https:\/\/www.noidiqua.it\/Montale\/alessio-paganelli-terra-dartista\/","og_site_name":"Noi di Qua Testata giornalistica e di attualit\u00e0 di Agliana, Montale e Quarrata.","article_publisher":"https:\/\/www.facebook.com\/noidiqua.trimestrale\/","article_published_time":"2018-07-19T13:45:48+00:00","article_modified_time":"2022-01-25T13:27:15+00:00","og_image":[{"url":"https:\/\/www.noidiqua.it\/Montale\/wp-content\/uploads\/2018\/07\/Paganelli.png","type":"","width":"","height":""}],"author":"Marco Bagnoli","twitter_misc":{"Scritto da":"Marco Bagnoli","Tempo di lettura stimato":"3 minuti"},"schema":{"@context":"https:\/\/schema.org","@graph":[{"@type":"WebPage","@id":"https:\/\/www.noidiqua.it\/Montale\/alessio-paganelli-terra-dartista\/","url":"https:\/\/www.noidiqua.it\/Montale\/alessio-paganelli-terra-dartista\/","name":"Alessio Paganelli - terra d'artista - Noi di Qua Testata giornalistica e di attualit\u00e0 di Agliana, Montale e Quarrata.","isPartOf":{"@id":"https:\/\/www.noidiqua.it\/Montale\/#website"},"primaryImageOfPage":{"@id":"https:\/\/www.noidiqua.it\/Montale\/alessio-paganelli-terra-dartista\/#primaryimage"},"image":{"@id":"https:\/\/www.noidiqua.it\/Montale\/alessio-paganelli-terra-dartista\/#primaryimage"},"thumbnailUrl":"https:\/\/www.noidiqua.it\/Montale\/wp-content\/uploads\/2018\/07\/Paganelli.png","datePublished":"2018-07-19T13:45:48+00:00","dateModified":"2022-01-25T13:27:15+00:00","author":{"@id":"https:\/\/www.noidiqua.it\/Montale\/#\/schema\/person\/4e183cb0c6d7951e716a876aa702e1a2"},"breadcrumb":{"@id":"https:\/\/www.noidiqua.it\/Montale\/alessio-paganelli-terra-dartista\/#breadcrumb"},"inLanguage":"it-IT","potentialAction":[{"@type":"ReadAction","target":["https:\/\/www.noidiqua.it\/Montale\/alessio-paganelli-terra-dartista\/"]}]},{"@type":"ImageObject","inLanguage":"it-IT","@id":"https:\/\/www.noidiqua.it\/Montale\/alessio-paganelli-terra-dartista\/#primaryimage","url":"https:\/\/www.noidiqua.it\/Montale\/wp-content\/uploads\/2018\/07\/Paganelli.png","contentUrl":"https:\/\/www.noidiqua.it\/Montale\/wp-content\/uploads\/2018\/07\/Paganelli.png","width":491,"height":367},{"@type":"BreadcrumbList","@id":"https:\/\/www.noidiqua.it\/Montale\/alessio-paganelli-terra-dartista\/#breadcrumb","itemListElement":[{"@type":"ListItem","position":1,"name":"Home","item":"https:\/\/www.noidiqua.it\/Montale\/"},{"@type":"ListItem","position":2,"name":"Alessio Paganelli &#8211; terra d&#8217;artista"}]},{"@type":"WebSite","@id":"https:\/\/www.noidiqua.it\/Montale\/#website","url":"https:\/\/www.noidiqua.it\/Montale\/","name":"Noi di Qua Testata giornalistica e di attualit\u00e0 di Agliana, Montale e Quarrata.","description":"Testata Giornalistica Quarrata Montale Agliana","potentialAction":[{"@type":"SearchAction","target":{"@type":"EntryPoint","urlTemplate":"https:\/\/www.noidiqua.it\/Montale\/?s={search_term_string}"},"query-input":{"@type":"PropertyValueSpecification","valueRequired":true,"valueName":"search_term_string"}}],"inLanguage":"it-IT"},{"@type":"Person","@id":"https:\/\/www.noidiqua.it\/Montale\/#\/schema\/person\/4e183cb0c6d7951e716a876aa702e1a2","name":"Marco Bagnoli","image":{"@type":"ImageObject","inLanguage":"it-IT","@id":"https:\/\/www.noidiqua.it\/Montale\/#\/schema\/person\/image\/","url":"https:\/\/secure.gravatar.com\/avatar\/73ace53724c50db9c48af54756f17b7cdb015a9d8d2c08c7e04e480539a94eee?s=96&d=mm&r=g","contentUrl":"https:\/\/secure.gravatar.com\/avatar\/73ace53724c50db9c48af54756f17b7cdb015a9d8d2c08c7e04e480539a94eee?s=96&d=mm&r=g","caption":"Marco Bagnoli"},"url":"https:\/\/www.noidiqua.it\/Montale\/author\/marco-bagnoli\/"}]}},"_links":{"self":[{"href":"https:\/\/www.noidiqua.it\/Montale\/wp-json\/wp\/v2\/posts\/5114","targetHints":{"allow":["GET"]}}],"collection":[{"href":"https:\/\/www.noidiqua.it\/Montale\/wp-json\/wp\/v2\/posts"}],"about":[{"href":"https:\/\/www.noidiqua.it\/Montale\/wp-json\/wp\/v2\/types\/post"}],"author":[{"embeddable":true,"href":"https:\/\/www.noidiqua.it\/Montale\/wp-json\/wp\/v2\/users\/3"}],"replies":[{"embeddable":true,"href":"https:\/\/www.noidiqua.it\/Montale\/wp-json\/wp\/v2\/comments?post=5114"}],"version-history":[{"count":4,"href":"https:\/\/www.noidiqua.it\/Montale\/wp-json\/wp\/v2\/posts\/5114\/revisions"}],"predecessor-version":[{"id":6481,"href":"https:\/\/www.noidiqua.it\/Montale\/wp-json\/wp\/v2\/posts\/5114\/revisions\/6481"}],"wp:attachment":[{"href":"https:\/\/www.noidiqua.it\/Montale\/wp-json\/wp\/v2\/media?parent=5114"}],"wp:term":[{"taxonomy":"category","embeddable":true,"href":"https:\/\/www.noidiqua.it\/Montale\/wp-json\/wp\/v2\/categories?post=5114"},{"taxonomy":"post_tag","embeddable":true,"href":"https:\/\/www.noidiqua.it\/Montale\/wp-json\/wp\/v2\/tags?post=5114"}],"curies":[{"name":"wp","href":"https:\/\/api.w.org\/{rel}","templated":true}]}}