{"id":5135,"date":"2018-07-19T16:55:02","date_gmt":"2018-07-19T14:55:02","guid":{"rendered":"https:\/\/www.noidiqua.it\/Montale\/?p=5135"},"modified":"2022-01-25T15:44:23","modified_gmt":"2022-01-25T14:44:23","slug":"lungo-le-vie-dellacqua","status":"publish","type":"post","link":"https:\/\/www.noidiqua.it\/Montale\/lungo-le-vie-dellacqua\/","title":{"rendered":"\u201cLungo le vie dell\u2019acqua\u201d"},"content":{"rendered":"<p><em>di\u00a0Piera Salvi<\/em><\/p>\n<p>giugno 2018<\/p>\n<p><a href=\"https:\/\/www.noidiqua.it\/Montale\/wp-content\/uploads\/2018\/07\/LE-VIE-DELL-ACQUA-3.png\" rel=\"wp-prettyPhoto[5135]\"><img loading=\"lazy\" decoding=\"async\" class=\"aligncenter size-full wp-image-6502\" src=\"https:\/\/www.noidiqua.it\/Montale\/wp-content\/uploads\/2018\/07\/LE-VIE-DELL-ACQUA-3.png\" alt=\"\" width=\"450\" height=\"262\" srcset=\"https:\/\/www.noidiqua.it\/Montale\/wp-content\/uploads\/2018\/07\/LE-VIE-DELL-ACQUA-3.png 450w, https:\/\/www.noidiqua.it\/Montale\/wp-content\/uploads\/2018\/07\/LE-VIE-DELL-ACQUA-3-300x175.png 300w\" sizes=\"auto, (max-width: 450px) 100vw, 450px\" \/><\/a><span class=\"s1\">Una ventina di associazioni e tanti alunni hanno partecipato al progetto \u201c<strong>Lungo le vie dell\u2019acqua<\/strong> da <strong>Montale<\/strong> ad\u00a0<strong>Agliana<\/strong>. <strong>Sentieri didattici esperienziali<\/strong>\u201d, realizzato dalle due amministrazioni comunali in collaborazione con l\u2019<strong>Ecoistituto delle Cerbaie<\/strong> e Massimiliano Petrolo, naturalista e guida ambientale dello stesso istituto. Passeggiate con riscoperta di toponimi e antichi sentieri, laboratori didattici e tavole rotonde hanno portato tanti adulti e ragazzi a scoprire o riscoprire il <strong>territorio<\/strong> lungo i corsi d\u2019acqua.<\/span><\/p>\n<p><span class=\"s1\">Il progetto, finanziato dalla Regione Toscana con 22.500 euro, pi\u00f9 3.000 euro del Comune di Agliana (ente capofila), si \u00e8 svolto nei mesi scorsi. Il calendario delle iniziative programmate si \u00e8 concluso a maggio ma l\u2019attivit\u00e0 prosegue, con risultati che l\u2019assessore aglianese <strong>Italo Fontana<\/strong>, che segue il progetto con il collega di Montale, <strong>Alessio Guazzini<\/strong>, dichiara molto soddisfacenti.<\/span><\/p>\n<p><i>\u00abDalla partecipazione delle associazioni dei due comuni, alla riconquista del territorio e dei toponimi\u00bb<\/i> spiega Fontana<i>\u00abai laboratori didattici nelle scuole per far conoscere agli alunni flora e fauna del territorio. L\u2019artista <strong>Andrea Dami<\/strong> sta lavorando ad un\u2019opera dedicata al torrente <strong>Ombrone<\/strong> e la tesi di laurea dell\u2019architetto Flavia Gianlorenzo sulle Citt\u00e0 d\u2019Agna sar\u00e0 preziosa per realizzare una cartografia del territorio. L\u2019attivit\u00e0 svolta finora \u00e8 documentata con una mostra, attualmente allestita nel Comune di Agliana e che poi sar\u00e0 trasferita a Montale, per raccontare e documentare l\u2019evoluzione del progetto. Sar\u00e0 realizzato anche un libro da distribuire nelle biblioteche\u00bb<\/i>. Massimiliano Petrolo aggiunge che il lavoro successivo sar\u00e0 la valorizzazione dei percorsi lungo le vie d\u2019acqua. <i>\u00abC\u2019\u00e8 una <strong>sentieristica<\/strong> da far rivivere\u00bb<\/i>informa,<i> \u00abche collega l\u2019estremo nord di Montale all\u2019estremo sud di Agliana: in pratica dall\u2019<strong>Acquerino<\/strong> alla <strong>Ferruccia<\/strong>\u00bb<\/i>. Petrolo e Fontana aggiungono che tra le attivit\u00e0 proposte dalle associazioni c\u2019\u00e8 la riqualificazione dell\u2019area di Scali di Fognano, a cura della locale Pro loco, con <strong>Legambiente Agliana<\/strong> disposta a mettere a disposizione la sede dell\u2019associazione all\u2019<strong>Acquerino<\/strong> per eventuali escursioni. Il progetto \u00e8 stato finanziato dalla <strong>Regione Toscana<\/strong> perch\u00e9 si \u00e8 piazzato al secondo posto tra i ventiquattro presentati alla Regione da altrettanti raggruppamenti di Comuni ed \u00e8 quindi rientrato tra i quattro progetti che potevano contare sul contributo regionale.<\/p>\n<p>&nbsp;<\/p>\n<p>&nbsp;<\/p>\n<p><a href=\"https:\/\/www.noidiqua.it\/Montale\/wp-content\/uploads\/2018\/07\/LE-VIE-DELL-ACQUA-2.png\" rel=\"wp-prettyPhoto[5135]\"><img loading=\"lazy\" decoding=\"async\" class=\"aligncenter size-full wp-image-6503\" src=\"https:\/\/www.noidiqua.it\/Montale\/wp-content\/uploads\/2018\/07\/LE-VIE-DELL-ACQUA-2.png\" alt=\"\" width=\"450\" height=\"253\" srcset=\"https:\/\/www.noidiqua.it\/Montale\/wp-content\/uploads\/2018\/07\/LE-VIE-DELL-ACQUA-2.png 450w, https:\/\/www.noidiqua.it\/Montale\/wp-content\/uploads\/2018\/07\/LE-VIE-DELL-ACQUA-2-300x169.png 300w\" sizes=\"auto, (max-width: 450px) 100vw, 450px\" \/><\/a>Ma i finanziamenti per proseguire l\u2019attivit\u00e0 ci saranno? <i>\u00abAl momento la Regione non destiner\u00e0 altre risorse\u00bb <\/i>risponde Fontana, <i>\u00abma in questa fase possiamo andare avanti con il volontariato. Poich\u00e9 questi progetti sono finalizzati alla realizzazione dei Contratti di fiume, che hanno lo scopo di accompagnare alle opere di mitigazione idraulica anche la didattica, la riqualificazione e la fruibilit\u00e0 delle aree adiacenti ai corsi d\u2019acqua, speriamo di essere tra i destinatari delle risorse quando i Contratti di fiume partiranno\u00bb<\/i>. Intanto Fontana e Petrolo informano che la didattica gratuita nelle scuole andr\u00e0 avanti con l\u2019associazione La tartaruga (partner di <strong>Publiacqua<\/strong>), che ha iniziato un percorso nelle scuole primarie e medie aglianesi e lo proseguir\u00e0 nel prossimo anno scolastico.<\/p>\n<p>&nbsp;<\/p>","protected":false},"excerpt":{"rendered":"<p>di\u00a0Piera Salvi giugno 2018 Una ventina di associazioni e tanti alunni hanno partecipato al progetto \u201cLungo le vie dell\u2019acqua da Montale ad\u00a0Agliana. Sentieri didattici esperienziali\u201d, realizzato dalle due amministrazioni comunali in collaborazione con l\u2019Ecoistituto delle Cerbaie e Massimiliano Petrolo, naturalista e guida ambientale dello stesso istituto. Passeggiate con riscoperta di toponimi e antichi sentieri, [&hellip;]<\/p>","protected":false},"author":12,"featured_media":0,"comment_status":"open","ping_status":"open","sticky":false,"template":"","format":"standard","meta":{"footnotes":""},"categories":[27,7],"tags":[1769,672,1767,511,1765,1770,1766,1771,1763,995,1475,711,1764,1768],"class_list":["post-5135","post","type-post","status-publish","format-standard","hentry","category-fotonotizie-qt","category-mt","tag-acquerino","tag-agliana","tag-alessio-guazzini","tag-andrea-dami","tag-ecoistituto-delle-cerbaie","tag-ferruccia","tag-italo-fontana","tag-legambiente-agliana","tag-lungo-le-vie-dellacqua","tag-mt","tag-ombrone","tag-publiacqua","tag-sentieri-didattici-esperienziali","tag-sentieristica"],"yoast_head":"<!-- This site is optimized with the Yoast SEO plugin v25.5 - https:\/\/yoast.com\/wordpress\/plugins\/seo\/ -->\n<title>\u201cLungo le vie dell\u2019acqua\u201d - Noi di Qua Testata giornalistica e di attualit\u00e0 di Agliana, Montale e Quarrata.<\/title>\n<meta name=\"robots\" content=\"index, follow, max-snippet:-1, max-image-preview:large, max-video-preview:-1\" \/>\n<link rel=\"canonical\" href=\"https:\/\/www.noidiqua.it\/Montale\/lungo-le-vie-dellacqua\/\" \/>\n<meta property=\"og:locale\" content=\"it_IT\" \/>\n<meta property=\"og:type\" content=\"article\" \/>\n<meta property=\"og:title\" content=\"\u201cLungo le vie dell\u2019acqua\u201d - Noi di Qua Testata giornalistica e di attualit\u00e0 di Agliana, Montale e Quarrata.\" \/>\n<meta property=\"og:description\" content=\"di\u00a0Piera Salvi giugno 2018 Una ventina di associazioni e tanti alunni hanno partecipato al progetto \u201cLungo le vie dell\u2019acqua da Montale ad\u00a0Agliana. Sentieri didattici esperienziali\u201d, realizzato dalle due amministrazioni comunali in collaborazione con l\u2019Ecoistituto delle Cerbaie e Massimiliano Petrolo, naturalista e guida ambientale dello stesso istituto. Passeggiate con riscoperta di toponimi e antichi sentieri, [&hellip;]\" \/>\n<meta property=\"og:url\" content=\"https:\/\/www.noidiqua.it\/Montale\/lungo-le-vie-dellacqua\/\" \/>\n<meta property=\"og:site_name\" content=\"Noi di Qua Testata giornalistica e di attualit\u00e0 di Agliana, Montale e Quarrata.\" \/>\n<meta property=\"article:publisher\" content=\"https:\/\/www.facebook.com\/noidiqua.trimestrale\/\" \/>\n<meta property=\"article:published_time\" content=\"2018-07-19T14:55:02+00:00\" \/>\n<meta property=\"article:modified_time\" content=\"2022-01-25T14:44:23+00:00\" \/>\n<meta property=\"og:image\" content=\"https:\/\/www.noidiqua.it\/Montale\/wp-content\/uploads\/2018\/07\/LE-VIE-DELL-ACQUA-3.png\" \/>\n<meta name=\"author\" content=\"Giacomo Bini\" \/>\n<meta name=\"twitter:label1\" content=\"Scritto da\" \/>\n\t<meta name=\"twitter:data1\" content=\"Giacomo Bini\" \/>\n\t<meta name=\"twitter:label2\" content=\"Tempo di lettura stimato\" \/>\n\t<meta name=\"twitter:data2\" content=\"2 minuti\" \/>\n<script type=\"application\/ld+json\" class=\"yoast-schema-graph\">{\"@context\":\"https:\/\/schema.org\",\"@graph\":[{\"@type\":\"WebPage\",\"@id\":\"https:\/\/www.noidiqua.it\/Montale\/lungo-le-vie-dellacqua\/\",\"url\":\"https:\/\/www.noidiqua.it\/Montale\/lungo-le-vie-dellacqua\/\",\"name\":\"\u201cLungo le vie dell\u2019acqua\u201d - Noi di Qua Testata giornalistica e di attualit\u00e0 di Agliana, Montale e Quarrata.\",\"isPartOf\":{\"@id\":\"https:\/\/www.noidiqua.it\/Montale\/#website\"},\"primaryImageOfPage\":{\"@id\":\"https:\/\/www.noidiqua.it\/Montale\/lungo-le-vie-dellacqua\/#primaryimage\"},\"image\":{\"@id\":\"https:\/\/www.noidiqua.it\/Montale\/lungo-le-vie-dellacqua\/#primaryimage\"},\"thumbnailUrl\":\"https:\/\/www.noidiqua.it\/Montale\/wp-content\/uploads\/2018\/07\/LE-VIE-DELL-ACQUA-3.png\",\"datePublished\":\"2018-07-19T14:55:02+00:00\",\"dateModified\":\"2022-01-25T14:44:23+00:00\",\"author\":{\"@id\":\"https:\/\/www.noidiqua.it\/Montale\/#\/schema\/person\/e2e6f44da50af0dae9c90ad168e471a4\"},\"breadcrumb\":{\"@id\":\"https:\/\/www.noidiqua.it\/Montale\/lungo-le-vie-dellacqua\/#breadcrumb\"},\"inLanguage\":\"it-IT\",\"potentialAction\":[{\"@type\":\"ReadAction\",\"target\":[\"https:\/\/www.noidiqua.it\/Montale\/lungo-le-vie-dellacqua\/\"]}]},{\"@type\":\"ImageObject\",\"inLanguage\":\"it-IT\",\"@id\":\"https:\/\/www.noidiqua.it\/Montale\/lungo-le-vie-dellacqua\/#primaryimage\",\"url\":\"https:\/\/www.noidiqua.it\/Montale\/wp-content\/uploads\/2018\/07\/LE-VIE-DELL-ACQUA-3.png\",\"contentUrl\":\"https:\/\/www.noidiqua.it\/Montale\/wp-content\/uploads\/2018\/07\/LE-VIE-DELL-ACQUA-3.png\",\"width\":450,\"height\":262},{\"@type\":\"BreadcrumbList\",\"@id\":\"https:\/\/www.noidiqua.it\/Montale\/lungo-le-vie-dellacqua\/#breadcrumb\",\"itemListElement\":[{\"@type\":\"ListItem\",\"position\":1,\"name\":\"Home\",\"item\":\"https:\/\/www.noidiqua.it\/Montale\/\"},{\"@type\":\"ListItem\",\"position\":2,\"name\":\"\u201cLungo le vie dell\u2019acqua\u201d\"}]},{\"@type\":\"WebSite\",\"@id\":\"https:\/\/www.noidiqua.it\/Montale\/#website\",\"url\":\"https:\/\/www.noidiqua.it\/Montale\/\",\"name\":\"Noi di Qua Testata giornalistica e di attualit\u00e0 di Agliana, Montale e Quarrata.\",\"description\":\"Testata Giornalistica Quarrata Montale Agliana\",\"potentialAction\":[{\"@type\":\"SearchAction\",\"target\":{\"@type\":\"EntryPoint\",\"urlTemplate\":\"https:\/\/www.noidiqua.it\/Montale\/?s={search_term_string}\"},\"query-input\":{\"@type\":\"PropertyValueSpecification\",\"valueRequired\":true,\"valueName\":\"search_term_string\"}}],\"inLanguage\":\"it-IT\"},{\"@type\":\"Person\",\"@id\":\"https:\/\/www.noidiqua.it\/Montale\/#\/schema\/person\/e2e6f44da50af0dae9c90ad168e471a4\",\"name\":\"Giacomo Bini\",\"image\":{\"@type\":\"ImageObject\",\"inLanguage\":\"it-IT\",\"@id\":\"https:\/\/www.noidiqua.it\/Montale\/#\/schema\/person\/image\/\",\"url\":\"https:\/\/secure.gravatar.com\/avatar\/e5c18ae41df5ae37397358f2c6046696187d51a120c5d0b8f0c49f7b606f46f4?s=96&d=mm&r=g\",\"contentUrl\":\"https:\/\/secure.gravatar.com\/avatar\/e5c18ae41df5ae37397358f2c6046696187d51a120c5d0b8f0c49f7b606f46f4?s=96&d=mm&r=g\",\"caption\":\"Giacomo Bini\"},\"url\":\"https:\/\/www.noidiqua.it\/Montale\/author\/giacomo-bini\/\"}]}<\/script>\n<!-- \/ Yoast SEO plugin. -->","yoast_head_json":{"title":"\u201cLungo le vie dell\u2019acqua\u201d - Noi di Qua Testata giornalistica e di attualit\u00e0 di Agliana, Montale e Quarrata.","robots":{"index":"index","follow":"follow","max-snippet":"max-snippet:-1","max-image-preview":"max-image-preview:large","max-video-preview":"max-video-preview:-1"},"canonical":"https:\/\/www.noidiqua.it\/Montale\/lungo-le-vie-dellacqua\/","og_locale":"it_IT","og_type":"article","og_title":"\u201cLungo le vie dell\u2019acqua\u201d - Noi di Qua Testata giornalistica e di attualit\u00e0 di Agliana, Montale e Quarrata.","og_description":"di\u00a0Piera Salvi giugno 2018 Una ventina di associazioni e tanti alunni hanno partecipato al progetto \u201cLungo le vie dell\u2019acqua da Montale ad\u00a0Agliana. Sentieri didattici esperienziali\u201d, realizzato dalle due amministrazioni comunali in collaborazione con l\u2019Ecoistituto delle Cerbaie e Massimiliano Petrolo, naturalista e guida ambientale dello stesso istituto. Passeggiate con riscoperta di toponimi e antichi sentieri, [&hellip;]","og_url":"https:\/\/www.noidiqua.it\/Montale\/lungo-le-vie-dellacqua\/","og_site_name":"Noi di Qua Testata giornalistica e di attualit\u00e0 di Agliana, Montale e Quarrata.","article_publisher":"https:\/\/www.facebook.com\/noidiqua.trimestrale\/","article_published_time":"2018-07-19T14:55:02+00:00","article_modified_time":"2022-01-25T14:44:23+00:00","og_image":[{"url":"https:\/\/www.noidiqua.it\/Montale\/wp-content\/uploads\/2018\/07\/LE-VIE-DELL-ACQUA-3.png","type":"","width":"","height":""}],"author":"Giacomo Bini","twitter_misc":{"Scritto da":"Giacomo Bini","Tempo di lettura stimato":"2 minuti"},"schema":{"@context":"https:\/\/schema.org","@graph":[{"@type":"WebPage","@id":"https:\/\/www.noidiqua.it\/Montale\/lungo-le-vie-dellacqua\/","url":"https:\/\/www.noidiqua.it\/Montale\/lungo-le-vie-dellacqua\/","name":"\u201cLungo le vie dell\u2019acqua\u201d - Noi di Qua Testata giornalistica e di attualit\u00e0 di Agliana, Montale e Quarrata.","isPartOf":{"@id":"https:\/\/www.noidiqua.it\/Montale\/#website"},"primaryImageOfPage":{"@id":"https:\/\/www.noidiqua.it\/Montale\/lungo-le-vie-dellacqua\/#primaryimage"},"image":{"@id":"https:\/\/www.noidiqua.it\/Montale\/lungo-le-vie-dellacqua\/#primaryimage"},"thumbnailUrl":"https:\/\/www.noidiqua.it\/Montale\/wp-content\/uploads\/2018\/07\/LE-VIE-DELL-ACQUA-3.png","datePublished":"2018-07-19T14:55:02+00:00","dateModified":"2022-01-25T14:44:23+00:00","author":{"@id":"https:\/\/www.noidiqua.it\/Montale\/#\/schema\/person\/e2e6f44da50af0dae9c90ad168e471a4"},"breadcrumb":{"@id":"https:\/\/www.noidiqua.it\/Montale\/lungo-le-vie-dellacqua\/#breadcrumb"},"inLanguage":"it-IT","potentialAction":[{"@type":"ReadAction","target":["https:\/\/www.noidiqua.it\/Montale\/lungo-le-vie-dellacqua\/"]}]},{"@type":"ImageObject","inLanguage":"it-IT","@id":"https:\/\/www.noidiqua.it\/Montale\/lungo-le-vie-dellacqua\/#primaryimage","url":"https:\/\/www.noidiqua.it\/Montale\/wp-content\/uploads\/2018\/07\/LE-VIE-DELL-ACQUA-3.png","contentUrl":"https:\/\/www.noidiqua.it\/Montale\/wp-content\/uploads\/2018\/07\/LE-VIE-DELL-ACQUA-3.png","width":450,"height":262},{"@type":"BreadcrumbList","@id":"https:\/\/www.noidiqua.it\/Montale\/lungo-le-vie-dellacqua\/#breadcrumb","itemListElement":[{"@type":"ListItem","position":1,"name":"Home","item":"https:\/\/www.noidiqua.it\/Montale\/"},{"@type":"ListItem","position":2,"name":"\u201cLungo le vie dell\u2019acqua\u201d"}]},{"@type":"WebSite","@id":"https:\/\/www.noidiqua.it\/Montale\/#website","url":"https:\/\/www.noidiqua.it\/Montale\/","name":"Noi di Qua Testata giornalistica e di attualit\u00e0 di Agliana, Montale e Quarrata.","description":"Testata Giornalistica Quarrata Montale Agliana","potentialAction":[{"@type":"SearchAction","target":{"@type":"EntryPoint","urlTemplate":"https:\/\/www.noidiqua.it\/Montale\/?s={search_term_string}"},"query-input":{"@type":"PropertyValueSpecification","valueRequired":true,"valueName":"search_term_string"}}],"inLanguage":"it-IT"},{"@type":"Person","@id":"https:\/\/www.noidiqua.it\/Montale\/#\/schema\/person\/e2e6f44da50af0dae9c90ad168e471a4","name":"Giacomo Bini","image":{"@type":"ImageObject","inLanguage":"it-IT","@id":"https:\/\/www.noidiqua.it\/Montale\/#\/schema\/person\/image\/","url":"https:\/\/secure.gravatar.com\/avatar\/e5c18ae41df5ae37397358f2c6046696187d51a120c5d0b8f0c49f7b606f46f4?s=96&d=mm&r=g","contentUrl":"https:\/\/secure.gravatar.com\/avatar\/e5c18ae41df5ae37397358f2c6046696187d51a120c5d0b8f0c49f7b606f46f4?s=96&d=mm&r=g","caption":"Giacomo Bini"},"url":"https:\/\/www.noidiqua.it\/Montale\/author\/giacomo-bini\/"}]}},"_links":{"self":[{"href":"https:\/\/www.noidiqua.it\/Montale\/wp-json\/wp\/v2\/posts\/5135","targetHints":{"allow":["GET"]}}],"collection":[{"href":"https:\/\/www.noidiqua.it\/Montale\/wp-json\/wp\/v2\/posts"}],"about":[{"href":"https:\/\/www.noidiqua.it\/Montale\/wp-json\/wp\/v2\/types\/post"}],"author":[{"embeddable":true,"href":"https:\/\/www.noidiqua.it\/Montale\/wp-json\/wp\/v2\/users\/12"}],"replies":[{"embeddable":true,"href":"https:\/\/www.noidiqua.it\/Montale\/wp-json\/wp\/v2\/comments?post=5135"}],"version-history":[{"count":3,"href":"https:\/\/www.noidiqua.it\/Montale\/wp-json\/wp\/v2\/posts\/5135\/revisions"}],"predecessor-version":[{"id":6505,"href":"https:\/\/www.noidiqua.it\/Montale\/wp-json\/wp\/v2\/posts\/5135\/revisions\/6505"}],"wp:attachment":[{"href":"https:\/\/www.noidiqua.it\/Montale\/wp-json\/wp\/v2\/media?parent=5135"}],"wp:term":[{"taxonomy":"category","embeddable":true,"href":"https:\/\/www.noidiqua.it\/Montale\/wp-json\/wp\/v2\/categories?post=5135"},{"taxonomy":"post_tag","embeddable":true,"href":"https:\/\/www.noidiqua.it\/Montale\/wp-json\/wp\/v2\/tags?post=5135"}],"curies":[{"name":"wp","href":"https:\/\/api.w.org\/{rel}","templated":true}]}}