{"id":5163,"date":"2018-09-05T16:00:57","date_gmt":"2018-09-05T14:00:57","guid":{"rendered":"https:\/\/www.noidiqua.it\/Montale\/?p=5163"},"modified":"2022-01-21T16:17:49","modified_gmt":"2022-01-21T15:17:49","slug":"tuteliamo-la-quercia-stazione","status":"publish","type":"post","link":"https:\/\/www.noidiqua.it\/Montale\/tuteliamo-la-quercia-stazione\/","title":{"rendered":"Tuteliamo la quercia di Stazione"},"content":{"rendered":"<p><em style=\"line-height: inherit;\">di\u00a0David Colzi<\/em><\/p>\n<p>settembre 2018<\/p>\n<p><a href=\"https:\/\/www.noidiqua.it\/Montale\/wp-content\/uploads\/2018\/09\/quercia_3.png\" rel=\"wp-prettyPhoto[5163]\"><img loading=\"lazy\" decoding=\"async\" class=\"aligncenter size-full wp-image-6443\" src=\"https:\/\/www.noidiqua.it\/Montale\/wp-content\/uploads\/2018\/09\/quercia_3.png\" alt=\"\" width=\"450\" height=\"300\" srcset=\"https:\/\/www.noidiqua.it\/Montale\/wp-content\/uploads\/2018\/09\/quercia_3.png 450w, https:\/\/www.noidiqua.it\/Montale\/wp-content\/uploads\/2018\/09\/quercia_3-300x200.png 300w\" sizes=\"auto, (max-width: 450px) 100vw, 450px\" \/><\/a><\/p>\n<p>&nbsp;<\/p>\n<p class=\"p1\" style=\"text-align: justify;\"><span class=\"s1\">Come spesso accade, non ci rendiamo conto delle cose belle che abbiamo finch\u00e9 non le perdiamo, oppure, peggio ancora, quando qualcosa di bello \u00e8 sotto i nostri occhi tutti i giorni, finiamo per non vederlo pi\u00f9 e \u201cdiventa invisibile\u201d: tanto c\u2019\u00e8, \u00e8 l\u00ec per noi. Esempio calzante di tutto questo \u00e8 la splendida <strong>quercia<\/strong>, quasi certamente ultra centenaria, che si trova sull\u2019argine del fiume <strong>Bure<\/strong> in localit\u00e0 <strong>Stazione<\/strong>, ad un passo dal ponte di ferro dove corre la ferrovia. Alzi la mano chi non l\u2019ha mai notata! Tutti l\u2019abbiamo vista, magari di sfuggita, passando di fretta in macchina sulla provinciale pratese, dirigendoci ad <strong>Agliana<\/strong> o a <strong>Pistoia<\/strong>. Fate un po\u2019 mente locale: \u00e8 l\u00ec da sempre, con la sua bella chioma aperta come una mano che ci saluta. e a pensarci bene, chiss\u00e0 quanti montalesi e aglianesi avr\u00e0 visto nella sua lunga vita: prima a piedi, col barroccio o in bicicletta, poi in macchina a impuzzolentire i suoi rami. E chiss\u00e0 quanti treni avr\u00e0 visto passare: loro sempre pi\u00f9 veloci, lei sempre immobile, protesa verso il cielo.<\/span><\/p>\n<p class=\"p1\" style=\"text-align: justify;\"><span class=\"s1\">Si tratta di una <strong><i>Quercus pubescens<\/i><\/strong> dell\u2019altezza approssimativa di venti metri, la cui circonferenza della chioma ne raggiunger\u00e0 tranquillamente i trenta e con un tronco di poco meno di quattro metri dalla sommit\u00e0 dell\u2019argine, ma molto pi\u00f9 grande alla base. Va poi calcolato che le querce crescono molto lentamente, quindi le dimensioni della nostra sono davvero eccezionali. E visto dove si trova, \u00e8 quasi un miracolo che sia sopravvissuta alla modernit\u00e0, perch\u00e9 negli anni la sua presenza avrebbe potuto essere d\u2019intralcio ai bracci meccanici dei macchinari preposti a ripulire gli argini, sebbene sotto di lei ci sia uno stradello.<\/span><\/p>\n<p><a href=\"https:\/\/www.noidiqua.it\/Montale\/wp-content\/uploads\/2018\/09\/querci_2.png\" rel=\"wp-prettyPhoto[5163]\"><img loading=\"lazy\" decoding=\"async\" class=\"aligncenter size-full wp-image-6444\" src=\"https:\/\/www.noidiqua.it\/Montale\/wp-content\/uploads\/2018\/09\/querci_2.png\" alt=\"\" width=\"450\" height=\"300\" srcset=\"https:\/\/www.noidiqua.it\/Montale\/wp-content\/uploads\/2018\/09\/querci_2.png 450w, https:\/\/www.noidiqua.it\/Montale\/wp-content\/uploads\/2018\/09\/querci_2-300x200.png 300w\" sizes=\"auto, (max-width: 450px) 100vw, 450px\" \/><\/a><\/p>\n<p class=\"p1\" style=\"text-align: justify;\"><span class=\"s1\">La sua storia \u00e8 stata portata alla nostra attenzione da un amico di Noidiqua, <strong><a href=\"https:\/\/www.noidiqua.it\/Montale\/bruno-tempestini-ispettore-onorario-per-i-beni-archeologici\/\">Bruno Tempestini<\/a><\/strong>, \u201cIspettore onorario della sovrintendenza archeologica per le zone di Montale, Agliana e Montemurlo\u201d, che si \u00e8 interessato da tempo a questo gigante e vorrebbe che venisse candidato per entrare nel novero degli <strong>\u201calberi monumentali\u201d<\/strong> tutelati dalla legge regionale 60 del 1998, a cui si aggiunge quella nazionale numero 10 del 2013. Dalla parte dell\u2019albero c\u2019\u00e8 anche <strong>Fabio Niccolai<\/strong>, titolare dell\u2019azienda vivaistica i cui terreni costeggiano l\u2019argine della Bure &#8211; insomma il vicino di casa della quercia &#8211; che al nostro direttore Bini, ha dichiarato recentemente per La Nazione, che qualche anno fa l\u2019albero aveva rischiato di essere abbattuto durante alcune operazioni di manutenzione dell\u2019argine e fu grazie all\u2019intervento dello stesso Niccolai, se non venne fatto a fette dalle motoseghe. Per farci capire la precariet\u00e0 di questi giganti, Tempestini ci rammenta che fino a poco tempo fa, la quercia aveva vicino un compagno, un enorme cipresso su cui veniva fra l\u2019altro issata la bandiera del Partito comunista quando c\u2019era la Festa dell\u2019Unit\u00e0. Questo \u00e8 stato abbattuto perch\u00e9, a quanto pare, era troppo vicino alla ferrovia.<\/span><\/p>\n<p>&nbsp;<\/p>\n<p class=\"p1\" style=\"text-align: justify;\"><span class=\"s1\">Per passare dalle parole ai fatti, Tempestini ha interpellato l\u2019<strong>Accademia dei Georgofili<\/strong> di Firenze, la quale ha rilevato che la nostra quercia non risulta censita come \u201cpianta monumentale\u201d. Da ricerche on line svolte da noi, risulta inoltre che nessuna pianta sia stata censita nel Comune di Montale n\u00e9 in quello di Agliana. Quindi ne approfittiamo per lanciare un appello:<i> <\/i><i>cari lettori, se conoscete qualche alberone in zona, fatecelo sapere e verremo a controllare<\/i>. Un\u2019altra persona molto interessata alla quercia di Stazione \u00e8 <a href=\"https:\/\/www.noidiqua.it\/daniele-manetti-legambiente\/\"><strong>Daniele Manetti<\/strong><\/a>, presidente di \u201cLegambiente Quarrata\u201d che si \u00e8 subito affrettato ad interrogare via mail gli uffici del <strong>\u201cGenio Civile Valdarno Centrale\u201d<\/strong> e del <strong>\u201cConsorzio Medio Valdarno\u201d<\/strong>, per portare alla loro attenzione la tutela dell\u2019albero. Noi confidiamo che anche il Comune di Montale, e perch\u00e9 no, persino quello di Agliana, una volta letto questo articolo si prendano a cuore la sorte di questo monumento della natura. D\u2019altronde gi\u00e0 da qualche anno le due amministrazioni si stanno unendo sempre pi\u00f9, per scavallare i vecchi e obsoleti confini territoriali ed offrire<a href=\"https:\/\/www.noidiqua.it\/Montale\/unirsi-per-contare\/\"> servizi alla comunit\u00e0 in compartecipazione<\/a>.<\/span><\/p>\n<p><a href=\"https:\/\/www.noidiqua.it\/Montale\/wp-content\/uploads\/2018\/09\/QUERCIA-1.png\" rel=\"wp-prettyPhoto[5163]\"><img loading=\"lazy\" decoding=\"async\" class=\"aligncenter size-full wp-image-6445\" src=\"https:\/\/www.noidiqua.it\/Montale\/wp-content\/uploads\/2018\/09\/QUERCIA-1.png\" alt=\"\" width=\"254\" height=\"380\" srcset=\"https:\/\/www.noidiqua.it\/Montale\/wp-content\/uploads\/2018\/09\/QUERCIA-1.png 254w, https:\/\/www.noidiqua.it\/Montale\/wp-content\/uploads\/2018\/09\/QUERCIA-1-201x300.png 201w\" sizes=\"auto, (max-width: 254px) 100vw, 254px\" \/><\/a><\/p>\n<p>&nbsp;<\/p>\n<p class=\"p1\" style=\"text-align: justify;\"><span class=\"s1\">Noi concludiamo volentieri con un appello di Bruno Tempestini, che speriamo non resti inascoltato, come purtroppo \u00e8 successo altre volte: \u00ab<i>Dobbiamo sensibilizzare le istituzioni e la popolazione alla tutela di ci\u00f2 che resta del nostro patrimonio paesaggistico locale. Partiamo dai ragazzi delle scuole di Montale ed Agliana: perch\u00e9 non si organizzano visite didattiche alla quercia? Voglio dire: cerchiamo di istruire i giovani al rispetto dell\u2019ambiente, al fatto di non inquinare&#8230; e perch\u00e9 non li educhiamo anche alla salvaguardia dei nostri alberi? Questa quercia \u00e8 stupenda e si trova ad un passo da noi; \u00e8 un bene assoluto della nostra collettivit\u00e0\u00bb<\/i>.<\/span><\/p>","protected":false},"excerpt":{"rendered":"<p>di\u00a0David Colzi settembre 2018 &nbsp; Come spesso accade, non ci rendiamo conto delle cose belle che abbiamo finch\u00e9 non le perdiamo, oppure, peggio ancora, quando qualcosa di bello \u00e8 sotto i nostri occhi tutti i giorni, finiamo per non vederlo pi\u00f9 e \u201cdiventa invisibile\u201d: tanto c\u2019\u00e8, \u00e8 l\u00ec per noi. Esempio calzante di tutto [&hellip;]<\/p>","protected":false},"author":5,"featured_media":0,"comment_status":"open","ping_status":"open","sticky":false,"template":"","format":"standard","meta":{"footnotes":""},"categories":[7,1706],"tags":[1800,672,774,1476,1801,1799,258,1356,1797,228,1798,1803,1802],"class_list":["post-5163","post","type-post","status-publish","format-standard","hentry","category-mt","category-qualita-di-vita","tag-accademia-dei-georgofili","tag-agliana","tag-bruno-tempestini","tag-bure","tag-daniele-manetti","tag-fabio-niccolai","tag-pistoia","tag-quercia","tag-quercus-pubescens","tag-stazione","tag-alberi-monumentali","tag-consorzio-medio-valdarno","tag-genio-civile-valdarno-centrale"],"yoast_head":"<!-- This site is optimized with the Yoast SEO plugin v25.5 - https:\/\/yoast.com\/wordpress\/plugins\/seo\/ -->\n<title>Tuteliamo la quercia di Stazione - Noi di Qua Testata giornalistica e di attualit\u00e0 di Agliana, Montale e Quarrata.<\/title>\n<meta name=\"robots\" content=\"index, follow, max-snippet:-1, max-image-preview:large, max-video-preview:-1\" \/>\n<link rel=\"canonical\" href=\"https:\/\/www.noidiqua.it\/Montale\/tuteliamo-la-quercia-stazione\/\" \/>\n<meta property=\"og:locale\" content=\"it_IT\" \/>\n<meta property=\"og:type\" content=\"article\" \/>\n<meta property=\"og:title\" content=\"Tuteliamo la quercia di Stazione - Noi di Qua Testata giornalistica e di attualit\u00e0 di Agliana, Montale e Quarrata.\" \/>\n<meta property=\"og:description\" content=\"di\u00a0David Colzi settembre 2018 &nbsp; Come spesso accade, non ci rendiamo conto delle cose belle che abbiamo finch\u00e9 non le perdiamo, oppure, peggio ancora, quando qualcosa di bello \u00e8 sotto i nostri occhi tutti i giorni, finiamo per non vederlo pi\u00f9 e \u201cdiventa invisibile\u201d: tanto c\u2019\u00e8, \u00e8 l\u00ec per noi. Esempio calzante di tutto [&hellip;]\" \/>\n<meta property=\"og:url\" content=\"https:\/\/www.noidiqua.it\/Montale\/tuteliamo-la-quercia-stazione\/\" \/>\n<meta property=\"og:site_name\" content=\"Noi di Qua Testata giornalistica e di attualit\u00e0 di Agliana, Montale e Quarrata.\" \/>\n<meta property=\"article:publisher\" content=\"https:\/\/www.facebook.com\/noidiqua.trimestrale\/\" \/>\n<meta property=\"article:published_time\" content=\"2018-09-05T14:00:57+00:00\" \/>\n<meta property=\"article:modified_time\" content=\"2022-01-21T15:17:49+00:00\" \/>\n<meta property=\"og:image\" content=\"https:\/\/www.noidiqua.it\/Montale\/wp-content\/uploads\/2018\/09\/quercia_3.png\" \/>\n<meta name=\"author\" content=\"David Colzi\" \/>\n<meta name=\"twitter:label1\" content=\"Scritto da\" \/>\n\t<meta name=\"twitter:data1\" content=\"David Colzi\" \/>\n\t<meta name=\"twitter:label2\" content=\"Tempo di lettura stimato\" \/>\n\t<meta name=\"twitter:data2\" content=\"4 minuti\" \/>\n<script type=\"application\/ld+json\" class=\"yoast-schema-graph\">{\"@context\":\"https:\/\/schema.org\",\"@graph\":[{\"@type\":\"WebPage\",\"@id\":\"https:\/\/www.noidiqua.it\/Montale\/tuteliamo-la-quercia-stazione\/\",\"url\":\"https:\/\/www.noidiqua.it\/Montale\/tuteliamo-la-quercia-stazione\/\",\"name\":\"Tuteliamo la quercia di Stazione - Noi di Qua Testata giornalistica e di attualit\u00e0 di Agliana, Montale e Quarrata.\",\"isPartOf\":{\"@id\":\"https:\/\/www.noidiqua.it\/Montale\/#website\"},\"primaryImageOfPage\":{\"@id\":\"https:\/\/www.noidiqua.it\/Montale\/tuteliamo-la-quercia-stazione\/#primaryimage\"},\"image\":{\"@id\":\"https:\/\/www.noidiqua.it\/Montale\/tuteliamo-la-quercia-stazione\/#primaryimage\"},\"thumbnailUrl\":\"https:\/\/www.noidiqua.it\/Montale\/wp-content\/uploads\/2018\/09\/quercia_3.png\",\"datePublished\":\"2018-09-05T14:00:57+00:00\",\"dateModified\":\"2022-01-21T15:17:49+00:00\",\"author\":{\"@id\":\"https:\/\/www.noidiqua.it\/Montale\/#\/schema\/person\/3b45dd21eb2367c177b6a6d35c868ccc\"},\"breadcrumb\":{\"@id\":\"https:\/\/www.noidiqua.it\/Montale\/tuteliamo-la-quercia-stazione\/#breadcrumb\"},\"inLanguage\":\"it-IT\",\"potentialAction\":[{\"@type\":\"ReadAction\",\"target\":[\"https:\/\/www.noidiqua.it\/Montale\/tuteliamo-la-quercia-stazione\/\"]}]},{\"@type\":\"ImageObject\",\"inLanguage\":\"it-IT\",\"@id\":\"https:\/\/www.noidiqua.it\/Montale\/tuteliamo-la-quercia-stazione\/#primaryimage\",\"url\":\"https:\/\/www.noidiqua.it\/Montale\/wp-content\/uploads\/2018\/09\/quercia_3.png\",\"contentUrl\":\"https:\/\/www.noidiqua.it\/Montale\/wp-content\/uploads\/2018\/09\/quercia_3.png\",\"width\":450,\"height\":300},{\"@type\":\"BreadcrumbList\",\"@id\":\"https:\/\/www.noidiqua.it\/Montale\/tuteliamo-la-quercia-stazione\/#breadcrumb\",\"itemListElement\":[{\"@type\":\"ListItem\",\"position\":1,\"name\":\"Home\",\"item\":\"https:\/\/www.noidiqua.it\/Montale\/\"},{\"@type\":\"ListItem\",\"position\":2,\"name\":\"Tuteliamo la quercia di Stazione\"}]},{\"@type\":\"WebSite\",\"@id\":\"https:\/\/www.noidiqua.it\/Montale\/#website\",\"url\":\"https:\/\/www.noidiqua.it\/Montale\/\",\"name\":\"Noi di Qua Testata giornalistica e di attualit\u00e0 di Agliana, Montale e Quarrata.\",\"description\":\"Testata Giornalistica Quarrata Montale Agliana\",\"potentialAction\":[{\"@type\":\"SearchAction\",\"target\":{\"@type\":\"EntryPoint\",\"urlTemplate\":\"https:\/\/www.noidiqua.it\/Montale\/?s={search_term_string}\"},\"query-input\":{\"@type\":\"PropertyValueSpecification\",\"valueRequired\":true,\"valueName\":\"search_term_string\"}}],\"inLanguage\":\"it-IT\"},{\"@type\":\"Person\",\"@id\":\"https:\/\/www.noidiqua.it\/Montale\/#\/schema\/person\/3b45dd21eb2367c177b6a6d35c868ccc\",\"name\":\"David Colzi\",\"image\":{\"@type\":\"ImageObject\",\"inLanguage\":\"it-IT\",\"@id\":\"https:\/\/www.noidiqua.it\/Montale\/#\/schema\/person\/image\/\",\"url\":\"https:\/\/secure.gravatar.com\/avatar\/515ac68c0075b78a8243a0f28e5a361c9b5c466a1d6912ac3919ddd928c4db8c?s=96&d=mm&r=g\",\"contentUrl\":\"https:\/\/secure.gravatar.com\/avatar\/515ac68c0075b78a8243a0f28e5a361c9b5c466a1d6912ac3919ddd928c4db8c?s=96&d=mm&r=g\",\"caption\":\"David Colzi\"},\"url\":\"https:\/\/www.noidiqua.it\/Montale\/author\/david-colzi\/\"}]}<\/script>\n<!-- \/ Yoast SEO plugin. -->","yoast_head_json":{"title":"Tuteliamo la quercia di Stazione - Noi di Qua Testata giornalistica e di attualit\u00e0 di Agliana, Montale e Quarrata.","robots":{"index":"index","follow":"follow","max-snippet":"max-snippet:-1","max-image-preview":"max-image-preview:large","max-video-preview":"max-video-preview:-1"},"canonical":"https:\/\/www.noidiqua.it\/Montale\/tuteliamo-la-quercia-stazione\/","og_locale":"it_IT","og_type":"article","og_title":"Tuteliamo la quercia di Stazione - Noi di Qua Testata giornalistica e di attualit\u00e0 di Agliana, Montale e Quarrata.","og_description":"di\u00a0David Colzi settembre 2018 &nbsp; Come spesso accade, non ci rendiamo conto delle cose belle che abbiamo finch\u00e9 non le perdiamo, oppure, peggio ancora, quando qualcosa di bello \u00e8 sotto i nostri occhi tutti i giorni, finiamo per non vederlo pi\u00f9 e \u201cdiventa invisibile\u201d: tanto c\u2019\u00e8, \u00e8 l\u00ec per noi. Esempio calzante di tutto [&hellip;]","og_url":"https:\/\/www.noidiqua.it\/Montale\/tuteliamo-la-quercia-stazione\/","og_site_name":"Noi di Qua Testata giornalistica e di attualit\u00e0 di Agliana, Montale e Quarrata.","article_publisher":"https:\/\/www.facebook.com\/noidiqua.trimestrale\/","article_published_time":"2018-09-05T14:00:57+00:00","article_modified_time":"2022-01-21T15:17:49+00:00","og_image":[{"url":"https:\/\/www.noidiqua.it\/Montale\/wp-content\/uploads\/2018\/09\/quercia_3.png","type":"","width":"","height":""}],"author":"David Colzi","twitter_misc":{"Scritto da":"David Colzi","Tempo di lettura stimato":"4 minuti"},"schema":{"@context":"https:\/\/schema.org","@graph":[{"@type":"WebPage","@id":"https:\/\/www.noidiqua.it\/Montale\/tuteliamo-la-quercia-stazione\/","url":"https:\/\/www.noidiqua.it\/Montale\/tuteliamo-la-quercia-stazione\/","name":"Tuteliamo la quercia di Stazione - Noi di Qua Testata giornalistica e di attualit\u00e0 di Agliana, Montale e Quarrata.","isPartOf":{"@id":"https:\/\/www.noidiqua.it\/Montale\/#website"},"primaryImageOfPage":{"@id":"https:\/\/www.noidiqua.it\/Montale\/tuteliamo-la-quercia-stazione\/#primaryimage"},"image":{"@id":"https:\/\/www.noidiqua.it\/Montale\/tuteliamo-la-quercia-stazione\/#primaryimage"},"thumbnailUrl":"https:\/\/www.noidiqua.it\/Montale\/wp-content\/uploads\/2018\/09\/quercia_3.png","datePublished":"2018-09-05T14:00:57+00:00","dateModified":"2022-01-21T15:17:49+00:00","author":{"@id":"https:\/\/www.noidiqua.it\/Montale\/#\/schema\/person\/3b45dd21eb2367c177b6a6d35c868ccc"},"breadcrumb":{"@id":"https:\/\/www.noidiqua.it\/Montale\/tuteliamo-la-quercia-stazione\/#breadcrumb"},"inLanguage":"it-IT","potentialAction":[{"@type":"ReadAction","target":["https:\/\/www.noidiqua.it\/Montale\/tuteliamo-la-quercia-stazione\/"]}]},{"@type":"ImageObject","inLanguage":"it-IT","@id":"https:\/\/www.noidiqua.it\/Montale\/tuteliamo-la-quercia-stazione\/#primaryimage","url":"https:\/\/www.noidiqua.it\/Montale\/wp-content\/uploads\/2018\/09\/quercia_3.png","contentUrl":"https:\/\/www.noidiqua.it\/Montale\/wp-content\/uploads\/2018\/09\/quercia_3.png","width":450,"height":300},{"@type":"BreadcrumbList","@id":"https:\/\/www.noidiqua.it\/Montale\/tuteliamo-la-quercia-stazione\/#breadcrumb","itemListElement":[{"@type":"ListItem","position":1,"name":"Home","item":"https:\/\/www.noidiqua.it\/Montale\/"},{"@type":"ListItem","position":2,"name":"Tuteliamo la quercia di Stazione"}]},{"@type":"WebSite","@id":"https:\/\/www.noidiqua.it\/Montale\/#website","url":"https:\/\/www.noidiqua.it\/Montale\/","name":"Noi di Qua Testata giornalistica e di attualit\u00e0 di Agliana, Montale e Quarrata.","description":"Testata Giornalistica Quarrata Montale Agliana","potentialAction":[{"@type":"SearchAction","target":{"@type":"EntryPoint","urlTemplate":"https:\/\/www.noidiqua.it\/Montale\/?s={search_term_string}"},"query-input":{"@type":"PropertyValueSpecification","valueRequired":true,"valueName":"search_term_string"}}],"inLanguage":"it-IT"},{"@type":"Person","@id":"https:\/\/www.noidiqua.it\/Montale\/#\/schema\/person\/3b45dd21eb2367c177b6a6d35c868ccc","name":"David Colzi","image":{"@type":"ImageObject","inLanguage":"it-IT","@id":"https:\/\/www.noidiqua.it\/Montale\/#\/schema\/person\/image\/","url":"https:\/\/secure.gravatar.com\/avatar\/515ac68c0075b78a8243a0f28e5a361c9b5c466a1d6912ac3919ddd928c4db8c?s=96&d=mm&r=g","contentUrl":"https:\/\/secure.gravatar.com\/avatar\/515ac68c0075b78a8243a0f28e5a361c9b5c466a1d6912ac3919ddd928c4db8c?s=96&d=mm&r=g","caption":"David Colzi"},"url":"https:\/\/www.noidiqua.it\/Montale\/author\/david-colzi\/"}]}},"_links":{"self":[{"href":"https:\/\/www.noidiqua.it\/Montale\/wp-json\/wp\/v2\/posts\/5163","targetHints":{"allow":["GET"]}}],"collection":[{"href":"https:\/\/www.noidiqua.it\/Montale\/wp-json\/wp\/v2\/posts"}],"about":[{"href":"https:\/\/www.noidiqua.it\/Montale\/wp-json\/wp\/v2\/types\/post"}],"author":[{"embeddable":true,"href":"https:\/\/www.noidiqua.it\/Montale\/wp-json\/wp\/v2\/users\/5"}],"replies":[{"embeddable":true,"href":"https:\/\/www.noidiqua.it\/Montale\/wp-json\/wp\/v2\/comments?post=5163"}],"version-history":[{"count":5,"href":"https:\/\/www.noidiqua.it\/Montale\/wp-json\/wp\/v2\/posts\/5163\/revisions"}],"predecessor-version":[{"id":6446,"href":"https:\/\/www.noidiqua.it\/Montale\/wp-json\/wp\/v2\/posts\/5163\/revisions\/6446"}],"wp:attachment":[{"href":"https:\/\/www.noidiqua.it\/Montale\/wp-json\/wp\/v2\/media?parent=5163"}],"wp:term":[{"taxonomy":"category","embeddable":true,"href":"https:\/\/www.noidiqua.it\/Montale\/wp-json\/wp\/v2\/categories?post=5163"},{"taxonomy":"post_tag","embeddable":true,"href":"https:\/\/www.noidiqua.it\/Montale\/wp-json\/wp\/v2\/tags?post=5163"}],"curies":[{"name":"wp","href":"https:\/\/api.w.org\/{rel}","templated":true}]}}