{"id":5171,"date":"2018-09-05T11:30:38","date_gmt":"2018-09-05T09:30:38","guid":{"rendered":"https:\/\/www.noidiqua.it\/Montale\/?p=5171"},"modified":"2022-01-21T16:08:03","modified_gmt":"2022-01-21T15:08:03","slug":"nuovi-prodotti-de-co","status":"publish","type":"post","link":"https:\/\/www.noidiqua.it\/Montale\/nuovi-prodotti-de-co\/","title":{"rendered":"Nuovi prodotti De.Co."},"content":{"rendered":"<p><em>di Giacomo Bini<\/em><\/p>\n<div>settembre 2018<\/div>\n<div><\/div>\n<div><a href=\"https:\/\/www.noidiqua.it\/Montale\/wp-content\/uploads\/2018\/09\/NUOVI-PRODOTTI-DECO_4.png\" rel=\"wp-prettyPhoto[5171]\"><img loading=\"lazy\" decoding=\"async\" class=\"aligncenter size-full wp-image-6432\" src=\"https:\/\/www.noidiqua.it\/Montale\/wp-content\/uploads\/2018\/09\/NUOVI-PRODOTTI-DECO_4.png\" alt=\"\" width=\"450\" height=\"300\" srcset=\"https:\/\/www.noidiqua.it\/Montale\/wp-content\/uploads\/2018\/09\/NUOVI-PRODOTTI-DECO_4.png 450w, https:\/\/www.noidiqua.it\/Montale\/wp-content\/uploads\/2018\/09\/NUOVI-PRODOTTI-DECO_4-300x200.png 300w\" sizes=\"auto, (max-width: 450px) 100vw, 450px\" \/><\/a><\/div>\n<div><\/div>\n<p class=\"p1\" style=\"text-align: justify;\"><span class=\"s1\">Altri otto prodotti della gastronomia e dell\u2019artigianato montalese sono stati insigniti del marchio <strong>De.Co.<\/strong>, la <a href=\"https:\/\/www.noidiqua.it\/Montale\/prodotti-marchio-de-co-denominazione-comunale\/\"><strong>Denominazione Comunale<\/strong><\/a>, che viene riservata ai frutti dell\u2019ingegno e della tradizione locale degni di rappresentare il nome di Montale. Siamo in tutto a 14 prodotti con il marchio De.Co. considerando i primi sei che lo avevano conseguito l\u2019anno scorso. <\/span><span class=\"s1\">La ricchezza del paniere De.Co. indica la variet\u00e0 e la qualit\u00e0 dei prodotti montalesi ma \u00e8 anche significativa dell\u2019interesse che suscita il marchio tra le aziende e gli operatori. Evidentemente c\u2019\u00e8 fiducia che il De.Co. possa essere un veicolo promozionale efficace e ora l\u2019importante \u00e8 che, tale fiducia, venga tradotta in iniziative per far conoscere e lanciare anche all\u2019esterno i prodotti locali. Degli otto nuovi prodotti De.Co. ben quattro vengono dallo <a href=\"https:\/\/www.noidiqua.it\/Montale\/macelleria-meoni-piu-cento-anni-un-nome-storia\/\">storico salumificio<\/a> dei fratelli <strong>Roberto e Dante Meoni<\/strong>. Sono delizie in gran parte conosciute ai montalesi come <b>i migliacci<\/b>, che non hanno bisogno di presentazione per chi ha un ricordo della tradizione contadina, vere e proprie meraviglie gastronomiche che oltretutto hanno la capacit\u00e0 di evocare un mondo che ora non c\u2019\u00e8 pi\u00f9. Un\u2019altra vecchia conoscenza delle tavole toscane sono<b> i crostini neri<\/b>, presenza immancabile nei pranzi di famiglia. Una creazione di casa Meoni sono invece <b>i fegatelli della Marchesa<\/b>, chiamati cos\u00ec perch\u00e9 venivano preparati nella villa di Celle nelle giornate in cui si ammazzava il maiale. Infine un <b>sugo speciale, bianco, a base di prosciutto Dop<\/b> sempre della ditta Meoni.<\/span><\/p>\n<p><a href=\"https:\/\/www.noidiqua.it\/Montale\/wp-content\/uploads\/2018\/09\/NUOVI-PRODOTTI-DECO_3.png\" rel=\"wp-prettyPhoto[5171]\"><img loading=\"lazy\" decoding=\"async\" class=\"aligncenter size-full wp-image-6433\" src=\"https:\/\/www.noidiqua.it\/Montale\/wp-content\/uploads\/2018\/09\/NUOVI-PRODOTTI-DECO_3.png\" alt=\"\" width=\"450\" height=\"367\" srcset=\"https:\/\/www.noidiqua.it\/Montale\/wp-content\/uploads\/2018\/09\/NUOVI-PRODOTTI-DECO_3.png 450w, https:\/\/www.noidiqua.it\/Montale\/wp-content\/uploads\/2018\/09\/NUOVI-PRODOTTI-DECO_3-300x245.png 300w\" sizes=\"auto, (max-width: 450px) 100vw, 450px\" \/><\/a><\/p>\n<p class=\"p1\" style=\"text-align: justify;\"><span class=\"s1\">Sempre in campo gastronomico spiccano tra i nuovi De.Co. <b>due maccheroni del Pastificio San Marco<\/b>, un\u2019azienda montalese di eccellenza che fornisce la pasta anche alle contrade del Palio di Siena. Il primo maccherone \u00e8 quello artigianale montalese classico che rispecchia pienamente la tradizione locale pur con un lieve <i>restiling <\/i>per adeguarlo ai tempi. Il secondo maccherone all\u2019uovo, \u00e8 invece una creazione destinata a sposarsi perfettamente con il sugo bianco della ditta Meoni. Questo interessante connubio tra i due prodotti apre la prospettiva che all\u2019interno dei De.Co., possa nascere un\u2019alleanza all\u2019insegna del gusto in modo da proporre una sorta di pacchetto completo <i>Made in Montale<\/i>. Ancora le sinergie sono da studiare ma l\u2019idea c\u2019\u00e8 e merita di essere sviluppata.<\/span><\/p>\n<p><a href=\"https:\/\/www.noidiqua.it\/Montale\/wp-content\/uploads\/2018\/09\/NUOVI-PRODOTTI-DECO_2.png\" rel=\"wp-prettyPhoto[5171]\"><img loading=\"lazy\" decoding=\"async\" class=\"aligncenter size-full wp-image-6435\" src=\"https:\/\/www.noidiqua.it\/Montale\/wp-content\/uploads\/2018\/09\/NUOVI-PRODOTTI-DECO_2.png\" alt=\"\" width=\"338\" height=\"380\" srcset=\"https:\/\/www.noidiqua.it\/Montale\/wp-content\/uploads\/2018\/09\/NUOVI-PRODOTTI-DECO_2.png 338w, https:\/\/www.noidiqua.it\/Montale\/wp-content\/uploads\/2018\/09\/NUOVI-PRODOTTI-DECO_2-267x300.png 267w\" sizes=\"auto, (max-width: 338px) 100vw, 338px\" \/><\/a><\/p>\n<p class=\"p1\" style=\"text-align: justify;\"><span class=\"s1\">In un ipotetico menu montalese non potrebbe allora mancare il dessert e infatti tra i nuovi otto De.Co. sono presenti <b>i Cantucci di Milla<\/b>, realizzati da <strong>Mina Pierattini<\/strong> della Ditta Dicassette. I cantucci sono il frutto di un lungo lavoro di studio e di sperimentazione che ha avuto il suo approdo in un prodotto di notevole qualit\u00e0 che pu\u00f2 essere gustato da solo oppure, come vuole l\u2019usanza, immerso nel vinsanto. I cantucci sono poi realizzabili con tante varianti: classici, al cioccolato, al pistacchio o ai fichi secchi.<\/span><\/p>\n<p><a href=\"https:\/\/www.noidiqua.it\/Montale\/wp-content\/uploads\/2018\/09\/NUOVI-PRODOTTI-DECO_1.png\" rel=\"wp-prettyPhoto[5171]\"><img loading=\"lazy\" decoding=\"async\" class=\"aligncenter size-full wp-image-6434\" src=\"https:\/\/www.noidiqua.it\/Montale\/wp-content\/uploads\/2018\/09\/NUOVI-PRODOTTI-DECO_1.png\" alt=\"\" width=\"450\" height=\"300\" srcset=\"https:\/\/www.noidiqua.it\/Montale\/wp-content\/uploads\/2018\/09\/NUOVI-PRODOTTI-DECO_1.png 450w, https:\/\/www.noidiqua.it\/Montale\/wp-content\/uploads\/2018\/09\/NUOVI-PRODOTTI-DECO_1-300x200.png 300w\" sizes=\"auto, (max-width: 450px) 100vw, 450px\" \/><\/a><\/p>\n<p class=\"p1\" style=\"text-align: justify;\"><span class=\"s1\">Uscendo dal campo gastronomico ma rimanendo nell\u2019ambito dell\u2019ingegno artigianale, arriviamo ad un prodotto della fiorista Laila, una <b>\u201cLavanda all\u2019antica\u201d<\/b> che <a href=\"https:\/\/www.noidiqua.it\/Montale\/laila-nesi-larte-antica-delle-composizioni-floreali\/\">Laila Nesi<\/a>, con la sua lodevole attenzione alle tradizioni, ha saputo conservare conformemente all\u2019uso tipico del posto. <\/span><\/p>\n<p class=\"p1\" style=\"text-align: justify;\"><span class=\"s1\">Gli otto nuovi prodotti De.Co. si aggiungono ai sei che per primi avevano ricevuto il marchio: la torta Menichina e il biscotto Moraiolo creati dal maestro cioccolatiere Sergio Signorini, che ne ha donato la ricetta a Montale, il prosciutto Dop del salumificio Meoni, un anello della gioielleria di <a href=\"https:\/\/www.noidiqua.it\/Montale\/gioielleria-arti-orafe-20-anni-attivita\/\"><strong>Spartaco Nesi<\/strong><\/a> e altre due composizioni fioristiche realizzate dal negozio \u201cCi vuole un fiore\u201d e dalla fiorista Laila. Il marchio De.Co. \u00e8 assegnato dall\u2019Amministrazione Comunale sulla base di un accurato esame e di un giudizio emesso da una commissione di esperti formata da Bonaldo Agresti, Elisabetta Matteini, Ilaria Bolognesi e Filippo Zanini e presieduta dal sindaco Ferdinando Betti o da un suo delegato. L\u2019iniziativa di creare il marchio De.Co. si deve all\u2019assessore alle attivit\u00e0 produttive Marianna Menicacci.<\/span><\/p>\n<p>&nbsp;<\/p>\n<p class=\"p1\"><i>Le foto a Roberto Meoni e Laila Nesi <\/i><i>sono state scattate da Andrea Pecchioli<\/i><\/p>","protected":false},"excerpt":{"rendered":"<p>di Giacomo Bini settembre 2018 Altri otto prodotti della gastronomia e dell\u2019artigianato montalese sono stati insigniti del marchio De.Co., la Denominazione Comunale, che viene riservata ai frutti dell\u2019ingegno e della tradizione locale degni di rappresentare il nome di Montale. Siamo in tutto a 14 prodotti con il marchio De.Co. considerando i primi sei che [&hellip;]<\/p>","protected":false},"author":12,"featured_media":0,"comment_status":"open","ping_status":"open","sticky":false,"template":"","format":"standard","meta":{"footnotes":""},"categories":[31,7],"tags":[1813,1804,1420,1808,1809,1807,1399,1815,1814,1812,1811,1805,1806,593,1810],"class_list":["post-5171","post","type-post","status-publish","format-standard","hentry","category-storia-qt","category-mt","tag-cantucci-di-milla","tag-de-co","tag-denominazione-comunale","tag-i-crostini-neri","tag-i-fegatelli-della-marchesa","tag-i-migliacci","tag-laila-nesi","tag-lavanda-allantica","tag-mina-pierattini","tag-pastificio-san-marco","tag-prosciutto-dop","tag-roberto-e-dante-meoni","tag-salumificio","tag-spartaco-nesi","tag-sugo-speciale"],"yoast_head":"<!-- This site is optimized with the Yoast SEO plugin v25.5 - https:\/\/yoast.com\/wordpress\/plugins\/seo\/ -->\n<title>Nuovi prodotti De.Co. - Noi di Qua Testata giornalistica e di attualit\u00e0 di Agliana, Montale e Quarrata.<\/title>\n<meta name=\"robots\" content=\"index, follow, max-snippet:-1, max-image-preview:large, max-video-preview:-1\" \/>\n<link rel=\"canonical\" href=\"https:\/\/www.noidiqua.it\/Montale\/nuovi-prodotti-de-co\/\" \/>\n<meta property=\"og:locale\" content=\"it_IT\" \/>\n<meta property=\"og:type\" content=\"article\" \/>\n<meta property=\"og:title\" content=\"Nuovi prodotti De.Co. - Noi di Qua Testata giornalistica e di attualit\u00e0 di Agliana, Montale e Quarrata.\" \/>\n<meta property=\"og:description\" content=\"di Giacomo Bini settembre 2018 Altri otto prodotti della gastronomia e dell\u2019artigianato montalese sono stati insigniti del marchio De.Co., la Denominazione Comunale, che viene riservata ai frutti dell\u2019ingegno e della tradizione locale degni di rappresentare il nome di Montale. Siamo in tutto a 14 prodotti con il marchio De.Co. considerando i primi sei che [&hellip;]\" \/>\n<meta property=\"og:url\" content=\"https:\/\/www.noidiqua.it\/Montale\/nuovi-prodotti-de-co\/\" \/>\n<meta property=\"og:site_name\" content=\"Noi di Qua Testata giornalistica e di attualit\u00e0 di Agliana, Montale e Quarrata.\" \/>\n<meta property=\"article:publisher\" content=\"https:\/\/www.facebook.com\/noidiqua.trimestrale\/\" \/>\n<meta property=\"article:published_time\" content=\"2018-09-05T09:30:38+00:00\" \/>\n<meta property=\"article:modified_time\" content=\"2022-01-21T15:08:03+00:00\" \/>\n<meta property=\"og:image\" content=\"https:\/\/www.noidiqua.it\/Montale\/wp-content\/uploads\/2018\/09\/NUOVI-PRODOTTI-DECO_4.png\" \/>\n<meta name=\"author\" content=\"Giacomo Bini\" \/>\n<meta name=\"twitter:label1\" content=\"Scritto da\" \/>\n\t<meta name=\"twitter:data1\" content=\"Giacomo Bini\" \/>\n\t<meta name=\"twitter:label2\" content=\"Tempo di lettura stimato\" \/>\n\t<meta name=\"twitter:data2\" content=\"3 minuti\" \/>\n<script type=\"application\/ld+json\" class=\"yoast-schema-graph\">{\"@context\":\"https:\/\/schema.org\",\"@graph\":[{\"@type\":\"WebPage\",\"@id\":\"https:\/\/www.noidiqua.it\/Montale\/nuovi-prodotti-de-co\/\",\"url\":\"https:\/\/www.noidiqua.it\/Montale\/nuovi-prodotti-de-co\/\",\"name\":\"Nuovi prodotti De.Co. - Noi di Qua Testata giornalistica e di attualit\u00e0 di Agliana, Montale e Quarrata.\",\"isPartOf\":{\"@id\":\"https:\/\/www.noidiqua.it\/Montale\/#website\"},\"primaryImageOfPage\":{\"@id\":\"https:\/\/www.noidiqua.it\/Montale\/nuovi-prodotti-de-co\/#primaryimage\"},\"image\":{\"@id\":\"https:\/\/www.noidiqua.it\/Montale\/nuovi-prodotti-de-co\/#primaryimage\"},\"thumbnailUrl\":\"https:\/\/www.noidiqua.it\/Montale\/wp-content\/uploads\/2018\/09\/NUOVI-PRODOTTI-DECO_4.png\",\"datePublished\":\"2018-09-05T09:30:38+00:00\",\"dateModified\":\"2022-01-21T15:08:03+00:00\",\"author\":{\"@id\":\"https:\/\/www.noidiqua.it\/Montale\/#\/schema\/person\/e2e6f44da50af0dae9c90ad168e471a4\"},\"breadcrumb\":{\"@id\":\"https:\/\/www.noidiqua.it\/Montale\/nuovi-prodotti-de-co\/#breadcrumb\"},\"inLanguage\":\"it-IT\",\"potentialAction\":[{\"@type\":\"ReadAction\",\"target\":[\"https:\/\/www.noidiqua.it\/Montale\/nuovi-prodotti-de-co\/\"]}]},{\"@type\":\"ImageObject\",\"inLanguage\":\"it-IT\",\"@id\":\"https:\/\/www.noidiqua.it\/Montale\/nuovi-prodotti-de-co\/#primaryimage\",\"url\":\"https:\/\/www.noidiqua.it\/Montale\/wp-content\/uploads\/2018\/09\/NUOVI-PRODOTTI-DECO_4.png\",\"contentUrl\":\"https:\/\/www.noidiqua.it\/Montale\/wp-content\/uploads\/2018\/09\/NUOVI-PRODOTTI-DECO_4.png\",\"width\":450,\"height\":300},{\"@type\":\"BreadcrumbList\",\"@id\":\"https:\/\/www.noidiqua.it\/Montale\/nuovi-prodotti-de-co\/#breadcrumb\",\"itemListElement\":[{\"@type\":\"ListItem\",\"position\":1,\"name\":\"Home\",\"item\":\"https:\/\/www.noidiqua.it\/Montale\/\"},{\"@type\":\"ListItem\",\"position\":2,\"name\":\"Nuovi prodotti De.Co.\"}]},{\"@type\":\"WebSite\",\"@id\":\"https:\/\/www.noidiqua.it\/Montale\/#website\",\"url\":\"https:\/\/www.noidiqua.it\/Montale\/\",\"name\":\"Noi di Qua Testata giornalistica e di attualit\u00e0 di Agliana, Montale e Quarrata.\",\"description\":\"Testata Giornalistica Quarrata Montale Agliana\",\"potentialAction\":[{\"@type\":\"SearchAction\",\"target\":{\"@type\":\"EntryPoint\",\"urlTemplate\":\"https:\/\/www.noidiqua.it\/Montale\/?s={search_term_string}\"},\"query-input\":{\"@type\":\"PropertyValueSpecification\",\"valueRequired\":true,\"valueName\":\"search_term_string\"}}],\"inLanguage\":\"it-IT\"},{\"@type\":\"Person\",\"@id\":\"https:\/\/www.noidiqua.it\/Montale\/#\/schema\/person\/e2e6f44da50af0dae9c90ad168e471a4\",\"name\":\"Giacomo Bini\",\"image\":{\"@type\":\"ImageObject\",\"inLanguage\":\"it-IT\",\"@id\":\"https:\/\/www.noidiqua.it\/Montale\/#\/schema\/person\/image\/\",\"url\":\"https:\/\/secure.gravatar.com\/avatar\/e5c18ae41df5ae37397358f2c6046696187d51a120c5d0b8f0c49f7b606f46f4?s=96&d=mm&r=g\",\"contentUrl\":\"https:\/\/secure.gravatar.com\/avatar\/e5c18ae41df5ae37397358f2c6046696187d51a120c5d0b8f0c49f7b606f46f4?s=96&d=mm&r=g\",\"caption\":\"Giacomo Bini\"},\"url\":\"https:\/\/www.noidiqua.it\/Montale\/author\/giacomo-bini\/\"}]}<\/script>\n<!-- \/ Yoast SEO plugin. -->","yoast_head_json":{"title":"Nuovi prodotti De.Co. - Noi di Qua Testata giornalistica e di attualit\u00e0 di Agliana, Montale e Quarrata.","robots":{"index":"index","follow":"follow","max-snippet":"max-snippet:-1","max-image-preview":"max-image-preview:large","max-video-preview":"max-video-preview:-1"},"canonical":"https:\/\/www.noidiqua.it\/Montale\/nuovi-prodotti-de-co\/","og_locale":"it_IT","og_type":"article","og_title":"Nuovi prodotti De.Co. - Noi di Qua Testata giornalistica e di attualit\u00e0 di Agliana, Montale e Quarrata.","og_description":"di Giacomo Bini settembre 2018 Altri otto prodotti della gastronomia e dell\u2019artigianato montalese sono stati insigniti del marchio De.Co., la Denominazione Comunale, che viene riservata ai frutti dell\u2019ingegno e della tradizione locale degni di rappresentare il nome di Montale. Siamo in tutto a 14 prodotti con il marchio De.Co. considerando i primi sei che [&hellip;]","og_url":"https:\/\/www.noidiqua.it\/Montale\/nuovi-prodotti-de-co\/","og_site_name":"Noi di Qua Testata giornalistica e di attualit\u00e0 di Agliana, Montale e Quarrata.","article_publisher":"https:\/\/www.facebook.com\/noidiqua.trimestrale\/","article_published_time":"2018-09-05T09:30:38+00:00","article_modified_time":"2022-01-21T15:08:03+00:00","og_image":[{"url":"https:\/\/www.noidiqua.it\/Montale\/wp-content\/uploads\/2018\/09\/NUOVI-PRODOTTI-DECO_4.png","type":"","width":"","height":""}],"author":"Giacomo Bini","twitter_misc":{"Scritto da":"Giacomo Bini","Tempo di lettura stimato":"3 minuti"},"schema":{"@context":"https:\/\/schema.org","@graph":[{"@type":"WebPage","@id":"https:\/\/www.noidiqua.it\/Montale\/nuovi-prodotti-de-co\/","url":"https:\/\/www.noidiqua.it\/Montale\/nuovi-prodotti-de-co\/","name":"Nuovi prodotti De.Co. - Noi di Qua Testata giornalistica e di attualit\u00e0 di Agliana, Montale e Quarrata.","isPartOf":{"@id":"https:\/\/www.noidiqua.it\/Montale\/#website"},"primaryImageOfPage":{"@id":"https:\/\/www.noidiqua.it\/Montale\/nuovi-prodotti-de-co\/#primaryimage"},"image":{"@id":"https:\/\/www.noidiqua.it\/Montale\/nuovi-prodotti-de-co\/#primaryimage"},"thumbnailUrl":"https:\/\/www.noidiqua.it\/Montale\/wp-content\/uploads\/2018\/09\/NUOVI-PRODOTTI-DECO_4.png","datePublished":"2018-09-05T09:30:38+00:00","dateModified":"2022-01-21T15:08:03+00:00","author":{"@id":"https:\/\/www.noidiqua.it\/Montale\/#\/schema\/person\/e2e6f44da50af0dae9c90ad168e471a4"},"breadcrumb":{"@id":"https:\/\/www.noidiqua.it\/Montale\/nuovi-prodotti-de-co\/#breadcrumb"},"inLanguage":"it-IT","potentialAction":[{"@type":"ReadAction","target":["https:\/\/www.noidiqua.it\/Montale\/nuovi-prodotti-de-co\/"]}]},{"@type":"ImageObject","inLanguage":"it-IT","@id":"https:\/\/www.noidiqua.it\/Montale\/nuovi-prodotti-de-co\/#primaryimage","url":"https:\/\/www.noidiqua.it\/Montale\/wp-content\/uploads\/2018\/09\/NUOVI-PRODOTTI-DECO_4.png","contentUrl":"https:\/\/www.noidiqua.it\/Montale\/wp-content\/uploads\/2018\/09\/NUOVI-PRODOTTI-DECO_4.png","width":450,"height":300},{"@type":"BreadcrumbList","@id":"https:\/\/www.noidiqua.it\/Montale\/nuovi-prodotti-de-co\/#breadcrumb","itemListElement":[{"@type":"ListItem","position":1,"name":"Home","item":"https:\/\/www.noidiqua.it\/Montale\/"},{"@type":"ListItem","position":2,"name":"Nuovi prodotti De.Co."}]},{"@type":"WebSite","@id":"https:\/\/www.noidiqua.it\/Montale\/#website","url":"https:\/\/www.noidiqua.it\/Montale\/","name":"Noi di Qua Testata giornalistica e di attualit\u00e0 di Agliana, Montale e Quarrata.","description":"Testata Giornalistica Quarrata Montale Agliana","potentialAction":[{"@type":"SearchAction","target":{"@type":"EntryPoint","urlTemplate":"https:\/\/www.noidiqua.it\/Montale\/?s={search_term_string}"},"query-input":{"@type":"PropertyValueSpecification","valueRequired":true,"valueName":"search_term_string"}}],"inLanguage":"it-IT"},{"@type":"Person","@id":"https:\/\/www.noidiqua.it\/Montale\/#\/schema\/person\/e2e6f44da50af0dae9c90ad168e471a4","name":"Giacomo Bini","image":{"@type":"ImageObject","inLanguage":"it-IT","@id":"https:\/\/www.noidiqua.it\/Montale\/#\/schema\/person\/image\/","url":"https:\/\/secure.gravatar.com\/avatar\/e5c18ae41df5ae37397358f2c6046696187d51a120c5d0b8f0c49f7b606f46f4?s=96&d=mm&r=g","contentUrl":"https:\/\/secure.gravatar.com\/avatar\/e5c18ae41df5ae37397358f2c6046696187d51a120c5d0b8f0c49f7b606f46f4?s=96&d=mm&r=g","caption":"Giacomo Bini"},"url":"https:\/\/www.noidiqua.it\/Montale\/author\/giacomo-bini\/"}]}},"_links":{"self":[{"href":"https:\/\/www.noidiqua.it\/Montale\/wp-json\/wp\/v2\/posts\/5171","targetHints":{"allow":["GET"]}}],"collection":[{"href":"https:\/\/www.noidiqua.it\/Montale\/wp-json\/wp\/v2\/posts"}],"about":[{"href":"https:\/\/www.noidiqua.it\/Montale\/wp-json\/wp\/v2\/types\/post"}],"author":[{"embeddable":true,"href":"https:\/\/www.noidiqua.it\/Montale\/wp-json\/wp\/v2\/users\/12"}],"replies":[{"embeddable":true,"href":"https:\/\/www.noidiqua.it\/Montale\/wp-json\/wp\/v2\/comments?post=5171"}],"version-history":[{"count":9,"href":"https:\/\/www.noidiqua.it\/Montale\/wp-json\/wp\/v2\/posts\/5171\/revisions"}],"predecessor-version":[{"id":6436,"href":"https:\/\/www.noidiqua.it\/Montale\/wp-json\/wp\/v2\/posts\/5171\/revisions\/6436"}],"wp:attachment":[{"href":"https:\/\/www.noidiqua.it\/Montale\/wp-json\/wp\/v2\/media?parent=5171"}],"wp:term":[{"taxonomy":"category","embeddable":true,"href":"https:\/\/www.noidiqua.it\/Montale\/wp-json\/wp\/v2\/categories?post=5171"},{"taxonomy":"post_tag","embeddable":true,"href":"https:\/\/www.noidiqua.it\/Montale\/wp-json\/wp\/v2\/tags?post=5171"}],"curies":[{"name":"wp","href":"https:\/\/api.w.org\/{rel}","templated":true}]}}