{"id":5206,"date":"2018-09-05T15:31:15","date_gmt":"2018-09-05T13:31:15","guid":{"rendered":"https:\/\/www.noidiqua.it\/Montale\/?p=5206"},"modified":"2022-01-21T16:10:12","modified_gmt":"2022-01-21T15:10:12","slug":"i-brevi-di-noidiqua-19","status":"publish","type":"post","link":"https:\/\/www.noidiqua.it\/Montale\/i-brevi-di-noidiqua-19\/","title":{"rendered":"I brevi di Noidiqua"},"content":{"rendered":"<p><em>di Giacomo Bini<\/em><\/p>\n<p><i>settembre 2018<\/i><\/p>\n<p><a href=\"https:\/\/www.noidiqua.it\/Montale\/wp-content\/uploads\/2021\/04\/brevi.png\" rel=\"wp-prettyPhoto[5206]\"><img loading=\"lazy\" decoding=\"async\" class=\"aligncenter size-full wp-image-5604\" src=\"https:\/\/www.noidiqua.it\/Montale\/wp-content\/uploads\/2021\/04\/brevi.png\" alt=\"\" width=\"473\" height=\"291\" srcset=\"https:\/\/www.noidiqua.it\/Montale\/wp-content\/uploads\/2021\/04\/brevi.png 473w, https:\/\/www.noidiqua.it\/Montale\/wp-content\/uploads\/2021\/04\/brevi-300x185.png 300w\" sizes=\"auto, (max-width: 473px) 100vw, 473px\" \/><\/a><\/p>\n<p>&nbsp;<\/p>\n<p class=\"p1\" style=\"text-align: justify;\"><span class=\"s1\"><b>Amiche d\u2019infanzia si sono ritrovate a 80 anni dopo essere state lontane una vita intera, perch\u00e9 nel 1947, quando avevano 9 anni, la famiglia di una di loro si trasfer\u00ec in Argentina.<\/b><\/span><\/p>\n<p class=\"p1\" style=\"text-align: justify;\"><span class=\"s1\">Da allora Diva Bindi abita San Mart\u00ecn, citt\u00e0 nella provincia di Buenos Aires, mentre Maria Luisa Susini risiede da molti anni a Montale, nella frazione di Stazione. Nei giorni scorsi si sono incontrate a San Pantaleo, il paesino alle porte di Pistoia dove vivevano da piccole e dove \u00e8 nata un\u2019amicizia che ha resistito al tempo e alla distanza. E&#8217; stato un incontro commovente, perch\u00e9 Diva e Maria Luisa hanno recuperato immediatamente l\u2019intesa e la complicit\u00e0 di un tempo scambiandosi i tanti ricordi condivisi, un patrimonio di esperienze comuni che le ha tenute unite anche se l\u2019oceano le ha per lungo tempo separate. Hanno rievocato i giochi con le bambole di stoffa, il divertimento col nascondino ma anche la paura durante la guerra per i bombardamenti aerei che investirono Pistoia. <i>\u00abLa mia amica Diva sapeva che non avevo i soldi per comprare il gelato\u00bb<\/i> ricorda Maria Luisa<i> \u00abe lei chiedeva al gelataio due coni pi\u00f9 piccoli, perch\u00e9 anch\u2019io ne avessi uno. Un gesto che non ho mai dimenticato\u00bb<\/i>. Diva e Maria Luisa stavano sempre insieme finch\u00e9 un giorno, nel 1947, la famiglia Bindi decise di partire per l\u2019Argentina in cerca di una vita migliore. Quando si sono riviste all\u2019et\u00e0 di 80 anni, era come se ciascuna di loro avesse ritrovato una parte di s\u00e9.<\/span><\/p>\n<p class=\"p1\" style=\"text-align: justify;\"><span class=\"s1\"><b>Domenica 9 settembre, si \u00e8 tenuta a Montale la cerimonia solenne per il 74\u00b0 anniversario delle stragi nazi-fasciste che si sono verificate nel territorio comunale. <\/b><\/span><\/p>\n<p class=\"p1\" style=\"text-align: justify;\"><span class=\"s1\">Sono state commemorate le 40 vittime e sono state deposte le corone ai monumenti e alle lapidi che ne ricordano il sacrificio. Per il tributo di sangue versato in particolare nel 1944, quando i tedeschi erano attestati sulla linea Gotica, il Comune di Montale \u00e8 stato decorato nel 2012 con la medaglia al valor civile. La strage pi\u00f9 atroce, anche perch\u00e9 avvenuta in pieno centro, \u00e8 stata quella nella ex Via Roma dove furono impiccati, per rappresaglia, quattro civili e i loro corpi furono lasciati per giorni esposti alla vista e senza che si potesse dar loro sepoltura. <\/span><span class=\"s1\">Altri eccidi cruenti furono compiuti, fra gli altri, a Villa Rossa, dove furono fucilati nove civili, a Striglianella dove furono fatte saltare in aria con le mine tutte le case del paese e fucilate cinque persone e alle Cavallaie, dove furono uccisi due fratelli. <\/span><\/p>\n<p class=\"p1\" style=\"text-align: justify;\"><span class=\"s1\"><b>La campana \u201cMontanina\u201d, come dicono a Firenze, o \u201cMontalina\u201d come preferiscono chiamarla i montalesi, che fu sottratta dal castello di Montale dai fiorentini nel 1302, ha ottenuto la copertina di un libro pubblicato dall\u2019editore \u201cLe Lettere\u201d sulle campane delle torri e dei campanili di Firenze e tra tutte le 125 campane fiorentine, \u00e8 analizzata per prima nel prezioso e documentato volume \u201cCampane, torri e campanili di Firenze\u201d scritto da Luciano Artusi e Roberto Lasciarrea. <\/b><\/span><\/p>\n<p class=\"p1\" style=\"text-align: justify;\"><span class=\"s1\">A far notare il primato della \u201cMontanina\u201d che si erge ancora sulla torre Volognana del Bargello \u00e8 Bruno Tempestini, \u201cIspettore onorario della sovrintendenza archeologica per le zone di Montale, Agliana e Montemurlo\u201d, il quale sottolinea per contrasto come quella storica campana sia<i> \u00abNegletta in patria, cio\u00e8 proprio a Montale, dove nessuno ne parla\u00bb<\/i>. L\u2019imponente campana (un metro e mezzo di diametro e 22 quintali di peso) fu considerata <i>\u00abmolto buona\u00bb<\/i>, come racconta la cronaca di Giovanni Villani, dall\u2019esercito fiorentino che nel 1302 la port\u00f2 via dopo aver distrutto il castello di Montale. Da allora la campana ha prestato servizio al Bargello dove per secoli ha fatto sentire i suoi rintocchi in occasioni tristi, vale a dire <i>\u00abper condannagione o a giustizia\u00bb<\/i>, cio\u00e8 per avvisare dell\u2019esecuzione di una condanna capitale. In tempi pi\u00f9 recenti, la Montanina ha invece suonato in circostanze solenni e liete: nel 1899 per salutare l\u2019arrivo del XX secolo, nel 1918 per la fine della Grande Guerra, nel 1921 per il sesto centenario della morte di Dante, l\u201911 agosto del 1944 per la liberazione di Firenze e il 7 maggio del 1945 per l\u2019annuncio della pace. In anni ancora pi\u00f9 vicini, il suono della Montanina ha segnato l\u2019arrivo del nuovo millennio alla fine del 1999 e nel 2015 ha suonato per il 150esimo anniversario della fondazione del museo del Bargello. <\/span><\/p>\n<p class=\"p1\" style=\"text-align: justify;\"><span class=\"s1\"><b>Il rione Smilea ha festeggiato la vittoria nella 33\u00b0 edizione del torneo dei rioni con una cena rionale tenutasi presso il laghetto di villa Smilea messo a disposizione dal Gruppo Alpini di Montale. <\/b><\/span><\/p>\n<p class=\"p1\" style=\"text-align: justify;\"><span class=\"s1\">Il clima della serata era particolarmente euforico perch\u00e9 il titolo mancava al rione Smilea da dodici anni. L\u2019ultimo era stato conquistato nel 2006 e le ultime edizioni avevano riservato pi\u00f9 delusioni che gioie ai colori bianco-celesti del rione montalese. La vittoria \u00e8 particolarmente preziosa perch\u00e9 ottenuta grazie ad un 2 a 0 in finale con reti di Marco Pallara e Riccardo Nincheri (entrambi capocannonieri del torneo con 5 reti a testa). L\u2019altra finalista era poi la squadra del rione Tobbiana, che era detentrice del titolo in carica e capolista della classifica del girone eliminatorio. Proprio il valore del Tobbiana, accresce il significato del successo della Smilea. Grande merito, oltre ai giocatori, va attribuito all\u2019allenatore Alessandro Nencini, che ha condotto il gruppo con sagacia e polso fermo. <\/span><\/p>","protected":false},"excerpt":{"rendered":"<p>di Giacomo Bini settembre 2018 &nbsp; Amiche d\u2019infanzia si sono ritrovate a 80 anni dopo essere state lontane una vita intera, perch\u00e9 nel 1947, quando avevano 9 anni, la famiglia di una di loro si trasfer\u00ec in Argentina. Da allora Diva Bindi abita San Mart\u00ecn, citt\u00e0 nella provincia di Buenos Aires, mentre Maria Luisa [&hellip;]<\/p>","protected":false},"author":12,"featured_media":0,"comment_status":"open","ping_status":"open","sticky":false,"template":"","format":"standard","meta":{"footnotes":""},"categories":[29,7],"tags":[1859,829,1855,1321,89,1856,1861,1860,1862,1857,1858,219,753,557],"class_list":["post-5206","post","type-post","status-publish","format-standard","hentry","category-brevi-ndq-qt","category-mt","tag-campana","tag-cavallaie","tag-diva-bindi","tag-gruppo-alpini-di-montale","tag-i-brevi-di-noidiqua","tag-maria-luisa-susini","tag-montalina","tag-montanina","tag-rione-smilea","tag-san-pantaleo","tag-stragi-nazi-fasciste","tag-striglianella","tag-torneo-dei-rioni","tag-villa-rossa"],"yoast_head":"<!-- This site is optimized with the Yoast SEO plugin v25.5 - https:\/\/yoast.com\/wordpress\/plugins\/seo\/ -->\n<title>I brevi di Noidiqua - Noi di Qua Testata giornalistica e di attualit\u00e0 di Agliana, Montale e Quarrata.<\/title>\n<meta name=\"robots\" content=\"index, follow, max-snippet:-1, max-image-preview:large, max-video-preview:-1\" \/>\n<link rel=\"canonical\" href=\"https:\/\/www.noidiqua.it\/Montale\/i-brevi-di-noidiqua-19\/\" \/>\n<meta property=\"og:locale\" content=\"it_IT\" \/>\n<meta property=\"og:type\" content=\"article\" \/>\n<meta property=\"og:title\" content=\"I brevi di Noidiqua - Noi di Qua Testata giornalistica e di attualit\u00e0 di Agliana, Montale e Quarrata.\" \/>\n<meta property=\"og:description\" content=\"di Giacomo Bini settembre 2018 &nbsp; Amiche d\u2019infanzia si sono ritrovate a 80 anni dopo essere state lontane una vita intera, perch\u00e9 nel 1947, quando avevano 9 anni, la famiglia di una di loro si trasfer\u00ec in Argentina. Da allora Diva Bindi abita San Mart\u00ecn, citt\u00e0 nella provincia di Buenos Aires, mentre Maria Luisa [&hellip;]\" \/>\n<meta property=\"og:url\" content=\"https:\/\/www.noidiqua.it\/Montale\/i-brevi-di-noidiqua-19\/\" \/>\n<meta property=\"og:site_name\" content=\"Noi di Qua Testata giornalistica e di attualit\u00e0 di Agliana, Montale e Quarrata.\" \/>\n<meta property=\"article:publisher\" content=\"https:\/\/www.facebook.com\/noidiqua.trimestrale\/\" \/>\n<meta property=\"article:published_time\" content=\"2018-09-05T13:31:15+00:00\" \/>\n<meta property=\"article:modified_time\" content=\"2022-01-21T15:10:12+00:00\" \/>\n<meta property=\"og:image\" content=\"https:\/\/www.noidiqua.it\/Montale\/wp-content\/uploads\/2021\/04\/brevi.png\" \/>\n<meta name=\"author\" content=\"Giacomo Bini\" \/>\n<meta name=\"twitter:label1\" content=\"Scritto da\" \/>\n\t<meta name=\"twitter:data1\" content=\"Giacomo Bini\" \/>\n\t<meta name=\"twitter:label2\" content=\"Tempo di lettura stimato\" \/>\n\t<meta name=\"twitter:data2\" content=\"4 minuti\" \/>\n<script type=\"application\/ld+json\" class=\"yoast-schema-graph\">{\"@context\":\"https:\/\/schema.org\",\"@graph\":[{\"@type\":\"WebPage\",\"@id\":\"https:\/\/www.noidiqua.it\/Montale\/i-brevi-di-noidiqua-19\/\",\"url\":\"https:\/\/www.noidiqua.it\/Montale\/i-brevi-di-noidiqua-19\/\",\"name\":\"I brevi di Noidiqua - Noi di Qua Testata giornalistica e di attualit\u00e0 di Agliana, Montale e Quarrata.\",\"isPartOf\":{\"@id\":\"https:\/\/www.noidiqua.it\/Montale\/#website\"},\"primaryImageOfPage\":{\"@id\":\"https:\/\/www.noidiqua.it\/Montale\/i-brevi-di-noidiqua-19\/#primaryimage\"},\"image\":{\"@id\":\"https:\/\/www.noidiqua.it\/Montale\/i-brevi-di-noidiqua-19\/#primaryimage\"},\"thumbnailUrl\":\"https:\/\/www.noidiqua.it\/Montale\/wp-content\/uploads\/2021\/04\/brevi.png\",\"datePublished\":\"2018-09-05T13:31:15+00:00\",\"dateModified\":\"2022-01-21T15:10:12+00:00\",\"author\":{\"@id\":\"https:\/\/www.noidiqua.it\/Montale\/#\/schema\/person\/e2e6f44da50af0dae9c90ad168e471a4\"},\"breadcrumb\":{\"@id\":\"https:\/\/www.noidiqua.it\/Montale\/i-brevi-di-noidiqua-19\/#breadcrumb\"},\"inLanguage\":\"it-IT\",\"potentialAction\":[{\"@type\":\"ReadAction\",\"target\":[\"https:\/\/www.noidiqua.it\/Montale\/i-brevi-di-noidiqua-19\/\"]}]},{\"@type\":\"ImageObject\",\"inLanguage\":\"it-IT\",\"@id\":\"https:\/\/www.noidiqua.it\/Montale\/i-brevi-di-noidiqua-19\/#primaryimage\",\"url\":\"https:\/\/www.noidiqua.it\/Montale\/wp-content\/uploads\/2021\/04\/brevi.png\",\"contentUrl\":\"https:\/\/www.noidiqua.it\/Montale\/wp-content\/uploads\/2021\/04\/brevi.png\",\"width\":473,\"height\":291},{\"@type\":\"BreadcrumbList\",\"@id\":\"https:\/\/www.noidiqua.it\/Montale\/i-brevi-di-noidiqua-19\/#breadcrumb\",\"itemListElement\":[{\"@type\":\"ListItem\",\"position\":1,\"name\":\"Home\",\"item\":\"https:\/\/www.noidiqua.it\/Montale\/\"},{\"@type\":\"ListItem\",\"position\":2,\"name\":\"I brevi di Noidiqua\"}]},{\"@type\":\"WebSite\",\"@id\":\"https:\/\/www.noidiqua.it\/Montale\/#website\",\"url\":\"https:\/\/www.noidiqua.it\/Montale\/\",\"name\":\"Noi di Qua Testata giornalistica e di attualit\u00e0 di Agliana, Montale e Quarrata.\",\"description\":\"Testata Giornalistica Quarrata Montale Agliana\",\"potentialAction\":[{\"@type\":\"SearchAction\",\"target\":{\"@type\":\"EntryPoint\",\"urlTemplate\":\"https:\/\/www.noidiqua.it\/Montale\/?s={search_term_string}\"},\"query-input\":{\"@type\":\"PropertyValueSpecification\",\"valueRequired\":true,\"valueName\":\"search_term_string\"}}],\"inLanguage\":\"it-IT\"},{\"@type\":\"Person\",\"@id\":\"https:\/\/www.noidiqua.it\/Montale\/#\/schema\/person\/e2e6f44da50af0dae9c90ad168e471a4\",\"name\":\"Giacomo Bini\",\"image\":{\"@type\":\"ImageObject\",\"inLanguage\":\"it-IT\",\"@id\":\"https:\/\/www.noidiqua.it\/Montale\/#\/schema\/person\/image\/\",\"url\":\"https:\/\/secure.gravatar.com\/avatar\/e5c18ae41df5ae37397358f2c6046696187d51a120c5d0b8f0c49f7b606f46f4?s=96&d=mm&r=g\",\"contentUrl\":\"https:\/\/secure.gravatar.com\/avatar\/e5c18ae41df5ae37397358f2c6046696187d51a120c5d0b8f0c49f7b606f46f4?s=96&d=mm&r=g\",\"caption\":\"Giacomo Bini\"},\"url\":\"https:\/\/www.noidiqua.it\/Montale\/author\/giacomo-bini\/\"}]}<\/script>\n<!-- \/ Yoast SEO plugin. -->","yoast_head_json":{"title":"I brevi di Noidiqua - Noi di Qua Testata giornalistica e di attualit\u00e0 di Agliana, Montale e Quarrata.","robots":{"index":"index","follow":"follow","max-snippet":"max-snippet:-1","max-image-preview":"max-image-preview:large","max-video-preview":"max-video-preview:-1"},"canonical":"https:\/\/www.noidiqua.it\/Montale\/i-brevi-di-noidiqua-19\/","og_locale":"it_IT","og_type":"article","og_title":"I brevi di Noidiqua - Noi di Qua Testata giornalistica e di attualit\u00e0 di Agliana, Montale e Quarrata.","og_description":"di Giacomo Bini settembre 2018 &nbsp; Amiche d\u2019infanzia si sono ritrovate a 80 anni dopo essere state lontane una vita intera, perch\u00e9 nel 1947, quando avevano 9 anni, la famiglia di una di loro si trasfer\u00ec in Argentina. Da allora Diva Bindi abita San Mart\u00ecn, citt\u00e0 nella provincia di Buenos Aires, mentre Maria Luisa [&hellip;]","og_url":"https:\/\/www.noidiqua.it\/Montale\/i-brevi-di-noidiqua-19\/","og_site_name":"Noi di Qua Testata giornalistica e di attualit\u00e0 di Agliana, Montale e Quarrata.","article_publisher":"https:\/\/www.facebook.com\/noidiqua.trimestrale\/","article_published_time":"2018-09-05T13:31:15+00:00","article_modified_time":"2022-01-21T15:10:12+00:00","og_image":[{"url":"https:\/\/www.noidiqua.it\/Montale\/wp-content\/uploads\/2021\/04\/brevi.png","type":"","width":"","height":""}],"author":"Giacomo Bini","twitter_misc":{"Scritto da":"Giacomo Bini","Tempo di lettura stimato":"4 minuti"},"schema":{"@context":"https:\/\/schema.org","@graph":[{"@type":"WebPage","@id":"https:\/\/www.noidiqua.it\/Montale\/i-brevi-di-noidiqua-19\/","url":"https:\/\/www.noidiqua.it\/Montale\/i-brevi-di-noidiqua-19\/","name":"I brevi di Noidiqua - Noi di Qua Testata giornalistica e di attualit\u00e0 di Agliana, Montale e Quarrata.","isPartOf":{"@id":"https:\/\/www.noidiqua.it\/Montale\/#website"},"primaryImageOfPage":{"@id":"https:\/\/www.noidiqua.it\/Montale\/i-brevi-di-noidiqua-19\/#primaryimage"},"image":{"@id":"https:\/\/www.noidiqua.it\/Montale\/i-brevi-di-noidiqua-19\/#primaryimage"},"thumbnailUrl":"https:\/\/www.noidiqua.it\/Montale\/wp-content\/uploads\/2021\/04\/brevi.png","datePublished":"2018-09-05T13:31:15+00:00","dateModified":"2022-01-21T15:10:12+00:00","author":{"@id":"https:\/\/www.noidiqua.it\/Montale\/#\/schema\/person\/e2e6f44da50af0dae9c90ad168e471a4"},"breadcrumb":{"@id":"https:\/\/www.noidiqua.it\/Montale\/i-brevi-di-noidiqua-19\/#breadcrumb"},"inLanguage":"it-IT","potentialAction":[{"@type":"ReadAction","target":["https:\/\/www.noidiqua.it\/Montale\/i-brevi-di-noidiqua-19\/"]}]},{"@type":"ImageObject","inLanguage":"it-IT","@id":"https:\/\/www.noidiqua.it\/Montale\/i-brevi-di-noidiqua-19\/#primaryimage","url":"https:\/\/www.noidiqua.it\/Montale\/wp-content\/uploads\/2021\/04\/brevi.png","contentUrl":"https:\/\/www.noidiqua.it\/Montale\/wp-content\/uploads\/2021\/04\/brevi.png","width":473,"height":291},{"@type":"BreadcrumbList","@id":"https:\/\/www.noidiqua.it\/Montale\/i-brevi-di-noidiqua-19\/#breadcrumb","itemListElement":[{"@type":"ListItem","position":1,"name":"Home","item":"https:\/\/www.noidiqua.it\/Montale\/"},{"@type":"ListItem","position":2,"name":"I brevi di Noidiqua"}]},{"@type":"WebSite","@id":"https:\/\/www.noidiqua.it\/Montale\/#website","url":"https:\/\/www.noidiqua.it\/Montale\/","name":"Noi di Qua Testata giornalistica e di attualit\u00e0 di Agliana, Montale e Quarrata.","description":"Testata Giornalistica Quarrata Montale Agliana","potentialAction":[{"@type":"SearchAction","target":{"@type":"EntryPoint","urlTemplate":"https:\/\/www.noidiqua.it\/Montale\/?s={search_term_string}"},"query-input":{"@type":"PropertyValueSpecification","valueRequired":true,"valueName":"search_term_string"}}],"inLanguage":"it-IT"},{"@type":"Person","@id":"https:\/\/www.noidiqua.it\/Montale\/#\/schema\/person\/e2e6f44da50af0dae9c90ad168e471a4","name":"Giacomo Bini","image":{"@type":"ImageObject","inLanguage":"it-IT","@id":"https:\/\/www.noidiqua.it\/Montale\/#\/schema\/person\/image\/","url":"https:\/\/secure.gravatar.com\/avatar\/e5c18ae41df5ae37397358f2c6046696187d51a120c5d0b8f0c49f7b606f46f4?s=96&d=mm&r=g","contentUrl":"https:\/\/secure.gravatar.com\/avatar\/e5c18ae41df5ae37397358f2c6046696187d51a120c5d0b8f0c49f7b606f46f4?s=96&d=mm&r=g","caption":"Giacomo Bini"},"url":"https:\/\/www.noidiqua.it\/Montale\/author\/giacomo-bini\/"}]}},"_links":{"self":[{"href":"https:\/\/www.noidiqua.it\/Montale\/wp-json\/wp\/v2\/posts\/5206","targetHints":{"allow":["GET"]}}],"collection":[{"href":"https:\/\/www.noidiqua.it\/Montale\/wp-json\/wp\/v2\/posts"}],"about":[{"href":"https:\/\/www.noidiqua.it\/Montale\/wp-json\/wp\/v2\/types\/post"}],"author":[{"embeddable":true,"href":"https:\/\/www.noidiqua.it\/Montale\/wp-json\/wp\/v2\/users\/12"}],"replies":[{"embeddable":true,"href":"https:\/\/www.noidiqua.it\/Montale\/wp-json\/wp\/v2\/comments?post=5206"}],"version-history":[{"count":4,"href":"https:\/\/www.noidiqua.it\/Montale\/wp-json\/wp\/v2\/posts\/5206\/revisions"}],"predecessor-version":[{"id":6438,"href":"https:\/\/www.noidiqua.it\/Montale\/wp-json\/wp\/v2\/posts\/5206\/revisions\/6438"}],"wp:attachment":[{"href":"https:\/\/www.noidiqua.it\/Montale\/wp-json\/wp\/v2\/media?parent=5206"}],"wp:term":[{"taxonomy":"category","embeddable":true,"href":"https:\/\/www.noidiqua.it\/Montale\/wp-json\/wp\/v2\/categories?post=5206"},{"taxonomy":"post_tag","embeddable":true,"href":"https:\/\/www.noidiqua.it\/Montale\/wp-json\/wp\/v2\/tags?post=5206"}],"curies":[{"name":"wp","href":"https:\/\/api.w.org\/{rel}","templated":true}]}}