{"id":5316,"date":"2018-12-17T10:30:16","date_gmt":"2018-12-17T09:30:16","guid":{"rendered":"https:\/\/www.noidiqua.it\/Montale\/?p=5316"},"modified":"2022-01-20T09:53:45","modified_gmt":"2022-01-20T08:53:45","slug":"obesita-cosa-dipende-davvero","status":"publish","type":"post","link":"https:\/\/www.noidiqua.it\/Montale\/obesita-cosa-dipende-davvero\/","title":{"rendered":"Obesit\u00e0: da cosa dipende davvero?"},"content":{"rendered":"<p style=\"text-align: justify;\"><em>di\u00a0Ferdinando Santini<\/em><\/p>\n<p style=\"text-align: justify;\">dicembre 2018<\/p>\n<p><a href=\"https:\/\/www.noidiqua.it\/Montale\/wp-content\/uploads\/2021\/05\/una-mela-al-giorno.png\" rel=\"wp-prettyPhoto[5316]\"><img loading=\"lazy\" decoding=\"async\" class=\"aligncenter size-full wp-image-5662\" src=\"https:\/\/www.noidiqua.it\/Montale\/wp-content\/uploads\/2021\/05\/una-mela-al-giorno.png\" alt=\"\" width=\"485\" height=\"315\" srcset=\"https:\/\/www.noidiqua.it\/Montale\/wp-content\/uploads\/2021\/05\/una-mela-al-giorno.png 485w, https:\/\/www.noidiqua.it\/Montale\/wp-content\/uploads\/2021\/05\/una-mela-al-giorno-300x195.png 300w\" sizes=\"auto, (max-width: 485px) 100vw, 485px\" \/><\/a><\/p>\n<p style=\"text-align: justify;\">\n<p class=\"p1\" style=\"text-align: justify;\"><span class=\"s1\">Fino agli anni &#8217;60 l&#8217;obesit\u00e0 si compendiava nella immagine di una bilancia: su un piatto gli introiti (cibo), sull&#8217;altro i consumi (attivit\u00e0 fisica). <b>L&#8217;obeso, ritenuto responsabile del suo sovrappeso, era colpevolizzato ed additato, anche dai medici, come individuo trasgressivo e incapace di autocontroll<\/b>o: stigma che ha segnato, e tuttora segna, negativamente la vita dell\u2019obeso, relegato all\u2019emarginazione sociale ed al bullismo (scuola e lavoro) fin dalla giovane et\u00e0. <\/span><\/p>\n<p class=\"p1\" style=\"text-align: justify;\"><span class=\"s1\">Con gli studi sulla composizione del corpo umano si introduce, a scopo classificatorio, l&#8217;Indice di Massa Corporea (M.B.I.)*, e si correla questo indicatore al rischio di morbilit\u00e0 e di mortalit\u00e0: <\/span><\/p>\n<p class=\"p1\" style=\"text-align: justify;\"><span class=\"s1\"><b>Normopeso<\/b> (fra 20 e 24.9) Peso ideale, basso rischio, nella norma. <\/span><\/p>\n<p class=\"p1\" style=\"text-align: justify;\"><span class=\"s1\"><b>Sovrappeso<\/b> (fra 25 e 29.9), una persona su tre, rischio aumentato. <\/span><\/p>\n<p class=\"p1\" style=\"text-align: justify;\"><span class=\"s1\"><b>Obeso di grado<\/b>: <i>Lieve<\/i> (fra 30 e 34,9), rischio elevato; <i>Moderato <\/i>(fra 35 e 39.9), rischio molto elevato; <i>Grave<\/i> (oltre 40) rischio estremamente elevato. <\/span><\/p>\n<p class=\"p3\" style=\"text-align: justify;\"><span class=\"s2\"><b>Oggi una persona su dieci \u00e8 obesa; pi\u00f9 della met\u00e0 dei diabetici tipo 2 \u00e8 sovrappeso od obesa. <\/b> <span class=\"Apple-converted-space\">\u00a0 \u00a0 \u00a0 \u00a0<\/span><\/span><\/p>\n<p class=\"p1\" style=\"text-align: justify;\"><span class=\"s1\">Si definisce il ruolo del Sistema Nervoso Centrale nella regolazione fisiologica e patologica del bilancio energetico, mediata dai <b>centri ipotalamici della fame, della saziet\u00e0 e della termogenesi<\/b>. <\/span><\/p>\n<p class=\"p1\" style=\"text-align: justify;\"><span class=\"s1\">Si scopre <b>la<\/b> <b>leptina<\/b>, ormone secreto dal tessuto adiposo, che regola il senso dell\u2019appetito, il bilancio energetico e dei depositi adiposi; mentre<b> la grelina<\/b> \u00e8 l\u2019ormone che stimola il senso di appetito.<\/span><\/p>\n<p class=\"p1\" style=\"text-align: justify;\"><span class=\"s1\">Seguono la identificazione di mediatori o modulatori, che interagiscono con meccanismi facilitatori o inibitori, provenienti dalla periferia, cio\u00e8 dall&#8217;intestino, dal tessuto adiposo e dal sistema nervoso, sia centrale che periferico. Nasce il concetto fondamentale di \u201cbrain-gut-fat axis\u201d (<b>Asse cervello-intestino-tessuto adiposo<\/b>).<\/span><\/p>\n<p class=\"p1\" style=\"text-align: justify;\"><span class=\"s1\">Ritenuto fino a pochi decenni orsono, un semplice deposito di trigliceridi, una coperta termica o un banale tessuto di sostegno, al tessuto adiposo oggi vengono riconosciute fondamentali attivit\u00e0 multiendocrine e metaboliche, con differenziazioni anche distrettuali, proprie di un organo diffuso: si parla infatti di organo adiposo, e <b>l\u2019obesit\u00e0 viene riconosciuta come malattia, ovvero patologia epidemica (O.M.S.)<\/b>, correlata a malattie degenerative cardiovascolari e tumorali, e riguarda sia egli adulti che i bambini.<\/span><\/p>\n<p class=\"p1\" style=\"text-align: justify;\"><span class=\"s1\"><b>Si ritiene oggi che l\u2019obesit\u00e0 sia una condizione complessa che deriva dall\u2019interazione di fattori epigenetici, psicologici e ambientali<\/b>. In Italia, l\u2019obesit\u00e0 \u00e8 responsabile di 57 mila decessi all\u2019anno. Solo un\u2019azione continuativa e sinergica fra Pazienti, Medici, Istituzioni, Organi della Cultura e della Stampa pu\u00f2 prevenirla e contenerla con azioni educative continuative e terapie validate.<\/span><\/p>\n<p class=\"p1\" style=\"text-align: justify;\"><span class=\"s1\">*M.B.I.= Peso in chilogrammi, diviso l&#8217;altezza in metri &#8211; al quadrato.<\/span><\/p>","protected":false},"excerpt":{"rendered":"<p>di\u00a0Ferdinando Santini dicembre 2018 Fino agli anni &#8217;60 l&#8217;obesit\u00e0 si compendiava nella immagine di una bilancia: su un piatto gli introiti (cibo), sull&#8217;altro i consumi (attivit\u00e0 fisica). L&#8217;obeso, ritenuto responsabile del suo sovrappeso, era colpevolizzato ed additato, anche dai medici, come individuo trasgressivo e incapace di autocontrollo: stigma che ha segnato, e tuttora segna, [&hellip;]<\/p>","protected":false},"author":101012,"featured_media":0,"comment_status":"open","ping_status":"open","sticky":false,"template":"","format":"standard","meta":{"footnotes":""},"categories":[7,20],"tags":[786,1976,1981,1977,1978,1979,1272,1980,901,1982,1983],"class_list":["post-5316","post","type-post","status-publish","format-standard","hentry","category-mt","category-una-mela-al-giorno-qt","tag-bullismo","tag-diabetici","tag-epidemica","tag-grelina","tag-leptina","tag-m-b-i","tag-medici","tag-obesita","tag-patologia","tag-sovrappeso","tag-terapie"],"yoast_head":"<!-- This site is optimized with the Yoast SEO plugin v25.5 - https:\/\/yoast.com\/wordpress\/plugins\/seo\/ -->\n<title>Obesit\u00e0: da cosa dipende davvero? - Noi di Qua Testata giornalistica e di attualit\u00e0 di Agliana, Montale e Quarrata.<\/title>\n<meta name=\"robots\" content=\"index, follow, max-snippet:-1, max-image-preview:large, max-video-preview:-1\" \/>\n<link rel=\"canonical\" href=\"https:\/\/www.noidiqua.it\/Montale\/obesita-cosa-dipende-davvero\/\" \/>\n<meta property=\"og:locale\" content=\"it_IT\" \/>\n<meta property=\"og:type\" content=\"article\" \/>\n<meta property=\"og:title\" content=\"Obesit\u00e0: da cosa dipende davvero? - Noi di Qua Testata giornalistica e di attualit\u00e0 di Agliana, Montale e Quarrata.\" \/>\n<meta property=\"og:description\" content=\"di\u00a0Ferdinando Santini dicembre 2018 Fino agli anni &#8217;60 l&#8217;obesit\u00e0 si compendiava nella immagine di una bilancia: su un piatto gli introiti (cibo), sull&#8217;altro i consumi (attivit\u00e0 fisica). L&#8217;obeso, ritenuto responsabile del suo sovrappeso, era colpevolizzato ed additato, anche dai medici, come individuo trasgressivo e incapace di autocontrollo: stigma che ha segnato, e tuttora segna, [&hellip;]\" \/>\n<meta property=\"og:url\" content=\"https:\/\/www.noidiqua.it\/Montale\/obesita-cosa-dipende-davvero\/\" \/>\n<meta property=\"og:site_name\" content=\"Noi di Qua Testata giornalistica e di attualit\u00e0 di Agliana, Montale e Quarrata.\" \/>\n<meta property=\"article:publisher\" content=\"https:\/\/www.facebook.com\/noidiqua.trimestrale\/\" \/>\n<meta property=\"article:published_time\" content=\"2018-12-17T09:30:16+00:00\" \/>\n<meta property=\"article:modified_time\" content=\"2022-01-20T08:53:45+00:00\" \/>\n<meta property=\"og:image\" content=\"https:\/\/www.noidiqua.it\/Montale\/wp-content\/uploads\/2021\/05\/una-mela-al-giorno.png\" \/>\n<meta name=\"author\" content=\"Ferdinando Santini\" \/>\n<meta name=\"twitter:label1\" content=\"Scritto da\" \/>\n\t<meta name=\"twitter:data1\" content=\"Ferdinando Santini\" \/>\n\t<meta name=\"twitter:label2\" content=\"Tempo di lettura stimato\" \/>\n\t<meta name=\"twitter:data2\" content=\"2 minuti\" \/>\n<script type=\"application\/ld+json\" class=\"yoast-schema-graph\">{\"@context\":\"https:\/\/schema.org\",\"@graph\":[{\"@type\":\"WebPage\",\"@id\":\"https:\/\/www.noidiqua.it\/Montale\/obesita-cosa-dipende-davvero\/\",\"url\":\"https:\/\/www.noidiqua.it\/Montale\/obesita-cosa-dipende-davvero\/\",\"name\":\"Obesit\u00e0: da cosa dipende davvero? - Noi di Qua Testata giornalistica e di attualit\u00e0 di Agliana, Montale e Quarrata.\",\"isPartOf\":{\"@id\":\"https:\/\/www.noidiqua.it\/Montale\/#website\"},\"primaryImageOfPage\":{\"@id\":\"https:\/\/www.noidiqua.it\/Montale\/obesita-cosa-dipende-davvero\/#primaryimage\"},\"image\":{\"@id\":\"https:\/\/www.noidiqua.it\/Montale\/obesita-cosa-dipende-davvero\/#primaryimage\"},\"thumbnailUrl\":\"https:\/\/www.noidiqua.it\/Montale\/wp-content\/uploads\/2021\/05\/una-mela-al-giorno.png\",\"datePublished\":\"2018-12-17T09:30:16+00:00\",\"dateModified\":\"2022-01-20T08:53:45+00:00\",\"author\":{\"@id\":\"https:\/\/www.noidiqua.it\/Montale\/#\/schema\/person\/262adc8f70023d9ad2d704ba02b72429\"},\"breadcrumb\":{\"@id\":\"https:\/\/www.noidiqua.it\/Montale\/obesita-cosa-dipende-davvero\/#breadcrumb\"},\"inLanguage\":\"it-IT\",\"potentialAction\":[{\"@type\":\"ReadAction\",\"target\":[\"https:\/\/www.noidiqua.it\/Montale\/obesita-cosa-dipende-davvero\/\"]}]},{\"@type\":\"ImageObject\",\"inLanguage\":\"it-IT\",\"@id\":\"https:\/\/www.noidiqua.it\/Montale\/obesita-cosa-dipende-davvero\/#primaryimage\",\"url\":\"https:\/\/www.noidiqua.it\/Montale\/wp-content\/uploads\/2021\/05\/una-mela-al-giorno.png\",\"contentUrl\":\"https:\/\/www.noidiqua.it\/Montale\/wp-content\/uploads\/2021\/05\/una-mela-al-giorno.png\",\"width\":485,\"height\":315},{\"@type\":\"BreadcrumbList\",\"@id\":\"https:\/\/www.noidiqua.it\/Montale\/obesita-cosa-dipende-davvero\/#breadcrumb\",\"itemListElement\":[{\"@type\":\"ListItem\",\"position\":1,\"name\":\"Home\",\"item\":\"https:\/\/www.noidiqua.it\/Montale\/\"},{\"@type\":\"ListItem\",\"position\":2,\"name\":\"Obesit\u00e0: da cosa dipende davvero?\"}]},{\"@type\":\"WebSite\",\"@id\":\"https:\/\/www.noidiqua.it\/Montale\/#website\",\"url\":\"https:\/\/www.noidiqua.it\/Montale\/\",\"name\":\"Noi di Qua Testata giornalistica e di attualit\u00e0 di Agliana, Montale e Quarrata.\",\"description\":\"Testata Giornalistica Quarrata Montale Agliana\",\"potentialAction\":[{\"@type\":\"SearchAction\",\"target\":{\"@type\":\"EntryPoint\",\"urlTemplate\":\"https:\/\/www.noidiqua.it\/Montale\/?s={search_term_string}\"},\"query-input\":{\"@type\":\"PropertyValueSpecification\",\"valueRequired\":true,\"valueName\":\"search_term_string\"}}],\"inLanguage\":\"it-IT\"},{\"@type\":\"Person\",\"@id\":\"https:\/\/www.noidiqua.it\/Montale\/#\/schema\/person\/262adc8f70023d9ad2d704ba02b72429\",\"name\":\"Ferdinando Santini\",\"image\":{\"@type\":\"ImageObject\",\"inLanguage\":\"it-IT\",\"@id\":\"https:\/\/www.noidiqua.it\/Montale\/#\/schema\/person\/image\/\",\"url\":\"https:\/\/secure.gravatar.com\/avatar\/fe173a81a563736baaa4f4ed6241ba2aa9597b2e0b72bbe52d305de68cd5ef57?s=96&d=mm&r=g\",\"contentUrl\":\"https:\/\/secure.gravatar.com\/avatar\/fe173a81a563736baaa4f4ed6241ba2aa9597b2e0b72bbe52d305de68cd5ef57?s=96&d=mm&r=g\",\"caption\":\"Ferdinando Santini\"},\"url\":\"https:\/\/www.noidiqua.it\/Montale\/author\/ferdinando-santini\/\"}]}<\/script>\n<!-- \/ Yoast SEO plugin. -->","yoast_head_json":{"title":"Obesit\u00e0: da cosa dipende davvero? - Noi di Qua Testata giornalistica e di attualit\u00e0 di Agliana, Montale e Quarrata.","robots":{"index":"index","follow":"follow","max-snippet":"max-snippet:-1","max-image-preview":"max-image-preview:large","max-video-preview":"max-video-preview:-1"},"canonical":"https:\/\/www.noidiqua.it\/Montale\/obesita-cosa-dipende-davvero\/","og_locale":"it_IT","og_type":"article","og_title":"Obesit\u00e0: da cosa dipende davvero? - Noi di Qua Testata giornalistica e di attualit\u00e0 di Agliana, Montale e Quarrata.","og_description":"di\u00a0Ferdinando Santini dicembre 2018 Fino agli anni &#8217;60 l&#8217;obesit\u00e0 si compendiava nella immagine di una bilancia: su un piatto gli introiti (cibo), sull&#8217;altro i consumi (attivit\u00e0 fisica). L&#8217;obeso, ritenuto responsabile del suo sovrappeso, era colpevolizzato ed additato, anche dai medici, come individuo trasgressivo e incapace di autocontrollo: stigma che ha segnato, e tuttora segna, [&hellip;]","og_url":"https:\/\/www.noidiqua.it\/Montale\/obesita-cosa-dipende-davvero\/","og_site_name":"Noi di Qua Testata giornalistica e di attualit\u00e0 di Agliana, Montale e Quarrata.","article_publisher":"https:\/\/www.facebook.com\/noidiqua.trimestrale\/","article_published_time":"2018-12-17T09:30:16+00:00","article_modified_time":"2022-01-20T08:53:45+00:00","og_image":[{"url":"https:\/\/www.noidiqua.it\/Montale\/wp-content\/uploads\/2021\/05\/una-mela-al-giorno.png","type":"","width":"","height":""}],"author":"Ferdinando Santini","twitter_misc":{"Scritto da":"Ferdinando Santini","Tempo di lettura stimato":"2 minuti"},"schema":{"@context":"https:\/\/schema.org","@graph":[{"@type":"WebPage","@id":"https:\/\/www.noidiqua.it\/Montale\/obesita-cosa-dipende-davvero\/","url":"https:\/\/www.noidiqua.it\/Montale\/obesita-cosa-dipende-davvero\/","name":"Obesit\u00e0: da cosa dipende davvero? - Noi di Qua Testata giornalistica e di attualit\u00e0 di Agliana, Montale e Quarrata.","isPartOf":{"@id":"https:\/\/www.noidiqua.it\/Montale\/#website"},"primaryImageOfPage":{"@id":"https:\/\/www.noidiqua.it\/Montale\/obesita-cosa-dipende-davvero\/#primaryimage"},"image":{"@id":"https:\/\/www.noidiqua.it\/Montale\/obesita-cosa-dipende-davvero\/#primaryimage"},"thumbnailUrl":"https:\/\/www.noidiqua.it\/Montale\/wp-content\/uploads\/2021\/05\/una-mela-al-giorno.png","datePublished":"2018-12-17T09:30:16+00:00","dateModified":"2022-01-20T08:53:45+00:00","author":{"@id":"https:\/\/www.noidiqua.it\/Montale\/#\/schema\/person\/262adc8f70023d9ad2d704ba02b72429"},"breadcrumb":{"@id":"https:\/\/www.noidiqua.it\/Montale\/obesita-cosa-dipende-davvero\/#breadcrumb"},"inLanguage":"it-IT","potentialAction":[{"@type":"ReadAction","target":["https:\/\/www.noidiqua.it\/Montale\/obesita-cosa-dipende-davvero\/"]}]},{"@type":"ImageObject","inLanguage":"it-IT","@id":"https:\/\/www.noidiqua.it\/Montale\/obesita-cosa-dipende-davvero\/#primaryimage","url":"https:\/\/www.noidiqua.it\/Montale\/wp-content\/uploads\/2021\/05\/una-mela-al-giorno.png","contentUrl":"https:\/\/www.noidiqua.it\/Montale\/wp-content\/uploads\/2021\/05\/una-mela-al-giorno.png","width":485,"height":315},{"@type":"BreadcrumbList","@id":"https:\/\/www.noidiqua.it\/Montale\/obesita-cosa-dipende-davvero\/#breadcrumb","itemListElement":[{"@type":"ListItem","position":1,"name":"Home","item":"https:\/\/www.noidiqua.it\/Montale\/"},{"@type":"ListItem","position":2,"name":"Obesit\u00e0: da cosa dipende davvero?"}]},{"@type":"WebSite","@id":"https:\/\/www.noidiqua.it\/Montale\/#website","url":"https:\/\/www.noidiqua.it\/Montale\/","name":"Noi di Qua Testata giornalistica e di attualit\u00e0 di Agliana, Montale e Quarrata.","description":"Testata Giornalistica Quarrata Montale Agliana","potentialAction":[{"@type":"SearchAction","target":{"@type":"EntryPoint","urlTemplate":"https:\/\/www.noidiqua.it\/Montale\/?s={search_term_string}"},"query-input":{"@type":"PropertyValueSpecification","valueRequired":true,"valueName":"search_term_string"}}],"inLanguage":"it-IT"},{"@type":"Person","@id":"https:\/\/www.noidiqua.it\/Montale\/#\/schema\/person\/262adc8f70023d9ad2d704ba02b72429","name":"Ferdinando Santini","image":{"@type":"ImageObject","inLanguage":"it-IT","@id":"https:\/\/www.noidiqua.it\/Montale\/#\/schema\/person\/image\/","url":"https:\/\/secure.gravatar.com\/avatar\/fe173a81a563736baaa4f4ed6241ba2aa9597b2e0b72bbe52d305de68cd5ef57?s=96&d=mm&r=g","contentUrl":"https:\/\/secure.gravatar.com\/avatar\/fe173a81a563736baaa4f4ed6241ba2aa9597b2e0b72bbe52d305de68cd5ef57?s=96&d=mm&r=g","caption":"Ferdinando Santini"},"url":"https:\/\/www.noidiqua.it\/Montale\/author\/ferdinando-santini\/"}]}},"_links":{"self":[{"href":"https:\/\/www.noidiqua.it\/Montale\/wp-json\/wp\/v2\/posts\/5316","targetHints":{"allow":["GET"]}}],"collection":[{"href":"https:\/\/www.noidiqua.it\/Montale\/wp-json\/wp\/v2\/posts"}],"about":[{"href":"https:\/\/www.noidiqua.it\/Montale\/wp-json\/wp\/v2\/types\/post"}],"author":[{"embeddable":true,"href":"https:\/\/www.noidiqua.it\/Montale\/wp-json\/wp\/v2\/users\/101012"}],"replies":[{"embeddable":true,"href":"https:\/\/www.noidiqua.it\/Montale\/wp-json\/wp\/v2\/comments?post=5316"}],"version-history":[{"count":3,"href":"https:\/\/www.noidiqua.it\/Montale\/wp-json\/wp\/v2\/posts\/5316\/revisions"}],"predecessor-version":[{"id":6370,"href":"https:\/\/www.noidiqua.it\/Montale\/wp-json\/wp\/v2\/posts\/5316\/revisions\/6370"}],"wp:attachment":[{"href":"https:\/\/www.noidiqua.it\/Montale\/wp-json\/wp\/v2\/media?parent=5316"}],"wp:term":[{"taxonomy":"category","embeddable":true,"href":"https:\/\/www.noidiqua.it\/Montale\/wp-json\/wp\/v2\/categories?post=5316"},{"taxonomy":"post_tag","embeddable":true,"href":"https:\/\/www.noidiqua.it\/Montale\/wp-json\/wp\/v2\/tags?post=5316"}],"curies":[{"name":"wp","href":"https:\/\/api.w.org\/{rel}","templated":true}]}}