{"id":5318,"date":"2018-12-17T10:36:40","date_gmt":"2018-12-17T09:36:40","guid":{"rendered":"https:\/\/www.noidiqua.it\/Montale\/?p=5318"},"modified":"2022-01-20T10:40:10","modified_gmt":"2022-01-20T09:40:10","slug":"i-brevi-di-noidiqua-20","status":"publish","type":"post","link":"https:\/\/www.noidiqua.it\/Montale\/i-brevi-di-noidiqua-20\/","title":{"rendered":"I brevi di Noidiqua"},"content":{"rendered":"<p><em>di\u00a0Giacomo Bini<\/em><\/p>\n<p>dicembre 2018<\/p>\n<p><a href=\"https:\/\/www.noidiqua.it\/Montale\/wp-content\/uploads\/2021\/04\/brevi.png\" rel=\"wp-prettyPhoto[5318]\"><img loading=\"lazy\" decoding=\"async\" class=\"aligncenter size-full wp-image-5604\" src=\"https:\/\/www.noidiqua.it\/Montale\/wp-content\/uploads\/2021\/04\/brevi.png\" alt=\"\" width=\"473\" height=\"291\" srcset=\"https:\/\/www.noidiqua.it\/Montale\/wp-content\/uploads\/2021\/04\/brevi.png 473w, https:\/\/www.noidiqua.it\/Montale\/wp-content\/uploads\/2021\/04\/brevi-300x185.png 300w\" sizes=\"auto, (max-width: 473px) 100vw, 473px\" \/><\/a><\/p>\n<p>&nbsp;<\/p>\n<p class=\"p1\" style=\"text-align: justify;\"><b>Grande festa alla Misericordia di Montale per l\u2019inaugurazione di tre nuovi mezzi, un pulmino, un\u2019autovettura e un fuoristrada.<\/b><\/p>\n<p class=\"p1\" style=\"text-align: justify;\">Dopo la benedizione da parte del Proposto di Montale don Paolo Firindelli, hanno effettuato insieme il taglio del nastro il sindaco di Montale Ferdinando Betti, il presidente della Misericordia di Montale Massimiliano Pieroni e il rappresentante della Fondazione Caript Lorenzo Zogheri. La Fondazione ha dato un contributo determinante di oltre 20mila euro per l\u2019acquisto del nuovo pulmino a nove posti attrezzato anche per il trasporto dei disabili. <b>Sulla nuova autovettura la Misericordia ha voluto imprimere il logo del Comune di Montale per il contributo annuale che dall\u2019amministrazione locale viene corrisposto per la Casa del Sorriso, un centro ricreativo-sociale dedicato agli anziani<\/b>. Il fuoristrada, acquistato usato, servir\u00e0 alla Protezione Civile, un servizio per il quale la Misericordia ha stipulato una convenzione col Comune insieme anche alla Croce d\u2019Oro e alla Vab.\u00a0All\u2019inaugurazione erano presenti anche i rappresentanti delle altre associazioni. Il presidente Massimiliano Pieroni ha sottolineato la collaborazione col Comune e con la Croce d\u2019Oro ed ha ricordato come la Misericordia stia accrescendo progressivamente i suoi servizi confermandosi la seconda tra le 35 Misericordie della provincia dopo soltanto la confraternita della citt\u00e0 capoluogo.<\/p>\n<p>&nbsp;<\/p>\n<p>&nbsp;<\/p>\n<p class=\"p1\" style=\"text-align: justify;\"><span class=\"s1\"><b>E&#8217; ripartita l\u2019attivit\u00e0 della Casa del Sorriso della Misericordia di Montale, un centro ricreativo per anziani che accoglie oltre 40 persone per tre pomeriggi alla settimana fornendo una preziosa opportunit\u00e0 di socializzazione e un sollievo alle famiglie. <\/b><\/span><\/p>\n<p class=\"p1\" style=\"text-align: justify;\"><span class=\"s1\">E&#8217; un\u2019esperienza che non ha esempi simili nella realt\u00e0 provinciale e anche regionale, perch\u00e9 non \u00e8 una Rsa o un Diurno di tipo socio-sanitario ma nemmeno \u00e8 paragonabile ad un circolo ricreativo. E\u2019 uno spazio dove gli anziani possono stare insieme, giocare a tombola o a carte, fare merenda, chiacchierare e, a volte, vedere un film con l\u2019assistenza di volontarie della Misericordia (una quarantina in tutto che si danno il turno) che organizzano le attivit\u00e0 e rispondono ad ogni esigenza degli ospiti. Periodicamente vengono anche organizzati incontri con esperti di vari settori, in particolare Vigili Urbani o Carabinieri che danno istruzioni riguardanti la sicurezza o la prevenzione delle truffe. Il centro \u00e8 aperto il luned\u00ec, il mercoled\u00ec e il venerd\u00ec di ogni settimana dalle ore 15 alle ore 18. La Misericordia provvede con i suoi mezzi ad andare a prendere a casa gli anziani che ne facciano richiesta (e sono la maggioranza). Il servizio \u00e8 totalmente gratuito, compreso il trasporto per i residenti a Montale. Le richieste di usufruire del servizio sono tante e non si limitano al territorio montalese ma vengono anche dai centri vicini. Nata da un\u2019idea di Margherita Rossetti Comini, compianta dirigente della Misericordia, la Casa del Sorriso \u00e8 uno dei fiori all\u2019occhiello della Misericordia montalese. <i>\u00ab\u00e8 un tipo di realt\u00e0 che non esiste da altre parti\u00bb <\/i>dice il presidente della Misericordia Massimiliano Pieroni <i>\u00abe va sottolineata la sua assoluta gratuit\u00e0, \u00e8 l\u2019impegno dei volontari a consentire questo servizio\u00bb<\/i>.<\/span><\/p>\n<p>&nbsp;<\/p>\n<p>&nbsp;<\/p>\n<p class=\"p1\" style=\"text-align: justify;\"><b>In memoria di Stefano Meoni, scomparso due mesi fa a Montale all\u2019et\u00e0 di 54 anni, \u00e8 nata spontaneamente un\u2019iniziativa di solidariet\u00e0 che ha portato alla raccolta di una somma di quasi tremila euro, donata alla Dynamo Camp. <\/b><\/p>\n<p class=\"p1\" style=\"text-align: justify;\">La prima idea della raccolta \u00e8 nata tra gli amici dei figli Niccol\u00f2 e Rebecca ma ben presto ne \u00e8 sorta una vera e propria mobilitazione a cui hanno partecipato la ditta Biagioli Filati, dove Stefano lavorava da tanti anni, i suoi compagni di lavoro, poi il servizio di riabilitazione dell\u2019Asl Toscana Centro di Pistoia in tutte le sue sedi, i presidi ospedalieri e territoriali pistoiesi della stessa Asl, la societ\u00e0 sportiva Antares di Montale, dai dirigenti ai giocatori della squadra di calcio, e le famiglie Meoni e Polini. <b>La Dynamo Camp ha inviato un attesto di ringraziamento agli enti che hanno partecipato alla raccolta intendendo estendere la riconoscenza anche a tutti i singoli cittadini che hanno contribuito<\/b>. Al ringraziamento si uniscono i familiari di Stefano per i quali questa iniziativa \u00e8 un motivo di conforto in un momento di grande dolore.<\/p>","protected":false},"excerpt":{"rendered":"<p>di\u00a0Giacomo Bini dicembre 2018 &nbsp; Grande festa alla Misericordia di Montale per l\u2019inaugurazione di tre nuovi mezzi, un pulmino, un\u2019autovettura e un fuoristrada. Dopo la benedizione da parte del Proposto di Montale don Paolo Firindelli, hanno effettuato insieme il taglio del nastro il sindaco di Montale Ferdinando Betti, il presidente della Misericordia di Montale [&hellip;]<\/p>","protected":false},"author":12,"featured_media":0,"comment_status":"open","ping_status":"open","sticky":false,"template":"","format":"standard","meta":{"footnotes":""},"categories":[29,7],"tags":[1986,740,1985,68,306,1603,1984,800,1987],"class_list":["post-5318","post","type-post","status-publish","format-standard","hentry","category-brevi-ndq-qt","category-mt","tag-anziani","tag-casa-del-sorriso","tag-centro-ricreativo","tag-don-paolo-firindelli","tag-dynamo-camp","tag-misericordia-di-montale","tag-nuovi-mezzi","tag-protezione-civile","tag-stefano-meoni"],"yoast_head":"<!-- This site is optimized with the Yoast SEO plugin v25.5 - https:\/\/yoast.com\/wordpress\/plugins\/seo\/ -->\n<title>I brevi di Noidiqua - Noi di Qua Testata giornalistica e di attualit\u00e0 di Agliana, Montale e Quarrata.<\/title>\n<meta name=\"robots\" content=\"index, follow, max-snippet:-1, max-image-preview:large, max-video-preview:-1\" \/>\n<link rel=\"canonical\" href=\"https:\/\/www.noidiqua.it\/Montale\/i-brevi-di-noidiqua-20\/\" \/>\n<meta property=\"og:locale\" content=\"it_IT\" \/>\n<meta property=\"og:type\" content=\"article\" \/>\n<meta property=\"og:title\" content=\"I brevi di Noidiqua - Noi di Qua Testata giornalistica e di attualit\u00e0 di Agliana, Montale e Quarrata.\" \/>\n<meta property=\"og:description\" content=\"di\u00a0Giacomo Bini dicembre 2018 &nbsp; Grande festa alla Misericordia di Montale per l\u2019inaugurazione di tre nuovi mezzi, un pulmino, un\u2019autovettura e un fuoristrada. Dopo la benedizione da parte del Proposto di Montale don Paolo Firindelli, hanno effettuato insieme il taglio del nastro il sindaco di Montale Ferdinando Betti, il presidente della Misericordia di Montale [&hellip;]\" \/>\n<meta property=\"og:url\" content=\"https:\/\/www.noidiqua.it\/Montale\/i-brevi-di-noidiqua-20\/\" \/>\n<meta property=\"og:site_name\" content=\"Noi di Qua Testata giornalistica e di attualit\u00e0 di Agliana, Montale e Quarrata.\" \/>\n<meta property=\"article:publisher\" content=\"https:\/\/www.facebook.com\/noidiqua.trimestrale\/\" \/>\n<meta property=\"article:published_time\" content=\"2018-12-17T09:36:40+00:00\" \/>\n<meta property=\"article:modified_time\" content=\"2022-01-20T09:40:10+00:00\" \/>\n<meta property=\"og:image\" content=\"https:\/\/www.noidiqua.it\/Montale\/wp-content\/uploads\/2021\/04\/brevi.png\" \/>\n<meta name=\"author\" content=\"Giacomo Bini\" \/>\n<meta name=\"twitter:label1\" content=\"Scritto da\" \/>\n\t<meta name=\"twitter:data1\" content=\"Giacomo Bini\" \/>\n\t<meta name=\"twitter:label2\" content=\"Tempo di lettura stimato\" \/>\n\t<meta name=\"twitter:data2\" content=\"3 minuti\" \/>\n<script type=\"application\/ld+json\" class=\"yoast-schema-graph\">{\"@context\":\"https:\/\/schema.org\",\"@graph\":[{\"@type\":\"WebPage\",\"@id\":\"https:\/\/www.noidiqua.it\/Montale\/i-brevi-di-noidiqua-20\/\",\"url\":\"https:\/\/www.noidiqua.it\/Montale\/i-brevi-di-noidiqua-20\/\",\"name\":\"I brevi di Noidiqua - Noi di Qua Testata giornalistica e di attualit\u00e0 di Agliana, Montale e Quarrata.\",\"isPartOf\":{\"@id\":\"https:\/\/www.noidiqua.it\/Montale\/#website\"},\"primaryImageOfPage\":{\"@id\":\"https:\/\/www.noidiqua.it\/Montale\/i-brevi-di-noidiqua-20\/#primaryimage\"},\"image\":{\"@id\":\"https:\/\/www.noidiqua.it\/Montale\/i-brevi-di-noidiqua-20\/#primaryimage\"},\"thumbnailUrl\":\"https:\/\/www.noidiqua.it\/Montale\/wp-content\/uploads\/2021\/04\/brevi.png\",\"datePublished\":\"2018-12-17T09:36:40+00:00\",\"dateModified\":\"2022-01-20T09:40:10+00:00\",\"author\":{\"@id\":\"https:\/\/www.noidiqua.it\/Montale\/#\/schema\/person\/e2e6f44da50af0dae9c90ad168e471a4\"},\"breadcrumb\":{\"@id\":\"https:\/\/www.noidiqua.it\/Montale\/i-brevi-di-noidiqua-20\/#breadcrumb\"},\"inLanguage\":\"it-IT\",\"potentialAction\":[{\"@type\":\"ReadAction\",\"target\":[\"https:\/\/www.noidiqua.it\/Montale\/i-brevi-di-noidiqua-20\/\"]}]},{\"@type\":\"ImageObject\",\"inLanguage\":\"it-IT\",\"@id\":\"https:\/\/www.noidiqua.it\/Montale\/i-brevi-di-noidiqua-20\/#primaryimage\",\"url\":\"https:\/\/www.noidiqua.it\/Montale\/wp-content\/uploads\/2021\/04\/brevi.png\",\"contentUrl\":\"https:\/\/www.noidiqua.it\/Montale\/wp-content\/uploads\/2021\/04\/brevi.png\",\"width\":473,\"height\":291},{\"@type\":\"BreadcrumbList\",\"@id\":\"https:\/\/www.noidiqua.it\/Montale\/i-brevi-di-noidiqua-20\/#breadcrumb\",\"itemListElement\":[{\"@type\":\"ListItem\",\"position\":1,\"name\":\"Home\",\"item\":\"https:\/\/www.noidiqua.it\/Montale\/\"},{\"@type\":\"ListItem\",\"position\":2,\"name\":\"I brevi di Noidiqua\"}]},{\"@type\":\"WebSite\",\"@id\":\"https:\/\/www.noidiqua.it\/Montale\/#website\",\"url\":\"https:\/\/www.noidiqua.it\/Montale\/\",\"name\":\"Noi di Qua Testata giornalistica e di attualit\u00e0 di Agliana, Montale e Quarrata.\",\"description\":\"Testata Giornalistica Quarrata Montale Agliana\",\"potentialAction\":[{\"@type\":\"SearchAction\",\"target\":{\"@type\":\"EntryPoint\",\"urlTemplate\":\"https:\/\/www.noidiqua.it\/Montale\/?s={search_term_string}\"},\"query-input\":{\"@type\":\"PropertyValueSpecification\",\"valueRequired\":true,\"valueName\":\"search_term_string\"}}],\"inLanguage\":\"it-IT\"},{\"@type\":\"Person\",\"@id\":\"https:\/\/www.noidiqua.it\/Montale\/#\/schema\/person\/e2e6f44da50af0dae9c90ad168e471a4\",\"name\":\"Giacomo Bini\",\"image\":{\"@type\":\"ImageObject\",\"inLanguage\":\"it-IT\",\"@id\":\"https:\/\/www.noidiqua.it\/Montale\/#\/schema\/person\/image\/\",\"url\":\"https:\/\/secure.gravatar.com\/avatar\/e5c18ae41df5ae37397358f2c6046696187d51a120c5d0b8f0c49f7b606f46f4?s=96&d=mm&r=g\",\"contentUrl\":\"https:\/\/secure.gravatar.com\/avatar\/e5c18ae41df5ae37397358f2c6046696187d51a120c5d0b8f0c49f7b606f46f4?s=96&d=mm&r=g\",\"caption\":\"Giacomo Bini\"},\"url\":\"https:\/\/www.noidiqua.it\/Montale\/author\/giacomo-bini\/\"}]}<\/script>\n<!-- \/ Yoast SEO plugin. -->","yoast_head_json":{"title":"I brevi di Noidiqua - Noi di Qua Testata giornalistica e di attualit\u00e0 di Agliana, Montale e Quarrata.","robots":{"index":"index","follow":"follow","max-snippet":"max-snippet:-1","max-image-preview":"max-image-preview:large","max-video-preview":"max-video-preview:-1"},"canonical":"https:\/\/www.noidiqua.it\/Montale\/i-brevi-di-noidiqua-20\/","og_locale":"it_IT","og_type":"article","og_title":"I brevi di Noidiqua - Noi di Qua Testata giornalistica e di attualit\u00e0 di Agliana, Montale e Quarrata.","og_description":"di\u00a0Giacomo Bini dicembre 2018 &nbsp; Grande festa alla Misericordia di Montale per l\u2019inaugurazione di tre nuovi mezzi, un pulmino, un\u2019autovettura e un fuoristrada. Dopo la benedizione da parte del Proposto di Montale don Paolo Firindelli, hanno effettuato insieme il taglio del nastro il sindaco di Montale Ferdinando Betti, il presidente della Misericordia di Montale [&hellip;]","og_url":"https:\/\/www.noidiqua.it\/Montale\/i-brevi-di-noidiqua-20\/","og_site_name":"Noi di Qua Testata giornalistica e di attualit\u00e0 di Agliana, Montale e Quarrata.","article_publisher":"https:\/\/www.facebook.com\/noidiqua.trimestrale\/","article_published_time":"2018-12-17T09:36:40+00:00","article_modified_time":"2022-01-20T09:40:10+00:00","og_image":[{"url":"https:\/\/www.noidiqua.it\/Montale\/wp-content\/uploads\/2021\/04\/brevi.png","type":"","width":"","height":""}],"author":"Giacomo Bini","twitter_misc":{"Scritto da":"Giacomo Bini","Tempo di lettura stimato":"3 minuti"},"schema":{"@context":"https:\/\/schema.org","@graph":[{"@type":"WebPage","@id":"https:\/\/www.noidiqua.it\/Montale\/i-brevi-di-noidiqua-20\/","url":"https:\/\/www.noidiqua.it\/Montale\/i-brevi-di-noidiqua-20\/","name":"I brevi di Noidiqua - Noi di Qua Testata giornalistica e di attualit\u00e0 di Agliana, Montale e Quarrata.","isPartOf":{"@id":"https:\/\/www.noidiqua.it\/Montale\/#website"},"primaryImageOfPage":{"@id":"https:\/\/www.noidiqua.it\/Montale\/i-brevi-di-noidiqua-20\/#primaryimage"},"image":{"@id":"https:\/\/www.noidiqua.it\/Montale\/i-brevi-di-noidiqua-20\/#primaryimage"},"thumbnailUrl":"https:\/\/www.noidiqua.it\/Montale\/wp-content\/uploads\/2021\/04\/brevi.png","datePublished":"2018-12-17T09:36:40+00:00","dateModified":"2022-01-20T09:40:10+00:00","author":{"@id":"https:\/\/www.noidiqua.it\/Montale\/#\/schema\/person\/e2e6f44da50af0dae9c90ad168e471a4"},"breadcrumb":{"@id":"https:\/\/www.noidiqua.it\/Montale\/i-brevi-di-noidiqua-20\/#breadcrumb"},"inLanguage":"it-IT","potentialAction":[{"@type":"ReadAction","target":["https:\/\/www.noidiqua.it\/Montale\/i-brevi-di-noidiqua-20\/"]}]},{"@type":"ImageObject","inLanguage":"it-IT","@id":"https:\/\/www.noidiqua.it\/Montale\/i-brevi-di-noidiqua-20\/#primaryimage","url":"https:\/\/www.noidiqua.it\/Montale\/wp-content\/uploads\/2021\/04\/brevi.png","contentUrl":"https:\/\/www.noidiqua.it\/Montale\/wp-content\/uploads\/2021\/04\/brevi.png","width":473,"height":291},{"@type":"BreadcrumbList","@id":"https:\/\/www.noidiqua.it\/Montale\/i-brevi-di-noidiqua-20\/#breadcrumb","itemListElement":[{"@type":"ListItem","position":1,"name":"Home","item":"https:\/\/www.noidiqua.it\/Montale\/"},{"@type":"ListItem","position":2,"name":"I brevi di Noidiqua"}]},{"@type":"WebSite","@id":"https:\/\/www.noidiqua.it\/Montale\/#website","url":"https:\/\/www.noidiqua.it\/Montale\/","name":"Noi di Qua Testata giornalistica e di attualit\u00e0 di Agliana, Montale e Quarrata.","description":"Testata Giornalistica Quarrata Montale Agliana","potentialAction":[{"@type":"SearchAction","target":{"@type":"EntryPoint","urlTemplate":"https:\/\/www.noidiqua.it\/Montale\/?s={search_term_string}"},"query-input":{"@type":"PropertyValueSpecification","valueRequired":true,"valueName":"search_term_string"}}],"inLanguage":"it-IT"},{"@type":"Person","@id":"https:\/\/www.noidiqua.it\/Montale\/#\/schema\/person\/e2e6f44da50af0dae9c90ad168e471a4","name":"Giacomo Bini","image":{"@type":"ImageObject","inLanguage":"it-IT","@id":"https:\/\/www.noidiqua.it\/Montale\/#\/schema\/person\/image\/","url":"https:\/\/secure.gravatar.com\/avatar\/e5c18ae41df5ae37397358f2c6046696187d51a120c5d0b8f0c49f7b606f46f4?s=96&d=mm&r=g","contentUrl":"https:\/\/secure.gravatar.com\/avatar\/e5c18ae41df5ae37397358f2c6046696187d51a120c5d0b8f0c49f7b606f46f4?s=96&d=mm&r=g","caption":"Giacomo Bini"},"url":"https:\/\/www.noidiqua.it\/Montale\/author\/giacomo-bini\/"}]}},"_links":{"self":[{"href":"https:\/\/www.noidiqua.it\/Montale\/wp-json\/wp\/v2\/posts\/5318","targetHints":{"allow":["GET"]}}],"collection":[{"href":"https:\/\/www.noidiqua.it\/Montale\/wp-json\/wp\/v2\/posts"}],"about":[{"href":"https:\/\/www.noidiqua.it\/Montale\/wp-json\/wp\/v2\/types\/post"}],"author":[{"embeddable":true,"href":"https:\/\/www.noidiqua.it\/Montale\/wp-json\/wp\/v2\/users\/12"}],"replies":[{"embeddable":true,"href":"https:\/\/www.noidiqua.it\/Montale\/wp-json\/wp\/v2\/comments?post=5318"}],"version-history":[{"count":5,"href":"https:\/\/www.noidiqua.it\/Montale\/wp-json\/wp\/v2\/posts\/5318\/revisions"}],"predecessor-version":[{"id":6411,"href":"https:\/\/www.noidiqua.it\/Montale\/wp-json\/wp\/v2\/posts\/5318\/revisions\/6411"}],"wp:attachment":[{"href":"https:\/\/www.noidiqua.it\/Montale\/wp-json\/wp\/v2\/media?parent=5318"}],"wp:term":[{"taxonomy":"category","embeddable":true,"href":"https:\/\/www.noidiqua.it\/Montale\/wp-json\/wp\/v2\/categories?post=5318"},{"taxonomy":"post_tag","embeddable":true,"href":"https:\/\/www.noidiqua.it\/Montale\/wp-json\/wp\/v2\/tags?post=5318"}],"curies":[{"name":"wp","href":"https:\/\/api.w.org\/{rel}","templated":true}]}}