{"id":5328,"date":"2018-12-17T11:31:24","date_gmt":"2018-12-17T10:31:24","guid":{"rendered":"https:\/\/www.noidiqua.it\/Montale\/?p=5328"},"modified":"2022-01-20T10:23:33","modified_gmt":"2022-01-20T09:23:33","slug":"guarda-che-non-sono-io","status":"publish","type":"post","link":"https:\/\/www.noidiqua.it\/Montale\/guarda-che-non-sono-io\/","title":{"rendered":"Guarda che non sono io\u2026"},"content":{"rendered":"<p><em>di Massimo Cappelli<\/em><\/p>\n<p><em>dicembre 2018<\/em><\/p>\n<p><a href=\"https:\/\/www.noidiqua.it\/Montale\/wp-content\/uploads\/2018\/12\/CONCLUDENDO_2.png\" rel=\"wp-prettyPhoto[5328]\"><img loading=\"lazy\" decoding=\"async\" class=\"aligncenter size-full wp-image-6405\" src=\"https:\/\/www.noidiqua.it\/Montale\/wp-content\/uploads\/2018\/12\/CONCLUDENDO_2.png\" alt=\"\" width=\"450\" height=\"299\" srcset=\"https:\/\/www.noidiqua.it\/Montale\/wp-content\/uploads\/2018\/12\/CONCLUDENDO_2.png 450w, https:\/\/www.noidiqua.it\/Montale\/wp-content\/uploads\/2018\/12\/CONCLUDENDO_2-300x199.png 300w\" sizes=\"auto, (max-width: 450px) 100vw, 450px\" \/><\/a><\/p>\n<p>&nbsp;<\/p>\n<p class=\"p1\" style=\"text-align: justify;\"><i>Guarda che non sono io quello che stai cercando<\/i><\/p>\n<p class=\"p1\" style=\"text-align: justify;\"><i>Quello che conosce il tempo, e che ti spiega il mondo<\/i><\/p>\n<p class=\"p1\" style=\"text-align: justify;\"><i>Guarda che non sono io quello seduto accanto<\/i><\/p>\n<p class=\"p1\" style=\"text-align: justify;\"><i>Che ti prende la mano e che ti asciuga il pianto [\u2026]<\/i><\/p>\n<p class=\"p1\" style=\"text-align: justify;\">Se tutti noi facciamo <strong>mente locale<\/strong>, forse scopriamo di qualche volta che abbiamo incontrato un <strong>personaggio famoso<\/strong> e che, a differenza delle nostre aspettative, non ci ha dato la soddisfazione sperata provocando in noi una profonda delusione. Questi sopra sono i primi versi di una bellissima canzone di <strong>Francesco De Gregori<\/strong>, il famoso cantautore romano notoriamente non molto disponibile con il suo pubblico. Partendo proprio da questo suo brano, in questo \u201cConcludendo\u201d voglio provare a trasmettervi il mio pensiero sulla gestione della propria celebrit\u00e0, sulle dinamiche che fanno muovere la creativit\u00e0 e sulla mania di protagonismo che oggi infondono i social network.<\/p>\n<p>Il pezzo di De Gregori, a mio avviso scritto con profonda umilt\u00e0, ha per titolo <strong>\u201cGuarda che non sono io\u201d<\/strong>, e parla proprio del disagio che pu\u00f2 provare un personaggio famoso al cospetto del proprio pubblico, evidenziando la fragilit\u00e0 della persona rispetto a ci\u00f2 che essa rappresenta, unitamente al rischio di poter sembrare esoso e inopportuno.<\/p>\n<p style=\"text-align: justify;\">La questione rimanda all\u2019intuizione\u00a0<strong>pirandelliana<\/strong> sulla dualit\u00e0 \u201cpersona\/personaggio\u201d, e che in ogni individuo ci possano essere due o anche pi\u00f9 entit\u00e0. Nel caso dell\u2019artista la cosa si accentua, poich\u00e9 \u00e8 assai pi\u00f9 in evidenza il personaggio della persona: il palcoscenico e la notoriet\u00e0 non fanno altro che aumentare di molto questo dislivello, spesso fino al punto di annientare la personalit\u00e0 nei soggetti pi\u00f9 sensibili, quindi provocarne il disagio. Un\u00a0<strong>attore famoso<\/strong>, per esempio, che col tempo si \u00e8 cucito addosso un personaggio ma che ha fatto anche moltissime altre belle cose, \u00e8 normale che si irrigidisca se viene riconosciuto solo per quel personaggio. Come ad un comico quando gli viene ripetuto a non finire il suo solito tormentone, a lungo andare maledice il giorno che lo ha ideato. Per questo motivo, \u00e8 consuetudine che molti artisti abbiano repulsione proprio per l\u2019elemento che li ha portati al successo. Tutto questo \u00e8 umano e comprensibile, poi\u2026 c\u2019\u00e8 anche <strong>Bob Dylan<\/strong> che \u00e8\u2026 tutta un\u2019altra cosa.<\/p>\n<p><a href=\"https:\/\/www.noidiqua.it\/Montale\/wp-content\/uploads\/2018\/12\/CONCLUDENDO_1.png\" rel=\"wp-prettyPhoto[5328]\"><img loading=\"lazy\" decoding=\"async\" class=\"aligncenter size-full wp-image-6406\" src=\"https:\/\/www.noidiqua.it\/Montale\/wp-content\/uploads\/2018\/12\/CONCLUDENDO_1.png\" alt=\"\" width=\"450\" height=\"300\" srcset=\"https:\/\/www.noidiqua.it\/Montale\/wp-content\/uploads\/2018\/12\/CONCLUDENDO_1.png 450w, https:\/\/www.noidiqua.it\/Montale\/wp-content\/uploads\/2018\/12\/CONCLUDENDO_1-300x200.png 300w\" sizes=\"auto, (max-width: 450px) 100vw, 450px\" \/><\/a><\/p>\n<p style=\"text-align: justify;\">Ma veniamo alla natura di un artista, agli elementi che la compongono e a come, secondo me, nasce la creativit\u00e0.\u00a0<strong>Michelangelo<\/strong> diceva che il capolavoro era gi\u00e0 dentro il blocco di marmo, lui non faceva altro che portarlo fuori. Vi \u00e8 mai capitato di parlare con uno scrittore, un compositore, un cantante o un poeta? E anche\u2026 ma s\u00ec, anche un pubblicitario! A me s\u00ec, e nella conversazione \u00e8 venuto fuori che quel verso, quella frase ad effetto o quello slogan, sono stati solo \u201cpresi\u201d dall\u2019artista, esistevano gi\u00e0, aleggiavano nell\u2019aria e da lui sono solo stati riconosciuti e fatti propri. Sembra strano ma \u00e8 proprio cos\u00ec: un artista al lavoro \u00e8 solo uno strumento di qualcosa che sta pi\u00f9 in alto, qualcosa di pi\u00f9 eccelso; quando si sprigiona la creativit\u00e0 \u00e8 veramente un momento magico. Un artista al lavoro si estranea da tutto e da tutti, a volte entrando quasi in estasi. Si potrebbero fare molti altri esempi a riguardo, ma forse il pi\u00f9 calzante \u00e8 questo che vi riporto restando in ambito musicale. Al <strong>Festival di Sanremo<\/strong> (quello che tutti dicono di non seguire e tutti invece guardano) dove concorrono solo brani inediti, capita che dopo un paio di volte che si \u00e8 ascoltato un brano carino e orecchiabile, ci risulti talmente familiare da farci pensare di averlo sentito molto tempo prima; ci pare che quel disco sia sul mercato da molti anni. Questo perch\u00e9 gli autori lo hanno \u201criconosciuto\u201d, stava l\u00ec, lo hanno solo preso, era gi\u00e0 presente nel nostro inconscio collettivo. Poi esiste anche il plagio\u2026 ma \u00e8 un\u2019altro discorso.<\/p>\n<p><a href=\"https:\/\/www.noidiqua.it\/Montale\/wp-content\/uploads\/2018\/12\/CONCLUDENDO_3.png\" rel=\"wp-prettyPhoto[5328]\"><img loading=\"lazy\" decoding=\"async\" class=\"aligncenter size-full wp-image-6407\" src=\"https:\/\/www.noidiqua.it\/Montale\/wp-content\/uploads\/2018\/12\/CONCLUDENDO_3.png\" alt=\"\" width=\"450\" height=\"253\" srcset=\"https:\/\/www.noidiqua.it\/Montale\/wp-content\/uploads\/2018\/12\/CONCLUDENDO_3.png 450w, https:\/\/www.noidiqua.it\/Montale\/wp-content\/uploads\/2018\/12\/CONCLUDENDO_3-300x169.png 300w\" sizes=\"auto, (max-width: 450px) 100vw, 450px\" \/><\/a>Se \u00e8 vero che molti personaggi famosi si sentono a disagio con il loro pubblico, \u00e8 anche vero che moltissime persone comuni hanno smania di protagonismo; i <strong>social network<\/strong> in questo danno una mano. Grazie ai social infatti ci sono state persone sconosciute che ce l\u2019hanno fatta e sono diventate ricercatissimi <strong>influencer<\/strong> con decine di milioni di <strong>follower<\/strong>, nella moda, nella cucina o in qualsiasi altro settore, solo scattando o scattandosi fotografie con il cellulare pubblicandole poi in rete. Anche ragazzini bravi ad utilizzare i video giochi sono diventati dei famosi <strong>youtuber<\/strong>, che giocando e comunicando nella rete guadagnano grosse cifre di denaro. Poi ci sono (e sono i pi\u00f9) quelli che vogliono fare gli opinionisti a tutti i costi, quelli che si fotografano i piedi al mare, quelli che contestano tutto, che sono sempre contro e che magari hanno la lettera \u201cH\u201d sulle scarpe, ma non la mettono mai davanti al verbo. Quelli che si sentono leader politici o membri del Governo. Quelli che vogliono sempre apparire, apparire e apparire\u2026 senza essere. E allora scopro una bella cosa: che il titolo della canzone di De Gregori \u00e8 buono anche per loro\u2026 <i>\u201cGuarda che<\/i><b><i> non sono <\/i><\/b><i>io\u201d.<\/i><\/p>\n<p>&nbsp;<\/p>","protected":false},"excerpt":{"rendered":"<p>di Massimo Cappelli dicembre 2018 &nbsp; Guarda che non sono io quello che stai cercando Quello che conosce il tempo, e che ti spiega il mondo Guarda che non sono io quello seduto accanto Che ti prende la mano e che ti asciuga il pianto [\u2026] Se tutti noi facciamo mente locale, forse scopriamo [&hellip;]<\/p>","protected":false},"author":7,"featured_media":0,"comment_status":"open","ping_status":"open","sticky":false,"template":"","format":"standard","meta":{"footnotes":""},"categories":[24,7],"tags":[1992,1993,1995,1998,1990,1997,1988,1994,2000,1989,1991,1996,1999],"class_list":["post-5328","post","type-post","status-publish","format-standard","hentry","category-concludendo-qt","category-mt","tag-attore-famoso","tag-bob-dylan","tag-festival-di-sanremo","tag-follower","tag-francesco-de-gregori","tag-influencer","tag-mente-locale","tag-michelangelo","tag-non-sono","tag-personaggio-famoso","tag-pirandelliana","tag-social-network","tag-youtuber"],"yoast_head":"<!-- This site is optimized with the Yoast SEO plugin v25.5 - https:\/\/yoast.com\/wordpress\/plugins\/seo\/ -->\n<title>Guarda che non sono io\u2026 - Noi di Qua Testata giornalistica e di attualit\u00e0 di Agliana, Montale e Quarrata.<\/title>\n<meta name=\"robots\" content=\"index, follow, max-snippet:-1, max-image-preview:large, max-video-preview:-1\" \/>\n<link rel=\"canonical\" href=\"https:\/\/www.noidiqua.it\/Montale\/guarda-che-non-sono-io\/\" \/>\n<meta property=\"og:locale\" content=\"it_IT\" \/>\n<meta property=\"og:type\" content=\"article\" \/>\n<meta property=\"og:title\" content=\"Guarda che non sono io\u2026 - Noi di Qua Testata giornalistica e di attualit\u00e0 di Agliana, Montale e Quarrata.\" \/>\n<meta property=\"og:description\" content=\"di Massimo Cappelli dicembre 2018 &nbsp; Guarda che non sono io quello che stai cercando Quello che conosce il tempo, e che ti spiega il mondo Guarda che non sono io quello seduto accanto Che ti prende la mano e che ti asciuga il pianto [\u2026] Se tutti noi facciamo mente locale, forse scopriamo [&hellip;]\" \/>\n<meta property=\"og:url\" content=\"https:\/\/www.noidiqua.it\/Montale\/guarda-che-non-sono-io\/\" \/>\n<meta property=\"og:site_name\" content=\"Noi di Qua Testata giornalistica e di attualit\u00e0 di Agliana, Montale e Quarrata.\" \/>\n<meta property=\"article:publisher\" content=\"https:\/\/www.facebook.com\/noidiqua.trimestrale\/\" \/>\n<meta property=\"article:published_time\" content=\"2018-12-17T10:31:24+00:00\" \/>\n<meta property=\"article:modified_time\" content=\"2022-01-20T09:23:33+00:00\" \/>\n<meta property=\"og:image\" content=\"https:\/\/www.noidiqua.it\/Montale\/wp-content\/uploads\/2018\/12\/CONCLUDENDO_2.png\" \/>\n<meta name=\"author\" content=\"Massimo Cappelli\" \/>\n<meta name=\"twitter:label1\" content=\"Scritto da\" \/>\n\t<meta name=\"twitter:data1\" content=\"Massimo Cappelli\" \/>\n\t<meta name=\"twitter:label2\" content=\"Tempo di lettura stimato\" \/>\n\t<meta name=\"twitter:data2\" content=\"4 minuti\" \/>\n<script type=\"application\/ld+json\" class=\"yoast-schema-graph\">{\"@context\":\"https:\/\/schema.org\",\"@graph\":[{\"@type\":\"WebPage\",\"@id\":\"https:\/\/www.noidiqua.it\/Montale\/guarda-che-non-sono-io\/\",\"url\":\"https:\/\/www.noidiqua.it\/Montale\/guarda-che-non-sono-io\/\",\"name\":\"Guarda che non sono io\u2026 - Noi di Qua Testata giornalistica e di attualit\u00e0 di Agliana, Montale e Quarrata.\",\"isPartOf\":{\"@id\":\"https:\/\/www.noidiqua.it\/Montale\/#website\"},\"primaryImageOfPage\":{\"@id\":\"https:\/\/www.noidiqua.it\/Montale\/guarda-che-non-sono-io\/#primaryimage\"},\"image\":{\"@id\":\"https:\/\/www.noidiqua.it\/Montale\/guarda-che-non-sono-io\/#primaryimage\"},\"thumbnailUrl\":\"https:\/\/www.noidiqua.it\/Montale\/wp-content\/uploads\/2018\/12\/CONCLUDENDO_2.png\",\"datePublished\":\"2018-12-17T10:31:24+00:00\",\"dateModified\":\"2022-01-20T09:23:33+00:00\",\"author\":{\"@id\":\"https:\/\/www.noidiqua.it\/Montale\/#\/schema\/person\/858b1b9db61101126e5ded39f94daedb\"},\"breadcrumb\":{\"@id\":\"https:\/\/www.noidiqua.it\/Montale\/guarda-che-non-sono-io\/#breadcrumb\"},\"inLanguage\":\"it-IT\",\"potentialAction\":[{\"@type\":\"ReadAction\",\"target\":[\"https:\/\/www.noidiqua.it\/Montale\/guarda-che-non-sono-io\/\"]}]},{\"@type\":\"ImageObject\",\"inLanguage\":\"it-IT\",\"@id\":\"https:\/\/www.noidiqua.it\/Montale\/guarda-che-non-sono-io\/#primaryimage\",\"url\":\"https:\/\/www.noidiqua.it\/Montale\/wp-content\/uploads\/2018\/12\/CONCLUDENDO_2.png\",\"contentUrl\":\"https:\/\/www.noidiqua.it\/Montale\/wp-content\/uploads\/2018\/12\/CONCLUDENDO_2.png\",\"width\":450,\"height\":299},{\"@type\":\"BreadcrumbList\",\"@id\":\"https:\/\/www.noidiqua.it\/Montale\/guarda-che-non-sono-io\/#breadcrumb\",\"itemListElement\":[{\"@type\":\"ListItem\",\"position\":1,\"name\":\"Home\",\"item\":\"https:\/\/www.noidiqua.it\/Montale\/\"},{\"@type\":\"ListItem\",\"position\":2,\"name\":\"Guarda che non sono io\u2026\"}]},{\"@type\":\"WebSite\",\"@id\":\"https:\/\/www.noidiqua.it\/Montale\/#website\",\"url\":\"https:\/\/www.noidiqua.it\/Montale\/\",\"name\":\"Noi di Qua Testata giornalistica e di attualit\u00e0 di Agliana, Montale e Quarrata.\",\"description\":\"Testata Giornalistica Quarrata Montale Agliana\",\"potentialAction\":[{\"@type\":\"SearchAction\",\"target\":{\"@type\":\"EntryPoint\",\"urlTemplate\":\"https:\/\/www.noidiqua.it\/Montale\/?s={search_term_string}\"},\"query-input\":{\"@type\":\"PropertyValueSpecification\",\"valueRequired\":true,\"valueName\":\"search_term_string\"}}],\"inLanguage\":\"it-IT\"},{\"@type\":\"Person\",\"@id\":\"https:\/\/www.noidiqua.it\/Montale\/#\/schema\/person\/858b1b9db61101126e5ded39f94daedb\",\"name\":\"Massimo Cappelli\",\"image\":{\"@type\":\"ImageObject\",\"inLanguage\":\"it-IT\",\"@id\":\"https:\/\/www.noidiqua.it\/Montale\/#\/schema\/person\/image\/\",\"url\":\"https:\/\/secure.gravatar.com\/avatar\/0e7261535228aa9bb0417ab8f42f3fadaf8ce23bdfde46c689c43410a676cfa9?s=96&d=mm&r=g\",\"contentUrl\":\"https:\/\/secure.gravatar.com\/avatar\/0e7261535228aa9bb0417ab8f42f3fadaf8ce23bdfde46c689c43410a676cfa9?s=96&d=mm&r=g\",\"caption\":\"Massimo Cappelli\"},\"url\":\"https:\/\/www.noidiqua.it\/Montale\/author\/massimo-cappelli\/\"}]}<\/script>\n<!-- \/ Yoast SEO plugin. -->","yoast_head_json":{"title":"Guarda che non sono io\u2026 - Noi di Qua Testata giornalistica e di attualit\u00e0 di Agliana, Montale e Quarrata.","robots":{"index":"index","follow":"follow","max-snippet":"max-snippet:-1","max-image-preview":"max-image-preview:large","max-video-preview":"max-video-preview:-1"},"canonical":"https:\/\/www.noidiqua.it\/Montale\/guarda-che-non-sono-io\/","og_locale":"it_IT","og_type":"article","og_title":"Guarda che non sono io\u2026 - Noi di Qua Testata giornalistica e di attualit\u00e0 di Agliana, Montale e Quarrata.","og_description":"di Massimo Cappelli dicembre 2018 &nbsp; Guarda che non sono io quello che stai cercando Quello che conosce il tempo, e che ti spiega il mondo Guarda che non sono io quello seduto accanto Che ti prende la mano e che ti asciuga il pianto [\u2026] Se tutti noi facciamo mente locale, forse scopriamo [&hellip;]","og_url":"https:\/\/www.noidiqua.it\/Montale\/guarda-che-non-sono-io\/","og_site_name":"Noi di Qua Testata giornalistica e di attualit\u00e0 di Agliana, Montale e Quarrata.","article_publisher":"https:\/\/www.facebook.com\/noidiqua.trimestrale\/","article_published_time":"2018-12-17T10:31:24+00:00","article_modified_time":"2022-01-20T09:23:33+00:00","og_image":[{"url":"https:\/\/www.noidiqua.it\/Montale\/wp-content\/uploads\/2018\/12\/CONCLUDENDO_2.png","type":"","width":"","height":""}],"author":"Massimo Cappelli","twitter_misc":{"Scritto da":"Massimo Cappelli","Tempo di lettura stimato":"4 minuti"},"schema":{"@context":"https:\/\/schema.org","@graph":[{"@type":"WebPage","@id":"https:\/\/www.noidiqua.it\/Montale\/guarda-che-non-sono-io\/","url":"https:\/\/www.noidiqua.it\/Montale\/guarda-che-non-sono-io\/","name":"Guarda che non sono io\u2026 - Noi di Qua Testata giornalistica e di attualit\u00e0 di Agliana, Montale e Quarrata.","isPartOf":{"@id":"https:\/\/www.noidiqua.it\/Montale\/#website"},"primaryImageOfPage":{"@id":"https:\/\/www.noidiqua.it\/Montale\/guarda-che-non-sono-io\/#primaryimage"},"image":{"@id":"https:\/\/www.noidiqua.it\/Montale\/guarda-che-non-sono-io\/#primaryimage"},"thumbnailUrl":"https:\/\/www.noidiqua.it\/Montale\/wp-content\/uploads\/2018\/12\/CONCLUDENDO_2.png","datePublished":"2018-12-17T10:31:24+00:00","dateModified":"2022-01-20T09:23:33+00:00","author":{"@id":"https:\/\/www.noidiqua.it\/Montale\/#\/schema\/person\/858b1b9db61101126e5ded39f94daedb"},"breadcrumb":{"@id":"https:\/\/www.noidiqua.it\/Montale\/guarda-che-non-sono-io\/#breadcrumb"},"inLanguage":"it-IT","potentialAction":[{"@type":"ReadAction","target":["https:\/\/www.noidiqua.it\/Montale\/guarda-che-non-sono-io\/"]}]},{"@type":"ImageObject","inLanguage":"it-IT","@id":"https:\/\/www.noidiqua.it\/Montale\/guarda-che-non-sono-io\/#primaryimage","url":"https:\/\/www.noidiqua.it\/Montale\/wp-content\/uploads\/2018\/12\/CONCLUDENDO_2.png","contentUrl":"https:\/\/www.noidiqua.it\/Montale\/wp-content\/uploads\/2018\/12\/CONCLUDENDO_2.png","width":450,"height":299},{"@type":"BreadcrumbList","@id":"https:\/\/www.noidiqua.it\/Montale\/guarda-che-non-sono-io\/#breadcrumb","itemListElement":[{"@type":"ListItem","position":1,"name":"Home","item":"https:\/\/www.noidiqua.it\/Montale\/"},{"@type":"ListItem","position":2,"name":"Guarda che non sono io\u2026"}]},{"@type":"WebSite","@id":"https:\/\/www.noidiqua.it\/Montale\/#website","url":"https:\/\/www.noidiqua.it\/Montale\/","name":"Noi di Qua Testata giornalistica e di attualit\u00e0 di Agliana, Montale e Quarrata.","description":"Testata Giornalistica Quarrata Montale Agliana","potentialAction":[{"@type":"SearchAction","target":{"@type":"EntryPoint","urlTemplate":"https:\/\/www.noidiqua.it\/Montale\/?s={search_term_string}"},"query-input":{"@type":"PropertyValueSpecification","valueRequired":true,"valueName":"search_term_string"}}],"inLanguage":"it-IT"},{"@type":"Person","@id":"https:\/\/www.noidiqua.it\/Montale\/#\/schema\/person\/858b1b9db61101126e5ded39f94daedb","name":"Massimo Cappelli","image":{"@type":"ImageObject","inLanguage":"it-IT","@id":"https:\/\/www.noidiqua.it\/Montale\/#\/schema\/person\/image\/","url":"https:\/\/secure.gravatar.com\/avatar\/0e7261535228aa9bb0417ab8f42f3fadaf8ce23bdfde46c689c43410a676cfa9?s=96&d=mm&r=g","contentUrl":"https:\/\/secure.gravatar.com\/avatar\/0e7261535228aa9bb0417ab8f42f3fadaf8ce23bdfde46c689c43410a676cfa9?s=96&d=mm&r=g","caption":"Massimo Cappelli"},"url":"https:\/\/www.noidiqua.it\/Montale\/author\/massimo-cappelli\/"}]}},"_links":{"self":[{"href":"https:\/\/www.noidiqua.it\/Montale\/wp-json\/wp\/v2\/posts\/5328","targetHints":{"allow":["GET"]}}],"collection":[{"href":"https:\/\/www.noidiqua.it\/Montale\/wp-json\/wp\/v2\/posts"}],"about":[{"href":"https:\/\/www.noidiqua.it\/Montale\/wp-json\/wp\/v2\/types\/post"}],"author":[{"embeddable":true,"href":"https:\/\/www.noidiqua.it\/Montale\/wp-json\/wp\/v2\/users\/7"}],"replies":[{"embeddable":true,"href":"https:\/\/www.noidiqua.it\/Montale\/wp-json\/wp\/v2\/comments?post=5328"}],"version-history":[{"count":4,"href":"https:\/\/www.noidiqua.it\/Montale\/wp-json\/wp\/v2\/posts\/5328\/revisions"}],"predecessor-version":[{"id":6409,"href":"https:\/\/www.noidiqua.it\/Montale\/wp-json\/wp\/v2\/posts\/5328\/revisions\/6409"}],"wp:attachment":[{"href":"https:\/\/www.noidiqua.it\/Montale\/wp-json\/wp\/v2\/media?parent=5328"}],"wp:term":[{"taxonomy":"category","embeddable":true,"href":"https:\/\/www.noidiqua.it\/Montale\/wp-json\/wp\/v2\/categories?post=5328"},{"taxonomy":"post_tag","embeddable":true,"href":"https:\/\/www.noidiqua.it\/Montale\/wp-json\/wp\/v2\/tags?post=5328"}],"curies":[{"name":"wp","href":"https:\/\/api.w.org\/{rel}","templated":true}]}}