{"id":5434,"date":"2019-03-13T16:06:48","date_gmt":"2019-03-13T15:06:48","guid":{"rendered":"https:\/\/www.noidiqua.it\/Montale\/?p=5434"},"modified":"2025-04-24T12:19:23","modified_gmt":"2025-04-24T10:19:23","slug":"un-libro-30-anni-del-comitato-festeggiamenti","status":"publish","type":"post","link":"https:\/\/www.noidiqua.it\/Montale\/un-libro-30-anni-del-comitato-festeggiamenti\/","title":{"rendered":"Un libro per i 30 anni del Comitato Festeggiamenti"},"content":{"rendered":"<p><em>di David Colzi, Foto: <a href=\"https:\/\/www.noidiqua.it\/Montale\/daniele-paolieri-montale-my-love\/\">Daniele Paolieri<\/a><br \/>\n<\/em><\/p>\n<div><em>marzo 2019<\/em><\/div>\n<div><\/div>\n<div><a href=\"https:\/\/www.noidiqua.it\/Montale\/wp-content\/uploads\/2019\/03\/COMITATO-FESTEGGIAMENTI-.png\" rel=\"wp-prettyPhoto[5434]\"><img loading=\"lazy\" decoding=\"async\" class=\"aligncenter size-full wp-image-6335\" src=\"https:\/\/www.noidiqua.it\/Montale\/wp-content\/uploads\/2019\/03\/COMITATO-FESTEGGIAMENTI-.png\" alt=\"\" width=\"450\" height=\"243\" srcset=\"https:\/\/www.noidiqua.it\/Montale\/wp-content\/uploads\/2019\/03\/COMITATO-FESTEGGIAMENTI-.png 450w, https:\/\/www.noidiqua.it\/Montale\/wp-content\/uploads\/2019\/03\/COMITATO-FESTEGGIAMENTI--300x162.png 300w\" sizes=\"auto, (max-width: 450px) 100vw, 450px\" \/><\/a><\/div>\n<div><\/div>\n<p class=\"p1\" style=\"text-align: justify;\"><span class=\"s1\">Il <a href=\"https:\/\/www.noidiqua.it\/Montale\/comitato-festeggiamenti-montale\/\"><strong>Comitato Festeggiamenti di Montale<\/strong> <\/a>ha compiuto <strong>trent\u2019anni<\/strong> nel 2017, e per sottolineare questo traguardo ha deciso ancora una volta di fare un bel regalo a tutta la comunit\u00e0, realizzando un libro in cui \u00e8 ripercorsa tutta la sua storia, arricchita da foto in cui si possono riconoscere tanti montalesi. <\/span><span class=\"s1\">\u201cComitato Festeggiamenti Montale &#8211; <strong>30 anni di storia<\/strong>\u201d \u00e8 infatti prima di tutto uno sguardo sul nostro paese e sui vari momenti di aggregazione promossi da questi eterni ragazzi. Il volume \u00e8 edito da Ma.ga.ma con il contributo della fondazione Caript, e alla sua realizzazione hanno partecipato alcuni soci del Comitato e il nostro Giacomo Bini.<\/span><\/p>\n<p class=\"p1\" style=\"text-align: justify;\"><span class=\"s1\">A sfogliare con noi le pagine di questo libro c\u2019\u00e8 <strong>Marco Gai<\/strong>, uno dei soci fondatori di questa associazione culturale, nonch\u00e9 ex presidente; insieme a lui ripercorriamo la storia dell\u2019attuale Comitato, che affonda le sue radici in due precedenti esperienze che ne anticiparono, con il loro spirito, l\u2019attuale identit\u00e0: il <strong>Devil\u2019s Club<\/strong> (1961-1972), gruppo culturale giovanile, e un precedente Comitato dei Festeggiamenti nato nel 1961. Nel volume si cita naturalmente anche <strong>don Sergio Domeniconi<\/strong> che diede il suo contributo mettendo a disposizione del Comitato alcuni locali parrocchiali (dove tutt\u2019ora c\u2019\u00e8 la sede dell\u2019associazione), oltre a sostenere e a partecipare ad alcune iniziative, tipo \u201c<strong>Montale a tavola<\/strong>\u201d, dove, lo ricordiamo, i commensali venivano serviti con i piatti in ceramica e i bicchieri di vetro. <\/span><\/p>\n<p class=\"p1\" style=\"text-align: justify;\"><span class=\"s1\">Sfogliando le pagine ci si ritrova, fra locandine colorate, a rivivere la festa delle Quarantore, con tutte le varie iniziative collaterali di divertimento, e spulciando fra ritagli di giornali e foto, si apprende che nel tempo sono arrivati a Montale personaggi televisivi che poi sono diventati famosi, come Carlo Conti, Giorgio Panariello e Laura Torrisi. Un capitolo ricco e variegato \u00e8 poi quello delle \u201c<strong>Sagre &#8211; Feste Manifestazioni popolari<\/strong>\u201d, dove si capisce quanto l\u2019inventiva del Comitato dei Festeggiamenti abbia spaziato dalla \u201c<strong>Festa d\u2019autunno<\/strong>\u201d, alle tombole del periodo natalizio e all\u2019installazione dell\u2019albero di Natale in piazza Matteotti. Poi, oltre al divertimento, c\u2019\u00e8 anche tanta cultura, intesa come manifestazioni, tipo le due mostre \u201cNella luce di Caravaggio\u201d e \u201c<strong>Il giuoco al tempo di Caravaggio<\/strong>\u201d. Un capitolo ben nutrito \u00e8 anche quello del Torneo dei Rioni, con le foto delle formazioni nel tempo; oltre a queste si vedono le sfilate, dove le varie fazioni si contendevano la realizzazione del carro pi\u00f9 bello. A noi ha colpito molto<span class=\"Apple-converted-space\">\u00a0 <\/span>il<span class=\"Apple-converted-space\">\u00a0 <\/span>vascello di legno lungo 18 metri, costruito dai ragazzi del rione Ugna, che poteva portare a bordo una cinquantina di persone.<\/span><\/p>\n<p><a href=\"https:\/\/www.noidiqua.it\/Montale\/wp-content\/uploads\/2019\/03\/COMITATO-FESTEGGIAMENTI-2.png\" rel=\"wp-prettyPhoto[5434]\"><img loading=\"lazy\" decoding=\"async\" class=\"aligncenter size-full wp-image-6337\" src=\"https:\/\/www.noidiqua.it\/Montale\/wp-content\/uploads\/2019\/03\/COMITATO-FESTEGGIAMENTI-2.png\" alt=\"\" width=\"261\" height=\"380\" srcset=\"https:\/\/www.noidiqua.it\/Montale\/wp-content\/uploads\/2019\/03\/COMITATO-FESTEGGIAMENTI-2.png 261w, https:\/\/www.noidiqua.it\/Montale\/wp-content\/uploads\/2019\/03\/COMITATO-FESTEGGIAMENTI-2-206x300.png 206w\" sizes=\"auto, (max-width: 261px) 100vw, 261px\" \/><\/a><\/p>\n<p class=\"p1\" style=\"text-align: justify;\"><span class=\"s1\">E siccome Comitato dei Festeggiamenti \u00e8 da sempre sinonimo di generosit\u00e0, nel libro non mancano neanche le testimonianze delle loro iniziative benefiche, come la realizzazione della rampa per disabili davanti al bar Francesca, nella piazza centrale di Montale, oppure la \u201c<strong>Festa dei bomboloni<\/strong>\u201d portata a Cavezzo di Modena, nei giorni successivi al terremoto, dove vennero fritti migliaia di bomboloni, distribuiti gratuitamente alla popolazione. Questo che vi abbiamo raccontato \u00e8 solo un assaggio, perch\u00e9 in \u201cComitato Festeggiamenti Montale &#8211; 30 anni di storia\u201d c\u2019\u00e8 molto altro da leggere e da vedere.\u00a0<\/span><span class=\"s1\">Nobile \u00e8 stata infine la finalit\u00e0 delle prime vendite di questo libro dal costo di 5 euro, perch\u00e9 parte del ricavato \u00e8 stato devoluto alla <strong>biblioteca Comunale<\/strong>. Da dicembre ad oggi sono state vendute circa 600 copie e il libro lo si pu\u00f2 ancora acquistare nei negozi montalesi che espongono la locandina. Per ulteriori informazioni si pu\u00f2 contattare Marco Gai: 340 4146453.<\/span><\/p>\n<p class=\"p1\" style=\"text-align: justify;\"><span class=\"s1\">L\u2019elenco dei soci eletti consiglieri: Fabio Risaliti, Daniele Risaliti, Leandro Lunghi, Alessandro Sensi, Valeriano Votino, Paolo Bucciantini, Marco Iacopini, Alessandro Tavanti, Fedi Sergio, Daniele Mezzani, Tiziano Bargellini, Marco Bernardini, Lorenzo Martelli e Marco Gai. <\/span><\/p>","protected":false},"excerpt":{"rendered":"<p>di David Colzi, Foto: Daniele Paolieri marzo 2019 Il Comitato Festeggiamenti di Montale ha compiuto trent\u2019anni nel 2017, e per sottolineare questo traguardo ha deciso ancora una volta di fare un bel regalo a tutta la comunit\u00e0, realizzando un libro in cui \u00e8 ripercorsa tutta la sua storia, arricchita da foto in cui si [&hellip;]<\/p>","protected":false},"author":5,"featured_media":0,"comment_status":"open","ping_status":"open","sticky":false,"template":"","format":"standard","meta":{"footnotes":""},"categories":[12],"tags":[2082,1425,2080,1084,2084,2089,2087,2088,899,2083,2085,2086,2081],"class_list":["post-5434","post","type-post","status-publish","format-standard","hentry","category-solidarieta-qt","tag-30-anni-di-storia","tag-biblioteca-comunale","tag-comitato-festeggiamenti-di-montale","tag-devils-club","tag-don-sergio-domeniconi","tag-festa-dei-bomboloni","tag-festa-dautunno","tag-il-giuoco-al-tempo-di-caravaggio","tag-libro","tag-marco-gai","tag-montale-a-tavola","tag-sagre-feste-manifestazioni-popolari","tag-trentanni"],"yoast_head":"<!-- This site is optimized with the Yoast SEO plugin v25.5 - https:\/\/yoast.com\/wordpress\/plugins\/seo\/ -->\n<title>Un libro per i 30 anni del Comitato Festeggiamenti - Noi di Qua Testata giornalistica e di attualit\u00e0 di Agliana, Montale e Quarrata.<\/title>\n<meta name=\"robots\" content=\"index, follow, max-snippet:-1, max-image-preview:large, max-video-preview:-1\" \/>\n<link rel=\"canonical\" href=\"https:\/\/www.noidiqua.it\/Montale\/un-libro-30-anni-del-comitato-festeggiamenti\/\" \/>\n<meta property=\"og:locale\" content=\"it_IT\" \/>\n<meta property=\"og:type\" content=\"article\" \/>\n<meta property=\"og:title\" content=\"Un libro per i 30 anni del Comitato Festeggiamenti - Noi di Qua Testata giornalistica e di attualit\u00e0 di Agliana, Montale e Quarrata.\" \/>\n<meta property=\"og:description\" content=\"di David Colzi, Foto: Daniele Paolieri marzo 2019 Il Comitato Festeggiamenti di Montale ha compiuto trent\u2019anni nel 2017, e per sottolineare questo traguardo ha deciso ancora una volta di fare un bel regalo a tutta la comunit\u00e0, realizzando un libro in cui \u00e8 ripercorsa tutta la sua storia, arricchita da foto in cui si [&hellip;]\" \/>\n<meta property=\"og:url\" content=\"https:\/\/www.noidiqua.it\/Montale\/un-libro-30-anni-del-comitato-festeggiamenti\/\" \/>\n<meta property=\"og:site_name\" content=\"Noi di Qua Testata giornalistica e di attualit\u00e0 di Agliana, Montale e Quarrata.\" \/>\n<meta property=\"article:publisher\" content=\"https:\/\/www.facebook.com\/noidiqua.trimestrale\/\" \/>\n<meta property=\"article:published_time\" content=\"2019-03-13T15:06:48+00:00\" \/>\n<meta property=\"article:modified_time\" content=\"2025-04-24T10:19:23+00:00\" \/>\n<meta property=\"og:image\" content=\"https:\/\/www.noidiqua.it\/Montale\/wp-content\/uploads\/2019\/03\/COMITATO-FESTEGGIAMENTI-.png\" \/>\n<meta name=\"author\" content=\"David Colzi\" \/>\n<meta name=\"twitter:label1\" content=\"Scritto da\" \/>\n\t<meta name=\"twitter:data1\" content=\"David Colzi\" \/>\n\t<meta name=\"twitter:label2\" content=\"Tempo di lettura stimato\" \/>\n\t<meta name=\"twitter:data2\" content=\"3 minuti\" \/>\n<script type=\"application\/ld+json\" class=\"yoast-schema-graph\">{\"@context\":\"https:\/\/schema.org\",\"@graph\":[{\"@type\":\"WebPage\",\"@id\":\"https:\/\/www.noidiqua.it\/Montale\/un-libro-30-anni-del-comitato-festeggiamenti\/\",\"url\":\"https:\/\/www.noidiqua.it\/Montale\/un-libro-30-anni-del-comitato-festeggiamenti\/\",\"name\":\"Un libro per i 30 anni del Comitato Festeggiamenti - Noi di Qua Testata giornalistica e di attualit\u00e0 di Agliana, Montale e Quarrata.\",\"isPartOf\":{\"@id\":\"https:\/\/www.noidiqua.it\/Montale\/#website\"},\"primaryImageOfPage\":{\"@id\":\"https:\/\/www.noidiqua.it\/Montale\/un-libro-30-anni-del-comitato-festeggiamenti\/#primaryimage\"},\"image\":{\"@id\":\"https:\/\/www.noidiqua.it\/Montale\/un-libro-30-anni-del-comitato-festeggiamenti\/#primaryimage\"},\"thumbnailUrl\":\"https:\/\/www.noidiqua.it\/Montale\/wp-content\/uploads\/2019\/03\/COMITATO-FESTEGGIAMENTI-.png\",\"datePublished\":\"2019-03-13T15:06:48+00:00\",\"dateModified\":\"2025-04-24T10:19:23+00:00\",\"author\":{\"@id\":\"https:\/\/www.noidiqua.it\/Montale\/#\/schema\/person\/3b45dd21eb2367c177b6a6d35c868ccc\"},\"breadcrumb\":{\"@id\":\"https:\/\/www.noidiqua.it\/Montale\/un-libro-30-anni-del-comitato-festeggiamenti\/#breadcrumb\"},\"inLanguage\":\"it-IT\",\"potentialAction\":[{\"@type\":\"ReadAction\",\"target\":[\"https:\/\/www.noidiqua.it\/Montale\/un-libro-30-anni-del-comitato-festeggiamenti\/\"]}]},{\"@type\":\"ImageObject\",\"inLanguage\":\"it-IT\",\"@id\":\"https:\/\/www.noidiqua.it\/Montale\/un-libro-30-anni-del-comitato-festeggiamenti\/#primaryimage\",\"url\":\"https:\/\/www.noidiqua.it\/Montale\/wp-content\/uploads\/2019\/03\/COMITATO-FESTEGGIAMENTI-.png\",\"contentUrl\":\"https:\/\/www.noidiqua.it\/Montale\/wp-content\/uploads\/2019\/03\/COMITATO-FESTEGGIAMENTI-.png\",\"width\":450,\"height\":243},{\"@type\":\"BreadcrumbList\",\"@id\":\"https:\/\/www.noidiqua.it\/Montale\/un-libro-30-anni-del-comitato-festeggiamenti\/#breadcrumb\",\"itemListElement\":[{\"@type\":\"ListItem\",\"position\":1,\"name\":\"Home\",\"item\":\"https:\/\/www.noidiqua.it\/Montale\/\"},{\"@type\":\"ListItem\",\"position\":2,\"name\":\"Un libro per i 30 anni del Comitato Festeggiamenti\"}]},{\"@type\":\"WebSite\",\"@id\":\"https:\/\/www.noidiqua.it\/Montale\/#website\",\"url\":\"https:\/\/www.noidiqua.it\/Montale\/\",\"name\":\"Noi di Qua Testata giornalistica e di attualit\u00e0 di Agliana, Montale e Quarrata.\",\"description\":\"Testata Giornalistica Quarrata Montale Agliana\",\"potentialAction\":[{\"@type\":\"SearchAction\",\"target\":{\"@type\":\"EntryPoint\",\"urlTemplate\":\"https:\/\/www.noidiqua.it\/Montale\/?s={search_term_string}\"},\"query-input\":{\"@type\":\"PropertyValueSpecification\",\"valueRequired\":true,\"valueName\":\"search_term_string\"}}],\"inLanguage\":\"it-IT\"},{\"@type\":\"Person\",\"@id\":\"https:\/\/www.noidiqua.it\/Montale\/#\/schema\/person\/3b45dd21eb2367c177b6a6d35c868ccc\",\"name\":\"David Colzi\",\"image\":{\"@type\":\"ImageObject\",\"inLanguage\":\"it-IT\",\"@id\":\"https:\/\/www.noidiqua.it\/Montale\/#\/schema\/person\/image\/\",\"url\":\"https:\/\/secure.gravatar.com\/avatar\/515ac68c0075b78a8243a0f28e5a361c9b5c466a1d6912ac3919ddd928c4db8c?s=96&d=mm&r=g\",\"contentUrl\":\"https:\/\/secure.gravatar.com\/avatar\/515ac68c0075b78a8243a0f28e5a361c9b5c466a1d6912ac3919ddd928c4db8c?s=96&d=mm&r=g\",\"caption\":\"David Colzi\"},\"url\":\"https:\/\/www.noidiqua.it\/Montale\/author\/david-colzi\/\"}]}<\/script>\n<!-- \/ Yoast SEO plugin. -->","yoast_head_json":{"title":"Un libro per i 30 anni del Comitato Festeggiamenti - Noi di Qua Testata giornalistica e di attualit\u00e0 di Agliana, Montale e Quarrata.","robots":{"index":"index","follow":"follow","max-snippet":"max-snippet:-1","max-image-preview":"max-image-preview:large","max-video-preview":"max-video-preview:-1"},"canonical":"https:\/\/www.noidiqua.it\/Montale\/un-libro-30-anni-del-comitato-festeggiamenti\/","og_locale":"it_IT","og_type":"article","og_title":"Un libro per i 30 anni del Comitato Festeggiamenti - Noi di Qua Testata giornalistica e di attualit\u00e0 di Agliana, Montale e Quarrata.","og_description":"di David Colzi, Foto: Daniele Paolieri marzo 2019 Il Comitato Festeggiamenti di Montale ha compiuto trent\u2019anni nel 2017, e per sottolineare questo traguardo ha deciso ancora una volta di fare un bel regalo a tutta la comunit\u00e0, realizzando un libro in cui \u00e8 ripercorsa tutta la sua storia, arricchita da foto in cui si [&hellip;]","og_url":"https:\/\/www.noidiqua.it\/Montale\/un-libro-30-anni-del-comitato-festeggiamenti\/","og_site_name":"Noi di Qua Testata giornalistica e di attualit\u00e0 di Agliana, Montale e Quarrata.","article_publisher":"https:\/\/www.facebook.com\/noidiqua.trimestrale\/","article_published_time":"2019-03-13T15:06:48+00:00","article_modified_time":"2025-04-24T10:19:23+00:00","og_image":[{"url":"https:\/\/www.noidiqua.it\/Montale\/wp-content\/uploads\/2019\/03\/COMITATO-FESTEGGIAMENTI-.png","type":"","width":"","height":""}],"author":"David Colzi","twitter_misc":{"Scritto da":"David Colzi","Tempo di lettura stimato":"3 minuti"},"schema":{"@context":"https:\/\/schema.org","@graph":[{"@type":"WebPage","@id":"https:\/\/www.noidiqua.it\/Montale\/un-libro-30-anni-del-comitato-festeggiamenti\/","url":"https:\/\/www.noidiqua.it\/Montale\/un-libro-30-anni-del-comitato-festeggiamenti\/","name":"Un libro per i 30 anni del Comitato Festeggiamenti - Noi di Qua Testata giornalistica e di attualit\u00e0 di Agliana, Montale e Quarrata.","isPartOf":{"@id":"https:\/\/www.noidiqua.it\/Montale\/#website"},"primaryImageOfPage":{"@id":"https:\/\/www.noidiqua.it\/Montale\/un-libro-30-anni-del-comitato-festeggiamenti\/#primaryimage"},"image":{"@id":"https:\/\/www.noidiqua.it\/Montale\/un-libro-30-anni-del-comitato-festeggiamenti\/#primaryimage"},"thumbnailUrl":"https:\/\/www.noidiqua.it\/Montale\/wp-content\/uploads\/2019\/03\/COMITATO-FESTEGGIAMENTI-.png","datePublished":"2019-03-13T15:06:48+00:00","dateModified":"2025-04-24T10:19:23+00:00","author":{"@id":"https:\/\/www.noidiqua.it\/Montale\/#\/schema\/person\/3b45dd21eb2367c177b6a6d35c868ccc"},"breadcrumb":{"@id":"https:\/\/www.noidiqua.it\/Montale\/un-libro-30-anni-del-comitato-festeggiamenti\/#breadcrumb"},"inLanguage":"it-IT","potentialAction":[{"@type":"ReadAction","target":["https:\/\/www.noidiqua.it\/Montale\/un-libro-30-anni-del-comitato-festeggiamenti\/"]}]},{"@type":"ImageObject","inLanguage":"it-IT","@id":"https:\/\/www.noidiqua.it\/Montale\/un-libro-30-anni-del-comitato-festeggiamenti\/#primaryimage","url":"https:\/\/www.noidiqua.it\/Montale\/wp-content\/uploads\/2019\/03\/COMITATO-FESTEGGIAMENTI-.png","contentUrl":"https:\/\/www.noidiqua.it\/Montale\/wp-content\/uploads\/2019\/03\/COMITATO-FESTEGGIAMENTI-.png","width":450,"height":243},{"@type":"BreadcrumbList","@id":"https:\/\/www.noidiqua.it\/Montale\/un-libro-30-anni-del-comitato-festeggiamenti\/#breadcrumb","itemListElement":[{"@type":"ListItem","position":1,"name":"Home","item":"https:\/\/www.noidiqua.it\/Montale\/"},{"@type":"ListItem","position":2,"name":"Un libro per i 30 anni del Comitato Festeggiamenti"}]},{"@type":"WebSite","@id":"https:\/\/www.noidiqua.it\/Montale\/#website","url":"https:\/\/www.noidiqua.it\/Montale\/","name":"Noi di Qua Testata giornalistica e di attualit\u00e0 di Agliana, Montale e Quarrata.","description":"Testata Giornalistica Quarrata Montale Agliana","potentialAction":[{"@type":"SearchAction","target":{"@type":"EntryPoint","urlTemplate":"https:\/\/www.noidiqua.it\/Montale\/?s={search_term_string}"},"query-input":{"@type":"PropertyValueSpecification","valueRequired":true,"valueName":"search_term_string"}}],"inLanguage":"it-IT"},{"@type":"Person","@id":"https:\/\/www.noidiqua.it\/Montale\/#\/schema\/person\/3b45dd21eb2367c177b6a6d35c868ccc","name":"David Colzi","image":{"@type":"ImageObject","inLanguage":"it-IT","@id":"https:\/\/www.noidiqua.it\/Montale\/#\/schema\/person\/image\/","url":"https:\/\/secure.gravatar.com\/avatar\/515ac68c0075b78a8243a0f28e5a361c9b5c466a1d6912ac3919ddd928c4db8c?s=96&d=mm&r=g","contentUrl":"https:\/\/secure.gravatar.com\/avatar\/515ac68c0075b78a8243a0f28e5a361c9b5c466a1d6912ac3919ddd928c4db8c?s=96&d=mm&r=g","caption":"David Colzi"},"url":"https:\/\/www.noidiqua.it\/Montale\/author\/david-colzi\/"}]}},"_links":{"self":[{"href":"https:\/\/www.noidiqua.it\/Montale\/wp-json\/wp\/v2\/posts\/5434","targetHints":{"allow":["GET"]}}],"collection":[{"href":"https:\/\/www.noidiqua.it\/Montale\/wp-json\/wp\/v2\/posts"}],"about":[{"href":"https:\/\/www.noidiqua.it\/Montale\/wp-json\/wp\/v2\/types\/post"}],"author":[{"embeddable":true,"href":"https:\/\/www.noidiqua.it\/Montale\/wp-json\/wp\/v2\/users\/5"}],"replies":[{"embeddable":true,"href":"https:\/\/www.noidiqua.it\/Montale\/wp-json\/wp\/v2\/comments?post=5434"}],"version-history":[{"count":9,"href":"https:\/\/www.noidiqua.it\/Montale\/wp-json\/wp\/v2\/posts\/5434\/revisions"}],"predecessor-version":[{"id":6336,"href":"https:\/\/www.noidiqua.it\/Montale\/wp-json\/wp\/v2\/posts\/5434\/revisions\/6336"}],"wp:attachment":[{"href":"https:\/\/www.noidiqua.it\/Montale\/wp-json\/wp\/v2\/media?parent=5434"}],"wp:term":[{"taxonomy":"category","embeddable":true,"href":"https:\/\/www.noidiqua.it\/Montale\/wp-json\/wp\/v2\/categories?post=5434"},{"taxonomy":"post_tag","embeddable":true,"href":"https:\/\/www.noidiqua.it\/Montale\/wp-json\/wp\/v2\/tags?post=5434"}],"curies":[{"name":"wp","href":"https:\/\/api.w.org\/{rel}","templated":true}]}}