{"id":5510,"date":"2019-06-12T18:10:35","date_gmt":"2019-06-12T16:10:35","guid":{"rendered":"https:\/\/www.noidiqua.it\/Montale\/?p=5510"},"modified":"2022-01-17T17:09:45","modified_gmt":"2022-01-17T16:09:45","slug":"insufficienza-venosa-cronica","status":"publish","type":"post","link":"https:\/\/www.noidiqua.it\/Montale\/insufficienza-venosa-cronica\/","title":{"rendered":"Insufficienza venosa cronica"},"content":{"rendered":"<p style=\"text-align: justify;\"><em>di Ferdinando Santini<br \/>\n<\/em><\/p>\n<p style=\"text-align: justify;\"><em>giugno 2019<\/em><\/p>\n<p><a href=\"https:\/\/www.noidiqua.it\/Montale\/wp-content\/uploads\/2021\/05\/una-mela-al-giorno.png\" rel=\"wp-prettyPhoto[5510]\"><img loading=\"lazy\" decoding=\"async\" class=\"aligncenter size-full wp-image-5662\" src=\"https:\/\/www.noidiqua.it\/Montale\/wp-content\/uploads\/2021\/05\/una-mela-al-giorno.png\" alt=\"\" width=\"485\" height=\"315\" srcset=\"https:\/\/www.noidiqua.it\/Montale\/wp-content\/uploads\/2021\/05\/una-mela-al-giorno.png 485w, https:\/\/www.noidiqua.it\/Montale\/wp-content\/uploads\/2021\/05\/una-mela-al-giorno-300x195.png 300w\" sizes=\"auto, (max-width: 485px) 100vw, 485px\" \/><\/a><\/p>\n<p class=\"p1\" style=\"text-align: justify;\"><span class=\"s1\"><b>L\u2019insufficienza venosa cronica degli arti inferiori<\/b><\/span><span class=\"s2\"><b> <\/b>(Varici e Telangectasie) rappresenta la terza patologia pi\u00f9 diffusa, dopo allergie ed ipertensione arteriosa, che colpisce 19 milioni di italiani: il 40% delle donne e il 25% degli uomini. E&#8217; insidiosa e sottovalutata, temibile per le sue complicazioni e per l\u2019impatto socio-sanitario, quindi da non ridurre a semplice problema estetico. <\/span><\/p>\n<p class=\"p1\" style=\"text-align: justify;\"><span class=\"s2\">Per <b>vene varicose o varici <\/b>si intendono quelle tortuosit\u00e0 e dilatazioni (i gavoccioli venosi) evidenti lungo il decorso delle principali vene superficiali della gamba. In posizione eretta, il ritorno del sangue (venoso), dagli arti inferiori al cuore, \u00e8 facilitato dalla presenza di numerose valvole all\u2019interno delle vene. La perdita di funzionalit\u00e0 di queste valvole di contenzione, associata ad alterazioni della parete elastica venosa, comporta la comparsa delle vene varicose (Teleangectasie sono quelle antiestetiche trame di capillari che compaiono sulle gambe di chi soffre di insufficienza venosa). Non esistono cause dirette ed evidenti che spieghino l\u2019insorgenza della malattia. <\/span><\/p>\n<p class=\"p3\" style=\"text-align: justify;\"><span class=\"s2\"><b>Vi sono: <\/b><\/span><\/p>\n<p class=\"p1\" style=\"text-align: justify;\"><span class=\"s2\">&#8211; <b>Ipotesi patogenetiche<\/b> (incontinenza delle valvole e debolezza della parete venosa per minore elasticit\u00e0). <\/span><\/p>\n<p class=\"p1\" style=\"text-align: justify;\"><span class=\"s2\"> &#8211; <b>Fattori favorenti la malattia<\/b> (familiarit\u00e0, sesso femminile e gravidanza, vita sedentaria, obesit\u00e0, attivit\u00e0 lavorative svolte in posizione eretta: parrucchieri, tessitori, panettieri, chirurghi, ecc).<\/span><\/p>\n<p class=\"p3\" style=\"text-align: justify;\"><span class=\"s2\"><b>Decorso.<\/b><\/span><\/p>\n<p class=\"p1\" style=\"text-align: justify;\"><span class=\"s2\"><b>Dalla fase iniziale<\/b> (gambe gonfie con edema delle caviglie, sensazione di pesantezza, bruciore, scarpe che stringono, dolore e crampi notturni), che si accentuano in estate, si passa alla <b>fase conclamata<\/b> (comparsa di varici pi\u00f9 evidenti, macchie brune, eczemi, cute arrossata indurita e dolente, fino a ulcerazioni e sanguinamenti) che pu\u00f2 precedere quella<b> delle complicazioni<\/b> (tromboflebiti e possibile partenza di emboli verso il cuore e polmoni).<\/span><\/p>\n<p class=\"p3\" style=\"text-align: justify;\"><span class=\"s2\"><b>Diagnosi.<\/b><\/span><\/p>\n<p class=\"p1\" style=\"text-align: justify;\"><span class=\"s2\">Necessario \u00e8 sottoporsi a <b>visita medica<\/b>, anche <b>specialistica<\/b>, fin dai primi sintomi e segni, per poter analizzare, con un<b> ecocolordoppler venoso<\/b>, il circolo venoso superficiale, individuare le vene (valvole)\u201cinsufficienti\u201d e lo stato del circolo venoso profondo, dirimente per eventuali interventi.<\/span><\/p>\n<p class=\"p3\" style=\"text-align: justify;\"><span class=\"s2\"><b>Come si curano? <\/b><\/span><\/p>\n<p class=\"p1\" style=\"text-align: justify;\"><span class=\"s2\"><b>Prevenzione<\/b>. No a vita sedentaria. Contenere il peso corporeo nella norma.<\/span><\/p>\n<p class=\"p1\" style=\"text-align: justify;\"><span class=\"s2\"><b>Trattamento medico<\/b>. Farmaci vasotonici che tonificano la parete venosa e riducono l\u2019edema. Impiego di calze a compressione graduale e di bendaggi elastici, che favoriscono il ritorno del sangue venoso al cuore.<\/span><\/p>\n<p class=\"p1\" style=\"text-align: justify;\"><span class=\"s2\"><b>Trattamento ambulatoriale sclerosante<\/b>. Con iniezioni sclerosanti o con l\u2019uso della radiofrequenza per ottenere la chiusura di varici, dei capillari, eliminando le antiestetiche teleangectasie.<b> Trattamento chirurgico.<\/b> Si esegue con l\u2019asportazione completa della piccola e grande safena, oggi molto perfezionata ed aggiornata nell\u2019anestesia. L\u2019avere una vena superficiale in meno non crea alcun problema alla gamba del paziente; il circolo venoso profondo e quello cutaneo riescono a drenare efficacemente le zone interessate dalla vena safena.<\/span><\/p>\n<p class=\"p1\" style=\"text-align: justify;\"><span class=\"s2\"><b>Trattamento endoluminale con Radiofrequenza.<\/b> Prevede l\u2019occlusione per via endovascolare della piccola e grande safena varicose. L\u2019intervento risulta meno invasivo e pu\u00f2 essere effettuato in anestesia locale.<\/span><\/p>","protected":false},"excerpt":{"rendered":"<p>di Ferdinando Santini giugno 2019 L\u2019insufficienza venosa cronica degli arti inferiori (Varici e Telangectasie) rappresenta la terza patologia pi\u00f9 diffusa, dopo allergie ed ipertensione arteriosa, che colpisce 19 milioni di italiani: il 40% delle donne e il 25% degli uomini. E&#8217; insidiosa e sottovalutata, temibile per le sue complicazioni e per l\u2019impatto socio-sanitario, quindi [&hellip;]<\/p>","protected":false},"author":101012,"featured_media":0,"comment_status":"open","ping_status":"open","sticky":false,"template":"","format":"standard","meta":{"footnotes":""},"categories":[7,20],"tags":[2163,2159,2165,2168,2164,2162,2158,2161,2171,2167,2169,2170,2160,2166],"class_list":["post-5510","post","type-post","status-publish","format-standard","hentry","category-mt","category-una-mela-al-giorno-qt","tag-dalla-fase-iniziale","tag-degli-arti-inferiori","tag-delle-complicazioni","tag-ecocolordoppler-venoso","tag-fase-conclamata","tag-fattori-favorenti-la-malattia","tag-insufficienza-venosa-cronica","tag-ipotesi-patogenetiche","tag-radiofrequenza","tag-specialistica","tag-trattamento-chirurgico","tag-trattamento-endoluminale","tag-vene-varicose-o-varici","tag-visita-medica"],"yoast_head":"<!-- This site is optimized with the Yoast SEO plugin v25.5 - https:\/\/yoast.com\/wordpress\/plugins\/seo\/ -->\n<title>Insufficienza venosa cronica - Noi di Qua Testata giornalistica e di attualit\u00e0 di Agliana, Montale e Quarrata.<\/title>\n<meta name=\"robots\" content=\"index, follow, max-snippet:-1, max-image-preview:large, max-video-preview:-1\" \/>\n<link rel=\"canonical\" href=\"https:\/\/www.noidiqua.it\/Montale\/insufficienza-venosa-cronica\/\" \/>\n<meta property=\"og:locale\" content=\"it_IT\" \/>\n<meta property=\"og:type\" content=\"article\" \/>\n<meta property=\"og:title\" content=\"Insufficienza venosa cronica - Noi di Qua Testata giornalistica e di attualit\u00e0 di Agliana, Montale e Quarrata.\" \/>\n<meta property=\"og:description\" content=\"di Ferdinando Santini giugno 2019 L\u2019insufficienza venosa cronica degli arti inferiori (Varici e Telangectasie) rappresenta la terza patologia pi\u00f9 diffusa, dopo allergie ed ipertensione arteriosa, che colpisce 19 milioni di italiani: il 40% delle donne e il 25% degli uomini. E&#8217; insidiosa e sottovalutata, temibile per le sue complicazioni e per l\u2019impatto socio-sanitario, quindi [&hellip;]\" \/>\n<meta property=\"og:url\" content=\"https:\/\/www.noidiqua.it\/Montale\/insufficienza-venosa-cronica\/\" \/>\n<meta property=\"og:site_name\" content=\"Noi di Qua Testata giornalistica e di attualit\u00e0 di Agliana, Montale e Quarrata.\" \/>\n<meta property=\"article:publisher\" content=\"https:\/\/www.facebook.com\/noidiqua.trimestrale\/\" \/>\n<meta property=\"article:published_time\" content=\"2019-06-12T16:10:35+00:00\" \/>\n<meta property=\"article:modified_time\" content=\"2022-01-17T16:09:45+00:00\" \/>\n<meta property=\"og:image\" content=\"https:\/\/www.noidiqua.it\/Montale\/wp-content\/uploads\/2021\/05\/una-mela-al-giorno.png\" \/>\n<meta name=\"author\" content=\"Ferdinando Santini\" \/>\n<meta name=\"twitter:label1\" content=\"Scritto da\" \/>\n\t<meta name=\"twitter:data1\" content=\"Ferdinando Santini\" \/>\n\t<meta name=\"twitter:label2\" content=\"Tempo di lettura stimato\" \/>\n\t<meta name=\"twitter:data2\" content=\"2 minuti\" \/>\n<script type=\"application\/ld+json\" class=\"yoast-schema-graph\">{\"@context\":\"https:\/\/schema.org\",\"@graph\":[{\"@type\":\"WebPage\",\"@id\":\"https:\/\/www.noidiqua.it\/Montale\/insufficienza-venosa-cronica\/\",\"url\":\"https:\/\/www.noidiqua.it\/Montale\/insufficienza-venosa-cronica\/\",\"name\":\"Insufficienza venosa cronica - Noi di Qua Testata giornalistica e di attualit\u00e0 di Agliana, Montale e Quarrata.\",\"isPartOf\":{\"@id\":\"https:\/\/www.noidiqua.it\/Montale\/#website\"},\"primaryImageOfPage\":{\"@id\":\"https:\/\/www.noidiqua.it\/Montale\/insufficienza-venosa-cronica\/#primaryimage\"},\"image\":{\"@id\":\"https:\/\/www.noidiqua.it\/Montale\/insufficienza-venosa-cronica\/#primaryimage\"},\"thumbnailUrl\":\"https:\/\/www.noidiqua.it\/Montale\/wp-content\/uploads\/2021\/05\/una-mela-al-giorno.png\",\"datePublished\":\"2019-06-12T16:10:35+00:00\",\"dateModified\":\"2022-01-17T16:09:45+00:00\",\"author\":{\"@id\":\"https:\/\/www.noidiqua.it\/Montale\/#\/schema\/person\/262adc8f70023d9ad2d704ba02b72429\"},\"breadcrumb\":{\"@id\":\"https:\/\/www.noidiqua.it\/Montale\/insufficienza-venosa-cronica\/#breadcrumb\"},\"inLanguage\":\"it-IT\",\"potentialAction\":[{\"@type\":\"ReadAction\",\"target\":[\"https:\/\/www.noidiqua.it\/Montale\/insufficienza-venosa-cronica\/\"]}]},{\"@type\":\"ImageObject\",\"inLanguage\":\"it-IT\",\"@id\":\"https:\/\/www.noidiqua.it\/Montale\/insufficienza-venosa-cronica\/#primaryimage\",\"url\":\"https:\/\/www.noidiqua.it\/Montale\/wp-content\/uploads\/2021\/05\/una-mela-al-giorno.png\",\"contentUrl\":\"https:\/\/www.noidiqua.it\/Montale\/wp-content\/uploads\/2021\/05\/una-mela-al-giorno.png\",\"width\":485,\"height\":315},{\"@type\":\"BreadcrumbList\",\"@id\":\"https:\/\/www.noidiqua.it\/Montale\/insufficienza-venosa-cronica\/#breadcrumb\",\"itemListElement\":[{\"@type\":\"ListItem\",\"position\":1,\"name\":\"Home\",\"item\":\"https:\/\/www.noidiqua.it\/Montale\/\"},{\"@type\":\"ListItem\",\"position\":2,\"name\":\"Insufficienza venosa cronica\"}]},{\"@type\":\"WebSite\",\"@id\":\"https:\/\/www.noidiqua.it\/Montale\/#website\",\"url\":\"https:\/\/www.noidiqua.it\/Montale\/\",\"name\":\"Noi di Qua Testata giornalistica e di attualit\u00e0 di Agliana, Montale e Quarrata.\",\"description\":\"Testata Giornalistica Quarrata Montale Agliana\",\"potentialAction\":[{\"@type\":\"SearchAction\",\"target\":{\"@type\":\"EntryPoint\",\"urlTemplate\":\"https:\/\/www.noidiqua.it\/Montale\/?s={search_term_string}\"},\"query-input\":{\"@type\":\"PropertyValueSpecification\",\"valueRequired\":true,\"valueName\":\"search_term_string\"}}],\"inLanguage\":\"it-IT\"},{\"@type\":\"Person\",\"@id\":\"https:\/\/www.noidiqua.it\/Montale\/#\/schema\/person\/262adc8f70023d9ad2d704ba02b72429\",\"name\":\"Ferdinando Santini\",\"image\":{\"@type\":\"ImageObject\",\"inLanguage\":\"it-IT\",\"@id\":\"https:\/\/www.noidiqua.it\/Montale\/#\/schema\/person\/image\/\",\"url\":\"https:\/\/secure.gravatar.com\/avatar\/fe173a81a563736baaa4f4ed6241ba2aa9597b2e0b72bbe52d305de68cd5ef57?s=96&d=mm&r=g\",\"contentUrl\":\"https:\/\/secure.gravatar.com\/avatar\/fe173a81a563736baaa4f4ed6241ba2aa9597b2e0b72bbe52d305de68cd5ef57?s=96&d=mm&r=g\",\"caption\":\"Ferdinando Santini\"},\"url\":\"https:\/\/www.noidiqua.it\/Montale\/author\/ferdinando-santini\/\"}]}<\/script>\n<!-- \/ Yoast SEO plugin. -->","yoast_head_json":{"title":"Insufficienza venosa cronica - Noi di Qua Testata giornalistica e di attualit\u00e0 di Agliana, Montale e Quarrata.","robots":{"index":"index","follow":"follow","max-snippet":"max-snippet:-1","max-image-preview":"max-image-preview:large","max-video-preview":"max-video-preview:-1"},"canonical":"https:\/\/www.noidiqua.it\/Montale\/insufficienza-venosa-cronica\/","og_locale":"it_IT","og_type":"article","og_title":"Insufficienza venosa cronica - Noi di Qua Testata giornalistica e di attualit\u00e0 di Agliana, Montale e Quarrata.","og_description":"di Ferdinando Santini giugno 2019 L\u2019insufficienza venosa cronica degli arti inferiori (Varici e Telangectasie) rappresenta la terza patologia pi\u00f9 diffusa, dopo allergie ed ipertensione arteriosa, che colpisce 19 milioni di italiani: il 40% delle donne e il 25% degli uomini. E&#8217; insidiosa e sottovalutata, temibile per le sue complicazioni e per l\u2019impatto socio-sanitario, quindi [&hellip;]","og_url":"https:\/\/www.noidiqua.it\/Montale\/insufficienza-venosa-cronica\/","og_site_name":"Noi di Qua Testata giornalistica e di attualit\u00e0 di Agliana, Montale e Quarrata.","article_publisher":"https:\/\/www.facebook.com\/noidiqua.trimestrale\/","article_published_time":"2019-06-12T16:10:35+00:00","article_modified_time":"2022-01-17T16:09:45+00:00","og_image":[{"url":"https:\/\/www.noidiqua.it\/Montale\/wp-content\/uploads\/2021\/05\/una-mela-al-giorno.png","type":"","width":"","height":""}],"author":"Ferdinando Santini","twitter_misc":{"Scritto da":"Ferdinando Santini","Tempo di lettura stimato":"2 minuti"},"schema":{"@context":"https:\/\/schema.org","@graph":[{"@type":"WebPage","@id":"https:\/\/www.noidiqua.it\/Montale\/insufficienza-venosa-cronica\/","url":"https:\/\/www.noidiqua.it\/Montale\/insufficienza-venosa-cronica\/","name":"Insufficienza venosa cronica - Noi di Qua Testata giornalistica e di attualit\u00e0 di Agliana, Montale e Quarrata.","isPartOf":{"@id":"https:\/\/www.noidiqua.it\/Montale\/#website"},"primaryImageOfPage":{"@id":"https:\/\/www.noidiqua.it\/Montale\/insufficienza-venosa-cronica\/#primaryimage"},"image":{"@id":"https:\/\/www.noidiqua.it\/Montale\/insufficienza-venosa-cronica\/#primaryimage"},"thumbnailUrl":"https:\/\/www.noidiqua.it\/Montale\/wp-content\/uploads\/2021\/05\/una-mela-al-giorno.png","datePublished":"2019-06-12T16:10:35+00:00","dateModified":"2022-01-17T16:09:45+00:00","author":{"@id":"https:\/\/www.noidiqua.it\/Montale\/#\/schema\/person\/262adc8f70023d9ad2d704ba02b72429"},"breadcrumb":{"@id":"https:\/\/www.noidiqua.it\/Montale\/insufficienza-venosa-cronica\/#breadcrumb"},"inLanguage":"it-IT","potentialAction":[{"@type":"ReadAction","target":["https:\/\/www.noidiqua.it\/Montale\/insufficienza-venosa-cronica\/"]}]},{"@type":"ImageObject","inLanguage":"it-IT","@id":"https:\/\/www.noidiqua.it\/Montale\/insufficienza-venosa-cronica\/#primaryimage","url":"https:\/\/www.noidiqua.it\/Montale\/wp-content\/uploads\/2021\/05\/una-mela-al-giorno.png","contentUrl":"https:\/\/www.noidiqua.it\/Montale\/wp-content\/uploads\/2021\/05\/una-mela-al-giorno.png","width":485,"height":315},{"@type":"BreadcrumbList","@id":"https:\/\/www.noidiqua.it\/Montale\/insufficienza-venosa-cronica\/#breadcrumb","itemListElement":[{"@type":"ListItem","position":1,"name":"Home","item":"https:\/\/www.noidiqua.it\/Montale\/"},{"@type":"ListItem","position":2,"name":"Insufficienza venosa cronica"}]},{"@type":"WebSite","@id":"https:\/\/www.noidiqua.it\/Montale\/#website","url":"https:\/\/www.noidiqua.it\/Montale\/","name":"Noi di Qua Testata giornalistica e di attualit\u00e0 di Agliana, Montale e Quarrata.","description":"Testata Giornalistica Quarrata Montale Agliana","potentialAction":[{"@type":"SearchAction","target":{"@type":"EntryPoint","urlTemplate":"https:\/\/www.noidiqua.it\/Montale\/?s={search_term_string}"},"query-input":{"@type":"PropertyValueSpecification","valueRequired":true,"valueName":"search_term_string"}}],"inLanguage":"it-IT"},{"@type":"Person","@id":"https:\/\/www.noidiqua.it\/Montale\/#\/schema\/person\/262adc8f70023d9ad2d704ba02b72429","name":"Ferdinando Santini","image":{"@type":"ImageObject","inLanguage":"it-IT","@id":"https:\/\/www.noidiqua.it\/Montale\/#\/schema\/person\/image\/","url":"https:\/\/secure.gravatar.com\/avatar\/fe173a81a563736baaa4f4ed6241ba2aa9597b2e0b72bbe52d305de68cd5ef57?s=96&d=mm&r=g","contentUrl":"https:\/\/secure.gravatar.com\/avatar\/fe173a81a563736baaa4f4ed6241ba2aa9597b2e0b72bbe52d305de68cd5ef57?s=96&d=mm&r=g","caption":"Ferdinando Santini"},"url":"https:\/\/www.noidiqua.it\/Montale\/author\/ferdinando-santini\/"}]}},"_links":{"self":[{"href":"https:\/\/www.noidiqua.it\/Montale\/wp-json\/wp\/v2\/posts\/5510","targetHints":{"allow":["GET"]}}],"collection":[{"href":"https:\/\/www.noidiqua.it\/Montale\/wp-json\/wp\/v2\/posts"}],"about":[{"href":"https:\/\/www.noidiqua.it\/Montale\/wp-json\/wp\/v2\/types\/post"}],"author":[{"embeddable":true,"href":"https:\/\/www.noidiqua.it\/Montale\/wp-json\/wp\/v2\/users\/101012"}],"replies":[{"embeddable":true,"href":"https:\/\/www.noidiqua.it\/Montale\/wp-json\/wp\/v2\/comments?post=5510"}],"version-history":[{"count":5,"href":"https:\/\/www.noidiqua.it\/Montale\/wp-json\/wp\/v2\/posts\/5510\/revisions"}],"predecessor-version":[{"id":6334,"href":"https:\/\/www.noidiqua.it\/Montale\/wp-json\/wp\/v2\/posts\/5510\/revisions\/6334"}],"wp:attachment":[{"href":"https:\/\/www.noidiqua.it\/Montale\/wp-json\/wp\/v2\/media?parent=5510"}],"wp:term":[{"taxonomy":"category","embeddable":true,"href":"https:\/\/www.noidiqua.it\/Montale\/wp-json\/wp\/v2\/categories?post=5510"},{"taxonomy":"post_tag","embeddable":true,"href":"https:\/\/www.noidiqua.it\/Montale\/wp-json\/wp\/v2\/tags?post=5510"}],"curies":[{"name":"wp","href":"https:\/\/api.w.org\/{rel}","templated":true}]}}