{"id":5529,"date":"2019-06-12T09:43:34","date_gmt":"2019-06-12T07:43:34","guid":{"rendered":"https:\/\/www.noidiqua.it\/Montale\/?p=5529"},"modified":"2025-01-16T15:13:55","modified_gmt":"2025-01-16T14:13:55","slug":"ricordi-e-presagi","status":"publish","type":"post","link":"https:\/\/www.noidiqua.it\/Montale\/ricordi-e-presagi\/","title":{"rendered":"Ricordi e presagi"},"content":{"rendered":"<p><em>di Massimo Cappelli<\/em><\/p>\n<p>giugno 2019<\/p>\n<p><a href=\"https:\/\/www.noidiqua.it\/Montale\/wp-content\/uploads\/2019\/06\/CONCLUDENDO.png\" rel=\"wp-prettyPhoto[5529]\"><img loading=\"lazy\" decoding=\"async\" class=\"aligncenter  wp-image-6286\" src=\"https:\/\/www.noidiqua.it\/Montale\/wp-content\/uploads\/2019\/06\/CONCLUDENDO.png\" alt=\"\" width=\"468\" height=\"276\" srcset=\"https:\/\/www.noidiqua.it\/Montale\/wp-content\/uploads\/2019\/06\/CONCLUDENDO.png 940w, https:\/\/www.noidiqua.it\/Montale\/wp-content\/uploads\/2019\/06\/CONCLUDENDO-300x177.png 300w, https:\/\/www.noidiqua.it\/Montale\/wp-content\/uploads\/2019\/06\/CONCLUDENDO-768x453.png 768w, https:\/\/www.noidiqua.it\/Montale\/wp-content\/uploads\/2019\/06\/CONCLUDENDO-640x377.png 640w\" sizes=\"auto, (max-width: 468px) 100vw, 468px\" \/><\/a><\/p>\n<p>&nbsp;<\/p>\n<p class=\"p1\" style=\"text-align: justify;\"><span class=\"s1\">Intorno alla met\u00e0 degli anni <strong>Sessanta<\/strong> quando io ero ancora bambino, arriv\u00f2 in casa nostra la prima <strong>televisione<\/strong>. Ovviamente era in bianco e nero e la qualit\u00e0 delle immagini non aveva niente a che vedere con il digitale di oggi. Tuttavia, questo nuovo elettrodomestico fu molto apprezzato e ottenne da subito il gradimento di tutta la famiglia. Anche se aveva soltanto <strong>due canali<\/strong>, la programmazione finiva prima della mezzanotte e non era costante per tutta la giornata, mi sembrava offrisse una moltitudine di programmi: i variet\u00e0 del sabato sera di Mina e Alberto Lupo, le gag di Carosello, le lezioni del maestro<strong> Alberto Manzi<\/strong>, la TV dei ragazzi con Zorro, Rin Tin Tin e via discorrendo. Attraverso i telegiornali e i loro approfondimenti, la televisione ci portava anche a conoscenza di ci\u00f2 che accadeva nel mondo. <b>Esattamente cinquant\u2019anni fa, il 20 luglio 1969, Tito Stagno e Ruggero Orlando commentarono in diretta le immagini del primo uomo sulla Luna<\/b>. <\/span><\/p>\n<p class=\"p1\" style=\"text-align: justify;\"><span class=\"s1\">Ma fu proprio grazie alla televisione che all\u2019et\u00e0 di otto o nove anni, riuscii a realizzare che tutti i bambini del globo non avevano la mia stessa fortuna; vivevano nel fango in villaggi fatti di capanne e mangiavano con le mani (poi ho capito che alcune pietanze come il <i>cous cous<\/i>, per esempio, si mangiano tradizionalmente con le mani). Ma anche per mangiare con le mani, bisogna averlo da mangiare, purtroppo la maggior parte di loro non lo aveva, e per questo erano destinati a morire. A <strong>morire di fame<\/strong>. Le crude immagini dei servizi facevano vedere queste piccole e indifese creature dai grandi occhioni neri, magrissimi, con testa e pancia smisurate che, pieni di mosche addosso, stavano in agonia sul loro giaciglio in attesa della fine. <b>Queste immagini arrivavano con tutta la loro forza alle coscienze umane, facendo riflettere sulla situazione e sull\u2019ingiustizia di come potessero esserci nel mondo queste grandi differenze sociali<\/b>. <\/span><\/p>\n<p class=\"p1\" style=\"text-align: justify;\"><span class=\"s1\">Noi, nella nostra posizione geografica invece, godevamo di un benessere mai vissuto fino ad allora, forse il miglior periodo mai visto dall\u2019alba dell\u2019uomo. A oltre un ventennio dalla fine della guerra, la ricostruzione aveva creato tanta ricchezza che veniva costantemente ridistribuita: i consumatori acquistavano prodotti tecnologici che offrivano loro pi\u00f9 agio e comodit\u00e0, e questo faceva da volano all\u2019economia, creando ancora pi\u00f9 posti di lavoro. Divenne allora desiderio di molti fare qualcosa per combattere la fame nel mondo e cos\u00ec prese campo la solidariet\u00e0, nacquero associazioni benefiche a favore di queste popolazioni pi\u00f9 sfortunate, molti italiani aderirono alle loro richieste offrendo denaro, cibo o indumenti a questa gente, sperando in una futura uniformit\u00e0 sociale in tutto il mondo.<\/span><\/p>\n<p class=\"p1\" style=\"text-align: justify;\"><span class=\"s1\">Dopo oltre cinquant\u2019anni, sembra che questa uniformit\u00e0 la si stia raggiungendo. Certo, la fame nel mondo purtroppo non \u00e8 stata ancora del tutto debellata, tuttavia alcuni di quei Paesi allora poverissimi, oggi sono progrediti diventando addirittura dei colossi dell\u2019economia, per nominarne solo tre: Cina, India e Bangladesh. <b>La conseguenza \u00e8 che sono loro, adesso, a soddisfare molti fabbisogni dell\u2019umanit\u00e0, e noi dobbiamo arrenderci davanti a queste nuove potenze emergenti<\/b>. Questo nuovo andamento economico crea, alla nostra latitudine, non pochi danni finanziari con le conseguenze che sono sotto gli occhi di tutti. Questo nostro impoverimento sembra abbia indebolito non di poco la nostra sensibilit\u00e0 e il nostro altruismo: se cinquant\u2019anni fa ci stringeva il cuore vedere un bambino morente, oggi molti restano quasi indifferenti vedendo persone che chiedono asilo per sfuggire alla guerra, alla miseria e alla morte. Sembra che, rispetto a qualche decennio fa, faccia meno indignazione anche la vista dell\u2019immagine di un bambino morto affogato per il naufragio di un barcone. <\/span><\/p>\n<p class=\"p3\" style=\"text-align: justify;\"><span class=\"s2\"><b>Eppure, un po&#8217; di tempo fa, la perfetta definizione della televisive di oggi, ci fece vedere questa disgrazia in maniera molto nitida: il cadavere del bambino disteso a faccia in gi\u00f9 sulla spiaggia con in dosso una maglietta rossa<\/b>. Quel piccolo corpicino animato solo dalle onde del bagnasciuga, come se il mare lo volesse cullare, o tentasse addirittura di risvegliarlo.<\/span><\/p>\n<p class=\"p1\" style=\"text-align: justify;\"><span class=\"s1\"><b>Quindi non \u00e8 un problema di definizione intesa come nitidezza delle immagini: non c\u2019\u00e8 pi\u00f9 cieco di chi non vuole vedere. Questa indifferenza \u00e8 sicuramente provocata dal nostro impoverimento, causando anche un altro tipo di impoverimento: quello dei valori<\/b>. O forse il problema sta proprio nella definizione, intesa come espressione dei concetti e rilevamento dei contenuti? Se ai tempi delle immagini in bianco e nero chi era davanti alle telecamere cercava di fare appello al buonsenso comune mandando messaggi di pace e di <strong>uguaglianza<\/strong>, oggi chi ha questo potere si connette a ci\u00f2 che c\u2019\u00e8 di peggio nell\u2019animo umano: all\u2019egoismo e all\u2019individualismo, esortando alle divisioni e all\u2019innalzamento di muri, alimentando ancor di pi\u00f9 l\u2019indifferenza. Sta di fatto che sar\u00e0 molto difficile, per noi, tornare al benessere economico di qualche anno fa per il semplice fatto che i nostri privilegi derivavano proprio dalle disgrazie di altre regioni del mondo. Se il processo di <strong>avanzamento economico<\/strong> mondiale continuer\u00e0 ridistribuendo ricchezza in maniera pi\u00f9 equa, a noi, ahim\u00e8, non potr\u00e0 andare che peggio, magari non moriremo di fame ma dovremo senz\u2019altro ridurre ancora maggiormente il nostro tenore di vita. Questo toccher\u00e0 soprattutto ai nostri figli. Una cosa positiva per\u00f2 ci sar\u00e0: non dovranno pi\u00f9 dire ai loro bambini: <b><i>\u00abmangia tutto, non lasciare niente nel piatto, che c\u2019\u00e8 la fame nel mondo\u00bb<\/i><\/b>.<\/span><\/p>","protected":false},"excerpt":{"rendered":"<p>di Massimo Cappelli giugno 2019 &nbsp; Intorno alla met\u00e0 degli anni Sessanta quando io ero ancora bambino, arriv\u00f2 in casa nostra la prima televisione. Ovviamente era in bianco e nero e la qualit\u00e0 delle immagini non aveva niente a che vedere con il digitale di oggi. Tuttavia, questo nuovo elettrodomestico fu molto apprezzato e [&hellip;]<\/p>","protected":false},"author":7,"featured_media":0,"comment_status":"open","ping_status":"open","sticky":false,"template":"","format":"standard","meta":{"footnotes":""},"categories":[24,7],"tags":[2205,2208,59,2204,104,2206,2209,2064,2202,2203,2207],"class_list":["post-5529","post","type-post","status-publish","format-standard","hentry","category-concludendo-qt","category-mt","tag-alberto-manzi","tag-avanzamento-economico","tag-concludendo","tag-due-canali","tag-massimo-cappelli","tag-morire-di-fame","tag-presagi","tag-ricordi","tag-sessanta","tag-televisione","tag-uguaglianza"],"yoast_head":"<!-- This site is optimized with the Yoast SEO plugin v25.5 - https:\/\/yoast.com\/wordpress\/plugins\/seo\/ -->\n<title>Ricordi e presagi - Noi di Qua Testata giornalistica e di attualit\u00e0 di Agliana, Montale e Quarrata.<\/title>\n<meta name=\"robots\" content=\"index, follow, max-snippet:-1, max-image-preview:large, max-video-preview:-1\" \/>\n<link rel=\"canonical\" href=\"https:\/\/www.noidiqua.it\/Montale\/ricordi-e-presagi\/\" \/>\n<meta property=\"og:locale\" content=\"it_IT\" \/>\n<meta property=\"og:type\" content=\"article\" \/>\n<meta property=\"og:title\" content=\"Ricordi e presagi - Noi di Qua Testata giornalistica e di attualit\u00e0 di Agliana, Montale e Quarrata.\" \/>\n<meta property=\"og:description\" content=\"di Massimo Cappelli giugno 2019 &nbsp; Intorno alla met\u00e0 degli anni Sessanta quando io ero ancora bambino, arriv\u00f2 in casa nostra la prima televisione. Ovviamente era in bianco e nero e la qualit\u00e0 delle immagini non aveva niente a che vedere con il digitale di oggi. Tuttavia, questo nuovo elettrodomestico fu molto apprezzato e [&hellip;]\" \/>\n<meta property=\"og:url\" content=\"https:\/\/www.noidiqua.it\/Montale\/ricordi-e-presagi\/\" \/>\n<meta property=\"og:site_name\" content=\"Noi di Qua Testata giornalistica e di attualit\u00e0 di Agliana, Montale e Quarrata.\" \/>\n<meta property=\"article:publisher\" content=\"https:\/\/www.facebook.com\/noidiqua.trimestrale\/\" \/>\n<meta property=\"article:published_time\" content=\"2019-06-12T07:43:34+00:00\" \/>\n<meta property=\"article:modified_time\" content=\"2025-01-16T14:13:55+00:00\" \/>\n<meta property=\"og:image\" content=\"https:\/\/www.noidiqua.it\/Montale\/wp-content\/uploads\/2019\/06\/CONCLUDENDO.png\" \/>\n<meta name=\"author\" content=\"Massimo Cappelli\" \/>\n<meta name=\"twitter:label1\" content=\"Scritto da\" \/>\n\t<meta name=\"twitter:data1\" content=\"Massimo Cappelli\" \/>\n\t<meta name=\"twitter:label2\" content=\"Tempo di lettura stimato\" \/>\n\t<meta name=\"twitter:data2\" content=\"4 minuti\" \/>\n<script type=\"application\/ld+json\" class=\"yoast-schema-graph\">{\"@context\":\"https:\/\/schema.org\",\"@graph\":[{\"@type\":\"WebPage\",\"@id\":\"https:\/\/www.noidiqua.it\/Montale\/ricordi-e-presagi\/\",\"url\":\"https:\/\/www.noidiqua.it\/Montale\/ricordi-e-presagi\/\",\"name\":\"Ricordi e presagi - Noi di Qua Testata giornalistica e di attualit\u00e0 di Agliana, Montale e Quarrata.\",\"isPartOf\":{\"@id\":\"https:\/\/www.noidiqua.it\/Montale\/#website\"},\"primaryImageOfPage\":{\"@id\":\"https:\/\/www.noidiqua.it\/Montale\/ricordi-e-presagi\/#primaryimage\"},\"image\":{\"@id\":\"https:\/\/www.noidiqua.it\/Montale\/ricordi-e-presagi\/#primaryimage\"},\"thumbnailUrl\":\"https:\/\/www.noidiqua.it\/Montale\/wp-content\/uploads\/2019\/06\/CONCLUDENDO.png\",\"datePublished\":\"2019-06-12T07:43:34+00:00\",\"dateModified\":\"2025-01-16T14:13:55+00:00\",\"author\":{\"@id\":\"https:\/\/www.noidiqua.it\/Montale\/#\/schema\/person\/858b1b9db61101126e5ded39f94daedb\"},\"breadcrumb\":{\"@id\":\"https:\/\/www.noidiqua.it\/Montale\/ricordi-e-presagi\/#breadcrumb\"},\"inLanguage\":\"it-IT\",\"potentialAction\":[{\"@type\":\"ReadAction\",\"target\":[\"https:\/\/www.noidiqua.it\/Montale\/ricordi-e-presagi\/\"]}]},{\"@type\":\"ImageObject\",\"inLanguage\":\"it-IT\",\"@id\":\"https:\/\/www.noidiqua.it\/Montale\/ricordi-e-presagi\/#primaryimage\",\"url\":\"https:\/\/www.noidiqua.it\/Montale\/wp-content\/uploads\/2019\/06\/CONCLUDENDO.png\",\"contentUrl\":\"https:\/\/www.noidiqua.it\/Montale\/wp-content\/uploads\/2019\/06\/CONCLUDENDO.png\",\"width\":940,\"height\":554},{\"@type\":\"BreadcrumbList\",\"@id\":\"https:\/\/www.noidiqua.it\/Montale\/ricordi-e-presagi\/#breadcrumb\",\"itemListElement\":[{\"@type\":\"ListItem\",\"position\":1,\"name\":\"Home\",\"item\":\"https:\/\/www.noidiqua.it\/Montale\/\"},{\"@type\":\"ListItem\",\"position\":2,\"name\":\"Ricordi e presagi\"}]},{\"@type\":\"WebSite\",\"@id\":\"https:\/\/www.noidiqua.it\/Montale\/#website\",\"url\":\"https:\/\/www.noidiqua.it\/Montale\/\",\"name\":\"Noi di Qua Testata giornalistica e di attualit\u00e0 di Agliana, Montale e Quarrata.\",\"description\":\"Testata Giornalistica Quarrata Montale Agliana\",\"potentialAction\":[{\"@type\":\"SearchAction\",\"target\":{\"@type\":\"EntryPoint\",\"urlTemplate\":\"https:\/\/www.noidiqua.it\/Montale\/?s={search_term_string}\"},\"query-input\":{\"@type\":\"PropertyValueSpecification\",\"valueRequired\":true,\"valueName\":\"search_term_string\"}}],\"inLanguage\":\"it-IT\"},{\"@type\":\"Person\",\"@id\":\"https:\/\/www.noidiqua.it\/Montale\/#\/schema\/person\/858b1b9db61101126e5ded39f94daedb\",\"name\":\"Massimo Cappelli\",\"image\":{\"@type\":\"ImageObject\",\"inLanguage\":\"it-IT\",\"@id\":\"https:\/\/www.noidiqua.it\/Montale\/#\/schema\/person\/image\/\",\"url\":\"https:\/\/secure.gravatar.com\/avatar\/0e7261535228aa9bb0417ab8f42f3fadaf8ce23bdfde46c689c43410a676cfa9?s=96&d=mm&r=g\",\"contentUrl\":\"https:\/\/secure.gravatar.com\/avatar\/0e7261535228aa9bb0417ab8f42f3fadaf8ce23bdfde46c689c43410a676cfa9?s=96&d=mm&r=g\",\"caption\":\"Massimo Cappelli\"},\"url\":\"https:\/\/www.noidiqua.it\/Montale\/author\/massimo-cappelli\/\"}]}<\/script>\n<!-- \/ Yoast SEO plugin. -->","yoast_head_json":{"title":"Ricordi e presagi - Noi di Qua Testata giornalistica e di attualit\u00e0 di Agliana, Montale e Quarrata.","robots":{"index":"index","follow":"follow","max-snippet":"max-snippet:-1","max-image-preview":"max-image-preview:large","max-video-preview":"max-video-preview:-1"},"canonical":"https:\/\/www.noidiqua.it\/Montale\/ricordi-e-presagi\/","og_locale":"it_IT","og_type":"article","og_title":"Ricordi e presagi - Noi di Qua Testata giornalistica e di attualit\u00e0 di Agliana, Montale e Quarrata.","og_description":"di Massimo Cappelli giugno 2019 &nbsp; Intorno alla met\u00e0 degli anni Sessanta quando io ero ancora bambino, arriv\u00f2 in casa nostra la prima televisione. Ovviamente era in bianco e nero e la qualit\u00e0 delle immagini non aveva niente a che vedere con il digitale di oggi. Tuttavia, questo nuovo elettrodomestico fu molto apprezzato e [&hellip;]","og_url":"https:\/\/www.noidiqua.it\/Montale\/ricordi-e-presagi\/","og_site_name":"Noi di Qua Testata giornalistica e di attualit\u00e0 di Agliana, Montale e Quarrata.","article_publisher":"https:\/\/www.facebook.com\/noidiqua.trimestrale\/","article_published_time":"2019-06-12T07:43:34+00:00","article_modified_time":"2025-01-16T14:13:55+00:00","og_image":[{"url":"https:\/\/www.noidiqua.it\/Montale\/wp-content\/uploads\/2019\/06\/CONCLUDENDO.png","type":"","width":"","height":""}],"author":"Massimo Cappelli","twitter_misc":{"Scritto da":"Massimo Cappelli","Tempo di lettura stimato":"4 minuti"},"schema":{"@context":"https:\/\/schema.org","@graph":[{"@type":"WebPage","@id":"https:\/\/www.noidiqua.it\/Montale\/ricordi-e-presagi\/","url":"https:\/\/www.noidiqua.it\/Montale\/ricordi-e-presagi\/","name":"Ricordi e presagi - Noi di Qua Testata giornalistica e di attualit\u00e0 di Agliana, Montale e Quarrata.","isPartOf":{"@id":"https:\/\/www.noidiqua.it\/Montale\/#website"},"primaryImageOfPage":{"@id":"https:\/\/www.noidiqua.it\/Montale\/ricordi-e-presagi\/#primaryimage"},"image":{"@id":"https:\/\/www.noidiqua.it\/Montale\/ricordi-e-presagi\/#primaryimage"},"thumbnailUrl":"https:\/\/www.noidiqua.it\/Montale\/wp-content\/uploads\/2019\/06\/CONCLUDENDO.png","datePublished":"2019-06-12T07:43:34+00:00","dateModified":"2025-01-16T14:13:55+00:00","author":{"@id":"https:\/\/www.noidiqua.it\/Montale\/#\/schema\/person\/858b1b9db61101126e5ded39f94daedb"},"breadcrumb":{"@id":"https:\/\/www.noidiqua.it\/Montale\/ricordi-e-presagi\/#breadcrumb"},"inLanguage":"it-IT","potentialAction":[{"@type":"ReadAction","target":["https:\/\/www.noidiqua.it\/Montale\/ricordi-e-presagi\/"]}]},{"@type":"ImageObject","inLanguage":"it-IT","@id":"https:\/\/www.noidiqua.it\/Montale\/ricordi-e-presagi\/#primaryimage","url":"https:\/\/www.noidiqua.it\/Montale\/wp-content\/uploads\/2019\/06\/CONCLUDENDO.png","contentUrl":"https:\/\/www.noidiqua.it\/Montale\/wp-content\/uploads\/2019\/06\/CONCLUDENDO.png","width":940,"height":554},{"@type":"BreadcrumbList","@id":"https:\/\/www.noidiqua.it\/Montale\/ricordi-e-presagi\/#breadcrumb","itemListElement":[{"@type":"ListItem","position":1,"name":"Home","item":"https:\/\/www.noidiqua.it\/Montale\/"},{"@type":"ListItem","position":2,"name":"Ricordi e presagi"}]},{"@type":"WebSite","@id":"https:\/\/www.noidiqua.it\/Montale\/#website","url":"https:\/\/www.noidiqua.it\/Montale\/","name":"Noi di Qua Testata giornalistica e di attualit\u00e0 di Agliana, Montale e Quarrata.","description":"Testata Giornalistica Quarrata Montale Agliana","potentialAction":[{"@type":"SearchAction","target":{"@type":"EntryPoint","urlTemplate":"https:\/\/www.noidiqua.it\/Montale\/?s={search_term_string}"},"query-input":{"@type":"PropertyValueSpecification","valueRequired":true,"valueName":"search_term_string"}}],"inLanguage":"it-IT"},{"@type":"Person","@id":"https:\/\/www.noidiqua.it\/Montale\/#\/schema\/person\/858b1b9db61101126e5ded39f94daedb","name":"Massimo Cappelli","image":{"@type":"ImageObject","inLanguage":"it-IT","@id":"https:\/\/www.noidiqua.it\/Montale\/#\/schema\/person\/image\/","url":"https:\/\/secure.gravatar.com\/avatar\/0e7261535228aa9bb0417ab8f42f3fadaf8ce23bdfde46c689c43410a676cfa9?s=96&d=mm&r=g","contentUrl":"https:\/\/secure.gravatar.com\/avatar\/0e7261535228aa9bb0417ab8f42f3fadaf8ce23bdfde46c689c43410a676cfa9?s=96&d=mm&r=g","caption":"Massimo Cappelli"},"url":"https:\/\/www.noidiqua.it\/Montale\/author\/massimo-cappelli\/"}]}},"_links":{"self":[{"href":"https:\/\/www.noidiqua.it\/Montale\/wp-json\/wp\/v2\/posts\/5529","targetHints":{"allow":["GET"]}}],"collection":[{"href":"https:\/\/www.noidiqua.it\/Montale\/wp-json\/wp\/v2\/posts"}],"about":[{"href":"https:\/\/www.noidiqua.it\/Montale\/wp-json\/wp\/v2\/types\/post"}],"author":[{"embeddable":true,"href":"https:\/\/www.noidiqua.it\/Montale\/wp-json\/wp\/v2\/users\/7"}],"replies":[{"embeddable":true,"href":"https:\/\/www.noidiqua.it\/Montale\/wp-json\/wp\/v2\/comments?post=5529"}],"version-history":[{"count":3,"href":"https:\/\/www.noidiqua.it\/Montale\/wp-json\/wp\/v2\/posts\/5529\/revisions"}],"predecessor-version":[{"id":6287,"href":"https:\/\/www.noidiqua.it\/Montale\/wp-json\/wp\/v2\/posts\/5529\/revisions\/6287"}],"wp:attachment":[{"href":"https:\/\/www.noidiqua.it\/Montale\/wp-json\/wp\/v2\/media?parent=5529"}],"wp:term":[{"taxonomy":"category","embeddable":true,"href":"https:\/\/www.noidiqua.it\/Montale\/wp-json\/wp\/v2\/categories?post=5529"},{"taxonomy":"post_tag","embeddable":true,"href":"https:\/\/www.noidiqua.it\/Montale\/wp-json\/wp\/v2\/tags?post=5529"}],"curies":[{"name":"wp","href":"https:\/\/api.w.org\/{rel}","templated":true}]}}