{"id":5590,"date":"2021-03-13T11:44:59","date_gmt":"2021-03-13T10:44:59","guid":{"rendered":"https:\/\/www.noidiqua.it\/Montale\/?p=5590"},"modified":"2021-04-22T10:51:18","modified_gmt":"2021-04-22T08:51:18","slug":"vaccini-facciamo-chiarezza","status":"publish","type":"post","link":"https:\/\/www.noidiqua.it\/Montale\/vaccini-facciamo-chiarezza\/","title":{"rendered":"Vaccini: facciamo chiarezza!"},"content":{"rendered":"<p><em>di&nbsp;Paola Maria Mandelli<\/em><\/p>\n\n\n\n<p>marzo 2021<\/p>\n\n\n<p><a href=\"https:\/\/www.noidiqua.it\/Montale\/wp-content\/uploads\/2021\/04\/una-mela.png\" rel=\"wp-prettyPhoto[5590]\"><img loading=\"lazy\" decoding=\"async\" class=\"aligncenter size-full wp-image-5591\" src=\"https:\/\/www.noidiqua.it\/Montale\/wp-content\/uploads\/2021\/04\/una-mela.png\" alt=\"\" width=\"480\" height=\"300\" srcset=\"https:\/\/www.noidiqua.it\/Montale\/wp-content\/uploads\/2021\/04\/una-mela.png 480w, https:\/\/www.noidiqua.it\/Montale\/wp-content\/uploads\/2021\/04\/una-mela-300x188.png 300w\" sizes=\"auto, (max-width: 480px) 100vw, 480px\" \/><\/a><\/p>\n<p class=\"p1\" style=\"text-align: left;\"><span class=\"s1\">Sappiamo che per le malattie virali non ci sono cure e le infezioni di questo tipo possono avere conseguenze anche fatali o portare ad invalidit\u00e0 gravi e permanenti. I morti provocati dal Covid 19 sono ben presenti nelle nostre menti e il bollettino, peggiore di quello di una guerra, si rinnova ogni giorno. Per non parlare di tutte le conseguenze sulla scuola e il lavoro di tutti. <\/span><strong><span class=\"s2\">L\u2019unica via di uscita \u00e8 vaccinare la quasi totalit\u00e0 dei cittadini<\/span><\/strong><span class=\"s1\">, confortati da esempi come Israele che ha vaccinato oltre i due terzi della popolazione e perci\u00f2 ha visto crollare i contagi e quindi i morti e hanno ricominciato ad aprire negozi, ristoranti, musei, teatri. E&#8217; cos\u00ec che anche noi potremo riprendere la nostra vita. Siamo di fronte alla pi\u00f9 grande campagna di vaccinazione di sempre, che pu\u00f2 contare sull\u2019impegno, la passione e la competenza delle donne e degli uomini del nostro Sistema Sanitario Regionale, che ha dimostrato fin da subito grande efficienza. Una scommessa collettiva che guarda al futuro, da affrontare con consapevolezza e responsabilit\u00e0 e senza mai abbassare la guardia nei confronti del virus. <\/span><\/p>\n<p class=\"p1\" style=\"text-align: left;\"><strong><span class=\"s2\">Mantenere comportamenti corretti e rispettare le regole restano sempre le azioni pi\u00f9 importanti da fare<\/span><\/strong><span class=\"s1\">, dalle misure di igiene e disinfezione personale, sanificazione degli ambienti in cui viviamo, alle distanze e l\u2019uso corretto e continuo della mascherina, al rispetto dell\u2019isolamento ove si richieda: da ciascuno di noi dipende la salute di tutti.<\/span><\/p>\n<p class=\"p3\" style=\"text-align: left;\"><span class=\"s1\"><b>I vaccini sono sicuri?<\/b><\/span><\/p>\n<p class=\"p1\" style=\"text-align: left;\"><span class=\"s1\">Come per i farmaci, anche i vaccini sottostanno a percorsi rigorosissimi. In Italia, dopo l&#8217;approvazione dell&#8217;EMA (ente competente dell&#8217;unione europea), \u00e8 necessaria l&#8217;approvazione dell&#8217;AIFA (agenzia italiana del farmaco), dell\u2019Istituto Superiore di sanit\u00e0; dei comitati etici per la valutazione delle strutture sanitarie dove si svolge lo studio clinico; del gruppo di farmacovigilanza per la segnalazione di eventuali reazioni avverse. In seguito, sia il farmaco che il vaccino viene monitorato per anni. <\/span><span class=\"s2\"><b>Questo sistema capillare, tutto italiano, di autorizzazione e controllo, \u00e8 considerato un modello a livello mondiale per rigore, accuratezza e severit\u00e0<\/b><\/span><span class=\"s1\">.<\/span><\/p>\n<p class=\"p1\" style=\"text-align: left;\"><span class=\"s1\">Attualmente in uso in Italia sono tre i vaccini approvati dalla European Medicines Agency (EMA) e autorizzati dall&#8217;Agenzia Italiana del Farmaco (AIFA): BioNtech\/Pfizer, Moderna, AstraZeneca. Sono in esame il vaccino Johnson&amp; Johnson per la distribuzione a breve. Tutti e tre i vaccini sono indicati per l&#8217;immunizzazione attiva per la prevenzione della malattia Covid 19 sintomatica nei soggetti di et\u00e0 pari o superiore ai 18 anni. <\/span><span class=\"s2\"><b>Gli studi clinici condotti finora hanno permesso di dimostrare l&#8217;efficacia dei tre vaccini nella prevenzione delle forme clinicamente manifeste di Covid-19, anche se la protezione, come per molti altri vaccini, non \u00e8 del 100%<\/b><\/span><span class=\"s1\">. Sulla base dei dati delle procedure autorizzative, risulta che tutti e tre i vaccini danno una copertura ottimale dopo una quindicina di giorni alla seconda dose, anche se gi\u00e0 dopo una settimana dalla prima dose, si prevengono le forme pi\u00f9 gravi e mortali anche delle varianti inglese e brasiliana.<\/span><\/p>","protected":false},"excerpt":{"rendered":"<p>di&nbsp;Paola Maria Mandelli marzo 2021 Sappiamo che per le malattie virali non ci sono cure e le infezioni di questo tipo possono avere conseguenze anche fatali o portare ad invalidit\u00e0 gravi e permanenti. I morti provocati dal Covid 19 sono ben presenti nelle nostre menti e il bollettino, peggiore di quello di una guerra, [&hellip;]<\/p>","protected":false},"author":101014,"featured_media":0,"comment_status":"open","ping_status":"open","sticky":false,"template":"","format":"standard","meta":{"footnotes":""},"categories":[7,20],"tags":[2242,2243,2244,2245,2246,1271,2248,2247,158,459,1031],"class_list":["post-5590","post","type-post","status-publish","format-standard","hentry","category-mt","category-una-mela-al-giorno-qt","tag-aifa","tag-covid-19","tag-futuro","tag-infezioni","tag-isolamento","tag-malattie-infettive","tag-mandelli","tag-sanificazione","tag-una-mela-al-giorno","tag-vaccinazione","tag-vaccino"],"yoast_head":"<!-- This site is optimized with the Yoast SEO plugin v25.5 - https:\/\/yoast.com\/wordpress\/plugins\/seo\/ -->\n<title>Vaccini: facciamo chiarezza! - Noi di Qua Testata giornalistica e di attualit\u00e0 di Agliana, Montale e Quarrata.<\/title>\n<meta name=\"robots\" content=\"index, follow, max-snippet:-1, max-image-preview:large, max-video-preview:-1\" \/>\n<link rel=\"canonical\" href=\"https:\/\/www.noidiqua.it\/Montale\/vaccini-facciamo-chiarezza\/\" \/>\n<meta property=\"og:locale\" content=\"it_IT\" \/>\n<meta property=\"og:type\" content=\"article\" \/>\n<meta property=\"og:title\" content=\"Vaccini: facciamo chiarezza! - Noi di Qua Testata giornalistica e di attualit\u00e0 di Agliana, Montale e Quarrata.\" \/>\n<meta property=\"og:description\" content=\"di&nbsp;Paola Maria Mandelli marzo 2021 Sappiamo che per le malattie virali non ci sono cure e le infezioni di questo tipo possono avere conseguenze anche fatali o portare ad invalidit\u00e0 gravi e permanenti. I morti provocati dal Covid 19 sono ben presenti nelle nostre menti e il bollettino, peggiore di quello di una guerra, [&hellip;]\" \/>\n<meta property=\"og:url\" content=\"https:\/\/www.noidiqua.it\/Montale\/vaccini-facciamo-chiarezza\/\" \/>\n<meta property=\"og:site_name\" content=\"Noi di Qua Testata giornalistica e di attualit\u00e0 di Agliana, Montale e Quarrata.\" \/>\n<meta property=\"article:publisher\" content=\"https:\/\/www.facebook.com\/noidiqua.trimestrale\/\" \/>\n<meta property=\"article:published_time\" content=\"2021-03-13T10:44:59+00:00\" \/>\n<meta property=\"article:modified_time\" content=\"2021-04-22T08:51:18+00:00\" \/>\n<meta property=\"og:image\" content=\"https:\/\/www.noidiqua.it\/Montale\/wp-content\/uploads\/2021\/04\/una-mela.png\" \/>\n<meta name=\"author\" content=\"Paola Maria Mandelli\" \/>\n<meta name=\"twitter:label1\" content=\"Scritto da\" \/>\n\t<meta name=\"twitter:data1\" content=\"Paola Maria Mandelli\" \/>\n\t<meta name=\"twitter:label2\" content=\"Tempo di lettura stimato\" \/>\n\t<meta name=\"twitter:data2\" content=\"2 minuti\" \/>\n<script type=\"application\/ld+json\" class=\"yoast-schema-graph\">{\"@context\":\"https:\/\/schema.org\",\"@graph\":[{\"@type\":\"WebPage\",\"@id\":\"https:\/\/www.noidiqua.it\/Montale\/vaccini-facciamo-chiarezza\/\",\"url\":\"https:\/\/www.noidiqua.it\/Montale\/vaccini-facciamo-chiarezza\/\",\"name\":\"Vaccini: facciamo chiarezza! - Noi di Qua Testata giornalistica e di attualit\u00e0 di Agliana, Montale e Quarrata.\",\"isPartOf\":{\"@id\":\"https:\/\/www.noidiqua.it\/Montale\/#website\"},\"primaryImageOfPage\":{\"@id\":\"https:\/\/www.noidiqua.it\/Montale\/vaccini-facciamo-chiarezza\/#primaryimage\"},\"image\":{\"@id\":\"https:\/\/www.noidiqua.it\/Montale\/vaccini-facciamo-chiarezza\/#primaryimage\"},\"thumbnailUrl\":\"https:\/\/www.noidiqua.it\/Montale\/wp-content\/uploads\/2021\/04\/una-mela.png\",\"datePublished\":\"2021-03-13T10:44:59+00:00\",\"dateModified\":\"2021-04-22T08:51:18+00:00\",\"author\":{\"@id\":\"https:\/\/www.noidiqua.it\/Montale\/#\/schema\/person\/648f75ce7c013c638265e4752ded135c\"},\"breadcrumb\":{\"@id\":\"https:\/\/www.noidiqua.it\/Montale\/vaccini-facciamo-chiarezza\/#breadcrumb\"},\"inLanguage\":\"it-IT\",\"potentialAction\":[{\"@type\":\"ReadAction\",\"target\":[\"https:\/\/www.noidiqua.it\/Montale\/vaccini-facciamo-chiarezza\/\"]}]},{\"@type\":\"ImageObject\",\"inLanguage\":\"it-IT\",\"@id\":\"https:\/\/www.noidiqua.it\/Montale\/vaccini-facciamo-chiarezza\/#primaryimage\",\"url\":\"https:\/\/www.noidiqua.it\/Montale\/wp-content\/uploads\/2021\/04\/una-mela.png\",\"contentUrl\":\"https:\/\/www.noidiqua.it\/Montale\/wp-content\/uploads\/2021\/04\/una-mela.png\",\"width\":480,\"height\":300},{\"@type\":\"BreadcrumbList\",\"@id\":\"https:\/\/www.noidiqua.it\/Montale\/vaccini-facciamo-chiarezza\/#breadcrumb\",\"itemListElement\":[{\"@type\":\"ListItem\",\"position\":1,\"name\":\"Home\",\"item\":\"https:\/\/www.noidiqua.it\/Montale\/\"},{\"@type\":\"ListItem\",\"position\":2,\"name\":\"Vaccini: facciamo chiarezza!\"}]},{\"@type\":\"WebSite\",\"@id\":\"https:\/\/www.noidiqua.it\/Montale\/#website\",\"url\":\"https:\/\/www.noidiqua.it\/Montale\/\",\"name\":\"Noi di Qua Testata giornalistica e di attualit\u00e0 di Agliana, Montale e Quarrata.\",\"description\":\"Testata Giornalistica Quarrata Montale Agliana\",\"potentialAction\":[{\"@type\":\"SearchAction\",\"target\":{\"@type\":\"EntryPoint\",\"urlTemplate\":\"https:\/\/www.noidiqua.it\/Montale\/?s={search_term_string}\"},\"query-input\":{\"@type\":\"PropertyValueSpecification\",\"valueRequired\":true,\"valueName\":\"search_term_string\"}}],\"inLanguage\":\"it-IT\"},{\"@type\":\"Person\",\"@id\":\"https:\/\/www.noidiqua.it\/Montale\/#\/schema\/person\/648f75ce7c013c638265e4752ded135c\",\"name\":\"Paola Maria Mandelli\",\"image\":{\"@type\":\"ImageObject\",\"inLanguage\":\"it-IT\",\"@id\":\"https:\/\/www.noidiqua.it\/Montale\/#\/schema\/person\/image\/\",\"url\":\"https:\/\/secure.gravatar.com\/avatar\/36a1604078ac68a02457b1c1830174c74a01009237fc4b38945230bcad46ebfa?s=96&d=mm&r=g\",\"contentUrl\":\"https:\/\/secure.gravatar.com\/avatar\/36a1604078ac68a02457b1c1830174c74a01009237fc4b38945230bcad46ebfa?s=96&d=mm&r=g\",\"caption\":\"Paola Maria Mandelli\"},\"url\":\"https:\/\/www.noidiqua.it\/Montale\/author\/paola-maria-mandelli\/\"}]}<\/script>\n<!-- \/ Yoast SEO plugin. -->","yoast_head_json":{"title":"Vaccini: facciamo chiarezza! - Noi di Qua Testata giornalistica e di attualit\u00e0 di Agliana, Montale e Quarrata.","robots":{"index":"index","follow":"follow","max-snippet":"max-snippet:-1","max-image-preview":"max-image-preview:large","max-video-preview":"max-video-preview:-1"},"canonical":"https:\/\/www.noidiqua.it\/Montale\/vaccini-facciamo-chiarezza\/","og_locale":"it_IT","og_type":"article","og_title":"Vaccini: facciamo chiarezza! - Noi di Qua Testata giornalistica e di attualit\u00e0 di Agliana, Montale e Quarrata.","og_description":"di&nbsp;Paola Maria Mandelli marzo 2021 Sappiamo che per le malattie virali non ci sono cure e le infezioni di questo tipo possono avere conseguenze anche fatali o portare ad invalidit\u00e0 gravi e permanenti. I morti provocati dal Covid 19 sono ben presenti nelle nostre menti e il bollettino, peggiore di quello di una guerra, [&hellip;]","og_url":"https:\/\/www.noidiqua.it\/Montale\/vaccini-facciamo-chiarezza\/","og_site_name":"Noi di Qua Testata giornalistica e di attualit\u00e0 di Agliana, Montale e Quarrata.","article_publisher":"https:\/\/www.facebook.com\/noidiqua.trimestrale\/","article_published_time":"2021-03-13T10:44:59+00:00","article_modified_time":"2021-04-22T08:51:18+00:00","og_image":[{"url":"https:\/\/www.noidiqua.it\/Montale\/wp-content\/uploads\/2021\/04\/una-mela.png","type":"","width":"","height":""}],"author":"Paola Maria Mandelli","twitter_misc":{"Scritto da":"Paola Maria Mandelli","Tempo di lettura stimato":"2 minuti"},"schema":{"@context":"https:\/\/schema.org","@graph":[{"@type":"WebPage","@id":"https:\/\/www.noidiqua.it\/Montale\/vaccini-facciamo-chiarezza\/","url":"https:\/\/www.noidiqua.it\/Montale\/vaccini-facciamo-chiarezza\/","name":"Vaccini: facciamo chiarezza! - Noi di Qua Testata giornalistica e di attualit\u00e0 di Agliana, Montale e Quarrata.","isPartOf":{"@id":"https:\/\/www.noidiqua.it\/Montale\/#website"},"primaryImageOfPage":{"@id":"https:\/\/www.noidiqua.it\/Montale\/vaccini-facciamo-chiarezza\/#primaryimage"},"image":{"@id":"https:\/\/www.noidiqua.it\/Montale\/vaccini-facciamo-chiarezza\/#primaryimage"},"thumbnailUrl":"https:\/\/www.noidiqua.it\/Montale\/wp-content\/uploads\/2021\/04\/una-mela.png","datePublished":"2021-03-13T10:44:59+00:00","dateModified":"2021-04-22T08:51:18+00:00","author":{"@id":"https:\/\/www.noidiqua.it\/Montale\/#\/schema\/person\/648f75ce7c013c638265e4752ded135c"},"breadcrumb":{"@id":"https:\/\/www.noidiqua.it\/Montale\/vaccini-facciamo-chiarezza\/#breadcrumb"},"inLanguage":"it-IT","potentialAction":[{"@type":"ReadAction","target":["https:\/\/www.noidiqua.it\/Montale\/vaccini-facciamo-chiarezza\/"]}]},{"@type":"ImageObject","inLanguage":"it-IT","@id":"https:\/\/www.noidiqua.it\/Montale\/vaccini-facciamo-chiarezza\/#primaryimage","url":"https:\/\/www.noidiqua.it\/Montale\/wp-content\/uploads\/2021\/04\/una-mela.png","contentUrl":"https:\/\/www.noidiqua.it\/Montale\/wp-content\/uploads\/2021\/04\/una-mela.png","width":480,"height":300},{"@type":"BreadcrumbList","@id":"https:\/\/www.noidiqua.it\/Montale\/vaccini-facciamo-chiarezza\/#breadcrumb","itemListElement":[{"@type":"ListItem","position":1,"name":"Home","item":"https:\/\/www.noidiqua.it\/Montale\/"},{"@type":"ListItem","position":2,"name":"Vaccini: facciamo chiarezza!"}]},{"@type":"WebSite","@id":"https:\/\/www.noidiqua.it\/Montale\/#website","url":"https:\/\/www.noidiqua.it\/Montale\/","name":"Noi di Qua Testata giornalistica e di attualit\u00e0 di Agliana, Montale e Quarrata.","description":"Testata Giornalistica Quarrata Montale Agliana","potentialAction":[{"@type":"SearchAction","target":{"@type":"EntryPoint","urlTemplate":"https:\/\/www.noidiqua.it\/Montale\/?s={search_term_string}"},"query-input":{"@type":"PropertyValueSpecification","valueRequired":true,"valueName":"search_term_string"}}],"inLanguage":"it-IT"},{"@type":"Person","@id":"https:\/\/www.noidiqua.it\/Montale\/#\/schema\/person\/648f75ce7c013c638265e4752ded135c","name":"Paola Maria Mandelli","image":{"@type":"ImageObject","inLanguage":"it-IT","@id":"https:\/\/www.noidiqua.it\/Montale\/#\/schema\/person\/image\/","url":"https:\/\/secure.gravatar.com\/avatar\/36a1604078ac68a02457b1c1830174c74a01009237fc4b38945230bcad46ebfa?s=96&d=mm&r=g","contentUrl":"https:\/\/secure.gravatar.com\/avatar\/36a1604078ac68a02457b1c1830174c74a01009237fc4b38945230bcad46ebfa?s=96&d=mm&r=g","caption":"Paola Maria Mandelli"},"url":"https:\/\/www.noidiqua.it\/Montale\/author\/paola-maria-mandelli\/"}]}},"_links":{"self":[{"href":"https:\/\/www.noidiqua.it\/Montale\/wp-json\/wp\/v2\/posts\/5590","targetHints":{"allow":["GET"]}}],"collection":[{"href":"https:\/\/www.noidiqua.it\/Montale\/wp-json\/wp\/v2\/posts"}],"about":[{"href":"https:\/\/www.noidiqua.it\/Montale\/wp-json\/wp\/v2\/types\/post"}],"author":[{"embeddable":true,"href":"https:\/\/www.noidiqua.it\/Montale\/wp-json\/wp\/v2\/users\/101014"}],"replies":[{"embeddable":true,"href":"https:\/\/www.noidiqua.it\/Montale\/wp-json\/wp\/v2\/comments?post=5590"}],"version-history":[{"count":1,"href":"https:\/\/www.noidiqua.it\/Montale\/wp-json\/wp\/v2\/posts\/5590\/revisions"}],"predecessor-version":[{"id":5592,"href":"https:\/\/www.noidiqua.it\/Montale\/wp-json\/wp\/v2\/posts\/5590\/revisions\/5592"}],"wp:attachment":[{"href":"https:\/\/www.noidiqua.it\/Montale\/wp-json\/wp\/v2\/media?parent=5590"}],"wp:term":[{"taxonomy":"category","embeddable":true,"href":"https:\/\/www.noidiqua.it\/Montale\/wp-json\/wp\/v2\/categories?post=5590"},{"taxonomy":"post_tag","embeddable":true,"href":"https:\/\/www.noidiqua.it\/Montale\/wp-json\/wp\/v2\/tags?post=5590"}],"curies":[{"name":"wp","href":"https:\/\/api.w.org\/{rel}","templated":true}]}}