{"id":5611,"date":"2021-03-13T12:32:26","date_gmt":"2021-03-13T11:32:26","guid":{"rendered":"https:\/\/www.noidiqua.it\/Montale\/?p=5611"},"modified":"2021-07-26T10:57:29","modified_gmt":"2021-07-26T08:57:29","slug":"intitolato-giardino-a-don-sergio-domeniconi","status":"publish","type":"post","link":"https:\/\/www.noidiqua.it\/Montale\/intitolato-giardino-a-don-sergio-domeniconi\/","title":{"rendered":"Intitolato giardino a don Sergio Domeniconi"},"content":{"rendered":"<p><em>di\u00a0Giacomo Bini<\/em><\/p>\n\n\n\n<p>marzo 2021<\/p>\n\n\n<p><a href=\"https:\/\/www.noidiqua.it\/Montale\/wp-content\/uploads\/2021\/04\/domeniconi.png\" rel=\"wp-prettyPhoto[5611]\"><img loading=\"lazy\" decoding=\"async\" class=\"aligncenter size-full wp-image-5612\" src=\"https:\/\/www.noidiqua.it\/Montale\/wp-content\/uploads\/2021\/04\/domeniconi.png\" alt=\"\" width=\"483\" height=\"312\" srcset=\"https:\/\/www.noidiqua.it\/Montale\/wp-content\/uploads\/2021\/04\/domeniconi.png 483w, https:\/\/www.noidiqua.it\/Montale\/wp-content\/uploads\/2021\/04\/domeniconi-300x194.png 300w\" sizes=\"auto, (max-width: 483px) 100vw, 483px\" \/><\/a><\/p>\n\n\n<p>L\u2019<strong>intitolazione<\/strong> a <strong>don Sergio Domeniconi<\/strong> del <strong>giardino <\/strong>della Badia, inaugurato il 6 febbraio scorso, \u00e8 un modo doveroso con cui la comunit\u00e0 di Montale ricorda un parroco amatissimo da tutti, credenti e non credenti, per la sua umanit\u00e0, cordialit\u00e0 e irresistibile simpatia.\u00a0<\/p>\n\n\n\n<p>Don Sergio \u00e8 stato parroco di Montale per 27 anni, dal 1982 fino alla morte avvenuta nel 2009. Tra i tanti gesti di generosit\u00e0 dell\u2019ex parroco va ricordato il lascito di 100mila euro per le <strong>famiglie povere<\/strong>, assegnato per sua volont\u00e0, met\u00e0 alla parrocchia di Montale e met\u00e0 all\u2019amministrazione comunale. L\u2019iniziativa dell\u2019intitolazione a don Sergio dei giardini della Badia, partita dal gruppo consiliare Centrodestra per Montale, \u00e8 stata approvata in modo convinto e unanime dall\u2019intero consiglio comunale. Le motivazioni sono state ricordate durante la cerimonia di inaugurazione dal sindaco Ferdinando Betti e dal vice-presidente del consiglio comunale Adriano Borchi che ha sottolineato come don Sergio sia stato un punto di riferimento per tutti e non solo per chi frequentava la chiesa e che gli si deve la fondazione del centro estivo per i bambini. Erano presenti don Agostino, in sostituzione del parroco di Montale don Paolo impegnato in un funerale, e il parroco di Fognano don <strong>Cristoforo Dabrowsky <\/strong>che ha impartito la benedizione.\u00a0<\/p>\n\n\n\n<p>Alla cerimonia era presente anche il fratello di don Sergio, Carlo Domeniconi, che in un breve cenno di saluto ha trovato per\u00f2 il modo di ricordare due gustosissimi episodi della vita pastorale dell\u2019ex parroco che bene illustrano l\u2019umanit\u00e0 e la giovialit\u00e0 del carattere che erano propri di don Sergio. I due episodi si riferiscono al periodo in cui don Domeniconi era parroco di Marliana, prima cio\u00e8 del periodo montalese.&nbsp;<\/p>\n\n\n\n<p><em>\u00abUna volta\u00bb<\/em> ha raccontato Carlo Domeniconi <em>\u00abmio fratello cadde da una scala su cui era salito per fare una riparazione in chiesa e si ruppe un paio di costole. Vicino alla scala c\u2019era un grande crocifisso appeso al muro e Sergio mi disse sorridendo: \u201cPer\u00f2 mentre cadevo gi\u00f9, poteva anche allungare una mano per sostenermi!\u201d\u00bb.\u00a0<\/em><\/p>\n\n\n\n<p><em>Un\u2019altra volta, sempre a Marliana, venne in visita il vescovo e mio fratello, che si vede se n\u2019era dimenticato, all\u2019arrivo del monsignore era al bar in piazza a giocare a carte. Il vescovo quando arriv\u00f2 in canonica trov\u00f2 solo la perpetua che gli disse che don Sergio era in piazza. Il vescovo allora si diresse verso la piazza e qualcuno al bar avvert\u00ec don Sergio che si affrett\u00f2 a nascondere i mazzi di carte e il quartino di vino che erano sul tavolo. All\u2019ingresso del vescovo nel locale don Sergio gli disse che era dovuto andare l\u00ec per cercare qualche uomo robusto per portare la statua della madonna nella processione. Mentre si apprestava ad uscire al fianco del vescovo il barista, a cui non era stato pagato il vino, grid\u00f2: \u201cParroco, e il quarto?\u201d , al che don Sergio rispose prontamente: \u201cIl quarto \u00e8 onora il padre e la madre, te lo dimentichi sempre\u201d\u00bb<\/em>.<\/p>","protected":false},"excerpt":{"rendered":"<p>di\u00a0Giacomo Bini marzo 2021 L\u2019intitolazione a don Sergio Domeniconi del giardino della Badia, inaugurato il 6 febbraio scorso, \u00e8 un modo doveroso con cui la comunit\u00e0 di Montale ricorda un parroco amatissimo da tutti, credenti e non credenti, per la sua umanit\u00e0, cordialit\u00e0 e irresistibile simpatia.\u00a0 Don Sergio \u00e8 stato parroco di Montale per [&hellip;]<\/p>","protected":false},"author":12,"featured_media":0,"comment_status":"open","ping_status":"open","sticky":false,"template":"","format":"standard","meta":{"footnotes":""},"categories":[7,18],"tags":[2280,2084,2279,1900,2278,154],"class_list":["post-5611","post","type-post","status-publish","format-standard","hentry","category-mt","category-territorio-qt","tag-cristoforo-dabrowsky","tag-don-sergio-domeniconi","tag-famiglie-povere","tag-giardino","tag-intitolazione","tag-territorio"],"yoast_head":"<!-- This site is optimized with the Yoast SEO plugin v25.5 - https:\/\/yoast.com\/wordpress\/plugins\/seo\/ -->\n<title>Intitolato giardino a don Sergio Domeniconi - Noi di Qua Testata giornalistica e di attualit\u00e0 di Agliana, Montale e Quarrata.<\/title>\n<meta name=\"robots\" content=\"index, follow, max-snippet:-1, max-image-preview:large, max-video-preview:-1\" \/>\n<link rel=\"canonical\" href=\"https:\/\/www.noidiqua.it\/Montale\/intitolato-giardino-a-don-sergio-domeniconi\/\" \/>\n<meta property=\"og:locale\" content=\"it_IT\" \/>\n<meta property=\"og:type\" content=\"article\" \/>\n<meta property=\"og:title\" content=\"Intitolato giardino a don Sergio Domeniconi - Noi di Qua Testata giornalistica e di attualit\u00e0 di Agliana, Montale e Quarrata.\" \/>\n<meta property=\"og:description\" content=\"di\u00a0Giacomo Bini marzo 2021 L\u2019intitolazione a don Sergio Domeniconi del giardino della Badia, inaugurato il 6 febbraio scorso, \u00e8 un modo doveroso con cui la comunit\u00e0 di Montale ricorda un parroco amatissimo da tutti, credenti e non credenti, per la sua umanit\u00e0, cordialit\u00e0 e irresistibile simpatia.\u00a0 Don Sergio \u00e8 stato parroco di Montale per [&hellip;]\" \/>\n<meta property=\"og:url\" content=\"https:\/\/www.noidiqua.it\/Montale\/intitolato-giardino-a-don-sergio-domeniconi\/\" \/>\n<meta property=\"og:site_name\" content=\"Noi di Qua Testata giornalistica e di attualit\u00e0 di Agliana, Montale e Quarrata.\" \/>\n<meta property=\"article:publisher\" content=\"https:\/\/www.facebook.com\/noidiqua.trimestrale\/\" \/>\n<meta property=\"article:published_time\" content=\"2021-03-13T11:32:26+00:00\" \/>\n<meta property=\"article:modified_time\" content=\"2021-07-26T08:57:29+00:00\" \/>\n<meta property=\"og:image\" content=\"https:\/\/www.noidiqua.it\/Montale\/wp-content\/uploads\/2021\/04\/domeniconi.png\" \/>\n<meta name=\"author\" content=\"Giacomo Bini\" \/>\n<meta name=\"twitter:label1\" content=\"Scritto da\" \/>\n\t<meta name=\"twitter:data1\" content=\"Giacomo Bini\" \/>\n\t<meta name=\"twitter:label2\" content=\"Tempo di lettura stimato\" \/>\n\t<meta name=\"twitter:data2\" content=\"2 minuti\" \/>\n<script type=\"application\/ld+json\" class=\"yoast-schema-graph\">{\"@context\":\"https:\/\/schema.org\",\"@graph\":[{\"@type\":\"WebPage\",\"@id\":\"https:\/\/www.noidiqua.it\/Montale\/intitolato-giardino-a-don-sergio-domeniconi\/\",\"url\":\"https:\/\/www.noidiqua.it\/Montale\/intitolato-giardino-a-don-sergio-domeniconi\/\",\"name\":\"Intitolato giardino a don Sergio Domeniconi - Noi di Qua Testata giornalistica e di attualit\u00e0 di Agliana, Montale e Quarrata.\",\"isPartOf\":{\"@id\":\"https:\/\/www.noidiqua.it\/Montale\/#website\"},\"primaryImageOfPage\":{\"@id\":\"https:\/\/www.noidiqua.it\/Montale\/intitolato-giardino-a-don-sergio-domeniconi\/#primaryimage\"},\"image\":{\"@id\":\"https:\/\/www.noidiqua.it\/Montale\/intitolato-giardino-a-don-sergio-domeniconi\/#primaryimage\"},\"thumbnailUrl\":\"https:\/\/www.noidiqua.it\/Montale\/wp-content\/uploads\/2021\/04\/domeniconi.png\",\"datePublished\":\"2021-03-13T11:32:26+00:00\",\"dateModified\":\"2021-07-26T08:57:29+00:00\",\"author\":{\"@id\":\"https:\/\/www.noidiqua.it\/Montale\/#\/schema\/person\/e2e6f44da50af0dae9c90ad168e471a4\"},\"breadcrumb\":{\"@id\":\"https:\/\/www.noidiqua.it\/Montale\/intitolato-giardino-a-don-sergio-domeniconi\/#breadcrumb\"},\"inLanguage\":\"it-IT\",\"potentialAction\":[{\"@type\":\"ReadAction\",\"target\":[\"https:\/\/www.noidiqua.it\/Montale\/intitolato-giardino-a-don-sergio-domeniconi\/\"]}]},{\"@type\":\"ImageObject\",\"inLanguage\":\"it-IT\",\"@id\":\"https:\/\/www.noidiqua.it\/Montale\/intitolato-giardino-a-don-sergio-domeniconi\/#primaryimage\",\"url\":\"https:\/\/www.noidiqua.it\/Montale\/wp-content\/uploads\/2021\/04\/domeniconi.png\",\"contentUrl\":\"https:\/\/www.noidiqua.it\/Montale\/wp-content\/uploads\/2021\/04\/domeniconi.png\",\"width\":483,\"height\":312},{\"@type\":\"BreadcrumbList\",\"@id\":\"https:\/\/www.noidiqua.it\/Montale\/intitolato-giardino-a-don-sergio-domeniconi\/#breadcrumb\",\"itemListElement\":[{\"@type\":\"ListItem\",\"position\":1,\"name\":\"Home\",\"item\":\"https:\/\/www.noidiqua.it\/Montale\/\"},{\"@type\":\"ListItem\",\"position\":2,\"name\":\"Intitolato giardino a don Sergio Domeniconi\"}]},{\"@type\":\"WebSite\",\"@id\":\"https:\/\/www.noidiqua.it\/Montale\/#website\",\"url\":\"https:\/\/www.noidiqua.it\/Montale\/\",\"name\":\"Noi di Qua Testata giornalistica e di attualit\u00e0 di Agliana, Montale e Quarrata.\",\"description\":\"Testata Giornalistica Quarrata Montale Agliana\",\"potentialAction\":[{\"@type\":\"SearchAction\",\"target\":{\"@type\":\"EntryPoint\",\"urlTemplate\":\"https:\/\/www.noidiqua.it\/Montale\/?s={search_term_string}\"},\"query-input\":{\"@type\":\"PropertyValueSpecification\",\"valueRequired\":true,\"valueName\":\"search_term_string\"}}],\"inLanguage\":\"it-IT\"},{\"@type\":\"Person\",\"@id\":\"https:\/\/www.noidiqua.it\/Montale\/#\/schema\/person\/e2e6f44da50af0dae9c90ad168e471a4\",\"name\":\"Giacomo Bini\",\"image\":{\"@type\":\"ImageObject\",\"inLanguage\":\"it-IT\",\"@id\":\"https:\/\/www.noidiqua.it\/Montale\/#\/schema\/person\/image\/\",\"url\":\"https:\/\/secure.gravatar.com\/avatar\/e5c18ae41df5ae37397358f2c6046696187d51a120c5d0b8f0c49f7b606f46f4?s=96&d=mm&r=g\",\"contentUrl\":\"https:\/\/secure.gravatar.com\/avatar\/e5c18ae41df5ae37397358f2c6046696187d51a120c5d0b8f0c49f7b606f46f4?s=96&d=mm&r=g\",\"caption\":\"Giacomo Bini\"},\"url\":\"https:\/\/www.noidiqua.it\/Montale\/author\/giacomo-bini\/\"}]}<\/script>\n<!-- \/ Yoast SEO plugin. -->","yoast_head_json":{"title":"Intitolato giardino a don Sergio Domeniconi - Noi di Qua Testata giornalistica e di attualit\u00e0 di Agliana, Montale e Quarrata.","robots":{"index":"index","follow":"follow","max-snippet":"max-snippet:-1","max-image-preview":"max-image-preview:large","max-video-preview":"max-video-preview:-1"},"canonical":"https:\/\/www.noidiqua.it\/Montale\/intitolato-giardino-a-don-sergio-domeniconi\/","og_locale":"it_IT","og_type":"article","og_title":"Intitolato giardino a don Sergio Domeniconi - Noi di Qua Testata giornalistica e di attualit\u00e0 di Agliana, Montale e Quarrata.","og_description":"di\u00a0Giacomo Bini marzo 2021 L\u2019intitolazione a don Sergio Domeniconi del giardino della Badia, inaugurato il 6 febbraio scorso, \u00e8 un modo doveroso con cui la comunit\u00e0 di Montale ricorda un parroco amatissimo da tutti, credenti e non credenti, per la sua umanit\u00e0, cordialit\u00e0 e irresistibile simpatia.\u00a0 Don Sergio \u00e8 stato parroco di Montale per [&hellip;]","og_url":"https:\/\/www.noidiqua.it\/Montale\/intitolato-giardino-a-don-sergio-domeniconi\/","og_site_name":"Noi di Qua Testata giornalistica e di attualit\u00e0 di Agliana, Montale e Quarrata.","article_publisher":"https:\/\/www.facebook.com\/noidiqua.trimestrale\/","article_published_time":"2021-03-13T11:32:26+00:00","article_modified_time":"2021-07-26T08:57:29+00:00","og_image":[{"url":"https:\/\/www.noidiqua.it\/Montale\/wp-content\/uploads\/2021\/04\/domeniconi.png","type":"","width":"","height":""}],"author":"Giacomo Bini","twitter_misc":{"Scritto da":"Giacomo Bini","Tempo di lettura stimato":"2 minuti"},"schema":{"@context":"https:\/\/schema.org","@graph":[{"@type":"WebPage","@id":"https:\/\/www.noidiqua.it\/Montale\/intitolato-giardino-a-don-sergio-domeniconi\/","url":"https:\/\/www.noidiqua.it\/Montale\/intitolato-giardino-a-don-sergio-domeniconi\/","name":"Intitolato giardino a don Sergio Domeniconi - Noi di Qua Testata giornalistica e di attualit\u00e0 di Agliana, Montale e Quarrata.","isPartOf":{"@id":"https:\/\/www.noidiqua.it\/Montale\/#website"},"primaryImageOfPage":{"@id":"https:\/\/www.noidiqua.it\/Montale\/intitolato-giardino-a-don-sergio-domeniconi\/#primaryimage"},"image":{"@id":"https:\/\/www.noidiqua.it\/Montale\/intitolato-giardino-a-don-sergio-domeniconi\/#primaryimage"},"thumbnailUrl":"https:\/\/www.noidiqua.it\/Montale\/wp-content\/uploads\/2021\/04\/domeniconi.png","datePublished":"2021-03-13T11:32:26+00:00","dateModified":"2021-07-26T08:57:29+00:00","author":{"@id":"https:\/\/www.noidiqua.it\/Montale\/#\/schema\/person\/e2e6f44da50af0dae9c90ad168e471a4"},"breadcrumb":{"@id":"https:\/\/www.noidiqua.it\/Montale\/intitolato-giardino-a-don-sergio-domeniconi\/#breadcrumb"},"inLanguage":"it-IT","potentialAction":[{"@type":"ReadAction","target":["https:\/\/www.noidiqua.it\/Montale\/intitolato-giardino-a-don-sergio-domeniconi\/"]}]},{"@type":"ImageObject","inLanguage":"it-IT","@id":"https:\/\/www.noidiqua.it\/Montale\/intitolato-giardino-a-don-sergio-domeniconi\/#primaryimage","url":"https:\/\/www.noidiqua.it\/Montale\/wp-content\/uploads\/2021\/04\/domeniconi.png","contentUrl":"https:\/\/www.noidiqua.it\/Montale\/wp-content\/uploads\/2021\/04\/domeniconi.png","width":483,"height":312},{"@type":"BreadcrumbList","@id":"https:\/\/www.noidiqua.it\/Montale\/intitolato-giardino-a-don-sergio-domeniconi\/#breadcrumb","itemListElement":[{"@type":"ListItem","position":1,"name":"Home","item":"https:\/\/www.noidiqua.it\/Montale\/"},{"@type":"ListItem","position":2,"name":"Intitolato giardino a don Sergio Domeniconi"}]},{"@type":"WebSite","@id":"https:\/\/www.noidiqua.it\/Montale\/#website","url":"https:\/\/www.noidiqua.it\/Montale\/","name":"Noi di Qua Testata giornalistica e di attualit\u00e0 di Agliana, Montale e Quarrata.","description":"Testata Giornalistica Quarrata Montale Agliana","potentialAction":[{"@type":"SearchAction","target":{"@type":"EntryPoint","urlTemplate":"https:\/\/www.noidiqua.it\/Montale\/?s={search_term_string}"},"query-input":{"@type":"PropertyValueSpecification","valueRequired":true,"valueName":"search_term_string"}}],"inLanguage":"it-IT"},{"@type":"Person","@id":"https:\/\/www.noidiqua.it\/Montale\/#\/schema\/person\/e2e6f44da50af0dae9c90ad168e471a4","name":"Giacomo Bini","image":{"@type":"ImageObject","inLanguage":"it-IT","@id":"https:\/\/www.noidiqua.it\/Montale\/#\/schema\/person\/image\/","url":"https:\/\/secure.gravatar.com\/avatar\/e5c18ae41df5ae37397358f2c6046696187d51a120c5d0b8f0c49f7b606f46f4?s=96&d=mm&r=g","contentUrl":"https:\/\/secure.gravatar.com\/avatar\/e5c18ae41df5ae37397358f2c6046696187d51a120c5d0b8f0c49f7b606f46f4?s=96&d=mm&r=g","caption":"Giacomo Bini"},"url":"https:\/\/www.noidiqua.it\/Montale\/author\/giacomo-bini\/"}]}},"_links":{"self":[{"href":"https:\/\/www.noidiqua.it\/Montale\/wp-json\/wp\/v2\/posts\/5611","targetHints":{"allow":["GET"]}}],"collection":[{"href":"https:\/\/www.noidiqua.it\/Montale\/wp-json\/wp\/v2\/posts"}],"about":[{"href":"https:\/\/www.noidiqua.it\/Montale\/wp-json\/wp\/v2\/types\/post"}],"author":[{"embeddable":true,"href":"https:\/\/www.noidiqua.it\/Montale\/wp-json\/wp\/v2\/users\/12"}],"replies":[{"embeddable":true,"href":"https:\/\/www.noidiqua.it\/Montale\/wp-json\/wp\/v2\/comments?post=5611"}],"version-history":[{"count":2,"href":"https:\/\/www.noidiqua.it\/Montale\/wp-json\/wp\/v2\/posts\/5611\/revisions"}],"predecessor-version":[{"id":5614,"href":"https:\/\/www.noidiqua.it\/Montale\/wp-json\/wp\/v2\/posts\/5611\/revisions\/5614"}],"wp:attachment":[{"href":"https:\/\/www.noidiqua.it\/Montale\/wp-json\/wp\/v2\/media?parent=5611"}],"wp:term":[{"taxonomy":"category","embeddable":true,"href":"https:\/\/www.noidiqua.it\/Montale\/wp-json\/wp\/v2\/categories?post=5611"},{"taxonomy":"post_tag","embeddable":true,"href":"https:\/\/www.noidiqua.it\/Montale\/wp-json\/wp\/v2\/tags?post=5611"}],"curies":[{"name":"wp","href":"https:\/\/api.w.org\/{rel}","templated":true}]}}