{"id":5619,"date":"2021-03-13T12:43:30","date_gmt":"2021-03-13T11:43:30","guid":{"rendered":"https:\/\/www.noidiqua.it\/Montale\/?p=5619"},"modified":"2022-01-17T12:48:13","modified_gmt":"2022-01-17T11:48:13","slug":"il-doping","status":"publish","type":"post","link":"https:\/\/www.noidiqua.it\/Montale\/il-doping\/","title":{"rendered":"il doping"},"content":{"rendered":"<p><em>di Massimo Cappelli<\/em><\/p>\n\n\n\n<p><em>marzo 2021<\/em><\/p>\n\n\n<p><a href=\"https:\/\/www.noidiqua.it\/Montale\/wp-content\/uploads\/2021\/04\/concludendo.png\" rel=\"wp-prettyPhoto[5619]\"><img loading=\"lazy\" decoding=\"async\" class=\"aligncenter size-full wp-image-5620\" src=\"https:\/\/www.noidiqua.it\/Montale\/wp-content\/uploads\/2021\/04\/concludendo.png\" alt=\"\" width=\"487\" height=\"359\" srcset=\"https:\/\/www.noidiqua.it\/Montale\/wp-content\/uploads\/2021\/04\/concludendo.png 487w, https:\/\/www.noidiqua.it\/Montale\/wp-content\/uploads\/2021\/04\/concludendo-300x221.png 300w\" sizes=\"auto, (max-width: 487px) 100vw, 487px\" \/><\/a><\/p>\n<p><\/p>\n<p>Una decina di anni fa, quando mio figlio Matteo faceva ancora le elementari, la sua scuola, al fine di informare i ragazzi sul problema del doping nello sport, partecip\u00f2 ad un concorso letterario, dove i ragazzi, aiutati dai genitori visto l\u2019argomento presumibilmente a loro sconosciuto, dovevano comporre un tema partendo da un incipit fornito dall\u2019organizzazione. Il componimento doveva completare una storia il cui inizio, uguale per tutti, parlava dell\u2019espulsione per doping da un fantomatico giro d\u2019Italia, di Duccio, il fratello maggiore di Valerio, che noi faremo diventare il protagonista. Come scoprirete leggendo venne fuori un bel racconto, non solo per merito nostro, ma soprattutto perch\u00e9 da poco tempo, grazie a Loretta Cafissi Fabbri (che per anni ha curato sul nostro giornale la rubrica di ricette), avevo conosciuto Alfredo Martini, lo storico commissario tecnico della Nazionale italiana di ciclismo, il quale mi fece delle rivelazioni che usai per tessere la trama della narrazione. Il nostro lavoro purtroppo non fu scelto, e di conseguenza non fummo ammessi al concorso; dopo tanti anni per\u00f2 mi prendo la rivincita e lo pubblico su NoiDiQua. Senza voler peccare di presunzione sono convinto che questo Concludendo, anche se un po\u2019 diverso, vi piacer\u00e0.<\/p>\n<p> <\/p>\n<p><strong>Il Doping<\/strong><\/p>\n<p> <\/p>\n<p><em>\u201cLa maglia rosa questa mattina non ha preso il via\u201d <\/em>annunci\u00f2 la televisione, appena il nonno l&#8217;accese. Cos\u00ec. Dieci parole che mi si piantarono nel cuore come coltelli, una dopo l&#8217;altra, e che non mi tirer\u00f2 mai via. La maglia rosa era mio fratello Duccio.<em> \u00abValerio, perch\u00e9 Duccio non \u00e8 partito?\u00bb<\/em> Mi chiese Tobia, il mio miglior amico. Anche Bianca mi punt\u00f2 addosso due occhi a forma di punto interrogativo, ma io pi\u00f9 che alzare le spalle, non sapevo fare. Perch\u00e9 non era partito? Se mio fratello avesse respinto gli attacchi in quella tappa terribile, piena di salite, avrebbe portato la maglia rosa fino alla fine, a Milano, e avrebbe vinto il Giro a soli 21 anni, e noi tutti lo avremmo raggiunto all\u2019arrivo per festeggiare. Una favola! E invece la televisione mostr\u00f2 le immagini di Duccio che saliva su un&#8217;auto dei Carabinieri, e spiegava che era stato sospeso dalla corsa dopo un controllo anti-doping. In un attimo, la vita della mia famiglia slitt\u00f2 come un tubolare sull&#8217;asfalto bagnato e si capovolse: dalla favola. All\u2019incubo. Sapevo che i giornali avrebbero trasformato Duccio, il fratello che adoravo, in un mostro. E poi pap\u00e0, che non aveva mai amato il ciclismo, dopo questa storia, sicuramente mi avrebbe impedito di fare ancora gare. Neppure nonno Tino, che da giovane ha corso qualche giro d&#8217;Italia, avrebbe potuto aiutarmi.<\/p>\n<p>La sera stessa Duccio telefon\u00f2 a suo fratello Valerio e gli raccont\u00f2 che quel pomeriggio, al ritorno dal commissario federale, salutato il suo capitano, il direttore di gara e il suo commissario tecnico, and\u00f2 a riposare nella sua stanza di albergo. Sul letto pensava a quando, mesi prima, era stato imbroccato da quelle persone, e a ci\u00f2 che gli avevano riferito: se voleva vincere e al contempo fare vita mondana e divertirsi in discoteca, doveva prendere quella roba, anche perch\u00e9 tutti nell&#8217;ambiente la prendevano e se lui non si fosse dopato sarebbe stato molto svantaggiato. Inoltre dicevano anche che erano sostanze non visibili in caso di analisi.<\/p>\n<p>Si appisol\u00f2, e dormendo sogn\u00f2 nonno Tino. Nel sogno il nonno gli ripeteva il racconto che da piccoli lui e suo fratello gli chiedevano continuamente; quello stesso racconto che aveva contribuito a far nascere in loro la passione per il ciclismo: <em>\u201cRicordo una gara di moltissimi anni fa: quando ero nella squadra del grande Fausto, ero in preda ad una brutta crisi e il capitano mi chiese una borraccia d&#8217;acqua. Essendo un suo gregario era mio dovere accontentare ogni sua richiesta. Conoscevo una fontana nei paraggi e nonostante la crisi mi accinsi ad andare a riempire le borracce. Non ce la feci, anche se la testa voleva andare, le gambe non rispondevano pi\u00f9. Mi ritrovai triste e sconsolato in coda alla corsa, pedalando piano piano a testa bassa proprio davanti all&#8217;ambulanza. Ad un tratto, vidi Fausto venirmi incontro nel senso inverso della corsa, con una borraccia piena di acqua fresca anche per me. Era il mio capitano che portava acqua fresca&#8230; proprio a me. Ecco, ragazzi, questo \u00e8 il ciclismo: il pi\u00f9 semplice e il pi\u00f9 nobile fra gli sport, fatto di tanta generosit\u00e0 e di tantissima fatica, ma anche di tanto altruismo, di lealt\u00e0 e di solidariet\u00e0, sia con i compagni che con gli avversari\u201d.<\/em> Duccio si svegli\u00f2 di colpo piangendo e pensando a come avrebbe fatto in futuro a guardare negli occhi suo nonno, suo padre, sua madre, il fratello, gli amici e tutta la gente in paese. Con quel suo comportamento irresponsabile aveva deluso tutti. L&#8217;indomani sarebbe ripartito per casa e avrebbe dovuto affrontare tutti, la famiglia e il resto.<\/p>\n<p>Il taxi lo ferm\u00f2 proprio davanti al cancelletto del giardino, la prima ad accorgersi del suo arrivo fu Mya, la simpatica maltesina che da tre anni faceva parte della famiglia, Mya inizi\u00f2 ad abbaiare comunicando a tutti che Duccio era tornato a casa. Appoggi\u00f2 per terra il bagaglio, prese in braccio la canina e vide il portone di casa aprirsi. Mamma gli si butt\u00f2 al collo baciandolo piangendo, poi entr\u00f2 in casa. Nonno Tino e Valerio erano, rispettivamente, sulla sua sedia di sempre, e il secondo in piedi, al suo fianco, a testa bassa. Suo padre non si era ancora fatto vedere. Il nonno, guardandolo di traverso, facendo teneramente gli occhiacci e agitando bonariamente il suo bastone verso Duccio, esort\u00f2: <em>\u00abNon ti ho mica insegnato cos\u00ec&#8230; io\u00bb<\/em>. A queste parole, il pap\u00e0, scendendo dalle scale e puntando il dito verso di lui, a voce sbraitante che rimbombava in tutta la stanza e sembrava ti entrasse non dalle orecchie ma direttamente dalle tempie, esclam\u00f2: <em>\u00abCosa ti sembra di aver fatto? Eh? Se prima eravamo solo noi di famiglia a sapere quanto sei stupido, adesso, dai giornali, lo sa tutta la nazione. Quando io ti dicevo di lasciar perdere il ciclismo e di seguire scienze politiche avevo ragione. Adesso invece, il tuo comportamento sicuramente avr\u00e0 ripercussioni anche sulla mia carriera. Sei contento adesso, campione?\u00bb<\/em><\/p>\n<p><\/p>\n<p>\u00a0<\/p>\n\n<p><a href=\"https:\/\/www.noidiqua.it\/Montale\/wp-content\/uploads\/2021\/04\/concludendo-2.png\" rel=\"wp-prettyPhoto[5619]\"><img loading=\"lazy\" decoding=\"async\" class=\"aligncenter size-full wp-image-5621\" src=\"https:\/\/www.noidiqua.it\/Montale\/wp-content\/uploads\/2021\/04\/concludendo-2.png\" alt=\"\" width=\"481\" height=\"460\" srcset=\"https:\/\/www.noidiqua.it\/Montale\/wp-content\/uploads\/2021\/04\/concludendo-2.png 481w, https:\/\/www.noidiqua.it\/Montale\/wp-content\/uploads\/2021\/04\/concludendo-2-300x287.png 300w\" sizes=\"auto, (max-width: 481px) 100vw, 481px\" \/><\/a><\/p>\n<p><\/p>\n<p>La mamma esort\u00f2 tutti ad andare a tavola dato che il pranzo era pronto. Nel frattempo arrivarono anche gli unici due invitati: gli amici di sempre, Bianca e Tobia. Il nonno a capotavola e tutti gli altri al loro posto aspettavano, in silenzio, che la mamma servisse la prima portata. Il silenzio fu interrotto da nonno Tino, che rivolgendosi a suo figlio, disse: <em>\u00abNon ti permettere mai pi\u00f9 di rivolgerti cos\u00ec al tuo figliolo. Devi sapere che quando una persona ha sbagliato, vuol dire che, perlomeno, qualcosa ha fatto. Molte persone agiscono e sbagliano, e lo sbaglio deve essere un insegnamento per non sbagliare di nuovo. Io avrei sempre voluto che tu avessi preso la mia strada e la mia passione, facendo del ciclismo la tua professione. Per la tua grande paura della competizione non hai mai voluto correre in bicicletta, perch\u00e9 tu devi sempre vincere, solo vincere, vincere per forza! Per\u00f2 senza confrontarti e senza soffrire. \u00c8 per questo che hai scelto la carriera politica\u00bb<\/em>.Tutti iniziarono a mangiare in silenzio. Mya pass\u00f2 da tutti alzandosi sulle due zampe posteriori, e strisciando una zampina anteriore sulla gamba di Duccio chiese un po&#8217; di pane.\u00a0<\/p>\n<p>Dopo aver soddisfatto lo sfizio della canina, Duccio si alz\u00f2 in piedi e disse:<em> \u00abIo chiedo scusa a tutti, perch\u00e9 con il mio comportamento ho offeso non solo uno sport nobile come il ciclismo, ma ho tradito tutti voi che mi siete da sempre stati vicini. Vorrei per\u00f2 farvi capire che tutto il mondo dello sport \u00e8 inquinato. Tutto lo sport \u00e8 diventato una macchina da soldi, esso viene strumentalizzato da persone senza scrupoli. In alcuni ambiti per &#8220;ripulire&#8221; denaro nero e in altri per fare da mercato a sostanze illecite che creano tanto business agli aguzzini. Poi le scommesse, tutto quello che \u00e8 venuto sui giornali, e quello che deve ancora venir fuori. <\/em>Poi, piangendo, prosegu\u00ec ancora. <em>\u00abIo ho sbagliato, e credo che la mia scelta pi\u00f9 saggia sia quella di ritirarmi. Non posso per\u00f2 abbandonare questo sport meraviglioso, per cui vorrei fare il preparatore a Valerio; lui \u00e8 cinque anni pi\u00f9 giovane di me e vorrei seguirlo insegnandogli tutto ci\u00f2 che io ho imparato per portarlo al livello che ho raggiunto io. E sono sicuro che arriver\u00e0 pi\u00f9 in alto di me\u00bb<\/em>.Tutti rimasero stupiti da queste parole, anche la canina non chiese pi\u00f9 pane e sembrava essere stata coinvolta da quello che aveva detto Duccio.\u00a0<\/p>\n<p>Soltanto il padre si stava abbuffando, da solo, sull\u2019ottimo coniglio in umido preparato dalla moglie, ma venne richiamato da nonno Tino: <em>\u00abEhi tu, lo hai sentito tuo figlio, o stai solo pensando a mangiare? Ha detto tante cose belle. Vedete, la vita, \u00e8 un po&#8217; come una corsa in bicicletta, in essa ci sono salite e discese, e quando ci arrampichiamo su di una salita, soffriamo, ma ci allieta il pensiero che presto ci sar\u00e0 la discesa. Duccio adesso si trova nel pieno della salita ma il suo pensiero \u00e8 rivolto alla discesa, questa discesa si chiama Valerio. Sono convinto che con suo fratello accanto, anche Valerio sentir\u00e0 meno la fatica nelle salite che affronter\u00e0, e questo lo far\u00e0 arrivare molto lontano\u00bb<\/em>.<\/p>\n<p> <\/p>\n<p><strong>Qualche anno dopo<\/strong>.<\/p>\n<p> <\/p>\n<p><em>\u201cMa ecco che il gruppetto di testa entra sugli Champs \u00c9lys\u00e9es\u201d <\/em>annuncia il telecronista, <em>\u201canche la maglia gialla \u00e8 in quel gruppo e questo conferma la sua posizione facendogli vincere questo Tour de France. Ecco che la telecamera inquadra il manager e preparatore del vincitore del Tour, suo fratello Duccio, coinvolto, qualche anno fa, in uno scandalo relativo al doping, dopo il quale si ritir\u00f2 dalle gare\u201d<\/em>. Bianca, in un albergo l\u00ec vicino, davanti alla televisione, con il suo bambino in braccio, piange commossa. Sa che fra poco, il suo Valerio, dopo le consuetudini, le interviste e tutto il resto, la chiamer\u00e0. E pi\u00f9 tardi potr\u00e0 abbracciarlo. L&#8217;incubo \u00e8 finito e&#8230; la favola continua. Peccato che nonno Tino non possa godere di questa vittoria: da qualche anno se n&#8217;\u00e8 andato, era vicino al traguardo dei cento anni, purtroppo, per\u00f2, non \u00e8 riuscito a tirare a fondo la volata. A Bianca viene in mente il giorno del suo matrimonio, quando il nonno le sussurr\u00f2 all&#8217;orecchio: <em>\u00abSiete una coppia perfetta, perch\u00e9 tu ti chiami Bianca e diventerai la sua sposa, la sua \u201cdama\u201d, e lui diventer\u00e0 un campione del ciclismo. Anch&#8217;io, molti anni fa, ho conosciuto un grande campione che aveva la sua Dama&#8230; Bianca\u00bb<\/em>.<\/p>\n<p> <\/p>\n<p><em>Immagine orizzontale: Alfredo Fabbri ,\u201cCicloamatori\u201d, litografia anni &#8217;80.\u00a0<\/em><\/p>\n<p><em>Foto in bianco e nero: Alfredo Martini, storico C.T. della Nazionale italiana di ciclismo.<\/em><\/p>\n<p><\/p>","protected":false},"excerpt":{"rendered":"<p>di Massimo Cappelli marzo 2021 Una decina di anni fa, quando mio figlio Matteo faceva ancora le elementari, la sua scuola, al fine di informare i ragazzi sul problema del doping nello sport, partecip\u00f2 ad un concorso letterario, dove i ragazzi, aiutati dai genitori visto l\u2019argomento presumibilmente a loro sconosciuto, dovevano comporre un tema [&hellip;]<\/p>","protected":false},"author":7,"featured_media":0,"comment_status":"open","ping_status":"open","sticky":false,"template":"","format":"standard","meta":{"footnotes":""},"categories":[24,7],"tags":[],"class_list":["post-5619","post","type-post","status-publish","format-standard","hentry","category-concludendo-qt","category-mt"],"yoast_head":"<!-- This site is optimized with the Yoast SEO plugin v25.5 - https:\/\/yoast.com\/wordpress\/plugins\/seo\/ -->\n<title>il doping - Noi di Qua Testata giornalistica e di attualit\u00e0 di Agliana, Montale e Quarrata.<\/title>\n<meta name=\"robots\" content=\"index, follow, max-snippet:-1, max-image-preview:large, max-video-preview:-1\" \/>\n<link rel=\"canonical\" href=\"https:\/\/www.noidiqua.it\/Montale\/il-doping\/\" \/>\n<meta property=\"og:locale\" content=\"it_IT\" \/>\n<meta property=\"og:type\" content=\"article\" \/>\n<meta property=\"og:title\" content=\"il doping - Noi di Qua Testata giornalistica e di attualit\u00e0 di Agliana, Montale e Quarrata.\" \/>\n<meta property=\"og:description\" content=\"di Massimo Cappelli marzo 2021 Una decina di anni fa, quando mio figlio Matteo faceva ancora le elementari, la sua scuola, al fine di informare i ragazzi sul problema del doping nello sport, partecip\u00f2 ad un concorso letterario, dove i ragazzi, aiutati dai genitori visto l\u2019argomento presumibilmente a loro sconosciuto, dovevano comporre un tema [&hellip;]\" \/>\n<meta property=\"og:url\" content=\"https:\/\/www.noidiqua.it\/Montale\/il-doping\/\" \/>\n<meta property=\"og:site_name\" content=\"Noi di Qua Testata giornalistica e di attualit\u00e0 di Agliana, Montale e Quarrata.\" \/>\n<meta property=\"article:publisher\" content=\"https:\/\/www.facebook.com\/noidiqua.trimestrale\/\" \/>\n<meta property=\"article:published_time\" content=\"2021-03-13T11:43:30+00:00\" \/>\n<meta property=\"article:modified_time\" content=\"2022-01-17T11:48:13+00:00\" \/>\n<meta property=\"og:image\" content=\"https:\/\/www.noidiqua.it\/Montale\/wp-content\/uploads\/2021\/04\/concludendo.png\" \/>\n<meta name=\"author\" content=\"Massimo Cappelli\" \/>\n<meta name=\"twitter:label1\" content=\"Scritto da\" \/>\n\t<meta name=\"twitter:data1\" content=\"Massimo Cappelli\" \/>\n\t<meta name=\"twitter:label2\" content=\"Tempo di lettura stimato\" \/>\n\t<meta name=\"twitter:data2\" content=\"9 minuti\" \/>\n<script type=\"application\/ld+json\" class=\"yoast-schema-graph\">{\"@context\":\"https:\/\/schema.org\",\"@graph\":[{\"@type\":\"WebPage\",\"@id\":\"https:\/\/www.noidiqua.it\/Montale\/il-doping\/\",\"url\":\"https:\/\/www.noidiqua.it\/Montale\/il-doping\/\",\"name\":\"il doping - Noi di Qua Testata giornalistica e di attualit\u00e0 di Agliana, Montale e Quarrata.\",\"isPartOf\":{\"@id\":\"https:\/\/www.noidiqua.it\/Montale\/#website\"},\"primaryImageOfPage\":{\"@id\":\"https:\/\/www.noidiqua.it\/Montale\/il-doping\/#primaryimage\"},\"image\":{\"@id\":\"https:\/\/www.noidiqua.it\/Montale\/il-doping\/#primaryimage\"},\"thumbnailUrl\":\"https:\/\/www.noidiqua.it\/Montale\/wp-content\/uploads\/2021\/04\/concludendo.png\",\"datePublished\":\"2021-03-13T11:43:30+00:00\",\"dateModified\":\"2022-01-17T11:48:13+00:00\",\"author\":{\"@id\":\"https:\/\/www.noidiqua.it\/Montale\/#\/schema\/person\/858b1b9db61101126e5ded39f94daedb\"},\"breadcrumb\":{\"@id\":\"https:\/\/www.noidiqua.it\/Montale\/il-doping\/#breadcrumb\"},\"inLanguage\":\"it-IT\",\"potentialAction\":[{\"@type\":\"ReadAction\",\"target\":[\"https:\/\/www.noidiqua.it\/Montale\/il-doping\/\"]}]},{\"@type\":\"ImageObject\",\"inLanguage\":\"it-IT\",\"@id\":\"https:\/\/www.noidiqua.it\/Montale\/il-doping\/#primaryimage\",\"url\":\"https:\/\/www.noidiqua.it\/Montale\/wp-content\/uploads\/2021\/04\/concludendo.png\",\"contentUrl\":\"https:\/\/www.noidiqua.it\/Montale\/wp-content\/uploads\/2021\/04\/concludendo.png\",\"width\":487,\"height\":359},{\"@type\":\"BreadcrumbList\",\"@id\":\"https:\/\/www.noidiqua.it\/Montale\/il-doping\/#breadcrumb\",\"itemListElement\":[{\"@type\":\"ListItem\",\"position\":1,\"name\":\"Home\",\"item\":\"https:\/\/www.noidiqua.it\/Montale\/\"},{\"@type\":\"ListItem\",\"position\":2,\"name\":\"il doping\"}]},{\"@type\":\"WebSite\",\"@id\":\"https:\/\/www.noidiqua.it\/Montale\/#website\",\"url\":\"https:\/\/www.noidiqua.it\/Montale\/\",\"name\":\"Noi di Qua Testata giornalistica e di attualit\u00e0 di Agliana, Montale e Quarrata.\",\"description\":\"Testata Giornalistica Quarrata Montale Agliana\",\"potentialAction\":[{\"@type\":\"SearchAction\",\"target\":{\"@type\":\"EntryPoint\",\"urlTemplate\":\"https:\/\/www.noidiqua.it\/Montale\/?s={search_term_string}\"},\"query-input\":{\"@type\":\"PropertyValueSpecification\",\"valueRequired\":true,\"valueName\":\"search_term_string\"}}],\"inLanguage\":\"it-IT\"},{\"@type\":\"Person\",\"@id\":\"https:\/\/www.noidiqua.it\/Montale\/#\/schema\/person\/858b1b9db61101126e5ded39f94daedb\",\"name\":\"Massimo Cappelli\",\"image\":{\"@type\":\"ImageObject\",\"inLanguage\":\"it-IT\",\"@id\":\"https:\/\/www.noidiqua.it\/Montale\/#\/schema\/person\/image\/\",\"url\":\"https:\/\/secure.gravatar.com\/avatar\/0e7261535228aa9bb0417ab8f42f3fadaf8ce23bdfde46c689c43410a676cfa9?s=96&d=mm&r=g\",\"contentUrl\":\"https:\/\/secure.gravatar.com\/avatar\/0e7261535228aa9bb0417ab8f42f3fadaf8ce23bdfde46c689c43410a676cfa9?s=96&d=mm&r=g\",\"caption\":\"Massimo Cappelli\"},\"url\":\"https:\/\/www.noidiqua.it\/Montale\/author\/massimo-cappelli\/\"}]}<\/script>\n<!-- \/ Yoast SEO plugin. -->","yoast_head_json":{"title":"il doping - Noi di Qua Testata giornalistica e di attualit\u00e0 di Agliana, Montale e Quarrata.","robots":{"index":"index","follow":"follow","max-snippet":"max-snippet:-1","max-image-preview":"max-image-preview:large","max-video-preview":"max-video-preview:-1"},"canonical":"https:\/\/www.noidiqua.it\/Montale\/il-doping\/","og_locale":"it_IT","og_type":"article","og_title":"il doping - Noi di Qua Testata giornalistica e di attualit\u00e0 di Agliana, Montale e Quarrata.","og_description":"di Massimo Cappelli marzo 2021 Una decina di anni fa, quando mio figlio Matteo faceva ancora le elementari, la sua scuola, al fine di informare i ragazzi sul problema del doping nello sport, partecip\u00f2 ad un concorso letterario, dove i ragazzi, aiutati dai genitori visto l\u2019argomento presumibilmente a loro sconosciuto, dovevano comporre un tema [&hellip;]","og_url":"https:\/\/www.noidiqua.it\/Montale\/il-doping\/","og_site_name":"Noi di Qua Testata giornalistica e di attualit\u00e0 di Agliana, Montale e Quarrata.","article_publisher":"https:\/\/www.facebook.com\/noidiqua.trimestrale\/","article_published_time":"2021-03-13T11:43:30+00:00","article_modified_time":"2022-01-17T11:48:13+00:00","og_image":[{"url":"https:\/\/www.noidiqua.it\/Montale\/wp-content\/uploads\/2021\/04\/concludendo.png","type":"","width":"","height":""}],"author":"Massimo Cappelli","twitter_misc":{"Scritto da":"Massimo Cappelli","Tempo di lettura stimato":"9 minuti"},"schema":{"@context":"https:\/\/schema.org","@graph":[{"@type":"WebPage","@id":"https:\/\/www.noidiqua.it\/Montale\/il-doping\/","url":"https:\/\/www.noidiqua.it\/Montale\/il-doping\/","name":"il doping - Noi di Qua Testata giornalistica e di attualit\u00e0 di Agliana, Montale e Quarrata.","isPartOf":{"@id":"https:\/\/www.noidiqua.it\/Montale\/#website"},"primaryImageOfPage":{"@id":"https:\/\/www.noidiqua.it\/Montale\/il-doping\/#primaryimage"},"image":{"@id":"https:\/\/www.noidiqua.it\/Montale\/il-doping\/#primaryimage"},"thumbnailUrl":"https:\/\/www.noidiqua.it\/Montale\/wp-content\/uploads\/2021\/04\/concludendo.png","datePublished":"2021-03-13T11:43:30+00:00","dateModified":"2022-01-17T11:48:13+00:00","author":{"@id":"https:\/\/www.noidiqua.it\/Montale\/#\/schema\/person\/858b1b9db61101126e5ded39f94daedb"},"breadcrumb":{"@id":"https:\/\/www.noidiqua.it\/Montale\/il-doping\/#breadcrumb"},"inLanguage":"it-IT","potentialAction":[{"@type":"ReadAction","target":["https:\/\/www.noidiqua.it\/Montale\/il-doping\/"]}]},{"@type":"ImageObject","inLanguage":"it-IT","@id":"https:\/\/www.noidiqua.it\/Montale\/il-doping\/#primaryimage","url":"https:\/\/www.noidiqua.it\/Montale\/wp-content\/uploads\/2021\/04\/concludendo.png","contentUrl":"https:\/\/www.noidiqua.it\/Montale\/wp-content\/uploads\/2021\/04\/concludendo.png","width":487,"height":359},{"@type":"BreadcrumbList","@id":"https:\/\/www.noidiqua.it\/Montale\/il-doping\/#breadcrumb","itemListElement":[{"@type":"ListItem","position":1,"name":"Home","item":"https:\/\/www.noidiqua.it\/Montale\/"},{"@type":"ListItem","position":2,"name":"il doping"}]},{"@type":"WebSite","@id":"https:\/\/www.noidiqua.it\/Montale\/#website","url":"https:\/\/www.noidiqua.it\/Montale\/","name":"Noi di Qua Testata giornalistica e di attualit\u00e0 di Agliana, Montale e Quarrata.","description":"Testata Giornalistica Quarrata Montale Agliana","potentialAction":[{"@type":"SearchAction","target":{"@type":"EntryPoint","urlTemplate":"https:\/\/www.noidiqua.it\/Montale\/?s={search_term_string}"},"query-input":{"@type":"PropertyValueSpecification","valueRequired":true,"valueName":"search_term_string"}}],"inLanguage":"it-IT"},{"@type":"Person","@id":"https:\/\/www.noidiqua.it\/Montale\/#\/schema\/person\/858b1b9db61101126e5ded39f94daedb","name":"Massimo Cappelli","image":{"@type":"ImageObject","inLanguage":"it-IT","@id":"https:\/\/www.noidiqua.it\/Montale\/#\/schema\/person\/image\/","url":"https:\/\/secure.gravatar.com\/avatar\/0e7261535228aa9bb0417ab8f42f3fadaf8ce23bdfde46c689c43410a676cfa9?s=96&d=mm&r=g","contentUrl":"https:\/\/secure.gravatar.com\/avatar\/0e7261535228aa9bb0417ab8f42f3fadaf8ce23bdfde46c689c43410a676cfa9?s=96&d=mm&r=g","caption":"Massimo Cappelli"},"url":"https:\/\/www.noidiqua.it\/Montale\/author\/massimo-cappelli\/"}]}},"_links":{"self":[{"href":"https:\/\/www.noidiqua.it\/Montale\/wp-json\/wp\/v2\/posts\/5619","targetHints":{"allow":["GET"]}}],"collection":[{"href":"https:\/\/www.noidiqua.it\/Montale\/wp-json\/wp\/v2\/posts"}],"about":[{"href":"https:\/\/www.noidiqua.it\/Montale\/wp-json\/wp\/v2\/types\/post"}],"author":[{"embeddable":true,"href":"https:\/\/www.noidiqua.it\/Montale\/wp-json\/wp\/v2\/users\/7"}],"replies":[{"embeddable":true,"href":"https:\/\/www.noidiqua.it\/Montale\/wp-json\/wp\/v2\/comments?post=5619"}],"version-history":[{"count":3,"href":"https:\/\/www.noidiqua.it\/Montale\/wp-json\/wp\/v2\/posts\/5619\/revisions"}],"predecessor-version":[{"id":5624,"href":"https:\/\/www.noidiqua.it\/Montale\/wp-json\/wp\/v2\/posts\/5619\/revisions\/5624"}],"wp:attachment":[{"href":"https:\/\/www.noidiqua.it\/Montale\/wp-json\/wp\/v2\/media?parent=5619"}],"wp:term":[{"taxonomy":"category","embeddable":true,"href":"https:\/\/www.noidiqua.it\/Montale\/wp-json\/wp\/v2\/categories?post=5619"},{"taxonomy":"post_tag","embeddable":true,"href":"https:\/\/www.noidiqua.it\/Montale\/wp-json\/wp\/v2\/tags?post=5619"}],"curies":[{"name":"wp","href":"https:\/\/api.w.org\/{rel}","templated":true}]}}