{"id":5635,"date":"2020-12-11T09:44:27","date_gmt":"2020-12-11T08:44:27","guid":{"rendered":"https:\/\/www.noidiqua.it\/Montale\/?p=5635"},"modified":"2021-05-11T10:02:57","modified_gmt":"2021-05-11T08:02:57","slug":"platone-e-il-covid","status":"publish","type":"post","link":"https:\/\/www.noidiqua.it\/Montale\/platone-e-il-covid\/","title":{"rendered":"Platone e il Covid"},"content":{"rendered":"<p><em>di Giacomo Bini<\/em><\/p>\n\n\n\n<p><em>dicembre 2020<\/em><\/p>\n\n\n<p><a href=\"https:\/\/www.noidiqua.it\/Montale\/wp-content\/uploads\/2021\/05\/platone-Covid.png\" rel=\"wp-prettyPhoto[5635]\"><img loading=\"lazy\" decoding=\"async\" class=\"aligncenter size-full wp-image-5637\" src=\"https:\/\/www.noidiqua.it\/Montale\/wp-content\/uploads\/2021\/05\/platone-Covid.png\" alt=\"\" width=\"584\" height=\"361\" srcset=\"https:\/\/www.noidiqua.it\/Montale\/wp-content\/uploads\/2021\/05\/platone-Covid.png 584w, https:\/\/www.noidiqua.it\/Montale\/wp-content\/uploads\/2021\/05\/platone-Covid-300x185.png 300w\" sizes=\"auto, (max-width: 584px) 100vw, 584px\" \/><\/a><\/p>\n\n\n<p>In un momento in cui la realt\u00e0 \u00e8 difficile da interpretare vogliamo ricordare una vecchia storia, che forse potrebbe esserci utile ora che siamo costretti dagli eventi a riflettere sulla nostra condizione e sul nostro futuro. La storia fu raccontata da un <strong>ateniese <\/strong>di nome <strong>Platone<\/strong>, all\u2019incirca duemila e 400 anni fa. La riportiamo non alla lettera ma liberamente, come le favole che quando si raccontano non sono mai uguali alla volta precedente:&nbsp;<\/p>\n\n\n\n<p><em>\u00abUna volta, tanto tempo fa, gli uomini vagavano sulla faccia della terra e non sapevano come rendere sicura la loro vita. Qualsiasi cosa succedesse era una minaccia. La pioggia inzuppava la loro pelle nuda, la neve la pungeva, la grandine la colpiva. Il caldo torrido del sole procurava sete e febbre picchiando sul capo scoperto. Indifesi, si accalcavano in grotte sotterranee e senza luce. Nessuna scienza medica curava i loro corpi feriti. E non potevano neppure rivolgersi agli altri essere umani per avere aiuto, non prendevano iniziative in comune e non avevano nemmeno una lingua per comunicare. Isolati, muti, nudi, non potevano n\u00e9 ricordare il passato, n\u00e9 fare piani per il futuro: \u201cCome le ombre dei sogni, mescolavano tutto a caso, mentre la loro vita passava\u201d. Si sarebbero subito estinti, vittime della fame, delle intemperie e delle belve se non fosse venuto in loro soccorso un titano, di nome Prometeo, il cui nome alla lettera vuol dire \u201cche pensa prima, cio\u00e8 che sa prevedere\u201d. Prometeo don\u00f2 agli uomini la scienza e la tecnica: architettura, agricoltura, metallurgia, caccia, costruzione di navi, linguaggio, medicina e soprattutto la capacit\u00e0 di calcolare e misurare \u201cil numero, il capo di tutti gli stratagemmi\u201d. L\u2019esistenza umana divenne pi\u00f9 sicura, pi\u00f9 prevedibile; nacque la convinzione che ci fosse un modo per prendere il controllo di se stessi e della propria vita. Ma non era una convinzione del tutto fondata. Gli uomini si resero conto che molte delle loro iniziative erano soggette ad accidenti incontrollabili: terremoti, malattie impreviste, tempeste, pestilenze. Inoltre si accorsero di poter essere sopraffatti anche da spinte incontrollabili presenti dentro di loro, ventate di passione, violente e inarrestabili che offuscavano e distorcevano la loro visione della realt\u00e0 e turbavano i loro comportamenti. Questa mancanza di controllo su se stessi, li rendeva confusi e incerti e l\u2019intelligenza e la scienza non bastavano a rassicurarli. Anche cos\u00ec, ben attrezzati di tecniche e capacit\u00e0 produttive, andavano comunque verso l\u2019estinzione. Allora Zeus, il padre degli dei, per salvarli dalla rovina, invi\u00f2 il suo messaggero Ermes a portare agli uomini due doni: \u201caidos\u201d cio\u00e8 quella sorta di modestia e di pudore che trattiene dagli eccessi e anche \u201cdike\u201d cio\u00e8 la giustizia, perch\u00e9 gli uomini la usassero per costruire ordinamenti buoni nelle citt\u00e0 e legami di collaborazione e solidariet\u00e0. Il messaggero, Ermes, chiese a Zeus se quei due doni doveva darli solo ad alcuni, come avviene con le tecniche, quali la medicina o l\u2019ingegneria, oppure se dovesse darli a tutti. Zeus rispose che doveva darli a tutti, perch\u00e9 altrimenti non poteva nascere una comunit\u00e0 politica. \u00abIstituisci dunque in mio nome una legge \u2013 disse Zeus \u2013 per la quale chi non \u00e8 capace di condividere la modestia e la giustizia sia soppresso come una malattia della citt\u00e0\u00bb<\/em>.<\/p>\n\n\n\n<p>L\u2019augurio che rivolgiamo ai nostri lettori e ai noi stessi per il prossimo anno \u00e8 che la scienza sconfigga la <strong>malattia <\/strong>ma anche che prevalga il senso del limite e la modestia necessaria per imparare e ricordare.&nbsp;<\/p>","protected":false},"excerpt":{"rendered":"<p>di Giacomo Bini dicembre 2020 In un momento in cui la realt\u00e0 \u00e8 difficile da interpretare vogliamo ricordare una vecchia storia, che forse potrebbe esserci utile ora che siamo costretti dagli eventi a riflettere sulla nostra condizione e sul nostro futuro. La storia fu raccontata da un ateniese di nome Platone, all\u2019incirca duemila e [&hellip;]<\/p>","protected":false},"author":12,"featured_media":0,"comment_status":"open","ping_status":"open","sticky":false,"template":"","format":"standard","meta":{"footnotes":""},"categories":[14,7],"tags":[308,2288,2289,1010,900,995,688,2290],"class_list":["post-5635","post","type-post","status-publish","format-standard","hentry","category-appuntired","category-mt","tag-appunti-di-redazione","tag-ateniese","tag-covid","tag-giacomo-bini","tag-malattia","tag-mt","tag-platone","tag-virus"],"yoast_head":"<!-- This site is optimized with the Yoast SEO plugin v25.5 - https:\/\/yoast.com\/wordpress\/plugins\/seo\/ -->\n<title>Platone e il Covid - Noi di Qua Testata giornalistica e di attualit\u00e0 di Agliana, Montale e Quarrata.<\/title>\n<meta name=\"robots\" content=\"index, follow, max-snippet:-1, max-image-preview:large, max-video-preview:-1\" \/>\n<link rel=\"canonical\" href=\"https:\/\/www.noidiqua.it\/Montale\/platone-e-il-covid\/\" \/>\n<meta property=\"og:locale\" content=\"it_IT\" \/>\n<meta property=\"og:type\" content=\"article\" \/>\n<meta property=\"og:title\" content=\"Platone e il Covid - Noi di Qua Testata giornalistica e di attualit\u00e0 di Agliana, Montale e Quarrata.\" \/>\n<meta property=\"og:description\" content=\"di Giacomo Bini dicembre 2020 In un momento in cui la realt\u00e0 \u00e8 difficile da interpretare vogliamo ricordare una vecchia storia, che forse potrebbe esserci utile ora che siamo costretti dagli eventi a riflettere sulla nostra condizione e sul nostro futuro. La storia fu raccontata da un ateniese di nome Platone, all\u2019incirca duemila e [&hellip;]\" \/>\n<meta property=\"og:url\" content=\"https:\/\/www.noidiqua.it\/Montale\/platone-e-il-covid\/\" \/>\n<meta property=\"og:site_name\" content=\"Noi di Qua Testata giornalistica e di attualit\u00e0 di Agliana, Montale e Quarrata.\" \/>\n<meta property=\"article:publisher\" content=\"https:\/\/www.facebook.com\/noidiqua.trimestrale\/\" \/>\n<meta property=\"article:published_time\" content=\"2020-12-11T08:44:27+00:00\" \/>\n<meta property=\"article:modified_time\" content=\"2021-05-11T08:02:57+00:00\" \/>\n<meta property=\"og:image\" content=\"https:\/\/www.noidiqua.it\/Montale\/wp-content\/uploads\/2021\/05\/platone-Covid.png\" \/>\n<meta name=\"author\" content=\"Giacomo Bini\" \/>\n<meta name=\"twitter:label1\" content=\"Scritto da\" \/>\n\t<meta name=\"twitter:data1\" content=\"Giacomo Bini\" \/>\n\t<meta name=\"twitter:label2\" content=\"Tempo di lettura stimato\" \/>\n\t<meta name=\"twitter:data2\" content=\"3 minuti\" \/>\n<script type=\"application\/ld+json\" class=\"yoast-schema-graph\">{\"@context\":\"https:\/\/schema.org\",\"@graph\":[{\"@type\":\"WebPage\",\"@id\":\"https:\/\/www.noidiqua.it\/Montale\/platone-e-il-covid\/\",\"url\":\"https:\/\/www.noidiqua.it\/Montale\/platone-e-il-covid\/\",\"name\":\"Platone e il Covid - Noi di Qua Testata giornalistica e di attualit\u00e0 di Agliana, Montale e Quarrata.\",\"isPartOf\":{\"@id\":\"https:\/\/www.noidiqua.it\/Montale\/#website\"},\"primaryImageOfPage\":{\"@id\":\"https:\/\/www.noidiqua.it\/Montale\/platone-e-il-covid\/#primaryimage\"},\"image\":{\"@id\":\"https:\/\/www.noidiqua.it\/Montale\/platone-e-il-covid\/#primaryimage\"},\"thumbnailUrl\":\"https:\/\/www.noidiqua.it\/Montale\/wp-content\/uploads\/2021\/05\/platone-Covid.png\",\"datePublished\":\"2020-12-11T08:44:27+00:00\",\"dateModified\":\"2021-05-11T08:02:57+00:00\",\"author\":{\"@id\":\"https:\/\/www.noidiqua.it\/Montale\/#\/schema\/person\/e2e6f44da50af0dae9c90ad168e471a4\"},\"breadcrumb\":{\"@id\":\"https:\/\/www.noidiqua.it\/Montale\/platone-e-il-covid\/#breadcrumb\"},\"inLanguage\":\"it-IT\",\"potentialAction\":[{\"@type\":\"ReadAction\",\"target\":[\"https:\/\/www.noidiqua.it\/Montale\/platone-e-il-covid\/\"]}]},{\"@type\":\"ImageObject\",\"inLanguage\":\"it-IT\",\"@id\":\"https:\/\/www.noidiqua.it\/Montale\/platone-e-il-covid\/#primaryimage\",\"url\":\"https:\/\/www.noidiqua.it\/Montale\/wp-content\/uploads\/2021\/05\/platone-Covid.png\",\"contentUrl\":\"https:\/\/www.noidiqua.it\/Montale\/wp-content\/uploads\/2021\/05\/platone-Covid.png\",\"width\":584,\"height\":361},{\"@type\":\"BreadcrumbList\",\"@id\":\"https:\/\/www.noidiqua.it\/Montale\/platone-e-il-covid\/#breadcrumb\",\"itemListElement\":[{\"@type\":\"ListItem\",\"position\":1,\"name\":\"Home\",\"item\":\"https:\/\/www.noidiqua.it\/Montale\/\"},{\"@type\":\"ListItem\",\"position\":2,\"name\":\"Platone e il Covid\"}]},{\"@type\":\"WebSite\",\"@id\":\"https:\/\/www.noidiqua.it\/Montale\/#website\",\"url\":\"https:\/\/www.noidiqua.it\/Montale\/\",\"name\":\"Noi di Qua Testata giornalistica e di attualit\u00e0 di Agliana, Montale e Quarrata.\",\"description\":\"Testata Giornalistica Quarrata Montale Agliana\",\"potentialAction\":[{\"@type\":\"SearchAction\",\"target\":{\"@type\":\"EntryPoint\",\"urlTemplate\":\"https:\/\/www.noidiqua.it\/Montale\/?s={search_term_string}\"},\"query-input\":{\"@type\":\"PropertyValueSpecification\",\"valueRequired\":true,\"valueName\":\"search_term_string\"}}],\"inLanguage\":\"it-IT\"},{\"@type\":\"Person\",\"@id\":\"https:\/\/www.noidiqua.it\/Montale\/#\/schema\/person\/e2e6f44da50af0dae9c90ad168e471a4\",\"name\":\"Giacomo Bini\",\"image\":{\"@type\":\"ImageObject\",\"inLanguage\":\"it-IT\",\"@id\":\"https:\/\/www.noidiqua.it\/Montale\/#\/schema\/person\/image\/\",\"url\":\"https:\/\/secure.gravatar.com\/avatar\/e5c18ae41df5ae37397358f2c6046696187d51a120c5d0b8f0c49f7b606f46f4?s=96&d=mm&r=g\",\"contentUrl\":\"https:\/\/secure.gravatar.com\/avatar\/e5c18ae41df5ae37397358f2c6046696187d51a120c5d0b8f0c49f7b606f46f4?s=96&d=mm&r=g\",\"caption\":\"Giacomo Bini\"},\"url\":\"https:\/\/www.noidiqua.it\/Montale\/author\/giacomo-bini\/\"}]}<\/script>\n<!-- \/ Yoast SEO plugin. -->","yoast_head_json":{"title":"Platone e il Covid - Noi di Qua Testata giornalistica e di attualit\u00e0 di Agliana, Montale e Quarrata.","robots":{"index":"index","follow":"follow","max-snippet":"max-snippet:-1","max-image-preview":"max-image-preview:large","max-video-preview":"max-video-preview:-1"},"canonical":"https:\/\/www.noidiqua.it\/Montale\/platone-e-il-covid\/","og_locale":"it_IT","og_type":"article","og_title":"Platone e il Covid - Noi di Qua Testata giornalistica e di attualit\u00e0 di Agliana, Montale e Quarrata.","og_description":"di Giacomo Bini dicembre 2020 In un momento in cui la realt\u00e0 \u00e8 difficile da interpretare vogliamo ricordare una vecchia storia, che forse potrebbe esserci utile ora che siamo costretti dagli eventi a riflettere sulla nostra condizione e sul nostro futuro. La storia fu raccontata da un ateniese di nome Platone, all\u2019incirca duemila e [&hellip;]","og_url":"https:\/\/www.noidiqua.it\/Montale\/platone-e-il-covid\/","og_site_name":"Noi di Qua Testata giornalistica e di attualit\u00e0 di Agliana, Montale e Quarrata.","article_publisher":"https:\/\/www.facebook.com\/noidiqua.trimestrale\/","article_published_time":"2020-12-11T08:44:27+00:00","article_modified_time":"2021-05-11T08:02:57+00:00","og_image":[{"url":"https:\/\/www.noidiqua.it\/Montale\/wp-content\/uploads\/2021\/05\/platone-Covid.png","type":"","width":"","height":""}],"author":"Giacomo Bini","twitter_misc":{"Scritto da":"Giacomo Bini","Tempo di lettura stimato":"3 minuti"},"schema":{"@context":"https:\/\/schema.org","@graph":[{"@type":"WebPage","@id":"https:\/\/www.noidiqua.it\/Montale\/platone-e-il-covid\/","url":"https:\/\/www.noidiqua.it\/Montale\/platone-e-il-covid\/","name":"Platone e il Covid - Noi di Qua Testata giornalistica e di attualit\u00e0 di Agliana, Montale e Quarrata.","isPartOf":{"@id":"https:\/\/www.noidiqua.it\/Montale\/#website"},"primaryImageOfPage":{"@id":"https:\/\/www.noidiqua.it\/Montale\/platone-e-il-covid\/#primaryimage"},"image":{"@id":"https:\/\/www.noidiqua.it\/Montale\/platone-e-il-covid\/#primaryimage"},"thumbnailUrl":"https:\/\/www.noidiqua.it\/Montale\/wp-content\/uploads\/2021\/05\/platone-Covid.png","datePublished":"2020-12-11T08:44:27+00:00","dateModified":"2021-05-11T08:02:57+00:00","author":{"@id":"https:\/\/www.noidiqua.it\/Montale\/#\/schema\/person\/e2e6f44da50af0dae9c90ad168e471a4"},"breadcrumb":{"@id":"https:\/\/www.noidiqua.it\/Montale\/platone-e-il-covid\/#breadcrumb"},"inLanguage":"it-IT","potentialAction":[{"@type":"ReadAction","target":["https:\/\/www.noidiqua.it\/Montale\/platone-e-il-covid\/"]}]},{"@type":"ImageObject","inLanguage":"it-IT","@id":"https:\/\/www.noidiqua.it\/Montale\/platone-e-il-covid\/#primaryimage","url":"https:\/\/www.noidiqua.it\/Montale\/wp-content\/uploads\/2021\/05\/platone-Covid.png","contentUrl":"https:\/\/www.noidiqua.it\/Montale\/wp-content\/uploads\/2021\/05\/platone-Covid.png","width":584,"height":361},{"@type":"BreadcrumbList","@id":"https:\/\/www.noidiqua.it\/Montale\/platone-e-il-covid\/#breadcrumb","itemListElement":[{"@type":"ListItem","position":1,"name":"Home","item":"https:\/\/www.noidiqua.it\/Montale\/"},{"@type":"ListItem","position":2,"name":"Platone e il Covid"}]},{"@type":"WebSite","@id":"https:\/\/www.noidiqua.it\/Montale\/#website","url":"https:\/\/www.noidiqua.it\/Montale\/","name":"Noi di Qua Testata giornalistica e di attualit\u00e0 di Agliana, Montale e Quarrata.","description":"Testata Giornalistica Quarrata Montale Agliana","potentialAction":[{"@type":"SearchAction","target":{"@type":"EntryPoint","urlTemplate":"https:\/\/www.noidiqua.it\/Montale\/?s={search_term_string}"},"query-input":{"@type":"PropertyValueSpecification","valueRequired":true,"valueName":"search_term_string"}}],"inLanguage":"it-IT"},{"@type":"Person","@id":"https:\/\/www.noidiqua.it\/Montale\/#\/schema\/person\/e2e6f44da50af0dae9c90ad168e471a4","name":"Giacomo Bini","image":{"@type":"ImageObject","inLanguage":"it-IT","@id":"https:\/\/www.noidiqua.it\/Montale\/#\/schema\/person\/image\/","url":"https:\/\/secure.gravatar.com\/avatar\/e5c18ae41df5ae37397358f2c6046696187d51a120c5d0b8f0c49f7b606f46f4?s=96&d=mm&r=g","contentUrl":"https:\/\/secure.gravatar.com\/avatar\/e5c18ae41df5ae37397358f2c6046696187d51a120c5d0b8f0c49f7b606f46f4?s=96&d=mm&r=g","caption":"Giacomo Bini"},"url":"https:\/\/www.noidiqua.it\/Montale\/author\/giacomo-bini\/"}]}},"_links":{"self":[{"href":"https:\/\/www.noidiqua.it\/Montale\/wp-json\/wp\/v2\/posts\/5635","targetHints":{"allow":["GET"]}}],"collection":[{"href":"https:\/\/www.noidiqua.it\/Montale\/wp-json\/wp\/v2\/posts"}],"about":[{"href":"https:\/\/www.noidiqua.it\/Montale\/wp-json\/wp\/v2\/types\/post"}],"author":[{"embeddable":true,"href":"https:\/\/www.noidiqua.it\/Montale\/wp-json\/wp\/v2\/users\/12"}],"replies":[{"embeddable":true,"href":"https:\/\/www.noidiqua.it\/Montale\/wp-json\/wp\/v2\/comments?post=5635"}],"version-history":[{"count":1,"href":"https:\/\/www.noidiqua.it\/Montale\/wp-json\/wp\/v2\/posts\/5635\/revisions"}],"predecessor-version":[{"id":5638,"href":"https:\/\/www.noidiqua.it\/Montale\/wp-json\/wp\/v2\/posts\/5635\/revisions\/5638"}],"wp:attachment":[{"href":"https:\/\/www.noidiqua.it\/Montale\/wp-json\/wp\/v2\/media?parent=5635"}],"wp:term":[{"taxonomy":"category","embeddable":true,"href":"https:\/\/www.noidiqua.it\/Montale\/wp-json\/wp\/v2\/categories?post=5635"},{"taxonomy":"post_tag","embeddable":true,"href":"https:\/\/www.noidiqua.it\/Montale\/wp-json\/wp\/v2\/tags?post=5635"}],"curies":[{"name":"wp","href":"https:\/\/api.w.org\/{rel}","templated":true}]}}