{"id":5642,"date":"2020-12-11T10:18:40","date_gmt":"2020-12-11T09:18:40","guid":{"rendered":"https:\/\/www.noidiqua.it\/Montale\/?p=5642"},"modified":"2021-05-11T10:19:27","modified_gmt":"2021-05-11T08:19:27","slug":"giuliana-goracci","status":"publish","type":"post","link":"https:\/\/www.noidiqua.it\/Montale\/giuliana-goracci\/","title":{"rendered":"Giuliana Goracci"},"content":{"rendered":"<p><em>di Serena Michelozzi<\/em><\/p>\n\n\n\n<p><em>dicembre 2020<\/em><\/p>\n\n\n<p><a href=\"https:\/\/www.noidiqua.it\/Montale\/wp-content\/uploads\/2021\/05\/Goracci2.png\" rel=\"wp-prettyPhoto[5642]\"><img loading=\"lazy\" decoding=\"async\" class=\"aligncenter size-full wp-image-5643\" src=\"https:\/\/www.noidiqua.it\/Montale\/wp-content\/uploads\/2021\/05\/Goracci2.png\" alt=\"\" width=\"450\" height=\"305\" srcset=\"https:\/\/www.noidiqua.it\/Montale\/wp-content\/uploads\/2021\/05\/Goracci2.png 450w, https:\/\/www.noidiqua.it\/Montale\/wp-content\/uploads\/2021\/05\/Goracci2-300x203.png 300w\" sizes=\"auto, (max-width: 450px) 100vw, 450px\" \/><\/a><\/p>\n\n\n<p><strong>Auser<\/strong> \u00e8 una associazione di volontariato e di promozione sociale, impegnata nel favorire l\u2019invecchiamento attivo degli anziani e valorizzare il loro ruolo nella societ\u00e0. La proposta associativa \u00e8 rivolta in maniera prioritaria agli anziani, ma \u00e8 aperta alle relazioni di dialogo tra generazioni, nazionalit\u00e0 e culture diverse. Auser \u00e8 stata costituita nel 1989 dalla<strong> Cgil<\/strong> e dal Sindacato dei pensionati <strong>Spi-Cgil<\/strong>. E&#8217; riconosciuta come Ente Nazionale avente finalit\u00e0 assistenziali, ed \u00e8 iscritta nel Registro Nazionale delle Associazioni di Promozione Sociale. \u00e8 una ONLUS. Per svolgere al meglio la propria missione, Auser ha deciso, dal 2003, di strutturarsi in due distinte entit\u00e0: Auser <strong>Onlus<\/strong>, che svolge prevalentemente attivit\u00e0 di promozione sociale, e Federazione Nazionale delle Associazioni Auser di Volontariato, dedicata al volontariato.<\/p>\n\n\n\n<p> Auser opera a livello nazionale, regionale e provinciale e, nel lontano 1996, \u00e8 nata anche a Montale, grazie a <strong>Giuliana Goracci<\/strong>, che ne \u00e8 stata la <strong>Fondatrice<\/strong> e la Presidente: <em>\u00abAuser \u00e8 un\u2019associazione per la quale la persona \u00e8 protagonista e risorsa per s\u00e9 e per gli altri in tutte le et\u00e0\u00bb,<\/em> ci racconta Giuliana, che, ancora oggi, \u00e8 al servizio del prossimo e della propria comunit\u00e0, e, nel ruolo di volontaria, d\u00e0 ancora il suo contributo all\u2019associazione, cercando altres\u00ec di essere un punto di riferimento anche per i presidenti che si sono succeduti. <em>\u00abSiamo partiti dal nulla e siamo cresciuti via via. Io avevo gi\u00e0 un po\u2019 di esperienza perch\u00e9 ero stata in Comune dieci anni, come Consigliere e come Assessore. Ho avuto anche un\u2019esperienza nel partito comunista di allora, perch\u00e9 ero una dirigente sia a livello comunale che provinciale. Questo mi aveva portato poi a essere amministratrice del partito. Di Auser ha fatto anche parte mio marito, Antonio Barbaro, detto Figaro, che dopo esser andato in pensione ha dato un eccellente contributo alla comunit\u00e0 di Montale, svolgendo l\u2019attivit\u00e0 di \u201cpostino\u201d per l\u2019associazione, di cui \u00e8 stata una colonna portante\u00bb.<\/em><\/p>\n\n\n<p><a href=\"https:\/\/www.noidiqua.it\/Montale\/wp-content\/uploads\/2021\/05\/Goracci1.png\" rel=\"wp-prettyPhoto[5642]\"><img loading=\"lazy\" decoding=\"async\" class=\"aligncenter size-full wp-image-5644\" src=\"https:\/\/www.noidiqua.it\/Montale\/wp-content\/uploads\/2021\/05\/Goracci1.png\" alt=\"\" width=\"285\" height=\"380\" srcset=\"https:\/\/www.noidiqua.it\/Montale\/wp-content\/uploads\/2021\/05\/Goracci1.png 285w, https:\/\/www.noidiqua.it\/Montale\/wp-content\/uploads\/2021\/05\/Goracci1-225x300.png 225w\" sizes=\"auto, (max-width: 285px) 100vw, 285px\" \/><\/a><\/p>\n\n\n<p>Auser si propone di migliorare la qualit\u00e0 della vita, di contrastare ogni forma di esclusione e <strong>discriminazione sociale<\/strong> (in particolare nei confronti dei migranti e delle donne di tutte le et\u00e0), di sostenere le fragilit\u00e0, di diffondere la cultura e la pratica della solidariet\u00e0 e della partecipazione, di valorizzare l\u2019esperienza, le capacit\u00e0, la creativit\u00e0 e le idee degli anziani. <em>\u00abIn Auser a Montale abbiamo organizzato corsi di lingue, spettacoli teatrali in francese, gemellaggi con l\u2019estero e con altre Auser della Toscana, consegna dei pasti agli anziani e alle scuole medie e ginnastica dolce per gli anziani. E&#8217; stata un\u2019attivit\u00e0 a 360 gradi e spaziavamo ovunque. L\u2019Auser lavorava soprattutto tramite convenzioni ed i volontari percepivano un rimborso spese valevole come decoro personale. In Auser ho trovato il mio ruolo, il mio scopo di vita! Mi rendevo conto che aiutando gli altri aiutavo me. Avevo bisogno di questo. La mia esperienza in Auser \u00e8 stata meravigliosa, non ho parole per descriverla!\u00bb, <\/em>ci spiega Giuliana.<\/p>\n\n\n\n<p>Ad oggi Auser, a livello nazionale, conta ben 290. 118 soci e 46.012 volontari, le cui energie sono ogni giorno in azione. Attraverso le associazioni sul territorio, soci e volontari sono impegnati quotidianamente in reti di relazione, solidariet\u00e0 e partecipazione. L\u2019impegno di Auser \u00e8 fare in modo che ognuno possa dare e trovare aiuto, incontrare gli altri, arricchire le proprie competenze, contribuire alla crescita della comunit\u00e0 in cui vive. <em>\u00abOggi c\u2019\u00e8 tantissimo bisogno di volontariato, e bisogna scovare quelle persone che si vergognano di chiedere. Le associazioni di volontariato in generale devono essere unite per gli scopi per i quali sono nate. Di lavoro ce n\u2019\u00e8 da fare tanto, nel senso di trovare un punto di incontro tra l\u2019attivit\u00e0 di volontariato e quello che pu\u00f2 essere un minimo di contributo (come rimborso spese). Inoltre il volontariato avrebbe bisogno di essere disciplinato da una legislazione pi\u00f9 chiara e precisa, meno nebulosa e lacunosa\u00bb, <\/em>conclude Giuliana Goracci.\u00a0<\/p>\n\n\n<p><a href=\"https:\/\/www.noidiqua.it\/Montale\/wp-content\/uploads\/2021\/05\/Goracci3.png\" rel=\"wp-prettyPhoto[5642]\"><img loading=\"lazy\" decoding=\"async\" class=\"aligncenter size-full wp-image-5645\" src=\"https:\/\/www.noidiqua.it\/Montale\/wp-content\/uploads\/2021\/05\/Goracci3.png\" alt=\"\" width=\"483\" height=\"259\" srcset=\"https:\/\/www.noidiqua.it\/Montale\/wp-content\/uploads\/2021\/05\/Goracci3.png 483w, https:\/\/www.noidiqua.it\/Montale\/wp-content\/uploads\/2021\/05\/Goracci3-300x161.png 300w\" sizes=\"auto, (max-width: 483px) 100vw, 483px\" \/><\/a><\/p>","protected":false},"excerpt":{"rendered":"<p>di Serena Michelozzi dicembre 2020 Auser \u00e8 una associazione di volontariato e di promozione sociale, impegnata nel favorire l\u2019invecchiamento attivo degli anziani e valorizzare il loro ruolo nella societ\u00e0. La proposta associativa \u00e8 rivolta in maniera prioritaria agli anziani, ma \u00e8 aperta alle relazioni di dialogo tra generazioni, nazionalit\u00e0 e culture diverse. Auser \u00e8 [&hellip;]<\/p>","protected":false},"author":101011,"featured_media":0,"comment_status":"open","ping_status":"open","sticky":false,"template":"","format":"standard","meta":{"footnotes":""},"categories":[7,12],"tags":[45,2294,2298,2297,2296,2295,456],"class_list":["post-5642","post","type-post","status-publish","format-standard","hentry","category-mt","category-solidarieta-qt","tag-auser","tag-cgil","tag-discriminazione-sociale","tag-fondatrice","tag-giuliana-goracci","tag-onlus","tag-spi-cgil"],"yoast_head":"<!-- This site is optimized with the Yoast SEO plugin v25.5 - https:\/\/yoast.com\/wordpress\/plugins\/seo\/ -->\n<title>Giuliana Goracci - Noi di Qua Testata giornalistica e di attualit\u00e0 di Agliana, Montale e Quarrata.<\/title>\n<meta name=\"robots\" content=\"index, follow, max-snippet:-1, max-image-preview:large, max-video-preview:-1\" \/>\n<link rel=\"canonical\" href=\"https:\/\/www.noidiqua.it\/Montale\/giuliana-goracci\/\" \/>\n<meta property=\"og:locale\" content=\"it_IT\" \/>\n<meta property=\"og:type\" content=\"article\" \/>\n<meta property=\"og:title\" content=\"Giuliana Goracci - Noi di Qua Testata giornalistica e di attualit\u00e0 di Agliana, Montale e Quarrata.\" \/>\n<meta property=\"og:description\" content=\"di Serena Michelozzi dicembre 2020 Auser \u00e8 una associazione di volontariato e di promozione sociale, impegnata nel favorire l\u2019invecchiamento attivo degli anziani e valorizzare il loro ruolo nella societ\u00e0. La proposta associativa \u00e8 rivolta in maniera prioritaria agli anziani, ma \u00e8 aperta alle relazioni di dialogo tra generazioni, nazionalit\u00e0 e culture diverse. Auser \u00e8 [&hellip;]\" \/>\n<meta property=\"og:url\" content=\"https:\/\/www.noidiqua.it\/Montale\/giuliana-goracci\/\" \/>\n<meta property=\"og:site_name\" content=\"Noi di Qua Testata giornalistica e di attualit\u00e0 di Agliana, Montale e Quarrata.\" \/>\n<meta property=\"article:publisher\" content=\"https:\/\/www.facebook.com\/noidiqua.trimestrale\/\" \/>\n<meta property=\"article:published_time\" content=\"2020-12-11T09:18:40+00:00\" \/>\n<meta property=\"article:modified_time\" content=\"2021-05-11T08:19:27+00:00\" \/>\n<meta property=\"og:image\" content=\"https:\/\/www.noidiqua.it\/Montale\/wp-content\/uploads\/2021\/05\/Goracci2.png\" \/>\n<meta name=\"author\" content=\"Serena Michelozzi\" \/>\n<meta name=\"twitter:label1\" content=\"Scritto da\" \/>\n\t<meta name=\"twitter:data1\" content=\"Serena Michelozzi\" \/>\n\t<meta name=\"twitter:label2\" content=\"Tempo di lettura stimato\" \/>\n\t<meta name=\"twitter:data2\" content=\"3 minuti\" \/>\n<script type=\"application\/ld+json\" class=\"yoast-schema-graph\">{\"@context\":\"https:\/\/schema.org\",\"@graph\":[{\"@type\":\"WebPage\",\"@id\":\"https:\/\/www.noidiqua.it\/Montale\/giuliana-goracci\/\",\"url\":\"https:\/\/www.noidiqua.it\/Montale\/giuliana-goracci\/\",\"name\":\"Giuliana Goracci - Noi di Qua Testata giornalistica e di attualit\u00e0 di Agliana, Montale e Quarrata.\",\"isPartOf\":{\"@id\":\"https:\/\/www.noidiqua.it\/Montale\/#website\"},\"primaryImageOfPage\":{\"@id\":\"https:\/\/www.noidiqua.it\/Montale\/giuliana-goracci\/#primaryimage\"},\"image\":{\"@id\":\"https:\/\/www.noidiqua.it\/Montale\/giuliana-goracci\/#primaryimage\"},\"thumbnailUrl\":\"https:\/\/www.noidiqua.it\/Montale\/wp-content\/uploads\/2021\/05\/Goracci2.png\",\"datePublished\":\"2020-12-11T09:18:40+00:00\",\"dateModified\":\"2021-05-11T08:19:27+00:00\",\"author\":{\"@id\":\"https:\/\/www.noidiqua.it\/Montale\/#\/schema\/person\/4763a96f0bdf332cc8a55478dbeba163\"},\"breadcrumb\":{\"@id\":\"https:\/\/www.noidiqua.it\/Montale\/giuliana-goracci\/#breadcrumb\"},\"inLanguage\":\"it-IT\",\"potentialAction\":[{\"@type\":\"ReadAction\",\"target\":[\"https:\/\/www.noidiqua.it\/Montale\/giuliana-goracci\/\"]}]},{\"@type\":\"ImageObject\",\"inLanguage\":\"it-IT\",\"@id\":\"https:\/\/www.noidiqua.it\/Montale\/giuliana-goracci\/#primaryimage\",\"url\":\"https:\/\/www.noidiqua.it\/Montale\/wp-content\/uploads\/2021\/05\/Goracci2.png\",\"contentUrl\":\"https:\/\/www.noidiqua.it\/Montale\/wp-content\/uploads\/2021\/05\/Goracci2.png\",\"width\":450,\"height\":305},{\"@type\":\"BreadcrumbList\",\"@id\":\"https:\/\/www.noidiqua.it\/Montale\/giuliana-goracci\/#breadcrumb\",\"itemListElement\":[{\"@type\":\"ListItem\",\"position\":1,\"name\":\"Home\",\"item\":\"https:\/\/www.noidiqua.it\/Montale\/\"},{\"@type\":\"ListItem\",\"position\":2,\"name\":\"Giuliana Goracci\"}]},{\"@type\":\"WebSite\",\"@id\":\"https:\/\/www.noidiqua.it\/Montale\/#website\",\"url\":\"https:\/\/www.noidiqua.it\/Montale\/\",\"name\":\"Noi di Qua Testata giornalistica e di attualit\u00e0 di Agliana, Montale e Quarrata.\",\"description\":\"Testata Giornalistica Quarrata Montale Agliana\",\"potentialAction\":[{\"@type\":\"SearchAction\",\"target\":{\"@type\":\"EntryPoint\",\"urlTemplate\":\"https:\/\/www.noidiqua.it\/Montale\/?s={search_term_string}\"},\"query-input\":{\"@type\":\"PropertyValueSpecification\",\"valueRequired\":true,\"valueName\":\"search_term_string\"}}],\"inLanguage\":\"it-IT\"},{\"@type\":\"Person\",\"@id\":\"https:\/\/www.noidiqua.it\/Montale\/#\/schema\/person\/4763a96f0bdf332cc8a55478dbeba163\",\"name\":\"Serena Michelozzi\",\"image\":{\"@type\":\"ImageObject\",\"inLanguage\":\"it-IT\",\"@id\":\"https:\/\/www.noidiqua.it\/Montale\/#\/schema\/person\/image\/\",\"url\":\"https:\/\/secure.gravatar.com\/avatar\/a8efaab8953a1edb4943a89dbca993e803bf8bcf5221a8ff937a96a5b9914aab?s=96&d=mm&r=g\",\"contentUrl\":\"https:\/\/secure.gravatar.com\/avatar\/a8efaab8953a1edb4943a89dbca993e803bf8bcf5221a8ff937a96a5b9914aab?s=96&d=mm&r=g\",\"caption\":\"Serena Michelozzi\"},\"url\":\"https:\/\/www.noidiqua.it\/Montale\/author\/serena-michelozzi\/\"}]}<\/script>\n<!-- \/ Yoast SEO plugin. -->","yoast_head_json":{"title":"Giuliana Goracci - Noi di Qua Testata giornalistica e di attualit\u00e0 di Agliana, Montale e Quarrata.","robots":{"index":"index","follow":"follow","max-snippet":"max-snippet:-1","max-image-preview":"max-image-preview:large","max-video-preview":"max-video-preview:-1"},"canonical":"https:\/\/www.noidiqua.it\/Montale\/giuliana-goracci\/","og_locale":"it_IT","og_type":"article","og_title":"Giuliana Goracci - Noi di Qua Testata giornalistica e di attualit\u00e0 di Agliana, Montale e Quarrata.","og_description":"di Serena Michelozzi dicembre 2020 Auser \u00e8 una associazione di volontariato e di promozione sociale, impegnata nel favorire l\u2019invecchiamento attivo degli anziani e valorizzare il loro ruolo nella societ\u00e0. La proposta associativa \u00e8 rivolta in maniera prioritaria agli anziani, ma \u00e8 aperta alle relazioni di dialogo tra generazioni, nazionalit\u00e0 e culture diverse. Auser \u00e8 [&hellip;]","og_url":"https:\/\/www.noidiqua.it\/Montale\/giuliana-goracci\/","og_site_name":"Noi di Qua Testata giornalistica e di attualit\u00e0 di Agliana, Montale e Quarrata.","article_publisher":"https:\/\/www.facebook.com\/noidiqua.trimestrale\/","article_published_time":"2020-12-11T09:18:40+00:00","article_modified_time":"2021-05-11T08:19:27+00:00","og_image":[{"url":"https:\/\/www.noidiqua.it\/Montale\/wp-content\/uploads\/2021\/05\/Goracci2.png","type":"","width":"","height":""}],"author":"Serena Michelozzi","twitter_misc":{"Scritto da":"Serena Michelozzi","Tempo di lettura stimato":"3 minuti"},"schema":{"@context":"https:\/\/schema.org","@graph":[{"@type":"WebPage","@id":"https:\/\/www.noidiqua.it\/Montale\/giuliana-goracci\/","url":"https:\/\/www.noidiqua.it\/Montale\/giuliana-goracci\/","name":"Giuliana Goracci - Noi di Qua Testata giornalistica e di attualit\u00e0 di Agliana, Montale e Quarrata.","isPartOf":{"@id":"https:\/\/www.noidiqua.it\/Montale\/#website"},"primaryImageOfPage":{"@id":"https:\/\/www.noidiqua.it\/Montale\/giuliana-goracci\/#primaryimage"},"image":{"@id":"https:\/\/www.noidiqua.it\/Montale\/giuliana-goracci\/#primaryimage"},"thumbnailUrl":"https:\/\/www.noidiqua.it\/Montale\/wp-content\/uploads\/2021\/05\/Goracci2.png","datePublished":"2020-12-11T09:18:40+00:00","dateModified":"2021-05-11T08:19:27+00:00","author":{"@id":"https:\/\/www.noidiqua.it\/Montale\/#\/schema\/person\/4763a96f0bdf332cc8a55478dbeba163"},"breadcrumb":{"@id":"https:\/\/www.noidiqua.it\/Montale\/giuliana-goracci\/#breadcrumb"},"inLanguage":"it-IT","potentialAction":[{"@type":"ReadAction","target":["https:\/\/www.noidiqua.it\/Montale\/giuliana-goracci\/"]}]},{"@type":"ImageObject","inLanguage":"it-IT","@id":"https:\/\/www.noidiqua.it\/Montale\/giuliana-goracci\/#primaryimage","url":"https:\/\/www.noidiqua.it\/Montale\/wp-content\/uploads\/2021\/05\/Goracci2.png","contentUrl":"https:\/\/www.noidiqua.it\/Montale\/wp-content\/uploads\/2021\/05\/Goracci2.png","width":450,"height":305},{"@type":"BreadcrumbList","@id":"https:\/\/www.noidiqua.it\/Montale\/giuliana-goracci\/#breadcrumb","itemListElement":[{"@type":"ListItem","position":1,"name":"Home","item":"https:\/\/www.noidiqua.it\/Montale\/"},{"@type":"ListItem","position":2,"name":"Giuliana Goracci"}]},{"@type":"WebSite","@id":"https:\/\/www.noidiqua.it\/Montale\/#website","url":"https:\/\/www.noidiqua.it\/Montale\/","name":"Noi di Qua Testata giornalistica e di attualit\u00e0 di Agliana, Montale e Quarrata.","description":"Testata Giornalistica Quarrata Montale Agliana","potentialAction":[{"@type":"SearchAction","target":{"@type":"EntryPoint","urlTemplate":"https:\/\/www.noidiqua.it\/Montale\/?s={search_term_string}"},"query-input":{"@type":"PropertyValueSpecification","valueRequired":true,"valueName":"search_term_string"}}],"inLanguage":"it-IT"},{"@type":"Person","@id":"https:\/\/www.noidiqua.it\/Montale\/#\/schema\/person\/4763a96f0bdf332cc8a55478dbeba163","name":"Serena Michelozzi","image":{"@type":"ImageObject","inLanguage":"it-IT","@id":"https:\/\/www.noidiqua.it\/Montale\/#\/schema\/person\/image\/","url":"https:\/\/secure.gravatar.com\/avatar\/a8efaab8953a1edb4943a89dbca993e803bf8bcf5221a8ff937a96a5b9914aab?s=96&d=mm&r=g","contentUrl":"https:\/\/secure.gravatar.com\/avatar\/a8efaab8953a1edb4943a89dbca993e803bf8bcf5221a8ff937a96a5b9914aab?s=96&d=mm&r=g","caption":"Serena Michelozzi"},"url":"https:\/\/www.noidiqua.it\/Montale\/author\/serena-michelozzi\/"}]}},"_links":{"self":[{"href":"https:\/\/www.noidiqua.it\/Montale\/wp-json\/wp\/v2\/posts\/5642","targetHints":{"allow":["GET"]}}],"collection":[{"href":"https:\/\/www.noidiqua.it\/Montale\/wp-json\/wp\/v2\/posts"}],"about":[{"href":"https:\/\/www.noidiqua.it\/Montale\/wp-json\/wp\/v2\/types\/post"}],"author":[{"embeddable":true,"href":"https:\/\/www.noidiqua.it\/Montale\/wp-json\/wp\/v2\/users\/101011"}],"replies":[{"embeddable":true,"href":"https:\/\/www.noidiqua.it\/Montale\/wp-json\/wp\/v2\/comments?post=5642"}],"version-history":[{"count":3,"href":"https:\/\/www.noidiqua.it\/Montale\/wp-json\/wp\/v2\/posts\/5642\/revisions"}],"predecessor-version":[{"id":5648,"href":"https:\/\/www.noidiqua.it\/Montale\/wp-json\/wp\/v2\/posts\/5642\/revisions\/5648"}],"wp:attachment":[{"href":"https:\/\/www.noidiqua.it\/Montale\/wp-json\/wp\/v2\/media?parent=5642"}],"wp:term":[{"taxonomy":"category","embeddable":true,"href":"https:\/\/www.noidiqua.it\/Montale\/wp-json\/wp\/v2\/categories?post=5642"},{"taxonomy":"post_tag","embeddable":true,"href":"https:\/\/www.noidiqua.it\/Montale\/wp-json\/wp\/v2\/tags?post=5642"}],"curies":[{"name":"wp","href":"https:\/\/api.w.org\/{rel}","templated":true}]}}