{"id":5649,"date":"2020-12-11T10:31:12","date_gmt":"2020-12-11T09:31:12","guid":{"rendered":"https:\/\/www.noidiqua.it\/Montale\/?p=5649"},"modified":"2021-05-11T10:33:55","modified_gmt":"2021-05-11T08:33:55","slug":"gente-lavoratora-un-libro-dellauser-montale","status":"publish","type":"post","link":"https:\/\/www.noidiqua.it\/Montale\/gente-lavoratora-un-libro-dellauser-montale\/","title":{"rendered":"\u201cGente lavoratora\u201d &#8211; un libro dell&#8217;Auser Montale"},"content":{"rendered":"<p><em>di David Colzi<\/em><\/p>\n\n\n\n<p><em>dicembre 2020<\/em><\/p>\n\n\n<p><a href=\"https:\/\/www.noidiqua.it\/Montale\/wp-content\/uploads\/2021\/05\/gente-lavoratora.png\" rel=\"wp-prettyPhoto[5649]\"><img loading=\"lazy\" decoding=\"async\" class=\"aligncenter size-full wp-image-5650\" src=\"https:\/\/www.noidiqua.it\/Montale\/wp-content\/uploads\/2021\/05\/gente-lavoratora.png\" alt=\"\" width=\"466\" height=\"336\" srcset=\"https:\/\/www.noidiqua.it\/Montale\/wp-content\/uploads\/2021\/05\/gente-lavoratora.png 466w, https:\/\/www.noidiqua.it\/Montale\/wp-content\/uploads\/2021\/05\/gente-lavoratora-300x216.png 300w\" sizes=\"auto, (max-width: 466px) 100vw, 466px\" \/><\/a><\/p>\n\n\n<p>\u201c<strong>Gente lavoratora<\/strong>\u201d \u00e8 un libro prezioso e toccante in cui si narra la storia di dodici uomini e otto donne della piana e della montagna pistoiese, in un arco di tempo che si dipana in quasi tutto il secolo scorso. Il tema \u00e8 chiaramente il lavoro che le persone hanno svolto, ma alla fine quasi tutti hanno raccontato anche la loro infanzia e giovinezza, arricchendo cos\u00ec il racconto di sfumature. Lette una dietro l\u2019altra, queste vite ci riconsegnano tracce di un <strong>mondo perduto<\/strong> che, a conti fatti, \u00e8 finito l\u2019altro ieri, ma a noi sembra assai pi\u00f9 lontano. Fra le pagine non \u00e8 insolito trovare mestieri che non esistono pi\u00f9, come il <strong>carbonaio<\/strong>, accanto a quelli che stanno scomparendo, come il contadino, seguiti da quelli ancora in uso, come il metalmeccanico o il <strong>tessitore<\/strong>. Meritoria \u00e8 la scelta di riportare il parlato degli intervistati in maniera fedele, senza filtrarlo, interpretarlo o correggerlo nella grammatica, perch\u00e9 questo rende ancora pi\u00f9 autentico il racconto.<\/p>\n\n\n\n<p>La pubblicazione del volume si deve all\u2019<strong>Auser di Montale<\/strong>, che per raccogliere le testimonianze ha potuto contare sulle sezioni della piana, della Valdinievole e della montagna pistoiese, le quali hanno suggerito chi interpellare, all\u2019interno del territorio di competenza. Inizialmente il tutto era partito come progetto,\u201cIl teatro dei mestieri\u201d, in collaborazione con \u201c<strong>Sesamo e Cartamo<\/strong>\u201d, altra associazione montalese al cui interno c\u2019\u00e8 una compagnia teatrale; infatti le interviste registrate sono servite <em>in primis<\/em> per stendere la sceneggiatura e creare uno spettacolo che avesse per tema il lavoro, messo poi in scena alla fine del 2019. Successivamente si \u00e8 deciso di lasciare testimonianza anche con un volume, curato da Andrea Bolognesi, Maria Cristina Fattori, con la presentazione di Andrea Ottanelli, edito da <em>Ma.Ga.Ma<\/em> Pistoia. Il libro costa 10 euro e lo si pu\u00f2 acquistare contattando l\u2019Auser di Montale. Il ricavato servir\u00e0 a finanziare i servizi a livello locale di questa associazione.&nbsp;<\/p>\n\n\n<p><a href=\"https:\/\/www.noidiqua.it\/Montale\/wp-content\/uploads\/2021\/05\/Gente-lavoratora-1.png\" rel=\"wp-prettyPhoto[5649]\"><img loading=\"lazy\" decoding=\"async\" class=\"aligncenter size-full wp-image-5651\" src=\"https:\/\/www.noidiqua.it\/Montale\/wp-content\/uploads\/2021\/05\/Gente-lavoratora-1.png\" alt=\"\" width=\"259\" height=\"380\" srcset=\"https:\/\/www.noidiqua.it\/Montale\/wp-content\/uploads\/2021\/05\/Gente-lavoratora-1.png 259w, https:\/\/www.noidiqua.it\/Montale\/wp-content\/uploads\/2021\/05\/Gente-lavoratora-1-204x300.png 204w\" sizes=\"auto, (max-width: 259px) 100vw, 259px\" \/><\/a><\/p>\n<p><\/p>\n\n\n<p>Noi ci soffermeremo sui racconti montalesi, che riguardano: <strong>Guido Marraccini<\/strong> &#8211; autoriparatore, <strong>Giorgio Logli<\/strong> &#8211; carbonaio, <strong>Leonetta Nocentini<\/strong> carbonaia e donna di servizio, <strong>Elvira e Giuditta Lucchesi <\/strong>&#8211; carbonaie e contadine.<\/p>\n\n\n\n<p>Guido Marraccini \u00e8 il pi\u00f9 giovane dei quattro in quanto nato nel \u201855. Ciononostante il suo racconto \u00e8 comunque sorprendente, perch\u00e9 ci parla di un ragazzo che mentre frequentava la terza media, andava di pomeriggio a imparare il mestiere dell\u2019autoriparatore. Poi, dopo essere stato sottoposto, nel 1979 a soli 22 anni si mise in proprio. Il suo racconto diventa il pretesto per capire come \u00e8 cambiato un mestiere che, in origine prevedeva che i pezzi delle macchine si aggiustassero, mentre oggi si sostituiscono: <em>\u00abI veri riparatori che riescono veramente a riparare le cose in Pistoia ce n\u2019\u00e8 rimasti 2-3. Gli altri son tutti sostitutori di ricambi\u00bb, <\/em>puntualizza Marraccini.<\/p>\n\n\n\n<p>Giorgio Logli invece ci descrive nei dettagli come si realizzava una carbonaia, e di come si doveva stare giorno e notte nei pressi della costruzione, per regolare e direzionare il fuoco. Un racconto questo ricco di termini caduti in disuso, proprio come quel mestiere: si passa dalla \u201cpaltriccia\u201d, al \u201ccavicchio\u201d, fino alla \u201csommondatura\u201d. Anche lui, come altri nel libro, ci parla di emigrazione, essendo stato a fare il boscaiolo in Sardegna e in Calabria, vivendo in baracche improvvisate, con tanto di visite notturne dei lupi che venivano scacciati con la luce delle torce.<\/p>\n\n\n\n<p>Estremamente commovente \u00e8 la storia di Leonetta Nocentini, perch\u00e9 ci parla di un\u2019infanzia ed una giovinezza piena di povert\u00e0 e umiliazioni. Qui non possiamo raccontare tutte le sue vicende che attraversano anche la seconda guerra mondiale, ma accenniamo solo al fatto che gi\u00e0 da bambina Leonetta andava a lavorare nei campi, mietendo il grano dai contadini e ricevendo come paga dei generi alimentari, tipo un fiasco d\u2019olio. Poi, appena quindicenne, per aiutare la sua numerosa e povera famiglia, and\u00f2 a prestare servizio come domestica in diverse case di Firenze, chiaramente da gente altolocata, e rimase nel capoluogo fino ai 19 anni.&nbsp;<\/p>\n\n\n\n<p>Dal suo racconto apprendiamo anche della mentalit\u00e0 dei padri di allora, che tenevano le figlie praticamente segregate: ad esempio a lei non era consentito uscire la sera per andare a sentire gli amici che suonavano la fisarmonica e addirittura una volta si becc\u00f2 una sberla perch\u00e9 sorpresa a parlare con un ragazzino, e uno schiaffo tocc\u00f2 pure al suo giovane pretendente: <em>\u00abS\u2019\u00e9 travagliato tanto, tanto, tanto\u00bb,<\/em> ammette Leonetta. Dai suoi frammenti di vita apprendiamo di quando, per andare a fare la spesa a bottega, bisognava camminare per un\u2019ora, oppure di quando lei col babbo andava a fare il carbone lontano da casa. La fotografia che emerge \u00e8 quella di un mondo in cui si cresceva in fretta e dove non si viveva solo all\u2019ombra di una societ\u00e0 contadina arcaica in grado di proteggere, perch\u00e9 stando fuori casa si potevano fare brutti incontri, persino peggiori di adesso: Leonetta rammenta di pervertiti nei boschi che <em>\u00absi gnudavan davanti a tutti\u00bb,<\/em> e di pedofili <em>\u00abche ti facevano una domanda, oppure ti dicevan qualcosa\u00bb. <\/em>I ragazzi, a differenza di quelli di oggi, non parlavano con i genitori degli incontri col lupo cattivo, ma tenevano tutto per s\u00e9, <em>\u201cobbedendo alla tacita regola che li voleva ignorati\u201d <\/em>come sosteneva Pasolini, creando cos\u00ec <em>\u201cun mondo dentro il mondo\u201d<\/em>\u00a0 fatto di cose non dette e di segreti inconfessabili.<\/p>\n\n\n\n<p>Le sorelle Elvira e Giuditta Lucchesi ci riportano di nuovo in mezzo ai boschi a far carbone. In questo racconto vediamo addirittura tutta la famiglia, mamma esclusa, impegnata in questo mestiere, che iniziava partendo a piedi da Tobbiana per dirigersi alla stazione, e poi tutti sul treno per andare dove c\u2019era la legna migliore. Fra le mete evocate non manca certo la Maremma, ed Elvira rammenta di quando si lavavano nel fiume: <em>\u00abun\u2019acqua ghiaccia, chi sapeva dell\u2019acqua calda? Per\u00f2 s\u2019eramo felici e beati, quanto ci si voleva bene!\u00bb <\/em>Nonostante l\u2019affetto dichiarato, Elvira non manca di ricordare di come la loro mamma fosse piuttosto manesca (non era inusuale, all\u2019epoca) e di quando lei un giorno si ribell\u00f2 scappando di casa piangendo, per andare a trovare il babbo che raccoglieva castagne a tre ore di cammino da Tobbiana. Questa bambina, da sola, attravers\u00f2 persino un fiume con l\u2019acqua alta ma alla fine raggiunse il babbo e con lui rimase per quindici giorni, mentre la mamma venne avvertita da uno dei fratelli che la sorella stava bene. Qui per\u00f2 non bisogna aver fretta nel giudicare, perch\u00e9 Giuditta ci spiega che la loro mamma era cresciuta da orfana, poich\u00e9 la nonna era morta dandola alla luce, quindi lei fin\u00ec <em>\u00aballe mani della matrigna, un ti dico altro!\u00bb<\/em> Ad Elvira si deve invece il titolo del libro, in quanto ha detto: <em>\u00aboh, gente lavoratora, un stanno mica a vedere!\u00bb<\/em><\/p>\n\n\n\n<p>Per conoscere tutto il resto, non dovete fare altro che acquistare il libro.<\/p>","protected":false},"excerpt":{"rendered":"<p>di David Colzi dicembre 2020 \u201cGente lavoratora\u201d \u00e8 un libro prezioso e toccante in cui si narra la storia di dodici uomini e otto donne della piana e della montagna pistoiese, in un arco di tempo che si dipana in quasi tutto il secolo scorso. Il tema \u00e8 chiaramente il lavoro che le persone [&hellip;]<\/p>","protected":false},"author":5,"featured_media":0,"comment_status":"open","ping_status":"open","sticky":false,"template":"","format":"standard","meta":{"footnotes":""},"categories":[7,26,12],"tags":[2304,2302,2308,2299,2306,2305,2307,2300,2301,799,2303],"class_list":["post-5649","post","type-post","status-publish","format-standard","hentry","category-mt","category-notizie-dal-passato","category-solidarieta-qt","tag-auser-di-montale","tag-carbonaio","tag-elvira-e-giuditta-lucchesi","tag-gente-lavoratora","tag-giorgio-logli","tag-guido-marraccini","tag-leonetta-nocentini","tag-libro-prezioso","tag-mondo-perduto","tag-sesamo-e-cartamo","tag-tessitore"],"yoast_head":"<!-- This site is optimized with the Yoast SEO plugin v25.5 - https:\/\/yoast.com\/wordpress\/plugins\/seo\/ -->\n<title>\u201cGente lavoratora\u201d - un libro dell&#039;Auser Montale - Noi di Qua Testata giornalistica e di attualit\u00e0 di Agliana, Montale e Quarrata.<\/title>\n<meta name=\"robots\" content=\"index, follow, max-snippet:-1, max-image-preview:large, max-video-preview:-1\" \/>\n<link rel=\"canonical\" href=\"https:\/\/www.noidiqua.it\/Montale\/gente-lavoratora-un-libro-dellauser-montale\/\" \/>\n<meta property=\"og:locale\" content=\"it_IT\" \/>\n<meta property=\"og:type\" content=\"article\" \/>\n<meta property=\"og:title\" content=\"\u201cGente lavoratora\u201d - un libro dell&#039;Auser Montale - Noi di Qua Testata giornalistica e di attualit\u00e0 di Agliana, Montale e Quarrata.\" \/>\n<meta property=\"og:description\" content=\"di David Colzi dicembre 2020 \u201cGente lavoratora\u201d \u00e8 un libro prezioso e toccante in cui si narra la storia di dodici uomini e otto donne della piana e della montagna pistoiese, in un arco di tempo che si dipana in quasi tutto il secolo scorso. Il tema \u00e8 chiaramente il lavoro che le persone [&hellip;]\" \/>\n<meta property=\"og:url\" content=\"https:\/\/www.noidiqua.it\/Montale\/gente-lavoratora-un-libro-dellauser-montale\/\" \/>\n<meta property=\"og:site_name\" content=\"Noi di Qua Testata giornalistica e di attualit\u00e0 di Agliana, Montale e Quarrata.\" \/>\n<meta property=\"article:publisher\" content=\"https:\/\/www.facebook.com\/noidiqua.trimestrale\/\" \/>\n<meta property=\"article:published_time\" content=\"2020-12-11T09:31:12+00:00\" \/>\n<meta property=\"article:modified_time\" content=\"2021-05-11T08:33:55+00:00\" \/>\n<meta property=\"og:image\" content=\"https:\/\/www.noidiqua.it\/Montale\/wp-content\/uploads\/2021\/05\/gente-lavoratora.png\" \/>\n<meta name=\"author\" content=\"David Colzi\" \/>\n<meta name=\"twitter:label1\" content=\"Scritto da\" \/>\n\t<meta name=\"twitter:data1\" content=\"David Colzi\" \/>\n\t<meta name=\"twitter:label2\" content=\"Tempo di lettura stimato\" \/>\n\t<meta name=\"twitter:data2\" content=\"6 minuti\" \/>\n<script type=\"application\/ld+json\" class=\"yoast-schema-graph\">{\"@context\":\"https:\/\/schema.org\",\"@graph\":[{\"@type\":\"WebPage\",\"@id\":\"https:\/\/www.noidiqua.it\/Montale\/gente-lavoratora-un-libro-dellauser-montale\/\",\"url\":\"https:\/\/www.noidiqua.it\/Montale\/gente-lavoratora-un-libro-dellauser-montale\/\",\"name\":\"\u201cGente lavoratora\u201d - un libro dell'Auser Montale - Noi di Qua Testata giornalistica e di attualit\u00e0 di Agliana, Montale e Quarrata.\",\"isPartOf\":{\"@id\":\"https:\/\/www.noidiqua.it\/Montale\/#website\"},\"primaryImageOfPage\":{\"@id\":\"https:\/\/www.noidiqua.it\/Montale\/gente-lavoratora-un-libro-dellauser-montale\/#primaryimage\"},\"image\":{\"@id\":\"https:\/\/www.noidiqua.it\/Montale\/gente-lavoratora-un-libro-dellauser-montale\/#primaryimage\"},\"thumbnailUrl\":\"https:\/\/www.noidiqua.it\/Montale\/wp-content\/uploads\/2021\/05\/gente-lavoratora.png\",\"datePublished\":\"2020-12-11T09:31:12+00:00\",\"dateModified\":\"2021-05-11T08:33:55+00:00\",\"author\":{\"@id\":\"https:\/\/www.noidiqua.it\/Montale\/#\/schema\/person\/3b45dd21eb2367c177b6a6d35c868ccc\"},\"breadcrumb\":{\"@id\":\"https:\/\/www.noidiqua.it\/Montale\/gente-lavoratora-un-libro-dellauser-montale\/#breadcrumb\"},\"inLanguage\":\"it-IT\",\"potentialAction\":[{\"@type\":\"ReadAction\",\"target\":[\"https:\/\/www.noidiqua.it\/Montale\/gente-lavoratora-un-libro-dellauser-montale\/\"]}]},{\"@type\":\"ImageObject\",\"inLanguage\":\"it-IT\",\"@id\":\"https:\/\/www.noidiqua.it\/Montale\/gente-lavoratora-un-libro-dellauser-montale\/#primaryimage\",\"url\":\"https:\/\/www.noidiqua.it\/Montale\/wp-content\/uploads\/2021\/05\/gente-lavoratora.png\",\"contentUrl\":\"https:\/\/www.noidiqua.it\/Montale\/wp-content\/uploads\/2021\/05\/gente-lavoratora.png\",\"width\":466,\"height\":336},{\"@type\":\"BreadcrumbList\",\"@id\":\"https:\/\/www.noidiqua.it\/Montale\/gente-lavoratora-un-libro-dellauser-montale\/#breadcrumb\",\"itemListElement\":[{\"@type\":\"ListItem\",\"position\":1,\"name\":\"Home\",\"item\":\"https:\/\/www.noidiqua.it\/Montale\/\"},{\"@type\":\"ListItem\",\"position\":2,\"name\":\"\u201cGente lavoratora\u201d &#8211; un libro dell&#8217;Auser Montale\"}]},{\"@type\":\"WebSite\",\"@id\":\"https:\/\/www.noidiqua.it\/Montale\/#website\",\"url\":\"https:\/\/www.noidiqua.it\/Montale\/\",\"name\":\"Noi di Qua Testata giornalistica e di attualit\u00e0 di Agliana, Montale e Quarrata.\",\"description\":\"Testata Giornalistica Quarrata Montale Agliana\",\"potentialAction\":[{\"@type\":\"SearchAction\",\"target\":{\"@type\":\"EntryPoint\",\"urlTemplate\":\"https:\/\/www.noidiqua.it\/Montale\/?s={search_term_string}\"},\"query-input\":{\"@type\":\"PropertyValueSpecification\",\"valueRequired\":true,\"valueName\":\"search_term_string\"}}],\"inLanguage\":\"it-IT\"},{\"@type\":\"Person\",\"@id\":\"https:\/\/www.noidiqua.it\/Montale\/#\/schema\/person\/3b45dd21eb2367c177b6a6d35c868ccc\",\"name\":\"David Colzi\",\"image\":{\"@type\":\"ImageObject\",\"inLanguage\":\"it-IT\",\"@id\":\"https:\/\/www.noidiqua.it\/Montale\/#\/schema\/person\/image\/\",\"url\":\"https:\/\/secure.gravatar.com\/avatar\/515ac68c0075b78a8243a0f28e5a361c9b5c466a1d6912ac3919ddd928c4db8c?s=96&d=mm&r=g\",\"contentUrl\":\"https:\/\/secure.gravatar.com\/avatar\/515ac68c0075b78a8243a0f28e5a361c9b5c466a1d6912ac3919ddd928c4db8c?s=96&d=mm&r=g\",\"caption\":\"David Colzi\"},\"url\":\"https:\/\/www.noidiqua.it\/Montale\/author\/david-colzi\/\"}]}<\/script>\n<!-- \/ Yoast SEO plugin. -->","yoast_head_json":{"title":"\u201cGente lavoratora\u201d - un libro dell'Auser Montale - Noi di Qua Testata giornalistica e di attualit\u00e0 di Agliana, Montale e Quarrata.","robots":{"index":"index","follow":"follow","max-snippet":"max-snippet:-1","max-image-preview":"max-image-preview:large","max-video-preview":"max-video-preview:-1"},"canonical":"https:\/\/www.noidiqua.it\/Montale\/gente-lavoratora-un-libro-dellauser-montale\/","og_locale":"it_IT","og_type":"article","og_title":"\u201cGente lavoratora\u201d - un libro dell'Auser Montale - Noi di Qua Testata giornalistica e di attualit\u00e0 di Agliana, Montale e Quarrata.","og_description":"di David Colzi dicembre 2020 \u201cGente lavoratora\u201d \u00e8 un libro prezioso e toccante in cui si narra la storia di dodici uomini e otto donne della piana e della montagna pistoiese, in un arco di tempo che si dipana in quasi tutto il secolo scorso. Il tema \u00e8 chiaramente il lavoro che le persone [&hellip;]","og_url":"https:\/\/www.noidiqua.it\/Montale\/gente-lavoratora-un-libro-dellauser-montale\/","og_site_name":"Noi di Qua Testata giornalistica e di attualit\u00e0 di Agliana, Montale e Quarrata.","article_publisher":"https:\/\/www.facebook.com\/noidiqua.trimestrale\/","article_published_time":"2020-12-11T09:31:12+00:00","article_modified_time":"2021-05-11T08:33:55+00:00","og_image":[{"url":"https:\/\/www.noidiqua.it\/Montale\/wp-content\/uploads\/2021\/05\/gente-lavoratora.png","type":"","width":"","height":""}],"author":"David Colzi","twitter_misc":{"Scritto da":"David Colzi","Tempo di lettura stimato":"6 minuti"},"schema":{"@context":"https:\/\/schema.org","@graph":[{"@type":"WebPage","@id":"https:\/\/www.noidiqua.it\/Montale\/gente-lavoratora-un-libro-dellauser-montale\/","url":"https:\/\/www.noidiqua.it\/Montale\/gente-lavoratora-un-libro-dellauser-montale\/","name":"\u201cGente lavoratora\u201d - un libro dell'Auser Montale - Noi di Qua Testata giornalistica e di attualit\u00e0 di Agliana, Montale e Quarrata.","isPartOf":{"@id":"https:\/\/www.noidiqua.it\/Montale\/#website"},"primaryImageOfPage":{"@id":"https:\/\/www.noidiqua.it\/Montale\/gente-lavoratora-un-libro-dellauser-montale\/#primaryimage"},"image":{"@id":"https:\/\/www.noidiqua.it\/Montale\/gente-lavoratora-un-libro-dellauser-montale\/#primaryimage"},"thumbnailUrl":"https:\/\/www.noidiqua.it\/Montale\/wp-content\/uploads\/2021\/05\/gente-lavoratora.png","datePublished":"2020-12-11T09:31:12+00:00","dateModified":"2021-05-11T08:33:55+00:00","author":{"@id":"https:\/\/www.noidiqua.it\/Montale\/#\/schema\/person\/3b45dd21eb2367c177b6a6d35c868ccc"},"breadcrumb":{"@id":"https:\/\/www.noidiqua.it\/Montale\/gente-lavoratora-un-libro-dellauser-montale\/#breadcrumb"},"inLanguage":"it-IT","potentialAction":[{"@type":"ReadAction","target":["https:\/\/www.noidiqua.it\/Montale\/gente-lavoratora-un-libro-dellauser-montale\/"]}]},{"@type":"ImageObject","inLanguage":"it-IT","@id":"https:\/\/www.noidiqua.it\/Montale\/gente-lavoratora-un-libro-dellauser-montale\/#primaryimage","url":"https:\/\/www.noidiqua.it\/Montale\/wp-content\/uploads\/2021\/05\/gente-lavoratora.png","contentUrl":"https:\/\/www.noidiqua.it\/Montale\/wp-content\/uploads\/2021\/05\/gente-lavoratora.png","width":466,"height":336},{"@type":"BreadcrumbList","@id":"https:\/\/www.noidiqua.it\/Montale\/gente-lavoratora-un-libro-dellauser-montale\/#breadcrumb","itemListElement":[{"@type":"ListItem","position":1,"name":"Home","item":"https:\/\/www.noidiqua.it\/Montale\/"},{"@type":"ListItem","position":2,"name":"\u201cGente lavoratora\u201d &#8211; un libro dell&#8217;Auser Montale"}]},{"@type":"WebSite","@id":"https:\/\/www.noidiqua.it\/Montale\/#website","url":"https:\/\/www.noidiqua.it\/Montale\/","name":"Noi di Qua Testata giornalistica e di attualit\u00e0 di Agliana, Montale e Quarrata.","description":"Testata Giornalistica Quarrata Montale Agliana","potentialAction":[{"@type":"SearchAction","target":{"@type":"EntryPoint","urlTemplate":"https:\/\/www.noidiqua.it\/Montale\/?s={search_term_string}"},"query-input":{"@type":"PropertyValueSpecification","valueRequired":true,"valueName":"search_term_string"}}],"inLanguage":"it-IT"},{"@type":"Person","@id":"https:\/\/www.noidiqua.it\/Montale\/#\/schema\/person\/3b45dd21eb2367c177b6a6d35c868ccc","name":"David Colzi","image":{"@type":"ImageObject","inLanguage":"it-IT","@id":"https:\/\/www.noidiqua.it\/Montale\/#\/schema\/person\/image\/","url":"https:\/\/secure.gravatar.com\/avatar\/515ac68c0075b78a8243a0f28e5a361c9b5c466a1d6912ac3919ddd928c4db8c?s=96&d=mm&r=g","contentUrl":"https:\/\/secure.gravatar.com\/avatar\/515ac68c0075b78a8243a0f28e5a361c9b5c466a1d6912ac3919ddd928c4db8c?s=96&d=mm&r=g","caption":"David Colzi"},"url":"https:\/\/www.noidiqua.it\/Montale\/author\/david-colzi\/"}]}},"_links":{"self":[{"href":"https:\/\/www.noidiqua.it\/Montale\/wp-json\/wp\/v2\/posts\/5649","targetHints":{"allow":["GET"]}}],"collection":[{"href":"https:\/\/www.noidiqua.it\/Montale\/wp-json\/wp\/v2\/posts"}],"about":[{"href":"https:\/\/www.noidiqua.it\/Montale\/wp-json\/wp\/v2\/types\/post"}],"author":[{"embeddable":true,"href":"https:\/\/www.noidiqua.it\/Montale\/wp-json\/wp\/v2\/users\/5"}],"replies":[{"embeddable":true,"href":"https:\/\/www.noidiqua.it\/Montale\/wp-json\/wp\/v2\/comments?post=5649"}],"version-history":[{"count":3,"href":"https:\/\/www.noidiqua.it\/Montale\/wp-json\/wp\/v2\/posts\/5649\/revisions"}],"predecessor-version":[{"id":5654,"href":"https:\/\/www.noidiqua.it\/Montale\/wp-json\/wp\/v2\/posts\/5649\/revisions\/5654"}],"wp:attachment":[{"href":"https:\/\/www.noidiqua.it\/Montale\/wp-json\/wp\/v2\/media?parent=5649"}],"wp:term":[{"taxonomy":"category","embeddable":true,"href":"https:\/\/www.noidiqua.it\/Montale\/wp-json\/wp\/v2\/categories?post=5649"},{"taxonomy":"post_tag","embeddable":true,"href":"https:\/\/www.noidiqua.it\/Montale\/wp-json\/wp\/v2\/tags?post=5649"}],"curies":[{"name":"wp","href":"https:\/\/api.w.org\/{rel}","templated":true}]}}