{"id":5674,"date":"2020-12-11T12:19:27","date_gmt":"2020-12-11T11:19:27","guid":{"rendered":"https:\/\/www.noidiqua.it\/Montale\/?p=5674"},"modified":"2021-05-11T12:19:49","modified_gmt":"2021-05-11T10:19:49","slug":"flaminia-borghese-e-manfredi-andriani","status":"publish","type":"post","link":"https:\/\/www.noidiqua.it\/Montale\/flaminia-borghese-e-manfredi-andriani\/","title":{"rendered":"Flaminia Borghese e Manfredi Andriani"},"content":{"rendered":"<p><em>di Giacomo Bini<\/em>. Foto: <a href=\"http:\/\/www.bellinigabriele.it\">Gabriele Bellini<\/a>.<\/p>\n\n\n\n<p><em>dicembre 2020<\/em><\/p>\n\n\n<p><a href=\"https:\/\/www.noidiqua.it\/Montale\/wp-content\/uploads\/2021\/05\/Borghese-Andriani4.png\" rel=\"wp-prettyPhoto[5674]\"><img loading=\"lazy\" decoding=\"async\" class=\"aligncenter size-full wp-image-5676\" src=\"https:\/\/www.noidiqua.it\/Montale\/wp-content\/uploads\/2021\/05\/Borghese-Andriani4.png\" alt=\"\" width=\"450\" height=\"300\" srcset=\"https:\/\/www.noidiqua.it\/Montale\/wp-content\/uploads\/2021\/05\/Borghese-Andriani4.png 450w, https:\/\/www.noidiqua.it\/Montale\/wp-content\/uploads\/2021\/05\/Borghese-Andriani4-300x200.png 300w\" sizes=\"auto, (max-width: 450px) 100vw, 450px\" \/><\/a><\/p>\n\n\n\n\n<p>La <strong>principessa<\/strong> <strong>Flaminia Borghese<\/strong> e suo figlio, il <strong>principe<\/strong> <strong>Manfredi Andriani<\/strong>, sono da tempo montalesi di residenza e di elezione, partecipano alla vita della comunit\u00e0 e sono stimati e benvoluti da tutti non tanto per il loro blasone, tra i pi\u00f9 illustri e carichi di storia, ma per le qualit\u00e0 umane e l\u2019affetto sincero che dimostrano per il paese di <strong>Montale<\/strong>. Sono discendenti di una famiglia, quella dei Borghese, che ha dato alla storia italiana degli ultimi ottocento anni generali e letterati, diplomatici, cardinali e anche un papa di grande rilievo, Paolo V, che ha guidato la Chiesa dal 1605 al 1621.\u00a0<\/p>\n\n\n\n<p>Eppure la signora Flaminia e Manfredi dimostrano ogni giorno che la nobilt\u00e0 non sta tanto nel lignaggio, quanto nella civilt\u00e0 e semplicit\u00e0 dei modi, nella gentilezza d\u2019animo, nella buona educazione e nella disponibilit\u00e0 a mettersi al servizio del bene comune. La loro casa si trova in una delle dipendenze della <strong>villa Smilea<\/strong>\u00a0 e dal giardino sul retro dell\u2019abitazione si gode una vista unica sul castello e le sue due torri. <em>\u00abMi piace tanto questo posto ed \u00e8 bello vivere a Montale\u00bb,<\/em> dice la signora Flaminia,<em> \u00abfino dal 1973 venivamo qui ogni estate con mio marito e tutta la famiglia e da molto tempo ci viviamo stabilmente, ci troviamo molto bene con la gente e ci sentiamo montalesi\u00bb<\/em>. Flaminia, che ora ha 87 anni, \u00e8 una degli otto figli del principe Giangiacomo Borghese. Quando fu fatta la divisione della eredit\u00e0 a lei tocc\u00f2 quella porzione del complesso della Smilea che poi \u00e8 diventata la residenza prediletta della sua famiglia.\u00a0<\/p>\n\n\n<p><a href=\"https:\/\/www.noidiqua.it\/Montale\/wp-content\/uploads\/2021\/05\/Borghese-Andriani3.png\" rel=\"wp-prettyPhoto[5674]\"><img loading=\"lazy\" decoding=\"async\" class=\"aligncenter size-full wp-image-5677\" src=\"https:\/\/www.noidiqua.it\/Montale\/wp-content\/uploads\/2021\/05\/Borghese-Andriani3.png\" alt=\"\" width=\"450\" height=\"300\" srcset=\"https:\/\/www.noidiqua.it\/Montale\/wp-content\/uploads\/2021\/05\/Borghese-Andriani3.png 450w, https:\/\/www.noidiqua.it\/Montale\/wp-content\/uploads\/2021\/05\/Borghese-Andriani3-300x200.png 300w\" sizes=\"auto, (max-width: 450px) 100vw, 450px\" \/><\/a><\/p>\n\n\n<p>Il marito di Flaminia e babbo di Manfredi, <strong>Giovanni Andriani<\/strong>, purtroppo deceduto ormai da qualche anno, \u00e8 stato un importante diplomatico e ha girato il mondo ma appena aveva un periodo libero dal servizio amava rifugiarsi nella tranquillit\u00e0 della casa montalese. <em>\u00abMio padre aveva qui i suoi libri\u00bb,<\/em> racconta Manfredi, <em>\u00abgli piaceva stare nella sua biblioteca e godersi qualche tempo lontano dal frastuono e dalla frenesia delle grandi citt\u00e0, cos\u00ec anch\u2019io ho imparato ad apprezzare questo posto e la sua gente. Mi piace partecipare alla vita del paese e faccio parte di alcune associazioni molto attive in paese come il <strong>Gruppo Alpini<\/strong>, il <strong>Comitato per i Festeggiamenti<\/strong> e il <strong>rione Smilea<\/strong>\u00bb<\/em>. Con gli Alpini Flaminia e Manfredi hanno un legame speciale avendo affidato alle penne nere montalesi la gestione dell\u2019area del laghetto, una vasta porzione del parco della Smilea di loro propriet\u00e0. <em>\u00abGli alpini di Montale sono buoni e sempre disponibili\u00bb, <\/em>dice Flaminia, <em>\u00abquando ci chiesero di utilizzare il lago per le loro attivit\u00e0 fui contentissima di concederlo perch\u00e9 loro lo tengono benissimo e siamo felici che possa essere utile alla comunit\u00e0\u00bb<\/em>. I Borghese-Andriani hanno anche aperto il loro giardino privato per festeggiare la vittoria del rione Smilea nel torneo di calcio paesano e in un locale di loro propriet\u00e0 si trova la sede del rione. Manfredi svolge attivit\u00e0 di volontariato attivo nelle associazioni di cui fa parte,\u00a0 durante il torneo dei rioni lavora allo stand gastronomico e offre il suo contributo fattivo negli eventi organizzati dagli Alpini e dal Comitato Festeggiamenti. Nato in Spagna, durante uno dei servizi all\u2019estero di suo padre, Manfredi, \u00e8 da vent\u2019anni residente a Montale. Quando gli si chiede del titolo nobiliare, risponde con la modestia che gli \u00e8 propria:<em> \u00abSono cose che non contano\u00bb<\/em>. Se quello che conta \u00e8 il valore intrinseco delle persone e lo stile nelle relazioni umane, Flaminia e Manfredi ne sono un esempio apprezzato da tutti nella comunit\u00e0 montalese.<\/p>\n\n\n<p><a href=\"https:\/\/www.noidiqua.it\/Montale\/wp-content\/uploads\/2021\/05\/Borghese-Andriani2-1.png\" rel=\"wp-prettyPhoto[5674]\"><img loading=\"lazy\" decoding=\"async\" class=\"aligncenter size-full wp-image-5678\" src=\"https:\/\/www.noidiqua.it\/Montale\/wp-content\/uploads\/2021\/05\/Borghese-Andriani2-1.png\" alt=\"\" width=\"450\" height=\"317\" srcset=\"https:\/\/www.noidiqua.it\/Montale\/wp-content\/uploads\/2021\/05\/Borghese-Andriani2-1.png 450w, https:\/\/www.noidiqua.it\/Montale\/wp-content\/uploads\/2021\/05\/Borghese-Andriani2-1-300x211.png 300w\" sizes=\"auto, (max-width: 450px) 100vw, 450px\" \/><\/a><\/p>","protected":false},"excerpt":{"rendered":"<p>di Giacomo Bini. Foto: Gabriele Bellini. dicembre 2020 La principessa Flaminia Borghese e suo figlio, il principe Manfredi Andriani, sono da tempo montalesi di residenza e di elezione, partecipano alla vita della comunit\u00e0 e sono stimati e benvoluti da tutti non tanto per il loro blasone, tra i pi\u00f9 illustri e carichi di storia, [&hellip;]<\/p>","protected":false},"author":12,"featured_media":0,"comment_status":"open","ping_status":"open","sticky":false,"template":"","format":"standard","meta":{"footnotes":""},"categories":[7,13,170],"tags":[357,2329,2332,222,2331,995,2330,2328,1862,362],"class_list":["post-5674","post","type-post","status-publish","format-standard","hentry","category-mt","category-personaggi-qt","category-persone-e-personaggi","tag-comitato-per-i-festeggiamenti","tag-flaminia-borghese","tag-giovanni-andriani","tag-gruppo-alpini","tag-manfredi-andriani","tag-mt","tag-principe","tag-principessa","tag-rione-smilea","tag-villa-smilea"],"yoast_head":"<!-- This site is optimized with the Yoast SEO plugin v25.5 - https:\/\/yoast.com\/wordpress\/plugins\/seo\/ -->\n<title>Flaminia Borghese e Manfredi Andriani - Noi di Qua Testata giornalistica e di attualit\u00e0 di Agliana, Montale e Quarrata.<\/title>\n<meta name=\"robots\" content=\"index, follow, max-snippet:-1, max-image-preview:large, max-video-preview:-1\" \/>\n<link rel=\"canonical\" href=\"https:\/\/www.noidiqua.it\/Montale\/flaminia-borghese-e-manfredi-andriani\/\" \/>\n<meta property=\"og:locale\" content=\"it_IT\" \/>\n<meta property=\"og:type\" content=\"article\" \/>\n<meta property=\"og:title\" content=\"Flaminia Borghese e Manfredi Andriani - Noi di Qua Testata giornalistica e di attualit\u00e0 di Agliana, Montale e Quarrata.\" \/>\n<meta property=\"og:description\" content=\"di Giacomo Bini. Foto: Gabriele Bellini. dicembre 2020 La principessa Flaminia Borghese e suo figlio, il principe Manfredi Andriani, sono da tempo montalesi di residenza e di elezione, partecipano alla vita della comunit\u00e0 e sono stimati e benvoluti da tutti non tanto per il loro blasone, tra i pi\u00f9 illustri e carichi di storia, [&hellip;]\" \/>\n<meta property=\"og:url\" content=\"https:\/\/www.noidiqua.it\/Montale\/flaminia-borghese-e-manfredi-andriani\/\" \/>\n<meta property=\"og:site_name\" content=\"Noi di Qua Testata giornalistica e di attualit\u00e0 di Agliana, Montale e Quarrata.\" \/>\n<meta property=\"article:publisher\" content=\"https:\/\/www.facebook.com\/noidiqua.trimestrale\/\" \/>\n<meta property=\"article:published_time\" content=\"2020-12-11T11:19:27+00:00\" \/>\n<meta property=\"article:modified_time\" content=\"2021-05-11T10:19:49+00:00\" \/>\n<meta property=\"og:image\" content=\"https:\/\/www.noidiqua.it\/Montale\/wp-content\/uploads\/2021\/05\/Borghese-Andriani4.png\" \/>\n<meta name=\"author\" content=\"Giacomo Bini\" \/>\n<meta name=\"twitter:label1\" content=\"Scritto da\" \/>\n\t<meta name=\"twitter:data1\" content=\"Giacomo Bini\" \/>\n\t<meta name=\"twitter:label2\" content=\"Tempo di lettura stimato\" \/>\n\t<meta name=\"twitter:data2\" content=\"3 minuti\" \/>\n<script type=\"application\/ld+json\" class=\"yoast-schema-graph\">{\"@context\":\"https:\/\/schema.org\",\"@graph\":[{\"@type\":\"WebPage\",\"@id\":\"https:\/\/www.noidiqua.it\/Montale\/flaminia-borghese-e-manfredi-andriani\/\",\"url\":\"https:\/\/www.noidiqua.it\/Montale\/flaminia-borghese-e-manfredi-andriani\/\",\"name\":\"Flaminia Borghese e Manfredi Andriani - Noi di Qua Testata giornalistica e di attualit\u00e0 di Agliana, Montale e Quarrata.\",\"isPartOf\":{\"@id\":\"https:\/\/www.noidiqua.it\/Montale\/#website\"},\"primaryImageOfPage\":{\"@id\":\"https:\/\/www.noidiqua.it\/Montale\/flaminia-borghese-e-manfredi-andriani\/#primaryimage\"},\"image\":{\"@id\":\"https:\/\/www.noidiqua.it\/Montale\/flaminia-borghese-e-manfredi-andriani\/#primaryimage\"},\"thumbnailUrl\":\"https:\/\/www.noidiqua.it\/Montale\/wp-content\/uploads\/2021\/05\/Borghese-Andriani4.png\",\"datePublished\":\"2020-12-11T11:19:27+00:00\",\"dateModified\":\"2021-05-11T10:19:49+00:00\",\"author\":{\"@id\":\"https:\/\/www.noidiqua.it\/Montale\/#\/schema\/person\/e2e6f44da50af0dae9c90ad168e471a4\"},\"breadcrumb\":{\"@id\":\"https:\/\/www.noidiqua.it\/Montale\/flaminia-borghese-e-manfredi-andriani\/#breadcrumb\"},\"inLanguage\":\"it-IT\",\"potentialAction\":[{\"@type\":\"ReadAction\",\"target\":[\"https:\/\/www.noidiqua.it\/Montale\/flaminia-borghese-e-manfredi-andriani\/\"]}]},{\"@type\":\"ImageObject\",\"inLanguage\":\"it-IT\",\"@id\":\"https:\/\/www.noidiqua.it\/Montale\/flaminia-borghese-e-manfredi-andriani\/#primaryimage\",\"url\":\"https:\/\/www.noidiqua.it\/Montale\/wp-content\/uploads\/2021\/05\/Borghese-Andriani4.png\",\"contentUrl\":\"https:\/\/www.noidiqua.it\/Montale\/wp-content\/uploads\/2021\/05\/Borghese-Andriani4.png\",\"width\":450,\"height\":300},{\"@type\":\"BreadcrumbList\",\"@id\":\"https:\/\/www.noidiqua.it\/Montale\/flaminia-borghese-e-manfredi-andriani\/#breadcrumb\",\"itemListElement\":[{\"@type\":\"ListItem\",\"position\":1,\"name\":\"Home\",\"item\":\"https:\/\/www.noidiqua.it\/Montale\/\"},{\"@type\":\"ListItem\",\"position\":2,\"name\":\"Flaminia Borghese e Manfredi Andriani\"}]},{\"@type\":\"WebSite\",\"@id\":\"https:\/\/www.noidiqua.it\/Montale\/#website\",\"url\":\"https:\/\/www.noidiqua.it\/Montale\/\",\"name\":\"Noi di Qua Testata giornalistica e di attualit\u00e0 di Agliana, Montale e Quarrata.\",\"description\":\"Testata Giornalistica Quarrata Montale Agliana\",\"potentialAction\":[{\"@type\":\"SearchAction\",\"target\":{\"@type\":\"EntryPoint\",\"urlTemplate\":\"https:\/\/www.noidiqua.it\/Montale\/?s={search_term_string}\"},\"query-input\":{\"@type\":\"PropertyValueSpecification\",\"valueRequired\":true,\"valueName\":\"search_term_string\"}}],\"inLanguage\":\"it-IT\"},{\"@type\":\"Person\",\"@id\":\"https:\/\/www.noidiqua.it\/Montale\/#\/schema\/person\/e2e6f44da50af0dae9c90ad168e471a4\",\"name\":\"Giacomo Bini\",\"image\":{\"@type\":\"ImageObject\",\"inLanguage\":\"it-IT\",\"@id\":\"https:\/\/www.noidiqua.it\/Montale\/#\/schema\/person\/image\/\",\"url\":\"https:\/\/secure.gravatar.com\/avatar\/e5c18ae41df5ae37397358f2c6046696187d51a120c5d0b8f0c49f7b606f46f4?s=96&d=mm&r=g\",\"contentUrl\":\"https:\/\/secure.gravatar.com\/avatar\/e5c18ae41df5ae37397358f2c6046696187d51a120c5d0b8f0c49f7b606f46f4?s=96&d=mm&r=g\",\"caption\":\"Giacomo Bini\"},\"url\":\"https:\/\/www.noidiqua.it\/Montale\/author\/giacomo-bini\/\"}]}<\/script>\n<!-- \/ Yoast SEO plugin. -->","yoast_head_json":{"title":"Flaminia Borghese e Manfredi Andriani - Noi di Qua Testata giornalistica e di attualit\u00e0 di Agliana, Montale e Quarrata.","robots":{"index":"index","follow":"follow","max-snippet":"max-snippet:-1","max-image-preview":"max-image-preview:large","max-video-preview":"max-video-preview:-1"},"canonical":"https:\/\/www.noidiqua.it\/Montale\/flaminia-borghese-e-manfredi-andriani\/","og_locale":"it_IT","og_type":"article","og_title":"Flaminia Borghese e Manfredi Andriani - Noi di Qua Testata giornalistica e di attualit\u00e0 di Agliana, Montale e Quarrata.","og_description":"di Giacomo Bini. Foto: Gabriele Bellini. dicembre 2020 La principessa Flaminia Borghese e suo figlio, il principe Manfredi Andriani, sono da tempo montalesi di residenza e di elezione, partecipano alla vita della comunit\u00e0 e sono stimati e benvoluti da tutti non tanto per il loro blasone, tra i pi\u00f9 illustri e carichi di storia, [&hellip;]","og_url":"https:\/\/www.noidiqua.it\/Montale\/flaminia-borghese-e-manfredi-andriani\/","og_site_name":"Noi di Qua Testata giornalistica e di attualit\u00e0 di Agliana, Montale e Quarrata.","article_publisher":"https:\/\/www.facebook.com\/noidiqua.trimestrale\/","article_published_time":"2020-12-11T11:19:27+00:00","article_modified_time":"2021-05-11T10:19:49+00:00","og_image":[{"url":"https:\/\/www.noidiqua.it\/Montale\/wp-content\/uploads\/2021\/05\/Borghese-Andriani4.png","type":"","width":"","height":""}],"author":"Giacomo Bini","twitter_misc":{"Scritto da":"Giacomo Bini","Tempo di lettura stimato":"3 minuti"},"schema":{"@context":"https:\/\/schema.org","@graph":[{"@type":"WebPage","@id":"https:\/\/www.noidiqua.it\/Montale\/flaminia-borghese-e-manfredi-andriani\/","url":"https:\/\/www.noidiqua.it\/Montale\/flaminia-borghese-e-manfredi-andriani\/","name":"Flaminia Borghese e Manfredi Andriani - Noi di Qua Testata giornalistica e di attualit\u00e0 di Agliana, Montale e Quarrata.","isPartOf":{"@id":"https:\/\/www.noidiqua.it\/Montale\/#website"},"primaryImageOfPage":{"@id":"https:\/\/www.noidiqua.it\/Montale\/flaminia-borghese-e-manfredi-andriani\/#primaryimage"},"image":{"@id":"https:\/\/www.noidiqua.it\/Montale\/flaminia-borghese-e-manfredi-andriani\/#primaryimage"},"thumbnailUrl":"https:\/\/www.noidiqua.it\/Montale\/wp-content\/uploads\/2021\/05\/Borghese-Andriani4.png","datePublished":"2020-12-11T11:19:27+00:00","dateModified":"2021-05-11T10:19:49+00:00","author":{"@id":"https:\/\/www.noidiqua.it\/Montale\/#\/schema\/person\/e2e6f44da50af0dae9c90ad168e471a4"},"breadcrumb":{"@id":"https:\/\/www.noidiqua.it\/Montale\/flaminia-borghese-e-manfredi-andriani\/#breadcrumb"},"inLanguage":"it-IT","potentialAction":[{"@type":"ReadAction","target":["https:\/\/www.noidiqua.it\/Montale\/flaminia-borghese-e-manfredi-andriani\/"]}]},{"@type":"ImageObject","inLanguage":"it-IT","@id":"https:\/\/www.noidiqua.it\/Montale\/flaminia-borghese-e-manfredi-andriani\/#primaryimage","url":"https:\/\/www.noidiqua.it\/Montale\/wp-content\/uploads\/2021\/05\/Borghese-Andriani4.png","contentUrl":"https:\/\/www.noidiqua.it\/Montale\/wp-content\/uploads\/2021\/05\/Borghese-Andriani4.png","width":450,"height":300},{"@type":"BreadcrumbList","@id":"https:\/\/www.noidiqua.it\/Montale\/flaminia-borghese-e-manfredi-andriani\/#breadcrumb","itemListElement":[{"@type":"ListItem","position":1,"name":"Home","item":"https:\/\/www.noidiqua.it\/Montale\/"},{"@type":"ListItem","position":2,"name":"Flaminia Borghese e Manfredi Andriani"}]},{"@type":"WebSite","@id":"https:\/\/www.noidiqua.it\/Montale\/#website","url":"https:\/\/www.noidiqua.it\/Montale\/","name":"Noi di Qua Testata giornalistica e di attualit\u00e0 di Agliana, Montale e Quarrata.","description":"Testata Giornalistica Quarrata Montale Agliana","potentialAction":[{"@type":"SearchAction","target":{"@type":"EntryPoint","urlTemplate":"https:\/\/www.noidiqua.it\/Montale\/?s={search_term_string}"},"query-input":{"@type":"PropertyValueSpecification","valueRequired":true,"valueName":"search_term_string"}}],"inLanguage":"it-IT"},{"@type":"Person","@id":"https:\/\/www.noidiqua.it\/Montale\/#\/schema\/person\/e2e6f44da50af0dae9c90ad168e471a4","name":"Giacomo Bini","image":{"@type":"ImageObject","inLanguage":"it-IT","@id":"https:\/\/www.noidiqua.it\/Montale\/#\/schema\/person\/image\/","url":"https:\/\/secure.gravatar.com\/avatar\/e5c18ae41df5ae37397358f2c6046696187d51a120c5d0b8f0c49f7b606f46f4?s=96&d=mm&r=g","contentUrl":"https:\/\/secure.gravatar.com\/avatar\/e5c18ae41df5ae37397358f2c6046696187d51a120c5d0b8f0c49f7b606f46f4?s=96&d=mm&r=g","caption":"Giacomo Bini"},"url":"https:\/\/www.noidiqua.it\/Montale\/author\/giacomo-bini\/"}]}},"_links":{"self":[{"href":"https:\/\/www.noidiqua.it\/Montale\/wp-json\/wp\/v2\/posts\/5674","targetHints":{"allow":["GET"]}}],"collection":[{"href":"https:\/\/www.noidiqua.it\/Montale\/wp-json\/wp\/v2\/posts"}],"about":[{"href":"https:\/\/www.noidiqua.it\/Montale\/wp-json\/wp\/v2\/types\/post"}],"author":[{"embeddable":true,"href":"https:\/\/www.noidiqua.it\/Montale\/wp-json\/wp\/v2\/users\/12"}],"replies":[{"embeddable":true,"href":"https:\/\/www.noidiqua.it\/Montale\/wp-json\/wp\/v2\/comments?post=5674"}],"version-history":[{"count":2,"href":"https:\/\/www.noidiqua.it\/Montale\/wp-json\/wp\/v2\/posts\/5674\/revisions"}],"predecessor-version":[{"id":5680,"href":"https:\/\/www.noidiqua.it\/Montale\/wp-json\/wp\/v2\/posts\/5674\/revisions\/5680"}],"wp:attachment":[{"href":"https:\/\/www.noidiqua.it\/Montale\/wp-json\/wp\/v2\/media?parent=5674"}],"wp:term":[{"taxonomy":"category","embeddable":true,"href":"https:\/\/www.noidiqua.it\/Montale\/wp-json\/wp\/v2\/categories?post=5674"},{"taxonomy":"post_tag","embeddable":true,"href":"https:\/\/www.noidiqua.it\/Montale\/wp-json\/wp\/v2\/tags?post=5674"}],"curies":[{"name":"wp","href":"https:\/\/api.w.org\/{rel}","templated":true}]}}