{"id":5689,"date":"2020-12-11T12:24:16","date_gmt":"2020-12-11T11:24:16","guid":{"rendered":"https:\/\/www.noidiqua.it\/Montale\/?p=5689"},"modified":"2021-05-12T12:24:47","modified_gmt":"2021-05-12T10:24:47","slug":"i-ceppi-dipinti-da-geniale-ruffa","status":"publish","type":"post","link":"https:\/\/www.noidiqua.it\/Montale\/i-ceppi-dipinti-da-geniale-ruffa\/","title":{"rendered":"I ceppi dipinti da Geniale Ruffa"},"content":{"rendered":"<p><em>di Marco Bagnoli<\/em><\/p>\n\n\n\n<p><em>dicembre 2020<\/em><\/p>\n\n\n<p><a href=\"https:\/\/www.noidiqua.it\/Montale\/wp-content\/uploads\/2021\/05\/Geniale-Ruffa.png\" rel=\"wp-prettyPhoto[5689]\"><img loading=\"lazy\" decoding=\"async\" class=\"aligncenter size-full wp-image-5691\" src=\"https:\/\/www.noidiqua.it\/Montale\/wp-content\/uploads\/2021\/05\/Geniale-Ruffa.png\" alt=\"\" width=\"450\" height=\"338\" srcset=\"https:\/\/www.noidiqua.it\/Montale\/wp-content\/uploads\/2021\/05\/Geniale-Ruffa.png 450w, https:\/\/www.noidiqua.it\/Montale\/wp-content\/uploads\/2021\/05\/Geniale-Ruffa-300x225.png 300w\" sizes=\"auto, (max-width: 450px) 100vw, 450px\" \/><\/a><\/p>\n\n\n<p>Assecondando una volta di pi\u00f9 le nostre abitudini siamo tornati a casa dell\u2019artista per farci raccontare un\u2019altra storia. La casa \u00e8 quella di <strong>Geniale Ruffa<\/strong>, una nostra conoscenza del <a href=\"https:\/\/www.noidiqua.it\/Montale\/geniale-ruffa\/\"><strong>numero 1 del 2013<\/strong><\/a>: Geniale Ruffa nasce a Mileto in provincia di Tropea nel 1949, ma tempo un anno i genitori lo hanno gi\u00e0 portato ad Agliana, dove resta un sacco di anni prima di sposarsi con Luciana Tronci e quindi trasferirsi a Montale.\u00a0<\/p>\n\n\n\n<p>Anche quest\u2019oggi ci racconta una storia che lo riguarda direttamente, ma questa volta coinvolge un numero ben pi\u00f9 ampio di persone, e seguiterebbe ancora a raccontare, se la lunghezza dell\u2019articolo non ci avesse dato un taglio. A dirla tutta stavolta il taglio ce l\u2019hanno dato per davvero, ma non \u00e8 colpa dell\u2019articolo. \u00c8 accaduto che un bel giorno, nel corso della consueta passeggiata nei dintorni, qualche cosa nel familiare profilo dell\u2019argine di <strong>via Papini<\/strong>, a ridosso della <strong>Settola<\/strong>, era improvvisamente cambiato, e Geniale, che ha l\u2019occhio allenato dal mestiere di <strong>artista<\/strong> \u2013 mestiere che adesso porta avanti a tempo pieno in quanto \u00e8 in pensione \u2013 se ne \u00e8 subito accorto. Avevano tagliato la fila di <strong>alberi<\/strong> che correva sull\u2019argine. <\/p>\n\n\n<p><a href=\"https:\/\/www.noidiqua.it\/Montale\/wp-content\/uploads\/2021\/05\/Geniale-Ruffa4.png\" rel=\"wp-prettyPhoto[5689]\"><img loading=\"lazy\" decoding=\"async\" class=\"aligncenter size-full wp-image-5692\" src=\"https:\/\/www.noidiqua.it\/Montale\/wp-content\/uploads\/2021\/05\/Geniale-Ruffa4.png\" alt=\"\" width=\"450\" height=\"338\" srcset=\"https:\/\/www.noidiqua.it\/Montale\/wp-content\/uploads\/2021\/05\/Geniale-Ruffa4.png 450w, https:\/\/www.noidiqua.it\/Montale\/wp-content\/uploads\/2021\/05\/Geniale-Ruffa4-300x225.png 300w\" sizes=\"auto, (max-width: 450px) 100vw, 450px\" \/><\/a><\/p>\n\n\n<p>E i <strong>ceppi freschi<\/strong> di taglio erano l\u00ec come sguardi spenti a mostrare il chiarore interno che non potevano pi\u00f9 nascondere. Prima ancora di realizzare il cosa e il come \u00e8 stato l\u2019istinto a guidare prima i passi e successivamente le mani abili di Geniale: \u00e8 subito corso a casa per tornare in via Papini debitamente munito di tinta e pennello. E mentre una signora si avvicinava per domandare se cercasse funghi, curvo sui monconi ammutoliti, il nostro li ha prontamente provvisti di una faccia che esprimesse qualcosa, perlomeno la tristezza per il singolare avvenimento. Solo uno dei ceppi sfoggia adesso un cuore, come un irrefrenabile accento di felicit\u00e0 \u2013 anche se magari \u00e8 proprio la contentezza del misterioso tagliatore. Giusto, ma chi \u00e8 stato? \u00c8 stato il <strong>Consorzio del Medio Valdarno<\/strong>. Punto. Anche se, a dirla tutta, una semplice comunicazione al Comune poteva pure darla, e invece pare che hanno semplicemente messo in strada un cartello che avvisava dell\u2019imminente taglio il giorno dopo, e cos\u00ec hanno fatto. Assieme a Geniale abbiamo fatto un paio di considerazioni: si sarebbe capito un intervento d\u2019urgenza su delle piante malate, ma questi dieci tigli erano sani, e il fresco che consentivano dall\u2019alto della loro imponenza era quanto di pi\u00f9 salutare si potesse chiedere in un caldo giorno d\u2019estate. Forse erano d\u2019intralcio alla macchina che ripulisce l\u2019argine, e in questo modo si sono risparmiati qualche seccatura di troppo. Il Consorzio ha motivato con decisione il taglio, richiamandosi a ragioni di <strong>sicurezza idraulica<\/strong>, per proteggere argine e Settola.\u00a0<\/p>\n\n\n<p><a href=\"https:\/\/www.noidiqua.it\/Montale\/wp-content\/uploads\/2021\/05\/Geniale-Ruffa6.png\" rel=\"wp-prettyPhoto[5689]\"><img loading=\"lazy\" decoding=\"async\" class=\"aligncenter size-full wp-image-5693\" src=\"https:\/\/www.noidiqua.it\/Montale\/wp-content\/uploads\/2021\/05\/Geniale-Ruffa6.png\" alt=\"\" width=\"450\" height=\"338\" srcset=\"https:\/\/www.noidiqua.it\/Montale\/wp-content\/uploads\/2021\/05\/Geniale-Ruffa6.png 450w, https:\/\/www.noidiqua.it\/Montale\/wp-content\/uploads\/2021\/05\/Geniale-Ruffa6-300x225.png 300w\" sizes=\"auto, (max-width: 450px) 100vw, 450px\" \/><\/a><\/p>\n\n\n<p>Quindi basta, la storia finisce qui? Eh no, perch\u00e9 come in tutte le pi\u00f9 belle vicende c\u2019\u00e8 addirittura un antefatto; sarebbe bastata un\u2019occhiata al diametro dei tronchi, ma ve lo diciamo noi: quegli alberi hanno almeno cinquantacinque anni, perch\u00e9 li piantarono i bambini delle scuole elementari di Montale \u2013 e Geniale ce lo conferma, ricordando di aver piantato il suo, ad Agliana, dove erano i vecchi macelli, prima della Coop. E i semplici disegni fatti da lui con la vernice nera restano adesso per esprimere il rammarico pi\u00f9 spontaneo, proprio quello che potrebbe provare un bambino. Domani pianteremo anche noi un alberello, cos\u00ec la prossima volta che incontreremo Geniale, fra sette anni, sar\u00e0 gi\u00e0 cresciuto e sapremo far tesoro della poca ombra che far\u00e0.<\/p>","protected":false},"excerpt":{"rendered":"<p>di Marco Bagnoli dicembre 2020 Assecondando una volta di pi\u00f9 le nostre abitudini siamo tornati a casa dell\u2019artista per farci raccontare un\u2019altra storia. La casa \u00e8 quella di Geniale Ruffa, una nostra conoscenza del numero 1 del 2013: Geniale Ruffa nasce a Mileto in provincia di Tropea nel 1949, ma tempo un anno i [&hellip;]<\/p>","protected":false},"author":3,"featured_media":0,"comment_status":"open","ping_status":"open","sticky":false,"template":"","format":"standard","meta":{"footnotes":""},"categories":[27,7],"tags":[2342,178,2343,2344,1251,769,2260,2341],"class_list":["post-5689","post","type-post","status-publish","format-standard","hentry","category-fotonotizie-qt","category-mt","tag-alberi","tag-artista","tag-ceppi-freschi","tag-consorzio-del-medio-valdarno","tag-geniale-ruffa","tag-settola","tag-sicurezza-idraulica","tag-via-papini"],"yoast_head":"<!-- This site is optimized with the Yoast SEO plugin v25.5 - https:\/\/yoast.com\/wordpress\/plugins\/seo\/ -->\n<title>I ceppi dipinti da Geniale Ruffa - Noi di Qua Testata giornalistica e di attualit\u00e0 di Agliana, Montale e Quarrata.<\/title>\n<meta name=\"robots\" content=\"index, follow, max-snippet:-1, max-image-preview:large, max-video-preview:-1\" \/>\n<link rel=\"canonical\" href=\"https:\/\/www.noidiqua.it\/Montale\/i-ceppi-dipinti-da-geniale-ruffa\/\" \/>\n<meta property=\"og:locale\" content=\"it_IT\" \/>\n<meta property=\"og:type\" content=\"article\" \/>\n<meta property=\"og:title\" content=\"I ceppi dipinti da Geniale Ruffa - Noi di Qua Testata giornalistica e di attualit\u00e0 di Agliana, Montale e Quarrata.\" \/>\n<meta property=\"og:description\" content=\"di Marco Bagnoli dicembre 2020 Assecondando una volta di pi\u00f9 le nostre abitudini siamo tornati a casa dell\u2019artista per farci raccontare un\u2019altra storia. La casa \u00e8 quella di Geniale Ruffa, una nostra conoscenza del numero 1 del 2013: Geniale Ruffa nasce a Mileto in provincia di Tropea nel 1949, ma tempo un anno i [&hellip;]\" \/>\n<meta property=\"og:url\" content=\"https:\/\/www.noidiqua.it\/Montale\/i-ceppi-dipinti-da-geniale-ruffa\/\" \/>\n<meta property=\"og:site_name\" content=\"Noi di Qua Testata giornalistica e di attualit\u00e0 di Agliana, Montale e Quarrata.\" \/>\n<meta property=\"article:publisher\" content=\"https:\/\/www.facebook.com\/noidiqua.trimestrale\/\" \/>\n<meta property=\"article:published_time\" content=\"2020-12-11T11:24:16+00:00\" \/>\n<meta property=\"article:modified_time\" content=\"2021-05-12T10:24:47+00:00\" \/>\n<meta property=\"og:image\" content=\"https:\/\/www.noidiqua.it\/Montale\/wp-content\/uploads\/2021\/05\/Geniale-Ruffa.png\" \/>\n<meta name=\"author\" content=\"Marco Bagnoli\" \/>\n<meta name=\"twitter:label1\" content=\"Scritto da\" \/>\n\t<meta name=\"twitter:data1\" content=\"Marco Bagnoli\" \/>\n\t<meta name=\"twitter:label2\" content=\"Tempo di lettura stimato\" \/>\n\t<meta name=\"twitter:data2\" content=\"3 minuti\" \/>\n<script type=\"application\/ld+json\" class=\"yoast-schema-graph\">{\"@context\":\"https:\/\/schema.org\",\"@graph\":[{\"@type\":\"WebPage\",\"@id\":\"https:\/\/www.noidiqua.it\/Montale\/i-ceppi-dipinti-da-geniale-ruffa\/\",\"url\":\"https:\/\/www.noidiqua.it\/Montale\/i-ceppi-dipinti-da-geniale-ruffa\/\",\"name\":\"I ceppi dipinti da Geniale Ruffa - Noi di Qua Testata giornalistica e di attualit\u00e0 di Agliana, Montale e Quarrata.\",\"isPartOf\":{\"@id\":\"https:\/\/www.noidiqua.it\/Montale\/#website\"},\"primaryImageOfPage\":{\"@id\":\"https:\/\/www.noidiqua.it\/Montale\/i-ceppi-dipinti-da-geniale-ruffa\/#primaryimage\"},\"image\":{\"@id\":\"https:\/\/www.noidiqua.it\/Montale\/i-ceppi-dipinti-da-geniale-ruffa\/#primaryimage\"},\"thumbnailUrl\":\"https:\/\/www.noidiqua.it\/Montale\/wp-content\/uploads\/2021\/05\/Geniale-Ruffa.png\",\"datePublished\":\"2020-12-11T11:24:16+00:00\",\"dateModified\":\"2021-05-12T10:24:47+00:00\",\"author\":{\"@id\":\"https:\/\/www.noidiqua.it\/Montale\/#\/schema\/person\/4e183cb0c6d7951e716a876aa702e1a2\"},\"breadcrumb\":{\"@id\":\"https:\/\/www.noidiqua.it\/Montale\/i-ceppi-dipinti-da-geniale-ruffa\/#breadcrumb\"},\"inLanguage\":\"it-IT\",\"potentialAction\":[{\"@type\":\"ReadAction\",\"target\":[\"https:\/\/www.noidiqua.it\/Montale\/i-ceppi-dipinti-da-geniale-ruffa\/\"]}]},{\"@type\":\"ImageObject\",\"inLanguage\":\"it-IT\",\"@id\":\"https:\/\/www.noidiqua.it\/Montale\/i-ceppi-dipinti-da-geniale-ruffa\/#primaryimage\",\"url\":\"https:\/\/www.noidiqua.it\/Montale\/wp-content\/uploads\/2021\/05\/Geniale-Ruffa.png\",\"contentUrl\":\"https:\/\/www.noidiqua.it\/Montale\/wp-content\/uploads\/2021\/05\/Geniale-Ruffa.png\",\"width\":450,\"height\":338},{\"@type\":\"BreadcrumbList\",\"@id\":\"https:\/\/www.noidiqua.it\/Montale\/i-ceppi-dipinti-da-geniale-ruffa\/#breadcrumb\",\"itemListElement\":[{\"@type\":\"ListItem\",\"position\":1,\"name\":\"Home\",\"item\":\"https:\/\/www.noidiqua.it\/Montale\/\"},{\"@type\":\"ListItem\",\"position\":2,\"name\":\"I ceppi dipinti da Geniale Ruffa\"}]},{\"@type\":\"WebSite\",\"@id\":\"https:\/\/www.noidiqua.it\/Montale\/#website\",\"url\":\"https:\/\/www.noidiqua.it\/Montale\/\",\"name\":\"Noi di Qua Testata giornalistica e di attualit\u00e0 di Agliana, Montale e Quarrata.\",\"description\":\"Testata Giornalistica Quarrata Montale Agliana\",\"potentialAction\":[{\"@type\":\"SearchAction\",\"target\":{\"@type\":\"EntryPoint\",\"urlTemplate\":\"https:\/\/www.noidiqua.it\/Montale\/?s={search_term_string}\"},\"query-input\":{\"@type\":\"PropertyValueSpecification\",\"valueRequired\":true,\"valueName\":\"search_term_string\"}}],\"inLanguage\":\"it-IT\"},{\"@type\":\"Person\",\"@id\":\"https:\/\/www.noidiqua.it\/Montale\/#\/schema\/person\/4e183cb0c6d7951e716a876aa702e1a2\",\"name\":\"Marco Bagnoli\",\"image\":{\"@type\":\"ImageObject\",\"inLanguage\":\"it-IT\",\"@id\":\"https:\/\/www.noidiqua.it\/Montale\/#\/schema\/person\/image\/\",\"url\":\"https:\/\/secure.gravatar.com\/avatar\/73ace53724c50db9c48af54756f17b7cdb015a9d8d2c08c7e04e480539a94eee?s=96&d=mm&r=g\",\"contentUrl\":\"https:\/\/secure.gravatar.com\/avatar\/73ace53724c50db9c48af54756f17b7cdb015a9d8d2c08c7e04e480539a94eee?s=96&d=mm&r=g\",\"caption\":\"Marco Bagnoli\"},\"url\":\"https:\/\/www.noidiqua.it\/Montale\/author\/marco-bagnoli\/\"}]}<\/script>\n<!-- \/ Yoast SEO plugin. -->","yoast_head_json":{"title":"I ceppi dipinti da Geniale Ruffa - Noi di Qua Testata giornalistica e di attualit\u00e0 di Agliana, Montale e Quarrata.","robots":{"index":"index","follow":"follow","max-snippet":"max-snippet:-1","max-image-preview":"max-image-preview:large","max-video-preview":"max-video-preview:-1"},"canonical":"https:\/\/www.noidiqua.it\/Montale\/i-ceppi-dipinti-da-geniale-ruffa\/","og_locale":"it_IT","og_type":"article","og_title":"I ceppi dipinti da Geniale Ruffa - Noi di Qua Testata giornalistica e di attualit\u00e0 di Agliana, Montale e Quarrata.","og_description":"di Marco Bagnoli dicembre 2020 Assecondando una volta di pi\u00f9 le nostre abitudini siamo tornati a casa dell\u2019artista per farci raccontare un\u2019altra storia. La casa \u00e8 quella di Geniale Ruffa, una nostra conoscenza del numero 1 del 2013: Geniale Ruffa nasce a Mileto in provincia di Tropea nel 1949, ma tempo un anno i [&hellip;]","og_url":"https:\/\/www.noidiqua.it\/Montale\/i-ceppi-dipinti-da-geniale-ruffa\/","og_site_name":"Noi di Qua Testata giornalistica e di attualit\u00e0 di Agliana, Montale e Quarrata.","article_publisher":"https:\/\/www.facebook.com\/noidiqua.trimestrale\/","article_published_time":"2020-12-11T11:24:16+00:00","article_modified_time":"2021-05-12T10:24:47+00:00","og_image":[{"url":"https:\/\/www.noidiqua.it\/Montale\/wp-content\/uploads\/2021\/05\/Geniale-Ruffa.png","type":"","width":"","height":""}],"author":"Marco Bagnoli","twitter_misc":{"Scritto da":"Marco Bagnoli","Tempo di lettura stimato":"3 minuti"},"schema":{"@context":"https:\/\/schema.org","@graph":[{"@type":"WebPage","@id":"https:\/\/www.noidiqua.it\/Montale\/i-ceppi-dipinti-da-geniale-ruffa\/","url":"https:\/\/www.noidiqua.it\/Montale\/i-ceppi-dipinti-da-geniale-ruffa\/","name":"I ceppi dipinti da Geniale Ruffa - Noi di Qua Testata giornalistica e di attualit\u00e0 di Agliana, Montale e Quarrata.","isPartOf":{"@id":"https:\/\/www.noidiqua.it\/Montale\/#website"},"primaryImageOfPage":{"@id":"https:\/\/www.noidiqua.it\/Montale\/i-ceppi-dipinti-da-geniale-ruffa\/#primaryimage"},"image":{"@id":"https:\/\/www.noidiqua.it\/Montale\/i-ceppi-dipinti-da-geniale-ruffa\/#primaryimage"},"thumbnailUrl":"https:\/\/www.noidiqua.it\/Montale\/wp-content\/uploads\/2021\/05\/Geniale-Ruffa.png","datePublished":"2020-12-11T11:24:16+00:00","dateModified":"2021-05-12T10:24:47+00:00","author":{"@id":"https:\/\/www.noidiqua.it\/Montale\/#\/schema\/person\/4e183cb0c6d7951e716a876aa702e1a2"},"breadcrumb":{"@id":"https:\/\/www.noidiqua.it\/Montale\/i-ceppi-dipinti-da-geniale-ruffa\/#breadcrumb"},"inLanguage":"it-IT","potentialAction":[{"@type":"ReadAction","target":["https:\/\/www.noidiqua.it\/Montale\/i-ceppi-dipinti-da-geniale-ruffa\/"]}]},{"@type":"ImageObject","inLanguage":"it-IT","@id":"https:\/\/www.noidiqua.it\/Montale\/i-ceppi-dipinti-da-geniale-ruffa\/#primaryimage","url":"https:\/\/www.noidiqua.it\/Montale\/wp-content\/uploads\/2021\/05\/Geniale-Ruffa.png","contentUrl":"https:\/\/www.noidiqua.it\/Montale\/wp-content\/uploads\/2021\/05\/Geniale-Ruffa.png","width":450,"height":338},{"@type":"BreadcrumbList","@id":"https:\/\/www.noidiqua.it\/Montale\/i-ceppi-dipinti-da-geniale-ruffa\/#breadcrumb","itemListElement":[{"@type":"ListItem","position":1,"name":"Home","item":"https:\/\/www.noidiqua.it\/Montale\/"},{"@type":"ListItem","position":2,"name":"I ceppi dipinti da Geniale Ruffa"}]},{"@type":"WebSite","@id":"https:\/\/www.noidiqua.it\/Montale\/#website","url":"https:\/\/www.noidiqua.it\/Montale\/","name":"Noi di Qua Testata giornalistica e di attualit\u00e0 di Agliana, Montale e Quarrata.","description":"Testata Giornalistica Quarrata Montale Agliana","potentialAction":[{"@type":"SearchAction","target":{"@type":"EntryPoint","urlTemplate":"https:\/\/www.noidiqua.it\/Montale\/?s={search_term_string}"},"query-input":{"@type":"PropertyValueSpecification","valueRequired":true,"valueName":"search_term_string"}}],"inLanguage":"it-IT"},{"@type":"Person","@id":"https:\/\/www.noidiqua.it\/Montale\/#\/schema\/person\/4e183cb0c6d7951e716a876aa702e1a2","name":"Marco Bagnoli","image":{"@type":"ImageObject","inLanguage":"it-IT","@id":"https:\/\/www.noidiqua.it\/Montale\/#\/schema\/person\/image\/","url":"https:\/\/secure.gravatar.com\/avatar\/73ace53724c50db9c48af54756f17b7cdb015a9d8d2c08c7e04e480539a94eee?s=96&d=mm&r=g","contentUrl":"https:\/\/secure.gravatar.com\/avatar\/73ace53724c50db9c48af54756f17b7cdb015a9d8d2c08c7e04e480539a94eee?s=96&d=mm&r=g","caption":"Marco Bagnoli"},"url":"https:\/\/www.noidiqua.it\/Montale\/author\/marco-bagnoli\/"}]}},"_links":{"self":[{"href":"https:\/\/www.noidiqua.it\/Montale\/wp-json\/wp\/v2\/posts\/5689","targetHints":{"allow":["GET"]}}],"collection":[{"href":"https:\/\/www.noidiqua.it\/Montale\/wp-json\/wp\/v2\/posts"}],"about":[{"href":"https:\/\/www.noidiqua.it\/Montale\/wp-json\/wp\/v2\/types\/post"}],"author":[{"embeddable":true,"href":"https:\/\/www.noidiqua.it\/Montale\/wp-json\/wp\/v2\/users\/3"}],"replies":[{"embeddable":true,"href":"https:\/\/www.noidiqua.it\/Montale\/wp-json\/wp\/v2\/comments?post=5689"}],"version-history":[{"count":2,"href":"https:\/\/www.noidiqua.it\/Montale\/wp-json\/wp\/v2\/posts\/5689\/revisions"}],"predecessor-version":[{"id":5694,"href":"https:\/\/www.noidiqua.it\/Montale\/wp-json\/wp\/v2\/posts\/5689\/revisions\/5694"}],"wp:attachment":[{"href":"https:\/\/www.noidiqua.it\/Montale\/wp-json\/wp\/v2\/media?parent=5689"}],"wp:term":[{"taxonomy":"category","embeddable":true,"href":"https:\/\/www.noidiqua.it\/Montale\/wp-json\/wp\/v2\/categories?post=5689"},{"taxonomy":"post_tag","embeddable":true,"href":"https:\/\/www.noidiqua.it\/Montale\/wp-json\/wp\/v2\/tags?post=5689"}],"curies":[{"name":"wp","href":"https:\/\/api.w.org\/{rel}","templated":true}]}}