{"id":5695,"date":"2020-12-11T12:33:27","date_gmt":"2020-12-11T11:33:27","guid":{"rendered":"https:\/\/www.noidiqua.it\/Montale\/?p=5695"},"modified":"2021-05-12T12:34:10","modified_gmt":"2021-05-12T10:34:10","slug":"concludendo-in-tre-domande-e-tre-risposte","status":"publish","type":"post","link":"https:\/\/www.noidiqua.it\/Montale\/concludendo-in-tre-domande-e-tre-risposte\/","title":{"rendered":"Concludendo&#8230; in tre domande e tre risposte"},"content":{"rendered":"<p><em>di Massimo Cappelli<\/em><\/p>\n\n\n\n<p><em>dicembre 2020<\/em><\/p>\n\n\n<p><a href=\"https:\/\/www.noidiqua.it\/Montale\/wp-content\/uploads\/2021\/05\/concludendo.png\" rel=\"wp-prettyPhoto[5695]\"><img loading=\"lazy\" decoding=\"async\" class=\"aligncenter size-full wp-image-5696\" src=\"https:\/\/www.noidiqua.it\/Montale\/wp-content\/uploads\/2021\/05\/concludendo.png\" alt=\"\" width=\"450\" height=\"250\" srcset=\"https:\/\/www.noidiqua.it\/Montale\/wp-content\/uploads\/2021\/05\/concludendo.png 450w, https:\/\/www.noidiqua.it\/Montale\/wp-content\/uploads\/2021\/05\/concludendo-300x167.png 300w\" sizes=\"auto, (max-width: 450px) 100vw, 450px\" \/><\/a><\/p>\n\n\n<p>Nel primo lockdown, quando fummo tutti costretti a stare due mesi in casa, l\u2019amico Andrea Massaini, marketing di \u201cVannucci piante\u201d, ebbe una bellissima idea per non farci atrofizzare il cervello: dopo aver tirato su un gruppo di Facebook di un centinaio di persone di cultura diversa e di diversa estrazione sociale, rivolse a tutti i componenti qualche domanda di carattere generale e attese le risposte. Ovviamente, io di risposte ho solo le mie, le ho rilette, e dopo qualche mese ne ho scelte tre da condividere con voi amici lettori. Magari, se volete, potete rispondermi sul sito noidiqua.it o sulla nostra pagina Facebook.<\/p>\n\n\n\n<p><strong>INCATENATI<\/strong><\/p>\n\n\n\n<p>In India, quando catturano gli elefanti ancora piccoli, li legano ad un paletto sufficientemente robusto per trattenerli. Nonostante ci provino, gli elefantini, vista la loro tenera et\u00e0, non riescono a liberarsi. Passano gli anni, gli elefanti diventano adulti e rimangono attaccati allo stesso paletto di sempre. Potrebbero facilmente sradicarlo, da grandi, ma siccome continuano a credere di non poterlo fare, rimangono prigionieri. <strong><em>Quali sono le convinzioni che vi incatenano al palo, come i piccoli elefantini?<\/em><\/strong><\/p>\n\n\n\n<p>Sono proprio le nostre credenze e le nostre convinzioni a determinare la nostra esistenza, tutti noi abbiamo un grande potere personale e non lo sappiamo. Per vivere in comunit\u00e0 dobbiamo limitarci e adeguarci alle regole, ai codici di comportamento che ci vengono inculcati fin da piccoli attraverso l\u2019educazione, l\u2019etica e la religione. Con il tempo, con la conoscenza e la formazione qualcuno riesce in parte a \u201cliberarsi\u201d da queste restrizioni, un po\u2019 come il gabbiano Jonathan Livingston che volava molto pi\u00f9 in alto dei suoi simili perch\u00e9 credeva di essere un\u2019aquila. Ma la domanda era&#8230; <em>\u201cquali sono le convinzioni che mi tengono legato\u201d<\/em> mah, il fatto \u00e8 che io, come forse molti che stanno leggendo, non abbiamo ancora scoperto di essere un\u2019aquila e personalmente credo di assomigliare pi\u00f9 a un piccione che a un gabbiano!<\/p>\n\n\n\n<p><strong>IL TEMPO<\/strong><\/p>\n\n\n\n<p><strong><em>Tutti i santi giorni una \u201cbanca magica\u201d ci accredita 86.400 secondi. Cosa ne facciamo? Quale valore riusciamo a dare a questo dono prezioso?<\/em><\/strong><\/p>\n\n\n\n<p>Il valore che diamo al tempo \u00e8 direttamente proporzionale al tempo vissuto: pi\u00f9 giovani siamo e meno valore daremo al tempo rimanente; pi\u00f9 tempo abbiamo vissuto, invece, e pi\u00f9 prezioso ci sembrer\u00e0 quello che ci rimane. Con l\u2019avanzare dell\u2019et\u00e0, inevitabilmente, tutte le nostre azioni si rallentano, per cui dobbiamo mettere in atto nuove modalit\u00e0 per affrontare al meglio il rapporto con il tempo, soprattutto in riferimento alle nostre priorit\u00e0, e secondo la nostra personale scala di valori.&nbsp;<\/p>\n\n\n\n<p>Mi viene in mente la storia dell\u2019anziano professore che deve tenere una lezione sulla gestione del tempo a dei rampanti e giovani manager d\u2019azienda. Il professore preferisce impostare una lezione empirica basata sulla pratica, pi\u00f9 che sulla spiegazione. Arriva in aula e fra lo stupore di tutti, in silenzio, tira fuori da sotto la cattedra un contenitore cilindrico trasparente, che pone sul piano del tavolo. Successivamente, prende un secchio colmo di grosse pietre di fiume e le deposita nel recipiente fino a riempirlo. Sempre in silenzio, estrae di nuovo da sotto la cattedra un altro recipiente, questa volta pieno di ghiaia, che rovescia nel contenitore trasparente, cos\u00ec tutti possono vedere i sassolini che vanno a riempire gli spazi vuoti che si erano formati fra le pietre a causa della loro forma rotonda. Fa la stessa cosa rovesciando della sabbia: i granelli vanno a riempire completamente tutto il contenitore posizionandosi fra ghiaia e pietre. Prima di congedarsi, molto garbatamente, il professore esorta: <em>\u201cCome avete potuto vedere, per riempire tutto il recipiente ho usato una ben precisa strategia: sono partito dalle grosse pietre e poi ho continuato inserendo via via gli elementi pi\u00f9 piccoli. Diversamente, se davo la precedenza alle minuzie, non si sarebbe incastrato tutto. Proprio come nella vita: se nel tempo che abbiamo a disposizione mettiamo al primo posto le cose che hanno meno valore, rischiamo di non avere il tempo per dedicarci a quelle pi\u00f9 importanti. Il compito di riconoscere quali sono le cose pi\u00f9 importanti spetta solo a voi, ognuno ha le sue priorit\u00e0 nella propria scala di valori\u201d. <\/em>Saluta cordialmente, prende le sue cose e, in silenzio, come era arrivato se ne va, lasciando tutti ad osservare il contenitore sulla cattedra e a meditare.<\/p>\n\n\n\n<p><strong>FUTURO LONTANO<\/strong><\/p>\n\n\n\n<p>La casa automobilistica BMW, nata nel 1917 come azienda produttrice di motori per il settore aeronautico, tre anni fa, in occasione della festa per il centenario del suo marchio, organizz\u00f2 un mega evento in rete, incentrato su una domanda che pose a tutta l&#8217;umanit\u00e0. La domanda era questa:<strong> \u201cCosa porteresti con te nei prossimi cento anni?\u201d<\/strong><\/p>\n\n\n\n<p>Considerando che ho compiuto ieri sessantadue anni (siamo al 2 aprile 2020) e la vita media di un uomo \u00e8 ottantacinque, se per \u201cportare\u201d si intende qualcosa di materiale, credo che questa domanda dovrebbe essermi riformulata. Se invece devo per forza rispondere a questo quesito, non mi resta che farlo in maniera immateriale, metafisica e spirituale. <em>\u201cNon ho mai visto un camion da trasloco dietro a un funerale\u201d<\/em>. Questo lo disse papa Francesco qualche anno fa, riferendosi appunto ai beni materiali. Questa affermazione, semplice e diretta, ma soprattutto detta da un pontefice, mi fece riflettere molto, e oggi ho l\u2019opportunit\u00e0 di esternare le mie considerazioni di allora. Il termine \u201cportare\u201d esprime l\u2019atto di trasferire, spostare, condurre un oggetto con noi, un contenuto presumibilmente con un notevole carico affettivo personale e magari di grande valore, come per esempio molto denaro, un quadro di un pittore affermato o un orologio d\u2019oro. Io credo che il papa, con questa sua breve frase, sia voluto partire dal concetto terreno di \u201cportare\u201d per arrivare al medesimo significato spirituale di \u201clasciare\u201d. Quando io (spero pi\u00f9 tardi possibile) mi sar\u00f2 sublimato, ci\u00f2 che porter\u00f2 con me sar\u00e0 proprio quello che lascer\u00f2: gli insegnamenti che avr\u00f2 dato ai figli, i ricordi che loro conserveranno di me, ma anche gli oggetti che mi sono appartenuti e il piccolissimo contributo che avr\u00f2 dato (se lo avr\u00f2 dato) nel mio passaggio, per migliorare il mondo. Ecco, tutto questo sar\u00e0 proprio ci\u00f2 che vorr\u00f2 portare con me e che, lasciandolo, contribuir\u00e0 a farmi ancora vivere nei prossimi cento anni.<\/p>\n\n\n\n<p><em>Che siate o non siate d\u2019accordo con me riguardo i concetti espressi, non mi resta che augurare a tutti un Buon Natale e un Nuovo Anno migliore di questo 2020 (credo che qui siamo tutti concordi che non sia molto difficile). Passeremo tutti delle Feste diverse dal solito per colpa di questa pandemia, ma io credo che in ogni avversit\u00e0 ci sia il seme di un grande beneficio.<\/em><\/p>","protected":false},"excerpt":{"rendered":"<p>di Massimo Cappelli dicembre 2020 Nel primo lockdown, quando fummo tutti costretti a stare due mesi in casa, l\u2019amico Andrea Massaini, marketing di \u201cVannucci piante\u201d, ebbe una bellissima idea per non farci atrofizzare il cervello: dopo aver tirato su un gruppo di Facebook di un centinaio di persone di cultura diversa e di diversa [&hellip;]<\/p>","protected":false},"author":7,"featured_media":0,"comment_status":"open","ping_status":"open","sticky":false,"template":"","format":"standard","meta":{"footnotes":""},"categories":[24,7],"tags":[2345,59,2346,2176,2237,104,2347,2348],"class_list":["post-5695","post","type-post","status-publish","format-standard","hentry","category-concludendo-qt","category-mt","tag-andrea-massaini","tag-concludendo","tag-domande","tag-facebook","tag-lockdown","tag-massimo-cappelli","tag-risposte","tag-vannucci-piante"],"yoast_head":"<!-- This site is optimized with the Yoast SEO plugin v25.5 - https:\/\/yoast.com\/wordpress\/plugins\/seo\/ -->\n<title>Concludendo... in tre domande e tre risposte - Noi di Qua Testata giornalistica e di attualit\u00e0 di Agliana, Montale e Quarrata.<\/title>\n<meta name=\"robots\" content=\"index, follow, max-snippet:-1, max-image-preview:large, max-video-preview:-1\" \/>\n<link rel=\"canonical\" href=\"https:\/\/www.noidiqua.it\/Montale\/concludendo-in-tre-domande-e-tre-risposte\/\" \/>\n<meta property=\"og:locale\" content=\"it_IT\" \/>\n<meta property=\"og:type\" content=\"article\" \/>\n<meta property=\"og:title\" content=\"Concludendo... in tre domande e tre risposte - Noi di Qua Testata giornalistica e di attualit\u00e0 di Agliana, Montale e Quarrata.\" \/>\n<meta property=\"og:description\" content=\"di Massimo Cappelli dicembre 2020 Nel primo lockdown, quando fummo tutti costretti a stare due mesi in casa, l\u2019amico Andrea Massaini, marketing di \u201cVannucci piante\u201d, ebbe una bellissima idea per non farci atrofizzare il cervello: dopo aver tirato su un gruppo di Facebook di un centinaio di persone di cultura diversa e di diversa [&hellip;]\" \/>\n<meta property=\"og:url\" content=\"https:\/\/www.noidiqua.it\/Montale\/concludendo-in-tre-domande-e-tre-risposte\/\" \/>\n<meta property=\"og:site_name\" content=\"Noi di Qua Testata giornalistica e di attualit\u00e0 di Agliana, Montale e Quarrata.\" \/>\n<meta property=\"article:publisher\" content=\"https:\/\/www.facebook.com\/noidiqua.trimestrale\/\" \/>\n<meta property=\"article:published_time\" content=\"2020-12-11T11:33:27+00:00\" \/>\n<meta property=\"article:modified_time\" content=\"2021-05-12T10:34:10+00:00\" \/>\n<meta property=\"og:image\" content=\"https:\/\/www.noidiqua.it\/Montale\/wp-content\/uploads\/2021\/05\/concludendo.png\" \/>\n<meta name=\"author\" content=\"Massimo Cappelli\" \/>\n<meta name=\"twitter:label1\" content=\"Scritto da\" \/>\n\t<meta name=\"twitter:data1\" content=\"Massimo Cappelli\" \/>\n\t<meta name=\"twitter:label2\" content=\"Tempo di lettura stimato\" \/>\n\t<meta name=\"twitter:data2\" content=\"5 minuti\" \/>\n<script type=\"application\/ld+json\" class=\"yoast-schema-graph\">{\"@context\":\"https:\/\/schema.org\",\"@graph\":[{\"@type\":\"WebPage\",\"@id\":\"https:\/\/www.noidiqua.it\/Montale\/concludendo-in-tre-domande-e-tre-risposte\/\",\"url\":\"https:\/\/www.noidiqua.it\/Montale\/concludendo-in-tre-domande-e-tre-risposte\/\",\"name\":\"Concludendo... in tre domande e tre risposte - Noi di Qua Testata giornalistica e di attualit\u00e0 di Agliana, Montale e Quarrata.\",\"isPartOf\":{\"@id\":\"https:\/\/www.noidiqua.it\/Montale\/#website\"},\"primaryImageOfPage\":{\"@id\":\"https:\/\/www.noidiqua.it\/Montale\/concludendo-in-tre-domande-e-tre-risposte\/#primaryimage\"},\"image\":{\"@id\":\"https:\/\/www.noidiqua.it\/Montale\/concludendo-in-tre-domande-e-tre-risposte\/#primaryimage\"},\"thumbnailUrl\":\"https:\/\/www.noidiqua.it\/Montale\/wp-content\/uploads\/2021\/05\/concludendo.png\",\"datePublished\":\"2020-12-11T11:33:27+00:00\",\"dateModified\":\"2021-05-12T10:34:10+00:00\",\"author\":{\"@id\":\"https:\/\/www.noidiqua.it\/Montale\/#\/schema\/person\/858b1b9db61101126e5ded39f94daedb\"},\"breadcrumb\":{\"@id\":\"https:\/\/www.noidiqua.it\/Montale\/concludendo-in-tre-domande-e-tre-risposte\/#breadcrumb\"},\"inLanguage\":\"it-IT\",\"potentialAction\":[{\"@type\":\"ReadAction\",\"target\":[\"https:\/\/www.noidiqua.it\/Montale\/concludendo-in-tre-domande-e-tre-risposte\/\"]}]},{\"@type\":\"ImageObject\",\"inLanguage\":\"it-IT\",\"@id\":\"https:\/\/www.noidiqua.it\/Montale\/concludendo-in-tre-domande-e-tre-risposte\/#primaryimage\",\"url\":\"https:\/\/www.noidiqua.it\/Montale\/wp-content\/uploads\/2021\/05\/concludendo.png\",\"contentUrl\":\"https:\/\/www.noidiqua.it\/Montale\/wp-content\/uploads\/2021\/05\/concludendo.png\",\"width\":450,\"height\":250},{\"@type\":\"BreadcrumbList\",\"@id\":\"https:\/\/www.noidiqua.it\/Montale\/concludendo-in-tre-domande-e-tre-risposte\/#breadcrumb\",\"itemListElement\":[{\"@type\":\"ListItem\",\"position\":1,\"name\":\"Home\",\"item\":\"https:\/\/www.noidiqua.it\/Montale\/\"},{\"@type\":\"ListItem\",\"position\":2,\"name\":\"Concludendo&#8230; in tre domande e tre risposte\"}]},{\"@type\":\"WebSite\",\"@id\":\"https:\/\/www.noidiqua.it\/Montale\/#website\",\"url\":\"https:\/\/www.noidiqua.it\/Montale\/\",\"name\":\"Noi di Qua Testata giornalistica e di attualit\u00e0 di Agliana, Montale e Quarrata.\",\"description\":\"Testata Giornalistica Quarrata Montale Agliana\",\"potentialAction\":[{\"@type\":\"SearchAction\",\"target\":{\"@type\":\"EntryPoint\",\"urlTemplate\":\"https:\/\/www.noidiqua.it\/Montale\/?s={search_term_string}\"},\"query-input\":{\"@type\":\"PropertyValueSpecification\",\"valueRequired\":true,\"valueName\":\"search_term_string\"}}],\"inLanguage\":\"it-IT\"},{\"@type\":\"Person\",\"@id\":\"https:\/\/www.noidiqua.it\/Montale\/#\/schema\/person\/858b1b9db61101126e5ded39f94daedb\",\"name\":\"Massimo Cappelli\",\"image\":{\"@type\":\"ImageObject\",\"inLanguage\":\"it-IT\",\"@id\":\"https:\/\/www.noidiqua.it\/Montale\/#\/schema\/person\/image\/\",\"url\":\"https:\/\/secure.gravatar.com\/avatar\/0e7261535228aa9bb0417ab8f42f3fadaf8ce23bdfde46c689c43410a676cfa9?s=96&d=mm&r=g\",\"contentUrl\":\"https:\/\/secure.gravatar.com\/avatar\/0e7261535228aa9bb0417ab8f42f3fadaf8ce23bdfde46c689c43410a676cfa9?s=96&d=mm&r=g\",\"caption\":\"Massimo Cappelli\"},\"url\":\"https:\/\/www.noidiqua.it\/Montale\/author\/massimo-cappelli\/\"}]}<\/script>\n<!-- \/ Yoast SEO plugin. -->","yoast_head_json":{"title":"Concludendo... in tre domande e tre risposte - Noi di Qua Testata giornalistica e di attualit\u00e0 di Agliana, Montale e Quarrata.","robots":{"index":"index","follow":"follow","max-snippet":"max-snippet:-1","max-image-preview":"max-image-preview:large","max-video-preview":"max-video-preview:-1"},"canonical":"https:\/\/www.noidiqua.it\/Montale\/concludendo-in-tre-domande-e-tre-risposte\/","og_locale":"it_IT","og_type":"article","og_title":"Concludendo... in tre domande e tre risposte - Noi di Qua Testata giornalistica e di attualit\u00e0 di Agliana, Montale e Quarrata.","og_description":"di Massimo Cappelli dicembre 2020 Nel primo lockdown, quando fummo tutti costretti a stare due mesi in casa, l\u2019amico Andrea Massaini, marketing di \u201cVannucci piante\u201d, ebbe una bellissima idea per non farci atrofizzare il cervello: dopo aver tirato su un gruppo di Facebook di un centinaio di persone di cultura diversa e di diversa [&hellip;]","og_url":"https:\/\/www.noidiqua.it\/Montale\/concludendo-in-tre-domande-e-tre-risposte\/","og_site_name":"Noi di Qua Testata giornalistica e di attualit\u00e0 di Agliana, Montale e Quarrata.","article_publisher":"https:\/\/www.facebook.com\/noidiqua.trimestrale\/","article_published_time":"2020-12-11T11:33:27+00:00","article_modified_time":"2021-05-12T10:34:10+00:00","og_image":[{"url":"https:\/\/www.noidiqua.it\/Montale\/wp-content\/uploads\/2021\/05\/concludendo.png","type":"","width":"","height":""}],"author":"Massimo Cappelli","twitter_misc":{"Scritto da":"Massimo Cappelli","Tempo di lettura stimato":"5 minuti"},"schema":{"@context":"https:\/\/schema.org","@graph":[{"@type":"WebPage","@id":"https:\/\/www.noidiqua.it\/Montale\/concludendo-in-tre-domande-e-tre-risposte\/","url":"https:\/\/www.noidiqua.it\/Montale\/concludendo-in-tre-domande-e-tre-risposte\/","name":"Concludendo... in tre domande e tre risposte - Noi di Qua Testata giornalistica e di attualit\u00e0 di Agliana, Montale e Quarrata.","isPartOf":{"@id":"https:\/\/www.noidiqua.it\/Montale\/#website"},"primaryImageOfPage":{"@id":"https:\/\/www.noidiqua.it\/Montale\/concludendo-in-tre-domande-e-tre-risposte\/#primaryimage"},"image":{"@id":"https:\/\/www.noidiqua.it\/Montale\/concludendo-in-tre-domande-e-tre-risposte\/#primaryimage"},"thumbnailUrl":"https:\/\/www.noidiqua.it\/Montale\/wp-content\/uploads\/2021\/05\/concludendo.png","datePublished":"2020-12-11T11:33:27+00:00","dateModified":"2021-05-12T10:34:10+00:00","author":{"@id":"https:\/\/www.noidiqua.it\/Montale\/#\/schema\/person\/858b1b9db61101126e5ded39f94daedb"},"breadcrumb":{"@id":"https:\/\/www.noidiqua.it\/Montale\/concludendo-in-tre-domande-e-tre-risposte\/#breadcrumb"},"inLanguage":"it-IT","potentialAction":[{"@type":"ReadAction","target":["https:\/\/www.noidiqua.it\/Montale\/concludendo-in-tre-domande-e-tre-risposte\/"]}]},{"@type":"ImageObject","inLanguage":"it-IT","@id":"https:\/\/www.noidiqua.it\/Montale\/concludendo-in-tre-domande-e-tre-risposte\/#primaryimage","url":"https:\/\/www.noidiqua.it\/Montale\/wp-content\/uploads\/2021\/05\/concludendo.png","contentUrl":"https:\/\/www.noidiqua.it\/Montale\/wp-content\/uploads\/2021\/05\/concludendo.png","width":450,"height":250},{"@type":"BreadcrumbList","@id":"https:\/\/www.noidiqua.it\/Montale\/concludendo-in-tre-domande-e-tre-risposte\/#breadcrumb","itemListElement":[{"@type":"ListItem","position":1,"name":"Home","item":"https:\/\/www.noidiqua.it\/Montale\/"},{"@type":"ListItem","position":2,"name":"Concludendo&#8230; in tre domande e tre risposte"}]},{"@type":"WebSite","@id":"https:\/\/www.noidiqua.it\/Montale\/#website","url":"https:\/\/www.noidiqua.it\/Montale\/","name":"Noi di Qua Testata giornalistica e di attualit\u00e0 di Agliana, Montale e Quarrata.","description":"Testata Giornalistica Quarrata Montale Agliana","potentialAction":[{"@type":"SearchAction","target":{"@type":"EntryPoint","urlTemplate":"https:\/\/www.noidiqua.it\/Montale\/?s={search_term_string}"},"query-input":{"@type":"PropertyValueSpecification","valueRequired":true,"valueName":"search_term_string"}}],"inLanguage":"it-IT"},{"@type":"Person","@id":"https:\/\/www.noidiqua.it\/Montale\/#\/schema\/person\/858b1b9db61101126e5ded39f94daedb","name":"Massimo Cappelli","image":{"@type":"ImageObject","inLanguage":"it-IT","@id":"https:\/\/www.noidiqua.it\/Montale\/#\/schema\/person\/image\/","url":"https:\/\/secure.gravatar.com\/avatar\/0e7261535228aa9bb0417ab8f42f3fadaf8ce23bdfde46c689c43410a676cfa9?s=96&d=mm&r=g","contentUrl":"https:\/\/secure.gravatar.com\/avatar\/0e7261535228aa9bb0417ab8f42f3fadaf8ce23bdfde46c689c43410a676cfa9?s=96&d=mm&r=g","caption":"Massimo Cappelli"},"url":"https:\/\/www.noidiqua.it\/Montale\/author\/massimo-cappelli\/"}]}},"_links":{"self":[{"href":"https:\/\/www.noidiqua.it\/Montale\/wp-json\/wp\/v2\/posts\/5695","targetHints":{"allow":["GET"]}}],"collection":[{"href":"https:\/\/www.noidiqua.it\/Montale\/wp-json\/wp\/v2\/posts"}],"about":[{"href":"https:\/\/www.noidiqua.it\/Montale\/wp-json\/wp\/v2\/types\/post"}],"author":[{"embeddable":true,"href":"https:\/\/www.noidiqua.it\/Montale\/wp-json\/wp\/v2\/users\/7"}],"replies":[{"embeddable":true,"href":"https:\/\/www.noidiqua.it\/Montale\/wp-json\/wp\/v2\/comments?post=5695"}],"version-history":[{"count":1,"href":"https:\/\/www.noidiqua.it\/Montale\/wp-json\/wp\/v2\/posts\/5695\/revisions"}],"predecessor-version":[{"id":5697,"href":"https:\/\/www.noidiqua.it\/Montale\/wp-json\/wp\/v2\/posts\/5695\/revisions\/5697"}],"wp:attachment":[{"href":"https:\/\/www.noidiqua.it\/Montale\/wp-json\/wp\/v2\/media?parent=5695"}],"wp:term":[{"taxonomy":"category","embeddable":true,"href":"https:\/\/www.noidiqua.it\/Montale\/wp-json\/wp\/v2\/categories?post=5695"},{"taxonomy":"post_tag","embeddable":true,"href":"https:\/\/www.noidiqua.it\/Montale\/wp-json\/wp\/v2\/tags?post=5695"}],"curies":[{"name":"wp","href":"https:\/\/api.w.org\/{rel}","templated":true}]}}