{"id":5721,"date":"2021-06-12T10:14:17","date_gmt":"2021-06-12T08:14:17","guid":{"rendered":"https:\/\/www.noidiqua.it\/Montale\/?p=5721"},"modified":"2021-10-19T09:13:50","modified_gmt":"2021-10-19T07:13:50","slug":"letizia-baria-nuovo-sodalizio-con-la-magigas","status":"publish","type":"post","link":"https:\/\/www.noidiqua.it\/Montale\/letizia-baria-nuovo-sodalizio-con-la-magigas\/","title":{"rendered":"Letizia Baria &#8211; nuovo sodalizio con la Magigas"},"content":{"rendered":"<p><em>di Serena Michelozzi<\/em><\/p>\n\n\n\n<p><em>giugno 2021<\/em><\/p>\n\n\n<p><a href=\"https:\/\/www.noidiqua.it\/Montale\/wp-content\/uploads\/2021\/07\/Letizia-Baria-1.png\" rel=\"wp-prettyPhoto[5721]\"><img loading=\"lazy\" decoding=\"async\" class=\"aligncenter size-full wp-image-5722\" src=\"https:\/\/www.noidiqua.it\/Montale\/wp-content\/uploads\/2021\/07\/Letizia-Baria-1.png\" alt=\"\" width=\"480\" height=\"395\" srcset=\"https:\/\/www.noidiqua.it\/Montale\/wp-content\/uploads\/2021\/07\/Letizia-Baria-1.png 480w, https:\/\/www.noidiqua.it\/Montale\/wp-content\/uploads\/2021\/07\/Letizia-Baria-1-300x247.png 300w\" sizes=\"auto, (max-width: 480px) 100vw, 480px\" \/><\/a><\/p>\n\n\n<p>Abbiamo avuto il grande piacere di conoscere <strong>Letizia Baria<\/strong>, <strong>schermitrice paralimpica<\/strong> di Montale <em>(la cui storia abbiamo raccontato nel <a href=\"https:\/\/www.noidiqua.it\/Montale\/letizia-baria-atleta-paralimpica\/\"><strong>numero 1 del 2018<\/strong><\/a><\/em>) ed \u00e8 stato un piacere rivederla oggi, come allora, sempre con lo stesso bellissimo sorriso e la sua carica di <strong>energia<\/strong> esplosiva, doti che porta con s\u00e9 anche in pedana durante le gare di <strong>scherma<\/strong>. Insomma, l\u2019<strong>emergenza pandemica<\/strong> che ci ha colpito ed il conseguente <strong>lockdown<\/strong>, nonostante abbiano inciso anche sulla vita degli atleti, non sono riusciti a fermare una vera sportiva come lei: <em>\u00abPer i mesi del lockdown la scherma mi \u00e8 mancata moltissimo, soprattutto il rumore del ferro quando si incrociano le lame, nonch\u00e9 l\u2019adrenalina e l\u2019emozione della gara. Nonostante ci\u00f2, non mi sono mai fermata: mi sono sempre tenuta in forma cercando di svolgere allenamenti anche a casa con l\u2019obiettivo di migliorare per tornare preparata sul campo di gara\u00bb<\/em> ci racconta Letizia, che con gli allenamenti in palestra ha ripreso a settembre, mentre con le gare nei primi mesi del 2021 partecipando ad un test event tenutosi a Tirrenia, il cui esito positivo ha permesso la ripresa delle varie <strong>gare nazionali<\/strong>, la prima delle quali, per Letizia, si \u00e8 tenuta a Napoli.<\/p>\n\n\n\n<p><em>\u00abA Napoli ho ottenuto il doppio podio, posizionandomi terza nella spada e terza nel fioretto nella categoria A femminile. Ma la cosa pi\u00f9 importante \u00e8 stato riprendere in mano la spada, salire in pedana e ricominciare a provare le bellissime emozioni che mi d\u00e0 questo sport. Ricominciare a gareggiare dopo la lunga pausa del lockdown mi ha fatto rivivere le stesse sensazioni della mia prima gara\u2026 su quella pedana ho dato tutta me stessa, mi sono divertita e sentita di nuovo viva\u00bb <\/em>ci spiega Letizia, che il prossimo anno parteciper\u00e0 al mondiale a Terni, anche se il suo pi\u00f9 grande obiettivo \u00e8 quello di partecipare alle Olimpiadi e di entrare a far parte di un gruppo sportivo militare. Prima del Covid Letizia ha partecipato sin dal 2015 a varie gare nazionali, affacciandosi anche sul campo internazionale con quattro coppe del mondo, un mondiale e un europeo, tenutosi a Terni nel 2018. Alla nostra <strong>campionessa <\/strong>\u00e8 stato anche conferito il premio toscano per atleta paralimpica dell\u2019anno.\u00a0<\/p>\n\n\n<p><a href=\"https:\/\/www.noidiqua.it\/Montale\/wp-content\/uploads\/2021\/07\/Letizia-Baria-2.png\" rel=\"wp-prettyPhoto[5721]\"><img loading=\"lazy\" decoding=\"async\" class=\"aligncenter size-full wp-image-5723\" src=\"https:\/\/www.noidiqua.it\/Montale\/wp-content\/uploads\/2021\/07\/Letizia-Baria-2.png\" alt=\"\" width=\"269\" height=\"391\" srcset=\"https:\/\/www.noidiqua.it\/Montale\/wp-content\/uploads\/2021\/07\/Letizia-Baria-2.png 269w, https:\/\/www.noidiqua.it\/Montale\/wp-content\/uploads\/2021\/07\/Letizia-Baria-2-206x300.png 206w\" sizes=\"auto, (max-width: 269px) 100vw, 269px\" \/><\/a><\/p>\n\n\n<p>Recentemente ha stretto un importante <strong>sodalizio<\/strong> con la <strong>Magigas<\/strong>, nota azienda montalese, suo nuovo personale sponsor e scritta che ha portato sulla sua divisa in varie gare, tanto da essere chiamata dai tifosi Magigas e non pi\u00f9 Letizia: <em>\u00abNella scherma avere un proprio sponsor \u00e8 molto importante; non solo \u00e8 una buona rampa di lancio, ma ti motiva anche tantissimo a livello di spirito\u00bb<\/em> ci spiega la nostra schermitrice, a cui auguriamo un futuro ricco di ulteriori successi e soddisfazioni (oltre a quelli gi\u00e0 ottenuti), che sicuramente, una combattente come lei, non tarder\u00e0 ad ottenere!<\/p>","protected":false},"excerpt":{"rendered":"<p>di Serena Michelozzi giugno 2021 Abbiamo avuto il grande piacere di conoscere Letizia Baria, schermitrice paralimpica di Montale (la cui storia abbiamo raccontato nel numero 1 del 2018) ed \u00e8 stato un piacere rivederla oggi, come allora, sempre con lo stesso bellissimo sorriso e la sua carica di energia esplosiva, doti che porta con [&hellip;]<\/p>","protected":false},"author":101011,"featured_media":0,"comment_status":"open","ping_status":"open","sticky":false,"template":"","format":"standard","meta":{"footnotes":""},"categories":[171,7],"tags":[2365,2363,2361,2364,1533,2237,2366,2362,1534,2367],"class_list":["post-5721","post","type-post","status-publish","format-standard","hentry","category-lo-sport-di-qua","category-mt","tag-campionessa","tag-emergenza-pandemica","tag-energia","tag-gare-nazionali","tag-letizia-baria","tag-lockdown","tag-magigas","tag-scherma","tag-schermitrice-paralimpica","tag-sodalizio"],"yoast_head":"<!-- This site is optimized with the Yoast SEO plugin v25.5 - https:\/\/yoast.com\/wordpress\/plugins\/seo\/ -->\n<title>Letizia Baria - nuovo sodalizio con la Magigas - Noi di Qua Testata giornalistica e di attualit\u00e0 di Agliana, Montale e Quarrata.<\/title>\n<meta name=\"robots\" content=\"index, follow, max-snippet:-1, max-image-preview:large, max-video-preview:-1\" \/>\n<link rel=\"canonical\" href=\"https:\/\/www.noidiqua.it\/Montale\/letizia-baria-nuovo-sodalizio-con-la-magigas\/\" \/>\n<meta property=\"og:locale\" content=\"it_IT\" \/>\n<meta property=\"og:type\" content=\"article\" \/>\n<meta property=\"og:title\" content=\"Letizia Baria - nuovo sodalizio con la Magigas - Noi di Qua Testata giornalistica e di attualit\u00e0 di Agliana, Montale e Quarrata.\" \/>\n<meta property=\"og:description\" content=\"di Serena Michelozzi giugno 2021 Abbiamo avuto il grande piacere di conoscere Letizia Baria, schermitrice paralimpica di Montale (la cui storia abbiamo raccontato nel numero 1 del 2018) ed \u00e8 stato un piacere rivederla oggi, come allora, sempre con lo stesso bellissimo sorriso e la sua carica di energia esplosiva, doti che porta con [&hellip;]\" \/>\n<meta property=\"og:url\" content=\"https:\/\/www.noidiqua.it\/Montale\/letizia-baria-nuovo-sodalizio-con-la-magigas\/\" \/>\n<meta property=\"og:site_name\" content=\"Noi di Qua Testata giornalistica e di attualit\u00e0 di Agliana, Montale e Quarrata.\" \/>\n<meta property=\"article:publisher\" content=\"https:\/\/www.facebook.com\/noidiqua.trimestrale\/\" \/>\n<meta property=\"article:published_time\" content=\"2021-06-12T08:14:17+00:00\" \/>\n<meta property=\"article:modified_time\" content=\"2021-10-19T07:13:50+00:00\" \/>\n<meta property=\"og:image\" content=\"https:\/\/www.noidiqua.it\/Montale\/wp-content\/uploads\/2021\/07\/Letizia-Baria-1.png\" \/>\n<meta name=\"author\" content=\"Serena Michelozzi\" \/>\n<meta name=\"twitter:label1\" content=\"Scritto da\" \/>\n\t<meta name=\"twitter:data1\" content=\"Serena Michelozzi\" \/>\n\t<meta name=\"twitter:label2\" content=\"Tempo di lettura stimato\" \/>\n\t<meta name=\"twitter:data2\" content=\"2 minuti\" \/>\n<script type=\"application\/ld+json\" class=\"yoast-schema-graph\">{\"@context\":\"https:\/\/schema.org\",\"@graph\":[{\"@type\":\"WebPage\",\"@id\":\"https:\/\/www.noidiqua.it\/Montale\/letizia-baria-nuovo-sodalizio-con-la-magigas\/\",\"url\":\"https:\/\/www.noidiqua.it\/Montale\/letizia-baria-nuovo-sodalizio-con-la-magigas\/\",\"name\":\"Letizia Baria - nuovo sodalizio con la Magigas - Noi di Qua Testata giornalistica e di attualit\u00e0 di Agliana, Montale e Quarrata.\",\"isPartOf\":{\"@id\":\"https:\/\/www.noidiqua.it\/Montale\/#website\"},\"primaryImageOfPage\":{\"@id\":\"https:\/\/www.noidiqua.it\/Montale\/letizia-baria-nuovo-sodalizio-con-la-magigas\/#primaryimage\"},\"image\":{\"@id\":\"https:\/\/www.noidiqua.it\/Montale\/letizia-baria-nuovo-sodalizio-con-la-magigas\/#primaryimage\"},\"thumbnailUrl\":\"https:\/\/www.noidiqua.it\/Montale\/wp-content\/uploads\/2021\/07\/Letizia-Baria-1.png\",\"datePublished\":\"2021-06-12T08:14:17+00:00\",\"dateModified\":\"2021-10-19T07:13:50+00:00\",\"author\":{\"@id\":\"https:\/\/www.noidiqua.it\/Montale\/#\/schema\/person\/4763a96f0bdf332cc8a55478dbeba163\"},\"breadcrumb\":{\"@id\":\"https:\/\/www.noidiqua.it\/Montale\/letizia-baria-nuovo-sodalizio-con-la-magigas\/#breadcrumb\"},\"inLanguage\":\"it-IT\",\"potentialAction\":[{\"@type\":\"ReadAction\",\"target\":[\"https:\/\/www.noidiqua.it\/Montale\/letizia-baria-nuovo-sodalizio-con-la-magigas\/\"]}]},{\"@type\":\"ImageObject\",\"inLanguage\":\"it-IT\",\"@id\":\"https:\/\/www.noidiqua.it\/Montale\/letizia-baria-nuovo-sodalizio-con-la-magigas\/#primaryimage\",\"url\":\"https:\/\/www.noidiqua.it\/Montale\/wp-content\/uploads\/2021\/07\/Letizia-Baria-1.png\",\"contentUrl\":\"https:\/\/www.noidiqua.it\/Montale\/wp-content\/uploads\/2021\/07\/Letizia-Baria-1.png\",\"width\":480,\"height\":395},{\"@type\":\"BreadcrumbList\",\"@id\":\"https:\/\/www.noidiqua.it\/Montale\/letizia-baria-nuovo-sodalizio-con-la-magigas\/#breadcrumb\",\"itemListElement\":[{\"@type\":\"ListItem\",\"position\":1,\"name\":\"Home\",\"item\":\"https:\/\/www.noidiqua.it\/Montale\/\"},{\"@type\":\"ListItem\",\"position\":2,\"name\":\"Letizia Baria &#8211; nuovo sodalizio con la Magigas\"}]},{\"@type\":\"WebSite\",\"@id\":\"https:\/\/www.noidiqua.it\/Montale\/#website\",\"url\":\"https:\/\/www.noidiqua.it\/Montale\/\",\"name\":\"Noi di Qua Testata giornalistica e di attualit\u00e0 di Agliana, Montale e Quarrata.\",\"description\":\"Testata Giornalistica Quarrata Montale Agliana\",\"potentialAction\":[{\"@type\":\"SearchAction\",\"target\":{\"@type\":\"EntryPoint\",\"urlTemplate\":\"https:\/\/www.noidiqua.it\/Montale\/?s={search_term_string}\"},\"query-input\":{\"@type\":\"PropertyValueSpecification\",\"valueRequired\":true,\"valueName\":\"search_term_string\"}}],\"inLanguage\":\"it-IT\"},{\"@type\":\"Person\",\"@id\":\"https:\/\/www.noidiqua.it\/Montale\/#\/schema\/person\/4763a96f0bdf332cc8a55478dbeba163\",\"name\":\"Serena Michelozzi\",\"image\":{\"@type\":\"ImageObject\",\"inLanguage\":\"it-IT\",\"@id\":\"https:\/\/www.noidiqua.it\/Montale\/#\/schema\/person\/image\/\",\"url\":\"https:\/\/secure.gravatar.com\/avatar\/a8efaab8953a1edb4943a89dbca993e803bf8bcf5221a8ff937a96a5b9914aab?s=96&d=mm&r=g\",\"contentUrl\":\"https:\/\/secure.gravatar.com\/avatar\/a8efaab8953a1edb4943a89dbca993e803bf8bcf5221a8ff937a96a5b9914aab?s=96&d=mm&r=g\",\"caption\":\"Serena Michelozzi\"},\"url\":\"https:\/\/www.noidiqua.it\/Montale\/author\/serena-michelozzi\/\"}]}<\/script>\n<!-- \/ Yoast SEO plugin. -->","yoast_head_json":{"title":"Letizia Baria - nuovo sodalizio con la Magigas - Noi di Qua Testata giornalistica e di attualit\u00e0 di Agliana, Montale e Quarrata.","robots":{"index":"index","follow":"follow","max-snippet":"max-snippet:-1","max-image-preview":"max-image-preview:large","max-video-preview":"max-video-preview:-1"},"canonical":"https:\/\/www.noidiqua.it\/Montale\/letizia-baria-nuovo-sodalizio-con-la-magigas\/","og_locale":"it_IT","og_type":"article","og_title":"Letizia Baria - nuovo sodalizio con la Magigas - Noi di Qua Testata giornalistica e di attualit\u00e0 di Agliana, Montale e Quarrata.","og_description":"di Serena Michelozzi giugno 2021 Abbiamo avuto il grande piacere di conoscere Letizia Baria, schermitrice paralimpica di Montale (la cui storia abbiamo raccontato nel numero 1 del 2018) ed \u00e8 stato un piacere rivederla oggi, come allora, sempre con lo stesso bellissimo sorriso e la sua carica di energia esplosiva, doti che porta con [&hellip;]","og_url":"https:\/\/www.noidiqua.it\/Montale\/letizia-baria-nuovo-sodalizio-con-la-magigas\/","og_site_name":"Noi di Qua Testata giornalistica e di attualit\u00e0 di Agliana, Montale e Quarrata.","article_publisher":"https:\/\/www.facebook.com\/noidiqua.trimestrale\/","article_published_time":"2021-06-12T08:14:17+00:00","article_modified_time":"2021-10-19T07:13:50+00:00","og_image":[{"url":"https:\/\/www.noidiqua.it\/Montale\/wp-content\/uploads\/2021\/07\/Letizia-Baria-1.png","type":"","width":"","height":""}],"author":"Serena Michelozzi","twitter_misc":{"Scritto da":"Serena Michelozzi","Tempo di lettura stimato":"2 minuti"},"schema":{"@context":"https:\/\/schema.org","@graph":[{"@type":"WebPage","@id":"https:\/\/www.noidiqua.it\/Montale\/letizia-baria-nuovo-sodalizio-con-la-magigas\/","url":"https:\/\/www.noidiqua.it\/Montale\/letizia-baria-nuovo-sodalizio-con-la-magigas\/","name":"Letizia Baria - nuovo sodalizio con la Magigas - Noi di Qua Testata giornalistica e di attualit\u00e0 di Agliana, Montale e Quarrata.","isPartOf":{"@id":"https:\/\/www.noidiqua.it\/Montale\/#website"},"primaryImageOfPage":{"@id":"https:\/\/www.noidiqua.it\/Montale\/letizia-baria-nuovo-sodalizio-con-la-magigas\/#primaryimage"},"image":{"@id":"https:\/\/www.noidiqua.it\/Montale\/letizia-baria-nuovo-sodalizio-con-la-magigas\/#primaryimage"},"thumbnailUrl":"https:\/\/www.noidiqua.it\/Montale\/wp-content\/uploads\/2021\/07\/Letizia-Baria-1.png","datePublished":"2021-06-12T08:14:17+00:00","dateModified":"2021-10-19T07:13:50+00:00","author":{"@id":"https:\/\/www.noidiqua.it\/Montale\/#\/schema\/person\/4763a96f0bdf332cc8a55478dbeba163"},"breadcrumb":{"@id":"https:\/\/www.noidiqua.it\/Montale\/letizia-baria-nuovo-sodalizio-con-la-magigas\/#breadcrumb"},"inLanguage":"it-IT","potentialAction":[{"@type":"ReadAction","target":["https:\/\/www.noidiqua.it\/Montale\/letizia-baria-nuovo-sodalizio-con-la-magigas\/"]}]},{"@type":"ImageObject","inLanguage":"it-IT","@id":"https:\/\/www.noidiqua.it\/Montale\/letizia-baria-nuovo-sodalizio-con-la-magigas\/#primaryimage","url":"https:\/\/www.noidiqua.it\/Montale\/wp-content\/uploads\/2021\/07\/Letizia-Baria-1.png","contentUrl":"https:\/\/www.noidiqua.it\/Montale\/wp-content\/uploads\/2021\/07\/Letizia-Baria-1.png","width":480,"height":395},{"@type":"BreadcrumbList","@id":"https:\/\/www.noidiqua.it\/Montale\/letizia-baria-nuovo-sodalizio-con-la-magigas\/#breadcrumb","itemListElement":[{"@type":"ListItem","position":1,"name":"Home","item":"https:\/\/www.noidiqua.it\/Montale\/"},{"@type":"ListItem","position":2,"name":"Letizia Baria &#8211; nuovo sodalizio con la Magigas"}]},{"@type":"WebSite","@id":"https:\/\/www.noidiqua.it\/Montale\/#website","url":"https:\/\/www.noidiqua.it\/Montale\/","name":"Noi di Qua Testata giornalistica e di attualit\u00e0 di Agliana, Montale e Quarrata.","description":"Testata Giornalistica Quarrata Montale Agliana","potentialAction":[{"@type":"SearchAction","target":{"@type":"EntryPoint","urlTemplate":"https:\/\/www.noidiqua.it\/Montale\/?s={search_term_string}"},"query-input":{"@type":"PropertyValueSpecification","valueRequired":true,"valueName":"search_term_string"}}],"inLanguage":"it-IT"},{"@type":"Person","@id":"https:\/\/www.noidiqua.it\/Montale\/#\/schema\/person\/4763a96f0bdf332cc8a55478dbeba163","name":"Serena Michelozzi","image":{"@type":"ImageObject","inLanguage":"it-IT","@id":"https:\/\/www.noidiqua.it\/Montale\/#\/schema\/person\/image\/","url":"https:\/\/secure.gravatar.com\/avatar\/a8efaab8953a1edb4943a89dbca993e803bf8bcf5221a8ff937a96a5b9914aab?s=96&d=mm&r=g","contentUrl":"https:\/\/secure.gravatar.com\/avatar\/a8efaab8953a1edb4943a89dbca993e803bf8bcf5221a8ff937a96a5b9914aab?s=96&d=mm&r=g","caption":"Serena Michelozzi"},"url":"https:\/\/www.noidiqua.it\/Montale\/author\/serena-michelozzi\/"}]}},"_links":{"self":[{"href":"https:\/\/www.noidiqua.it\/Montale\/wp-json\/wp\/v2\/posts\/5721","targetHints":{"allow":["GET"]}}],"collection":[{"href":"https:\/\/www.noidiqua.it\/Montale\/wp-json\/wp\/v2\/posts"}],"about":[{"href":"https:\/\/www.noidiqua.it\/Montale\/wp-json\/wp\/v2\/types\/post"}],"author":[{"embeddable":true,"href":"https:\/\/www.noidiqua.it\/Montale\/wp-json\/wp\/v2\/users\/101011"}],"replies":[{"embeddable":true,"href":"https:\/\/www.noidiqua.it\/Montale\/wp-json\/wp\/v2\/comments?post=5721"}],"version-history":[{"count":1,"href":"https:\/\/www.noidiqua.it\/Montale\/wp-json\/wp\/v2\/posts\/5721\/revisions"}],"predecessor-version":[{"id":5724,"href":"https:\/\/www.noidiqua.it\/Montale\/wp-json\/wp\/v2\/posts\/5721\/revisions\/5724"}],"wp:attachment":[{"href":"https:\/\/www.noidiqua.it\/Montale\/wp-json\/wp\/v2\/media?parent=5721"}],"wp:term":[{"taxonomy":"category","embeddable":true,"href":"https:\/\/www.noidiqua.it\/Montale\/wp-json\/wp\/v2\/categories?post=5721"},{"taxonomy":"post_tag","embeddable":true,"href":"https:\/\/www.noidiqua.it\/Montale\/wp-json\/wp\/v2\/tags?post=5721"}],"curies":[{"name":"wp","href":"https:\/\/api.w.org\/{rel}","templated":true}]}}